{"id":292279,"date":"2026-01-19T15:01:39","date_gmt":"2026-01-19T14:01:39","guid":{"rendered":"https:\/\/tuzlainfo.ba\/?p=292279"},"modified":"2026-01-19T15:01:39","modified_gmt":"2026-01-19T14:01:39","slug":"alibegovic-demantovala-tuzilastvo-bih-obustavljen-krivicni-postupak-protiv-dejana-milkunica","status":"publish","type":"post","link":"https:\/\/tuzlainfo.ba\/index.php\/novosti\/item\/292279-alibegovic-demantovala-tuzilastvo-bih-obustavljen-krivicni-postupak-protiv-dejana-milkunica\/","title":{"rendered":"Alibegovi\u0107 demantovala Tu\u017eila\u0161tvo BiH: &#8220;Obustavljen krivi\u010dni postupak protiv Dejana Milkuni\u0107a&#8221;"},"content":{"rendered":"<p data-start=\"124\" data-end=\"399\">Na osnovu punomo\u0107i koju zastupa advokatica Mirna Alibegovi\u0107, obavje\u0161tava se javnost da je krivi\u010dni postupak protiv Dejana Milkuni\u0107a, koji je bio predmet medijskih napisa krajem decembra 2025. godine, obustavljen povla\u010denjem optu\u017enice od strane Tu\u017eila\u0161tva Bosne i Hercegovine.<\/p>\n<p data-start=\"401\" data-end=\"937\">Podsje\u0107amo da su se u medijima 30. decembra 2025. godine pojavile informacije da je Tu\u017eila\u0161tvo BiH podiglo optu\u017enicu protiv Milkuni\u0107a zbog navodnog nedoli\u010dnog pona\u0161anja prema u\u010denicima i nastavnicima Javne ustanove Srednja muzi\u010dka \u0161kola \u201e\u010cestmir Mirko Du\u0161ek\u201c u Tuzli. Me\u0111utim, kako u saop\u0161tenju za javnost advokatica Alibegovi\u0107 navodi, nakon \u0161to je optu\u017enica dostavljena Sudu Bosne i Hercegovine na potvr\u0111ivanje, Sud ju je vratio Tu\u017eila\u0161tvu zbog formalno-pravnih manjkavosti, budu\u0107i da u opisu radnji nisu bila sadr\u017eana zakonska obilje\u017eja krivi\u010dnog djela koje se osumnji\u010denom stavljalo na teret.<\/p>\n<p data-start=\"939\" data-end=\"1173\">Nakon vra\u0107anja optu\u017enice na ure\u0111enje, postupaju\u0107i tu\u017eilac donio je odluku o njenom povla\u010denju, \u010dime je krivi\u010dni postupak u ovom slu\u010daju obustavljen. Time je postupak okon\u010dan prije bilo kakvog potvr\u0111ivanja optu\u017enice od strane Suda BiH.<\/p>\n<p data-start=\"1175\" data-end=\"1486\">Iz pravnog tima Dejana Milkuni\u0107a ukazuju da je, uprkos \u010dinjenici da optu\u017enica nikada nije potvr\u0111ena, u javnosti plasirana informacija o njenom podizanju, \u0161to je, kako navode, dugogodi\u0161nja praksa Tu\u017eila\u0161tva BiH pred kraj kalendarske godine, prije nego \u0161to Sud donese bilo kakvu odluku o sudbini takvih optu\u017enica.<\/p>\n<p data-start=\"1488\" data-end=\"1775\">Sve navedeno rezultiralo je intenzivnim i senzacionalisti\u010dkim medijskim izvje\u0161tavanjem, uz objavljivanje punog identiteta i fotografija Dejana Milkuni\u0107a, \u0161to je, prema navodima njegove punomo\u0107nice, proizvelo ozbiljne posljedice po njegov ugled, profesionalni integritet i privatni \u017eivot.<\/p>\n<p data-start=\"1777\" data-end=\"2008\" data-is-last-node=\"\" data-is-only-node=\"\">Pravni zastupnik Milkuni\u0107a poru\u010duje da je va\u017eno da javnost bude informisana o \u010dinjenici da je krivi\u010dni postupak obustavljen povla\u010denjem optu\u017enice, te da protiv njega u ovom predmetu ne postoji va\u017ee\u0107a optu\u017enica niti sudski postupak.\/Tuzlainfo.ba\/<\/p>\n","protected":false},"excerpt":{"rendered":"<p>Na osnovu punomo\u0107i koju zastupa advokatica Mirna Alibegovi\u0107, obavje\u0161tava se javnost da je krivi\u010dni postupak&hellip;<\/p>\n","protected":false},"author":2,"featured_media":142694,"comment_status":"closed","ping_status":"closed","sticky":false,"template":"","format":"standard","meta":{"_acf_changed":false,"footnotes":""},"categories":[304,12],"tags":[13241,685],"acf":[],"yoast_head":"<!-- This site is optimized with the Yoast SEO plugin v23.5 - https:\/\/yoast.com\/wordpress\/plugins\/seo\/ -->\n<title>Alibegovi\u0107 demantovala Tu\u017eila\u0161tvo BiH: &quot;Obustavljen krivi\u010dni postupak protiv Dejana Milkuni\u0107a&quot; - TuzlaInfo.ba<\/title>\n<meta name=\"robots\" content=\"index, follow, max-snippet:-1, max-image-preview:large, max-video-preview:-1\" \/>\n<link rel=\"canonical\" href=\"https:\/\/tuzlainfo.ba\/index.php\/novosti\/item\/292279-alibegovic-demantovala-tuzilastvo-bih-obustavljen-krivicni-postupak-protiv-dejana-milkunica\/\" \/>\n<meta property=\"og:locale\" content=\"bs_BA\" \/>\n<meta property=\"og:type\" content=\"article\" \/>\n<meta property=\"og:title\" content=\"Alibegovi\u0107 demantovala Tu\u017eila\u0161tvo BiH: &quot;Obustavljen krivi\u010dni postupak protiv Dejana Milkuni\u0107a&quot; - TuzlaInfo.ba\" \/>\n<meta property=\"og:description\" content=\"Na osnovu punomo\u0107i koju zastupa advokatica Mirna Alibegovi\u0107, obavje\u0161tava se javnost da je krivi\u010dni postupak&hellip;\" \/>\n<meta property=\"og:url\" content=\"https:\/\/tuzlainfo.ba\/index.php\/novosti\/item\/292279-alibegovic-demantovala-tuzilastvo-bih-obustavljen-krivicni-postupak-protiv-dejana-milkunica\/\" \/>\n<meta property=\"og:site_name\" content=\"TuzlaInfo.ba\" \/>\n<meta property=\"article:publisher\" content=\"https:\/\/www.facebook.com\/tuzlainfo.ba\/\" \/>\n<meta property=\"article:published_time\" content=\"2026-01-19T14:01:39+00:00\" \/>\n<meta property=\"og:image\" content=\"https:\/\/tuzlainfo.ba\/wp-content\/uploads\/2021\/07\/2307_Tuzilastvobih_maj2019_DKRSA-e1690972967231.jpg\" \/>\n\t<meta property=\"og:image:width\" content=\"800\" \/>\n\t<meta property=\"og:image:height\" content=\"534\" \/>\n\t<meta property=\"og:image:type\" content=\"image\/jpeg\" \/>\n<meta name=\"author\" content=\"nedim\" \/>\n<meta name=\"twitter:card\" content=\"summary_large_image\" \/>\n<meta name=\"twitter:label1\" content=\"Written by\" \/>\n\t<meta name=\"twitter:data1\" content=\"nedim\" \/>\n\t<meta name=\"twitter:label2\" content=\"Est. reading time\" \/>\n\t<meta name=\"twitter:data2\" content=\"2 minute\" \/>\n<script type=\"application\/ld+json\" class=\"yoast-schema-graph\">{\"@context\":\"https:\/\/schema.org\",\"@graph\":[{\"@type\":\"Article\",\"@id\":\"https:\/\/tuzlainfo.ba\/index.php\/novosti\/item\/292279-alibegovic-demantovala-tuzilastvo-bih-obustavljen-krivicni-postupak-protiv-dejana-milkunica\/#article\",\"isPartOf\":{\"@id\":\"https:\/\/tuzlainfo.ba\/index.php\/novosti\/item\/292279-alibegovic-demantovala-tuzilastvo-bih-obustavljen-krivicni-postupak-protiv-dejana-milkunica\/\"},\"author\":{\"name\":\"nedim\",\"@id\":\"https:\/\/tuzlainfo.ba\/#\/schema\/person\/f434e20dc27ea133923aab08451b7f7f\"},\"headline\":\"Alibegovi\u0107 demantovala Tu\u017eila\u0161tvo BiH: &#8220;Obustavljen krivi\u010dni postupak protiv Dejana Milkuni\u0107a&#8221;\",\"datePublished\":\"2026-01-19T14:01:39+00:00\",\"dateModified\":\"2026-01-19T14:01:39+00:00\",\"mainEntityOfPage\":{\"@id\":\"https:\/\/tuzlainfo.ba\/index.php\/novosti\/item\/292279-alibegovic-demantovala-tuzilastvo-bih-obustavljen-krivicni-postupak-protiv-dejana-milkunica\/\"},\"wordCount\":342,\"publisher\":{\"@id\":\"https:\/\/tuzlainfo.ba\/#organization\"},\"image\":{\"@id\":\"https:\/\/tuzlainfo.ba\/index.php\/novosti\/item\/292279-alibegovic-demantovala-tuzilastvo-bih-obustavljen-krivicni-postupak-protiv-dejana-milkunica\/#primaryimage\"},\"thumbnailUrl\":\"https:\/\/tuzlainfo.ba\/wp-content\/uploads\/2021\/07\/2307_Tuzilastvobih_maj2019_DKRSA-e1690972967231.jpg\",\"keywords\":[\"Dejan milkunic\",\"tu\u017eila\u0161tvo BiH\"],\"articleSection\":[\"Istaknuto\",\"Novosti\"],\"inLanguage\":\"bs-BA\"},{\"@type\":\"WebPage\",\"@id\":\"https:\/\/tuzlainfo.ba\/index.php\/novosti\/item\/292279-alibegovic-demantovala-tuzilastvo-bih-obustavljen-krivicni-postupak-protiv-dejana-milkunica\/\",\"url\":\"https:\/\/tuzlainfo.ba\/index.php\/novosti\/item\/292279-alibegovic-demantovala-tuzilastvo-bih-obustavljen-krivicni-postupak-protiv-dejana-milkunica\/\",\"name\":\"Alibegovi\u0107 demantovala Tu\u017eila\u0161tvo BiH: \\\"Obustavljen krivi\u010dni postupak protiv Dejana Milkuni\u0107a\\\" - TuzlaInfo.ba\",\"isPartOf\":{\"@id\":\"https:\/\/tuzlainfo.ba\/#website\"},\"primaryImageOfPage\":{\"@id\":\"https:\/\/tuzlainfo.ba\/index.php\/novosti\/item\/292279-alibegovic-demantovala-tuzilastvo-bih-obustavljen-krivicni-postupak-protiv-dejana-milkunica\/#primaryimage\"},\"image\":{\"@id\":\"https:\/\/tuzlainfo.ba\/index.php\/novosti\/item\/292279-alibegovic-demantovala-tuzilastvo-bih-obustavljen-krivicni-postupak-protiv-dejana-milkunica\/#primaryimage\"},\"thumbnailUrl\":\"https:\/\/tuzlainfo.ba\/wp-content\/uploads\/2021\/07\/2307_Tuzilastvobih_maj2019_DKRSA-e1690972967231.jpg\",\"datePublished\":\"2026-01-19T14:01:39+00:00\",\"dateModified\":\"2026-01-19T14:01:39+00:00\",\"breadcrumb\":{\"@id\":\"https:\/\/tuzlainfo.ba\/index.php\/novosti\/item\/292279-alibegovic-demantovala-tuzilastvo-bih-obustavljen-krivicni-postupak-protiv-dejana-milkunica\/#breadcrumb\"},\"inLanguage\":\"bs-BA\",\"potentialAction\":[{\"@type\":\"ReadAction\",\"target\":[\"https:\/\/tuzlainfo.ba\/index.php\/novosti\/item\/292279-alibegovic-demantovala-tuzilastvo-bih-obustavljen-krivicni-postupak-protiv-dejana-milkunica\/\"]}]},{\"@type\":\"ImageObject\",\"inLanguage\":\"bs-BA\",\"@id\":\"https:\/\/tuzlainfo.ba\/index.php\/novosti\/item\/292279-alibegovic-demantovala-tuzilastvo-bih-obustavljen-krivicni-postupak-protiv-dejana-milkunica\/#primaryimage\",\"url\":\"https:\/\/tuzlainfo.ba\/wp-content\/uploads\/2021\/07\/2307_Tuzilastvobih_maj2019_DKRSA-e1690972967231.jpg\",\"contentUrl\":\"https:\/\/tuzlainfo.ba\/wp-content\/uploads\/2021\/07\/2307_Tuzilastvobih_maj2019_DKRSA-e1690972967231.jpg\",\"width\":800,\"height\":534},{\"@type\":\"BreadcrumbList\",\"@id\":\"https:\/\/tuzlainfo.ba\/index.php\/novosti\/item\/292279-alibegovic-demantovala-tuzilastvo-bih-obustavljen-krivicni-postupak-protiv-dejana-milkunica\/#breadcrumb\",\"itemListElement\":[{\"@type\":\"ListItem\",\"position\":1,\"name\":\"Home\",\"item\":\"https:\/\/tuzlainfo.ba\/\"},{\"@type\":\"ListItem\",\"position\":2,\"name\":\"Alibegovi\u0107 demantovala Tu\u017eila\u0161tvo BiH: &#8220;Obustavljen krivi\u010dni postupak protiv Dejana Milkuni\u0107a&#8221;\"}]},{\"@type\":\"WebSite\",\"@id\":\"https:\/\/tuzlainfo.ba\/#website\",\"url\":\"https:\/\/tuzlainfo.ba\/\",\"name\":\"TuzlaInfo.ba\",\"description\":\"Tuzla info, gradski informator - Tuzla na dlanu\",\"publisher\":{\"@id\":\"https:\/\/tuzlainfo.ba\/#organization\"},\"potentialAction\":[{\"@type\":\"SearchAction\",\"target\":{\"@type\":\"EntryPoint\",\"urlTemplate\":\"https:\/\/tuzlainfo.ba\/?s={search_term_string}\"},\"query-input\":{\"@type\":\"PropertyValueSpecification\",\"valueRequired\":true,\"valueName\":\"search_term_string\"}}],\"inLanguage\":\"bs-BA\"},{\"@type\":\"Organization\",\"@id\":\"https:\/\/tuzlainfo.ba\/#organization\",\"name\":\"TuzlaInfo.ba\",\"url\":\"https:\/\/tuzlainfo.ba\/\",\"logo\":{\"@type\":\"ImageObject\",\"inLanguage\":\"bs-BA\",\"@id\":\"https:\/\/tuzlainfo.ba\/#\/schema\/logo\/image\/\",\"url\":\"https:\/\/tuzlainfo.ba\/wp-content\/uploads\/2021\/03\/logo-ver-3-1.png\",\"contentUrl\":\"https:\/\/tuzlainfo.ba\/wp-content\/uploads\/2021\/03\/logo-ver-3-1.png\",\"width\":350,\"height\":95,\"caption\":\"TuzlaInfo.ba\"},\"image\":{\"@id\":\"https:\/\/tuzlainfo.ba\/#\/schema\/logo\/image\/\"},\"sameAs\":[\"https:\/\/www.facebook.com\/tuzlainfo.ba\/\"]},{\"@type\":\"Person\",\"@id\":\"https:\/\/tuzlainfo.ba\/#\/schema\/person\/f434e20dc27ea133923aab08451b7f7f\",\"name\":\"nedim\",\"image\":{\"@type\":\"ImageObject\",\"inLanguage\":\"bs-BA\",\"@id\":\"https:\/\/tuzlainfo.ba\/#\/schema\/person\/image\/\",\"url\":\"https:\/\/tuzlainfo.ba\/wp-content\/litespeed\/avatar\/aabad687af24844af817603ac1cbdc4f.jpg?ver=1777306975\",\"contentUrl\":\"https:\/\/tuzlainfo.ba\/wp-content\/litespeed\/avatar\/aabad687af24844af817603ac1cbdc4f.jpg?ver=1777306975\",\"caption\":\"nedim\"},\"description\":\"Tuzlainfo.ba pratite na dru\u0161tvenim mre\u017eama: Facebook, Instagram i Youtube. Svoje pri\u010de, upite i fotografije \u0161aljite na na\u0161u e-mail adresu.\"}]}<\/script>\n<!-- \/ Yoast SEO plugin. -->","yoast_head_json":{"title":"Alibegovi\u0107 demantovala Tu\u017eila\u0161tvo BiH: \"Obustavljen krivi\u010dni postupak protiv Dejana Milkuni\u0107a\" - TuzlaInfo.ba","robots":{"index":"index","follow":"follow","max-snippet":"max-snippet:-1","max-image-preview":"max-image-preview:large","max-video-preview":"max-video-preview:-1"},"canonical":"https:\/\/tuzlainfo.ba\/index.php\/novosti\/item\/292279-alibegovic-demantovala-tuzilastvo-bih-obustavljen-krivicni-postupak-protiv-dejana-milkunica\/","og_locale":"bs_BA","og_type":"article","og_title":"Alibegovi\u0107 demantovala Tu\u017eila\u0161tvo BiH: \"Obustavljen krivi\u010dni postupak protiv Dejana Milkuni\u0107a\" - TuzlaInfo.ba","og_description":"Na osnovu punomo\u0107i koju zastupa advokatica Mirna Alibegovi\u0107, obavje\u0161tava se javnost da je krivi\u010dni postupak&hellip;","og_url":"https:\/\/tuzlainfo.ba\/index.php\/novosti\/item\/292279-alibegovic-demantovala-tuzilastvo-bih-obustavljen-krivicni-postupak-protiv-dejana-milkunica\/","og_site_name":"TuzlaInfo.ba","article_publisher":"https:\/\/www.facebook.com\/tuzlainfo.ba\/","article_published_time":"2026-01-19T14:01:39+00:00","og_image":[{"width":800,"height":534,"url":"https:\/\/tuzlainfo.ba\/wp-content\/uploads\/2021\/07\/2307_Tuzilastvobih_maj2019_DKRSA-e1690972967231.jpg","type":"image\/jpeg"}],"author":"nedim","twitter_card":"summary_large_image","twitter_misc":{"Written by":"nedim","Est. reading time":"2 minute"},"schema":{"@context":"https:\/\/schema.org","@graph":[{"@type":"Article","@id":"https:\/\/tuzlainfo.ba\/index.php\/novosti\/item\/292279-alibegovic-demantovala-tuzilastvo-bih-obustavljen-krivicni-postupak-protiv-dejana-milkunica\/#article","isPartOf":{"@id":"https:\/\/tuzlainfo.ba\/index.php\/novosti\/item\/292279-alibegovic-demantovala-tuzilastvo-bih-obustavljen-krivicni-postupak-protiv-dejana-milkunica\/"},"author":{"name":"nedim","@id":"https:\/\/tuzlainfo.ba\/#\/schema\/person\/f434e20dc27ea133923aab08451b7f7f"},"headline":"Alibegovi\u0107 demantovala Tu\u017eila\u0161tvo BiH: &#8220;Obustavljen krivi\u010dni postupak protiv Dejana Milkuni\u0107a&#8221;","datePublished":"2026-01-19T14:01:39+00:00","dateModified":"2026-01-19T14:01:39+00:00","mainEntityOfPage":{"@id":"https:\/\/tuzlainfo.ba\/index.php\/novosti\/item\/292279-alibegovic-demantovala-tuzilastvo-bih-obustavljen-krivicni-postupak-protiv-dejana-milkunica\/"},"wordCount":342,"publisher":{"@id":"https:\/\/tuzlainfo.ba\/#organization"},"image":{"@id":"https:\/\/tuzlainfo.ba\/index.php\/novosti\/item\/292279-alibegovic-demantovala-tuzilastvo-bih-obustavljen-krivicni-postupak-protiv-dejana-milkunica\/#primaryimage"},"thumbnailUrl":"https:\/\/tuzlainfo.ba\/wp-content\/uploads\/2021\/07\/2307_Tuzilastvobih_maj2019_DKRSA-e1690972967231.jpg","keywords":["Dejan milkunic","tu\u017eila\u0161tvo BiH"],"articleSection":["Istaknuto","Novosti"],"inLanguage":"bs-BA"},{"@type":"WebPage","@id":"https:\/\/tuzlainfo.ba\/index.php\/novosti\/item\/292279-alibegovic-demantovala-tuzilastvo-bih-obustavljen-krivicni-postupak-protiv-dejana-milkunica\/","url":"https:\/\/tuzlainfo.ba\/index.php\/novosti\/item\/292279-alibegovic-demantovala-tuzilastvo-bih-obustavljen-krivicni-postupak-protiv-dejana-milkunica\/","name":"Alibegovi\u0107 demantovala Tu\u017eila\u0161tvo BiH: \"Obustavljen krivi\u010dni postupak protiv Dejana Milkuni\u0107a\" - TuzlaInfo.ba","isPartOf":{"@id":"https:\/\/tuzlainfo.ba\/#website"},"primaryImageOfPage":{"@id":"https:\/\/tuzlainfo.ba\/index.php\/novosti\/item\/292279-alibegovic-demantovala-tuzilastvo-bih-obustavljen-krivicni-postupak-protiv-dejana-milkunica\/#primaryimage"},"image":{"@id":"https:\/\/tuzlainfo.ba\/index.php\/novosti\/item\/292279-alibegovic-demantovala-tuzilastvo-bih-obustavljen-krivicni-postupak-protiv-dejana-milkunica\/#primaryimage"},"thumbnailUrl":"https:\/\/tuzlainfo.ba\/wp-content\/uploads\/2021\/07\/2307_Tuzilastvobih_maj2019_DKRSA-e1690972967231.jpg","datePublished":"2026-01-19T14:01:39+00:00","dateModified":"2026-01-19T14:01:39+00:00","breadcrumb":{"@id":"https:\/\/tuzlainfo.ba\/index.php\/novosti\/item\/292279-alibegovic-demantovala-tuzilastvo-bih-obustavljen-krivicni-postupak-protiv-dejana-milkunica\/#breadcrumb"},"inLanguage":"bs-BA","potentialAction":[{"@type":"ReadAction","target":["https:\/\/tuzlainfo.ba\/index.php\/novosti\/item\/292279-alibegovic-demantovala-tuzilastvo-bih-obustavljen-krivicni-postupak-protiv-dejana-milkunica\/"]}]},{"@type":"ImageObject","inLanguage":"bs-BA","@id":"https:\/\/tuzlainfo.ba\/index.php\/novosti\/item\/292279-alibegovic-demantovala-tuzilastvo-bih-obustavljen-krivicni-postupak-protiv-dejana-milkunica\/#primaryimage","url":"https:\/\/tuzlainfo.ba\/wp-content\/uploads\/2021\/07\/2307_Tuzilastvobih_maj2019_DKRSA-e1690972967231.jpg","contentUrl":"https:\/\/tuzlainfo.ba\/wp-content\/uploads\/2021\/07\/2307_Tuzilastvobih_maj2019_DKRSA-e1690972967231.jpg","width":800,"height":534},{"@type":"BreadcrumbList","@id":"https:\/\/tuzlainfo.ba\/index.php\/novosti\/item\/292279-alibegovic-demantovala-tuzilastvo-bih-obustavljen-krivicni-postupak-protiv-dejana-milkunica\/#breadcrumb","itemListElement":[{"@type":"ListItem","position":1,"name":"Home","item":"https:\/\/tuzlainfo.ba\/"},{"@type":"ListItem","position":2,"name":"Alibegovi\u0107 demantovala Tu\u017eila\u0161tvo BiH: &#8220;Obustavljen krivi\u010dni postupak protiv Dejana Milkuni\u0107a&#8221;"}]},{"@type":"WebSite","@id":"https:\/\/tuzlainfo.ba\/#website","url":"https:\/\/tuzlainfo.ba\/","name":"TuzlaInfo.ba","description":"Tuzla info, gradski informator - Tuzla na dlanu","publisher":{"@id":"https:\/\/tuzlainfo.ba\/#organization"},"potentialAction":[{"@type":"SearchAction","target":{"@type":"EntryPoint","urlTemplate":"https:\/\/tuzlainfo.ba\/?s={search_term_string}"},"query-input":{"@type":"PropertyValueSpecification","valueRequired":true,"valueName":"search_term_string"}}],"inLanguage":"bs-BA"},{"@type":"Organization","@id":"https:\/\/tuzlainfo.ba\/#organization","name":"TuzlaInfo.ba","url":"https:\/\/tuzlainfo.ba\/","logo":{"@type":"ImageObject","inLanguage":"bs-BA","@id":"https:\/\/tuzlainfo.ba\/#\/schema\/logo\/image\/","url":"https:\/\/tuzlainfo.ba\/wp-content\/uploads\/2021\/03\/logo-ver-3-1.png","contentUrl":"https:\/\/tuzlainfo.ba\/wp-content\/uploads\/2021\/03\/logo-ver-3-1.png","width":350,"height":95,"caption":"TuzlaInfo.ba"},"image":{"@id":"https:\/\/tuzlainfo.ba\/#\/schema\/logo\/image\/"},"sameAs":["https:\/\/www.facebook.com\/tuzlainfo.ba\/"]},{"@type":"Person","@id":"https:\/\/tuzlainfo.ba\/#\/schema\/person\/f434e20dc27ea133923aab08451b7f7f","name":"nedim","image":{"@type":"ImageObject","inLanguage":"bs-BA","@id":"https:\/\/tuzlainfo.ba\/#\/schema\/person\/image\/","url":"https:\/\/tuzlainfo.ba\/wp-content\/litespeed\/avatar\/aabad687af24844af817603ac1cbdc4f.jpg?ver=1777306975","contentUrl":"https:\/\/tuzlainfo.ba\/wp-content\/litespeed\/avatar\/aabad687af24844af817603ac1cbdc4f.jpg?ver=1777306975","caption":"nedim"},"description":"Tuzlainfo.ba pratite na dru\u0161tvenim mre\u017eama: Facebook, Instagram i Youtube. Svoje pri\u010de, upite i fotografije \u0161aljite na na\u0161u e-mail adresu."}]}},"_links":{"self":[{"href":"https:\/\/tuzlainfo.ba\/index.php\/wp-json\/wp\/v2\/posts\/292279"}],"collection":[{"href":"https:\/\/tuzlainfo.ba\/index.php\/wp-json\/wp\/v2\/posts"}],"about":[{"href":"https:\/\/tuzlainfo.ba\/index.php\/wp-json\/wp\/v2\/types\/post"}],"author":[{"embeddable":true,"href":"https:\/\/tuzlainfo.ba\/index.php\/wp-json\/wp\/v2\/users\/2"}],"replies":[{"embeddable":true,"href":"https:\/\/tuzlainfo.ba\/index.php\/wp-json\/wp\/v2\/comments?post=292279"}],"version-history":[{"count":1,"href":"https:\/\/tuzlainfo.ba\/index.php\/wp-json\/wp\/v2\/posts\/292279\/revisions"}],"predecessor-version":[{"id":292280,"href":"https:\/\/tuzlainfo.ba\/index.php\/wp-json\/wp\/v2\/posts\/292279\/revisions\/292280"}],"wp:featuredmedia":[{"embeddable":true,"href":"https:\/\/tuzlainfo.ba\/index.php\/wp-json\/wp\/v2\/media\/142694"}],"wp:attachment":[{"href":"https:\/\/tuzlainfo.ba\/index.php\/wp-json\/wp\/v2\/media?parent=292279"}],"wp:term":[{"taxonomy":"category","embeddable":true,"href":"https:\/\/tuzlainfo.ba\/index.php\/wp-json\/wp\/v2\/categories?post=292279"},{"taxonomy":"post_tag","embeddable":true,"href":"https:\/\/tuzlainfo.ba\/index.php\/wp-json\/wp\/v2\/tags?post=292279"}],"curies":[{"name":"wp","href":"https:\/\/api.w.org\/{rel}","templated":true}]}}