{"id":292189,"date":"2026-01-18T18:36:37","date_gmt":"2026-01-18T17:36:37","guid":{"rendered":"https:\/\/tuzlainfo.ba\/?p=292189"},"modified":"2026-01-18T17:38:16","modified_gmt":"2026-01-18T16:38:16","slug":"obrazovanje-za-energetsku-buducnost-tuzlanski-profesori-edukovani-u-oblasti-fotonaponskih-sistema","status":"publish","type":"post","link":"https:\/\/tuzlainfo.ba\/index.php\/novosti\/item\/292189-obrazovanje-za-energetsku-buducnost-tuzlanski-profesori-edukovani-u-oblasti-fotonaponskih-sistema\/","title":{"rendered":"Obrazovanje za energetsku budu\u0107nost: Tuzlanski profesori edukovani u oblasti fotonaponskih sistema"},"content":{"rendered":"<p data-start=\"439\" data-end=\"714\">U Tuzli je proteklih daba odr\u017ean niz edukativnih aktivnosti posve\u0107enih savremenim rje\u0161enjima u oblasti solarne energije, u okviru projekta \u201eSolarna energija za Tuzlu\u201c, koji realizira Centar za ekologiju i energiju u saradnji sa Polybau \u0161kolom i F\u00f6rdervereinom iz \u0160vicarske.<\/p>\n<p data-start=\"716\" data-end=\"1154\">Drugog dana intenzivne edukacije, odr\u017eane 15. januara, profesori Elektrotehni\u010dke \u0161kole Tuzla, Mje\u0161ovite srednje \u0161kole \u017divinice i Gra\u0111evinsko-geodetske \u0161kole Tuzla imali su priliku unaprijediti znanja iz oblasti fotonaponskih sistema. Edukaciju je vodio Roland Langenegger, profesor renomirane Polybau \u0161kole iz \u0160vicarske, koji je sa u\u010desnicima podijelio bogato prakti\u010dno iskustvo u planiranju, instaliranju i odr\u017eavanju solarnih elektrana.<\/p>\n<p data-start=\"1156\" data-end=\"1628\">Tokom radionica obra\u0111ene su teme projektiranja on-grid fotonaponskih elektrana snage 20 kW, skladi\u0161tenja energije i baterijskih sistema, online pra\u0107enja proizvodnje i potro\u0161nje energije, monitoringa i IoT nadzora fotonaponskih sistema, kao i integracije u koncepte pametnih domova, gradova i turizma. Posebna pa\u017enja posve\u0107ena je i izradi off-grid sistema kroz specijalizirane softverske alate. Rad je organizovan u grupama, uz izra\u017eenu interaktivnost i razmjenu iskustava.<\/p>\n<p data-start=\"1630\" data-end=\"2001\">Zaklju\u010deno je da su profesori, u odnosu na po\u010detnu edukaciju iz 2023. godine, ostvarili zna\u010dajan napredak u znanjima i prakti\u010dnim vje\u0161tinama iz oblasti fotonaponskih sistema. Najavljeno je i da \u0107e se saradnja nastaviti, a za jesen 2026. godine planirana je posjeta profesora i u\u010denika prve generacije zanimanja instalater fotonaponskih sistema \u0161koli Polybau u \u0160vicarskoj.<\/p>\n<p data-start=\"2003\" data-end=\"2462\">Dan kasnije, 16. januara, u Gra\u0111evinsko-geodetskoj \u0161koli u Tuzli odr\u017eana je evaluacija obuke \u201eMontiranje fotonaponskih sistema\u201c, koju su zajedni\u010dki proveli predstavnici F\u00f6rdervereina i Polybau \u0161kole iz \u0160vicarske te Centra za ekologiju i energiju Tuzla. Evaluacija je potvrdila da je GG\u0160 Tuzla vrlo uspje\u0161no realizirala obuku za tri grupe odraslih polaznika, uz visok nivo stru\u010dnosti i organizacijske spremnosti za preno\u0161enje znanja i iskustava na druge \u0161kole.<\/p>\n<p data-start=\"2464\" data-end=\"2788\">Posebno je istaknut profesionalni razvoj profesora i menad\u017ementa \u0161kole, koji su tokom procesa obuke pokazali zna\u010dajan napredak u stru\u010dnom i organizacijskom smislu. U okviru susreta odr\u017eana je i dodatna edukacija o evropskim trendovima u brzim i fleksibilnim obukama odraslih za montiranje i odr\u017eavanje fotonaponskih sistema.<\/p>\n<p data-start=\"2790\" data-end=\"3094\" data-is-last-node=\"\" data-is-only-node=\"\">Na kraju je dogovoren nastavak saradnje i razvoj novih programa obuke, uskla\u0111enih s evropskim standardima i potrebama tr\u017ei\u0161ta rada. Projekat \u201eSolarna energija za Tuzlu\u201c realizira se uz podr\u0161ku Caritasa \u0160vicarske, Ministarstva obrazovanja i nauke Tuzlanskog kantona, te srednjih \u0161kola iz Tuzle i \u017divinica.<\/p>\n","protected":false},"excerpt":{"rendered":"<p>U Tuzli je proteklih daba odr\u017ean niz edukativnih aktivnosti posve\u0107enih savremenim rje\u0161enjima u oblasti solarne energije, u okviru projekta \u201eSolarna energija za Tuzlu\u201c, koji realizira Centar za ekologiju i energiju u saradnji sa Polybau \u0161kolom i F\u00f6rdervereinom iz \u0160vicarske. Drugog dana intenzivne edukacije, odr\u017eane 15. januara, profesori Elektrotehni\u010dke \u0161kole Tuzla, Mje\u0161ovite srednje \u0161kole \u017divinice i [&hellip;]<\/p>\n","protected":false},"author":2,"featured_media":292190,"comment_status":"closed","ping_status":"closed","sticky":false,"template":"","format":"standard","meta":{"footnotes":""},"categories":[304,12],"tags":[7310],"class_list":["post-292189","post","type-post","status-publish","format-standard","has-post-thumbnail","hentry","category-istaknuto","category-novosti","tag-centar-za-ekologiju-i-energiju"],"yoast_head":"<!-- This site is optimized with the Yoast SEO plugin v28.3 - https:\/\/yoast.com\/product\/yoast-seo-wordpress\/ -->\n<title>Obrazovanje za energetsku budu\u0107nost: Tuzlanski profesori edukovani u oblasti fotonaponskih sistema<\/title>\n<meta name=\"robots\" content=\"index, follow, max-snippet:-1, max-image-preview:large, max-video-preview:-1\" \/>\n<link rel=\"canonical\" href=\"https:\/\/tuzlainfo.ba\/index.php\/novosti\/item\/292189-obrazovanje-za-energetsku-buducnost-tuzlanski-profesori-edukovani-u-oblasti-fotonaponskih-sistema\/\" \/>\n<meta property=\"og:locale\" content=\"bs_BA\" \/>\n<meta property=\"og:type\" content=\"article\" \/>\n<meta property=\"og:title\" content=\"Obrazovanje za energetsku budu\u0107nost: Tuzlanski profesori edukovani u oblasti fotonaponskih sistema\" \/>\n<meta property=\"og:description\" content=\"U Tuzli je proteklih daba odr\u017ean niz edukativnih aktivnosti posve\u0107enih savremenim rje\u0161enjima u oblasti solarne energije, u okviru projekta \u201eSolarna energija za Tuzlu\u201c, koji realizira Centar za ekologiju i energiju u saradnji sa Polybau \u0161kolom i F\u00f6rdervereinom iz \u0160vicarske. Drugog dana intenzivne edukacije, odr\u017eane 15. januara, profesori Elektrotehni\u010dke \u0161kole Tuzla, Mje\u0161ovite srednje \u0161kole \u017divinice i [&hellip;]\" \/>\n<meta property=\"og:url\" content=\"https:\/\/tuzlainfo.ba\/index.php\/novosti\/item\/292189-obrazovanje-za-energetsku-buducnost-tuzlanski-profesori-edukovani-u-oblasti-fotonaponskih-sistema\/\" \/>\n<meta property=\"og:site_name\" content=\"TuzlaInfo.ba\" \/>\n<meta property=\"article:publisher\" content=\"https:\/\/www.facebook.com\/tuzlainfo.ba\/\" \/>\n<meta property=\"article:published_time\" content=\"2026-01-18T17:36:37+00:00\" \/>\n<meta property=\"og:image\" content=\"https:\/\/tuzlainfo.ba\/wp-content\/uploads\/2026\/01\/1801_edukacija.jpg\" \/>\n\t<meta property=\"og:image:width\" content=\"800\" \/>\n\t<meta property=\"og:image:height\" content=\"600\" \/>\n\t<meta property=\"og:image:type\" content=\"image\/jpeg\" \/>\n<meta name=\"author\" content=\"nedim\" \/>\n<meta name=\"twitter:card\" content=\"summary_large_image\" \/>\n<meta name=\"twitter:label1\" content=\"Written by\" \/>\n\t<meta name=\"twitter:data1\" content=\"nedim\" \/>\n\t<meta name=\"twitter:label2\" content=\"Est. reading time\" \/>\n\t<meta name=\"twitter:data2\" content=\"3 minute\" \/>\n<script type=\"application\/ld+json\" class=\"yoast-schema-graph\">{\"@context\":\"https:\\\/\\\/schema.org\",\"@graph\":[{\"@type\":\"Article\",\"@id\":\"https:\\\/\\\/tuzlainfo.ba\\\/index.php\\\/novosti\\\/item\\\/292189-obrazovanje-za-energetsku-buducnost-tuzlanski-profesori-edukovani-u-oblasti-fotonaponskih-sistema\\\/#article\",\"isPartOf\":{\"@id\":\"https:\\\/\\\/tuzlainfo.ba\\\/index.php\\\/novosti\\\/item\\\/292189-obrazovanje-za-energetsku-buducnost-tuzlanski-profesori-edukovani-u-oblasti-fotonaponskih-sistema\\\/\"},\"author\":{\"name\":\"nedim\",\"@id\":\"https:\\\/\\\/tuzlainfo.ba\\\/#\\\/schema\\\/person\\\/f434e20dc27ea133923aab08451b7f7f\"},\"headline\":\"Obrazovanje za energetsku budu\u0107nost: Tuzlanski profesori edukovani u oblasti fotonaponskih sistema\",\"datePublished\":\"2026-01-18T17:36:37+00:00\",\"mainEntityOfPage\":{\"@id\":\"https:\\\/\\\/tuzlainfo.ba\\\/index.php\\\/novosti\\\/item\\\/292189-obrazovanje-za-energetsku-buducnost-tuzlanski-profesori-edukovani-u-oblasti-fotonaponskih-sistema\\\/\"},\"wordCount\":409,\"publisher\":{\"@id\":\"https:\\\/\\\/tuzlainfo.ba\\\/#organization\"},\"image\":{\"@id\":\"https:\\\/\\\/tuzlainfo.ba\\\/index.php\\\/novosti\\\/item\\\/292189-obrazovanje-za-energetsku-buducnost-tuzlanski-profesori-edukovani-u-oblasti-fotonaponskih-sistema\\\/#primaryimage\"},\"thumbnailUrl\":\"https:\\\/\\\/tuzlainfo.ba\\\/wp-content\\\/uploads\\\/2026\\\/01\\\/1801_edukacija.jpg\",\"keywords\":[\"Centar za ekologiju i energiju\"],\"articleSection\":[\"Istaknuto\",\"Novosti\"],\"inLanguage\":\"bs-BA\",\"copyrightYear\":\"2026\",\"copyrightHolder\":{\"@id\":\"https:\\\/\\\/tuzlainfo.ba\\\/#organization\"}},{\"@type\":\"WebPage\",\"@id\":\"https:\\\/\\\/tuzlainfo.ba\\\/index.php\\\/novosti\\\/item\\\/292189-obrazovanje-za-energetsku-buducnost-tuzlanski-profesori-edukovani-u-oblasti-fotonaponskih-sistema\\\/\",\"url\":\"https:\\\/\\\/tuzlainfo.ba\\\/index.php\\\/novosti\\\/item\\\/292189-obrazovanje-za-energetsku-buducnost-tuzlanski-profesori-edukovani-u-oblasti-fotonaponskih-sistema\\\/\",\"name\":\"Obrazovanje za energetsku budu\u0107nost: Tuzlanski profesori edukovani u oblasti fotonaponskih sistema\",\"isPartOf\":{\"@id\":\"https:\\\/\\\/tuzlainfo.ba\\\/#website\"},\"primaryImageOfPage\":{\"@id\":\"https:\\\/\\\/tuzlainfo.ba\\\/index.php\\\/novosti\\\/item\\\/292189-obrazovanje-za-energetsku-buducnost-tuzlanski-profesori-edukovani-u-oblasti-fotonaponskih-sistema\\\/#primaryimage\"},\"image\":{\"@id\":\"https:\\\/\\\/tuzlainfo.ba\\\/index.php\\\/novosti\\\/item\\\/292189-obrazovanje-za-energetsku-buducnost-tuzlanski-profesori-edukovani-u-oblasti-fotonaponskih-sistema\\\/#primaryimage\"},\"thumbnailUrl\":\"https:\\\/\\\/tuzlainfo.ba\\\/wp-content\\\/uploads\\\/2026\\\/01\\\/1801_edukacija.jpg\",\"datePublished\":\"2026-01-18T17:36:37+00:00\",\"breadcrumb\":{\"@id\":\"https:\\\/\\\/tuzlainfo.ba\\\/index.php\\\/novosti\\\/item\\\/292189-obrazovanje-za-energetsku-buducnost-tuzlanski-profesori-edukovani-u-oblasti-fotonaponskih-sistema\\\/#breadcrumb\"},\"inLanguage\":\"bs-BA\",\"potentialAction\":[{\"@type\":\"ReadAction\",\"target\":[\"https:\\\/\\\/tuzlainfo.ba\\\/index.php\\\/novosti\\\/item\\\/292189-obrazovanje-za-energetsku-buducnost-tuzlanski-profesori-edukovani-u-oblasti-fotonaponskih-sistema\\\/\"]}]},{\"@type\":\"ImageObject\",\"inLanguage\":\"bs-BA\",\"@id\":\"https:\\\/\\\/tuzlainfo.ba\\\/index.php\\\/novosti\\\/item\\\/292189-obrazovanje-za-energetsku-buducnost-tuzlanski-profesori-edukovani-u-oblasti-fotonaponskih-sistema\\\/#primaryimage\",\"url\":\"https:\\\/\\\/tuzlainfo.ba\\\/wp-content\\\/uploads\\\/2026\\\/01\\\/1801_edukacija.jpg\",\"contentUrl\":\"https:\\\/\\\/tuzlainfo.ba\\\/wp-content\\\/uploads\\\/2026\\\/01\\\/1801_edukacija.jpg\",\"width\":800,\"height\":600},{\"@type\":\"BreadcrumbList\",\"@id\":\"https:\\\/\\\/tuzlainfo.ba\\\/index.php\\\/novosti\\\/item\\\/292189-obrazovanje-za-energetsku-buducnost-tuzlanski-profesori-edukovani-u-oblasti-fotonaponskih-sistema\\\/#breadcrumb\",\"itemListElement\":[{\"@type\":\"ListItem\",\"position\":1,\"name\":\"Home\",\"item\":\"https:\\\/\\\/tuzlainfo.ba\\\/\"},{\"@type\":\"ListItem\",\"position\":2,\"name\":\"Obrazovanje za energetsku budu\u0107nost: Tuzlanski profesori edukovani u oblasti fotonaponskih sistema\"}]},{\"@type\":\"WebSite\",\"@id\":\"https:\\\/\\\/tuzlainfo.ba\\\/#website\",\"url\":\"https:\\\/\\\/tuzlainfo.ba\\\/\",\"name\":\"TuzlaInfo.ba\",\"description\":\"Tuzla info, gradski informator - Tuzla na dlanu\",\"publisher\":{\"@id\":\"https:\\\/\\\/tuzlainfo.ba\\\/#organization\"},\"potentialAction\":[{\"@type\":\"SearchAction\",\"target\":{\"@type\":\"EntryPoint\",\"urlTemplate\":\"https:\\\/\\\/tuzlainfo.ba\\\/?s={search_term_string}\"},\"query-input\":{\"@type\":\"PropertyValueSpecification\",\"valueRequired\":true,\"valueName\":\"search_term_string\"}}],\"inLanguage\":\"bs-BA\"},{\"@type\":\"Organization\",\"@id\":\"https:\\\/\\\/tuzlainfo.ba\\\/#organization\",\"name\":\"TuzlaInfo.ba\",\"url\":\"https:\\\/\\\/tuzlainfo.ba\\\/\",\"logo\":{\"@type\":\"ImageObject\",\"inLanguage\":\"bs-BA\",\"@id\":\"https:\\\/\\\/tuzlainfo.ba\\\/#\\\/schema\\\/logo\\\/image\\\/\",\"url\":\"https:\\\/\\\/tuzlainfo.ba\\\/wp-content\\\/uploads\\\/2021\\\/03\\\/logo-ver-3-1.png\",\"contentUrl\":\"https:\\\/\\\/tuzlainfo.ba\\\/wp-content\\\/uploads\\\/2021\\\/03\\\/logo-ver-3-1.png\",\"width\":350,\"height\":95,\"caption\":\"TuzlaInfo.ba\"},\"image\":{\"@id\":\"https:\\\/\\\/tuzlainfo.ba\\\/#\\\/schema\\\/logo\\\/image\\\/\"},\"sameAs\":[\"https:\\\/\\\/www.facebook.com\\\/tuzlainfo.ba\\\/\"]},{\"@type\":\"Person\",\"@id\":\"https:\\\/\\\/tuzlainfo.ba\\\/#\\\/schema\\\/person\\\/f434e20dc27ea133923aab08451b7f7f\",\"name\":\"nedim\",\"image\":{\"@type\":\"ImageObject\",\"inLanguage\":\"bs-BA\",\"@id\":\"https:\\\/\\\/secure.gravatar.com\\\/avatar\\\/5b928a2e7e70a54208d2eb6c1edcb75a5350d6ae97d5f0a701203d456823f6f3?s=96&d=mm&r=g\",\"url\":\"https:\\\/\\\/secure.gravatar.com\\\/avatar\\\/5b928a2e7e70a54208d2eb6c1edcb75a5350d6ae97d5f0a701203d456823f6f3?s=96&d=mm&r=g\",\"contentUrl\":\"https:\\\/\\\/secure.gravatar.com\\\/avatar\\\/5b928a2e7e70a54208d2eb6c1edcb75a5350d6ae97d5f0a701203d456823f6f3?s=96&d=mm&r=g\",\"caption\":\"nedim\"},\"description\":\"Tuzlainfo.ba pratite na dru\u0161tvenim mre\u017eama: Facebook, Instagram i Youtube. Svoje pri\u010de, upite i fotografije \u0161aljite na na\u0161u e-mail adresu.\"}]}<\/script>\n<!-- \/ Yoast SEO plugin. -->","yoast_head_json":{"title":"Obrazovanje za energetsku budu\u0107nost: Tuzlanski profesori edukovani u oblasti fotonaponskih sistema","robots":{"index":"index","follow":"follow","max-snippet":"max-snippet:-1","max-image-preview":"max-image-preview:large","max-video-preview":"max-video-preview:-1"},"canonical":"https:\/\/tuzlainfo.ba\/index.php\/novosti\/item\/292189-obrazovanje-za-energetsku-buducnost-tuzlanski-profesori-edukovani-u-oblasti-fotonaponskih-sistema\/","og_locale":"bs_BA","og_type":"article","og_title":"Obrazovanje za energetsku budu\u0107nost: Tuzlanski profesori edukovani u oblasti fotonaponskih sistema","og_description":"U Tuzli je proteklih daba odr\u017ean niz edukativnih aktivnosti posve\u0107enih savremenim rje\u0161enjima u oblasti solarne energije, u okviru projekta \u201eSolarna energija za Tuzlu\u201c, koji realizira Centar za ekologiju i energiju u saradnji sa Polybau \u0161kolom i F\u00f6rdervereinom iz \u0160vicarske. Drugog dana intenzivne edukacije, odr\u017eane 15. januara, profesori Elektrotehni\u010dke \u0161kole Tuzla, Mje\u0161ovite srednje \u0161kole \u017divinice i [&hellip;]","og_url":"https:\/\/tuzlainfo.ba\/index.php\/novosti\/item\/292189-obrazovanje-za-energetsku-buducnost-tuzlanski-profesori-edukovani-u-oblasti-fotonaponskih-sistema\/","og_site_name":"TuzlaInfo.ba","article_publisher":"https:\/\/www.facebook.com\/tuzlainfo.ba\/","article_published_time":"2026-01-18T17:36:37+00:00","og_image":[{"width":800,"height":600,"url":"https:\/\/tuzlainfo.ba\/wp-content\/uploads\/2026\/01\/1801_edukacija.jpg","type":"image\/jpeg"}],"author":"nedim","twitter_card":"summary_large_image","twitter_misc":{"Written by":"nedim","Est. reading time":"3 minute"},"schema":{"@context":"https:\/\/schema.org","@graph":[{"@type":"Article","@id":"https:\/\/tuzlainfo.ba\/index.php\/novosti\/item\/292189-obrazovanje-za-energetsku-buducnost-tuzlanski-profesori-edukovani-u-oblasti-fotonaponskih-sistema\/#article","isPartOf":{"@id":"https:\/\/tuzlainfo.ba\/index.php\/novosti\/item\/292189-obrazovanje-za-energetsku-buducnost-tuzlanski-profesori-edukovani-u-oblasti-fotonaponskih-sistema\/"},"author":{"name":"nedim","@id":"https:\/\/tuzlainfo.ba\/#\/schema\/person\/f434e20dc27ea133923aab08451b7f7f"},"headline":"Obrazovanje za energetsku budu\u0107nost: Tuzlanski profesori edukovani u oblasti fotonaponskih sistema","datePublished":"2026-01-18T17:36:37+00:00","mainEntityOfPage":{"@id":"https:\/\/tuzlainfo.ba\/index.php\/novosti\/item\/292189-obrazovanje-za-energetsku-buducnost-tuzlanski-profesori-edukovani-u-oblasti-fotonaponskih-sistema\/"},"wordCount":409,"publisher":{"@id":"https:\/\/tuzlainfo.ba\/#organization"},"image":{"@id":"https:\/\/tuzlainfo.ba\/index.php\/novosti\/item\/292189-obrazovanje-za-energetsku-buducnost-tuzlanski-profesori-edukovani-u-oblasti-fotonaponskih-sistema\/#primaryimage"},"thumbnailUrl":"https:\/\/tuzlainfo.ba\/wp-content\/uploads\/2026\/01\/1801_edukacija.jpg","keywords":["Centar za ekologiju i energiju"],"articleSection":["Istaknuto","Novosti"],"inLanguage":"bs-BA","copyrightYear":"2026","copyrightHolder":{"@id":"https:\/\/tuzlainfo.ba\/#organization"}},{"@type":"WebPage","@id":"https:\/\/tuzlainfo.ba\/index.php\/novosti\/item\/292189-obrazovanje-za-energetsku-buducnost-tuzlanski-profesori-edukovani-u-oblasti-fotonaponskih-sistema\/","url":"https:\/\/tuzlainfo.ba\/index.php\/novosti\/item\/292189-obrazovanje-za-energetsku-buducnost-tuzlanski-profesori-edukovani-u-oblasti-fotonaponskih-sistema\/","name":"Obrazovanje za energetsku budu\u0107nost: Tuzlanski profesori edukovani u oblasti fotonaponskih sistema","isPartOf":{"@id":"https:\/\/tuzlainfo.ba\/#website"},"primaryImageOfPage":{"@id":"https:\/\/tuzlainfo.ba\/index.php\/novosti\/item\/292189-obrazovanje-za-energetsku-buducnost-tuzlanski-profesori-edukovani-u-oblasti-fotonaponskih-sistema\/#primaryimage"},"image":{"@id":"https:\/\/tuzlainfo.ba\/index.php\/novosti\/item\/292189-obrazovanje-za-energetsku-buducnost-tuzlanski-profesori-edukovani-u-oblasti-fotonaponskih-sistema\/#primaryimage"},"thumbnailUrl":"https:\/\/tuzlainfo.ba\/wp-content\/uploads\/2026\/01\/1801_edukacija.jpg","datePublished":"2026-01-18T17:36:37+00:00","breadcrumb":{"@id":"https:\/\/tuzlainfo.ba\/index.php\/novosti\/item\/292189-obrazovanje-za-energetsku-buducnost-tuzlanski-profesori-edukovani-u-oblasti-fotonaponskih-sistema\/#breadcrumb"},"inLanguage":"bs-BA","potentialAction":[{"@type":"ReadAction","target":["https:\/\/tuzlainfo.ba\/index.php\/novosti\/item\/292189-obrazovanje-za-energetsku-buducnost-tuzlanski-profesori-edukovani-u-oblasti-fotonaponskih-sistema\/"]}]},{"@type":"ImageObject","inLanguage":"bs-BA","@id":"https:\/\/tuzlainfo.ba\/index.php\/novosti\/item\/292189-obrazovanje-za-energetsku-buducnost-tuzlanski-profesori-edukovani-u-oblasti-fotonaponskih-sistema\/#primaryimage","url":"https:\/\/tuzlainfo.ba\/wp-content\/uploads\/2026\/01\/1801_edukacija.jpg","contentUrl":"https:\/\/tuzlainfo.ba\/wp-content\/uploads\/2026\/01\/1801_edukacija.jpg","width":800,"height":600},{"@type":"BreadcrumbList","@id":"https:\/\/tuzlainfo.ba\/index.php\/novosti\/item\/292189-obrazovanje-za-energetsku-buducnost-tuzlanski-profesori-edukovani-u-oblasti-fotonaponskih-sistema\/#breadcrumb","itemListElement":[{"@type":"ListItem","position":1,"name":"Home","item":"https:\/\/tuzlainfo.ba\/"},{"@type":"ListItem","position":2,"name":"Obrazovanje za energetsku budu\u0107nost: Tuzlanski profesori edukovani u oblasti fotonaponskih sistema"}]},{"@type":"WebSite","@id":"https:\/\/tuzlainfo.ba\/#website","url":"https:\/\/tuzlainfo.ba\/","name":"TuzlaInfo.ba","description":"Tuzla info, gradski informator - Tuzla na dlanu","publisher":{"@id":"https:\/\/tuzlainfo.ba\/#organization"},"potentialAction":[{"@type":"SearchAction","target":{"@type":"EntryPoint","urlTemplate":"https:\/\/tuzlainfo.ba\/?s={search_term_string}"},"query-input":{"@type":"PropertyValueSpecification","valueRequired":true,"valueName":"search_term_string"}}],"inLanguage":"bs-BA"},{"@type":"Organization","@id":"https:\/\/tuzlainfo.ba\/#organization","name":"TuzlaInfo.ba","url":"https:\/\/tuzlainfo.ba\/","logo":{"@type":"ImageObject","inLanguage":"bs-BA","@id":"https:\/\/tuzlainfo.ba\/#\/schema\/logo\/image\/","url":"https:\/\/tuzlainfo.ba\/wp-content\/uploads\/2021\/03\/logo-ver-3-1.png","contentUrl":"https:\/\/tuzlainfo.ba\/wp-content\/uploads\/2021\/03\/logo-ver-3-1.png","width":350,"height":95,"caption":"TuzlaInfo.ba"},"image":{"@id":"https:\/\/tuzlainfo.ba\/#\/schema\/logo\/image\/"},"sameAs":["https:\/\/www.facebook.com\/tuzlainfo.ba\/"]},{"@type":"Person","@id":"https:\/\/tuzlainfo.ba\/#\/schema\/person\/f434e20dc27ea133923aab08451b7f7f","name":"nedim","image":{"@type":"ImageObject","inLanguage":"bs-BA","@id":"https:\/\/secure.gravatar.com\/avatar\/5b928a2e7e70a54208d2eb6c1edcb75a5350d6ae97d5f0a701203d456823f6f3?s=96&d=mm&r=g","url":"https:\/\/secure.gravatar.com\/avatar\/5b928a2e7e70a54208d2eb6c1edcb75a5350d6ae97d5f0a701203d456823f6f3?s=96&d=mm&r=g","contentUrl":"https:\/\/secure.gravatar.com\/avatar\/5b928a2e7e70a54208d2eb6c1edcb75a5350d6ae97d5f0a701203d456823f6f3?s=96&d=mm&r=g","caption":"nedim"},"description":"Tuzlainfo.ba pratite na dru\u0161tvenim mre\u017eama: Facebook, Instagram i Youtube. Svoje pri\u010de, upite i fotografije \u0161aljite na na\u0161u e-mail adresu."}]}},"_links":{"self":[{"href":"https:\/\/tuzlainfo.ba\/index.php\/wp-json\/wp\/v2\/posts\/292189","targetHints":{"allow":["GET"]}}],"collection":[{"href":"https:\/\/tuzlainfo.ba\/index.php\/wp-json\/wp\/v2\/posts"}],"about":[{"href":"https:\/\/tuzlainfo.ba\/index.php\/wp-json\/wp\/v2\/types\/post"}],"author":[{"embeddable":true,"href":"https:\/\/tuzlainfo.ba\/index.php\/wp-json\/wp\/v2\/users\/2"}],"replies":[{"embeddable":true,"href":"https:\/\/tuzlainfo.ba\/index.php\/wp-json\/wp\/v2\/comments?post=292189"}],"version-history":[{"count":1,"href":"https:\/\/tuzlainfo.ba\/index.php\/wp-json\/wp\/v2\/posts\/292189\/revisions"}],"predecessor-version":[{"id":292191,"href":"https:\/\/tuzlainfo.ba\/index.php\/wp-json\/wp\/v2\/posts\/292189\/revisions\/292191"}],"wp:featuredmedia":[{"embeddable":true,"href":"https:\/\/tuzlainfo.ba\/index.php\/wp-json\/wp\/v2\/media\/292190"}],"wp:attachment":[{"href":"https:\/\/tuzlainfo.ba\/index.php\/wp-json\/wp\/v2\/media?parent=292189"}],"wp:term":[{"taxonomy":"category","embeddable":true,"href":"https:\/\/tuzlainfo.ba\/index.php\/wp-json\/wp\/v2\/categories?post=292189"},{"taxonomy":"post_tag","embeddable":true,"href":"https:\/\/tuzlainfo.ba\/index.php\/wp-json\/wp\/v2\/tags?post=292189"}],"curies":[{"name":"wp","href":"https:\/\/api.w.org\/{rel}","templated":true}]}}