{"id":292061,"date":"2026-01-16T13:26:48","date_gmt":"2026-01-16T12:26:48","guid":{"rendered":"https:\/\/tuzlainfo.ba\/?p=292061"},"modified":"2026-01-16T11:54:57","modified_gmt":"2026-01-16T10:54:57","slug":"kosarac-komentarisao-nedolazak-bosnjackih-predstavnika-na-bozicni-prijem-kod-cvijanovic","status":"publish","type":"post","link":"https:\/\/tuzlainfo.ba\/index.php\/bosna-i-hercegovina\/item\/292061-kosarac-komentarisao-nedolazak-bosnjackih-predstavnika-na-bozicni-prijem-kod-cvijanovic\/","title":{"rendered":"Ko\u0161arac komentarisao nedolazak bo\u0161nja\u010dkih predstavnika na bo\u017ei\u0107ni prijem kod Cvijanovi\u0107"},"content":{"rendered":"<p>\u010clanica Predsjedni\u0161tva BiH \u017deljka Cvijanovi\u0107 priredila je sino\u0107 u Isto\u010dnom Sarajevu tradicionalni bo\u017ei\u0107ni prijem, kojem nisu prisustvovali visoki politi\u010dki predstavnici iz reda bo\u0161nja\u010dkog naroda, niti njene kolege iz Predsjedni\u0161tva BiH.<\/p>\n<p>Odsustvo bo\u0161nja\u010dkih zvani\u010dnika komentarisao je ministar vanjske trgovine i ekonomskih odnosa BiH Sta\u0161a Ko\u0161arac, navode\u0107i da se nedolaskom \u201cponovo propu\u0161ta prilika\u201d da se u vrijeme vjerskih praznika poka\u017ee po\u0161tovanje prema drugima.<\/p>\n<p>Za razliku od bo\u0161nja\u010dkih predstavnika, prijemu su prisustvovali predstavnici HDZ-a, diplomatskog i vojnog kora, te brojni gosti, me\u0111u kojima i ambasadori Sjedinjenih Ameri\u010dkih Dr\u017eava, Rusije, Velike Britanije i Kine, kao i \u0161ef NATO \u0161taba u Bosni i Hercegovini.<\/p>\n<p>Podsje\u0107a se da su prethodnih godina bo\u017ei\u0107nim prijemima kod Cvijanovi\u0107 prisustvovali i bo\u0161nja\u010dki zvani\u010dnici, uklju\u010duju\u0107i ministre i predstavnike izvr\u0161ne vlasti na dr\u017eavnom i entitetskom nivou, dok je ta praksa prekinuta od januara 2025. godine.<\/p>\n<p>Izuzetak ove godine je ministar vanjskih poslova BiH Elmedin Konakovi\u0107, koji se, kako je navedeno, zbog slu\u017ebenog boravka u Jordanu nije mogao odazvati pozivu.<\/p>\n","protected":false},"excerpt":{"rendered":"<p>\u010clanica Predsjedni\u0161tva BiH \u017deljka Cvijanovi\u0107 priredila je sino\u0107 u Isto\u010dnom Sarajevu tradicionalni bo\u017ei\u0107ni prijem, kojem&hellip;<\/p>\n","protected":false},"author":8,"featured_media":286997,"comment_status":"closed","ping_status":"closed","sticky":false,"template":"","format":"standard","meta":{"_acf_changed":false,"footnotes":""},"categories":[291],"tags":[3578,430,2454,2139],"acf":[],"yoast_head":"<!-- This site is optimized with the Yoast SEO plugin v23.5 - https:\/\/yoast.com\/wordpress\/plugins\/seo\/ -->\n<title>Ko\u0161arac komentarisao nedolazak bo\u0161nja\u010dkih predstavnika na bo\u017ei\u0107ni prijem kod Cvijanovi\u0107 - TuzlaInfo.ba<\/title>\n<meta name=\"robots\" content=\"index, follow, max-snippet:-1, max-image-preview:large, max-video-preview:-1\" \/>\n<link rel=\"canonical\" href=\"https:\/\/tuzlainfo.ba\/index.php\/bosna-i-hercegovina\/item\/292061-kosarac-komentarisao-nedolazak-bosnjackih-predstavnika-na-bozicni-prijem-kod-cvijanovic\/\" \/>\n<meta property=\"og:locale\" content=\"bs_BA\" \/>\n<meta property=\"og:type\" content=\"article\" \/>\n<meta property=\"og:title\" content=\"Ko\u0161arac komentarisao nedolazak bo\u0161nja\u010dkih predstavnika na bo\u017ei\u0107ni prijem kod Cvijanovi\u0107 - TuzlaInfo.ba\" \/>\n<meta property=\"og:description\" content=\"\u010clanica Predsjedni\u0161tva BiH \u017deljka Cvijanovi\u0107 priredila je sino\u0107 u Isto\u010dnom Sarajevu tradicionalni bo\u017ei\u0107ni prijem, kojem&hellip;\" \/>\n<meta property=\"og:url\" content=\"https:\/\/tuzlainfo.ba\/index.php\/bosna-i-hercegovina\/item\/292061-kosarac-komentarisao-nedolazak-bosnjackih-predstavnika-na-bozicni-prijem-kod-cvijanovic\/\" \/>\n<meta property=\"og:site_name\" content=\"TuzlaInfo.ba\" \/>\n<meta property=\"article:publisher\" content=\"https:\/\/www.facebook.com\/tuzlainfo.ba\/\" \/>\n<meta property=\"article:published_time\" content=\"2026-01-16T12:26:48+00:00\" \/>\n<meta property=\"article:modified_time\" content=\"2026-01-16T10:54:57+00:00\" \/>\n<meta property=\"og:image\" content=\"https:\/\/tuzlainfo.ba\/wp-content\/uploads\/2025\/11\/Stasa_Kosarac-scaled.jpg\" \/>\n\t<meta property=\"og:image:width\" content=\"2560\" \/>\n\t<meta property=\"og:image:height\" content=\"1707\" \/>\n\t<meta property=\"og:image:type\" content=\"image\/jpeg\" \/>\n<meta name=\"author\" content=\"Admin Tri\" \/>\n<meta name=\"twitter:card\" content=\"summary_large_image\" \/>\n<meta name=\"twitter:label1\" content=\"Written by\" \/>\n\t<meta name=\"twitter:data1\" content=\"Admin Tri\" \/>\n\t<meta name=\"twitter:label2\" content=\"Est. reading time\" \/>\n\t<meta name=\"twitter:data2\" content=\"2 minute\" \/>\n<script type=\"application\/ld+json\" class=\"yoast-schema-graph\">{\"@context\":\"https:\/\/schema.org\",\"@graph\":[{\"@type\":\"Article\",\"@id\":\"https:\/\/tuzlainfo.ba\/index.php\/bosna-i-hercegovina\/item\/292061-kosarac-komentarisao-nedolazak-bosnjackih-predstavnika-na-bozicni-prijem-kod-cvijanovic\/#article\",\"isPartOf\":{\"@id\":\"https:\/\/tuzlainfo.ba\/index.php\/bosna-i-hercegovina\/item\/292061-kosarac-komentarisao-nedolazak-bosnjackih-predstavnika-na-bozicni-prijem-kod-cvijanovic\/\"},\"author\":{\"name\":\"Admin Tri\",\"@id\":\"https:\/\/tuzlainfo.ba\/#\/schema\/person\/593e78a2f6378c5ba3e7600ecfa4e63a\"},\"headline\":\"Ko\u0161arac komentarisao nedolazak bo\u0161nja\u010dkih predstavnika na bo\u017ei\u0107ni prijem kod Cvijanovi\u0107\",\"datePublished\":\"2026-01-16T12:26:48+00:00\",\"dateModified\":\"2026-01-16T10:54:57+00:00\",\"mainEntityOfPage\":{\"@id\":\"https:\/\/tuzlainfo.ba\/index.php\/bosna-i-hercegovina\/item\/292061-kosarac-komentarisao-nedolazak-bosnjackih-predstavnika-na-bozicni-prijem-kod-cvijanovic\/\"},\"wordCount\":204,\"publisher\":{\"@id\":\"https:\/\/tuzlainfo.ba\/#organization\"},\"image\":{\"@id\":\"https:\/\/tuzlainfo.ba\/index.php\/bosna-i-hercegovina\/item\/292061-kosarac-komentarisao-nedolazak-bosnjackih-predstavnika-na-bozicni-prijem-kod-cvijanovic\/#primaryimage\"},\"thumbnailUrl\":\"https:\/\/tuzlainfo.ba\/wp-content\/uploads\/2025\/11\/Stasa_Kosarac-scaled.jpg\",\"keywords\":[\"bo\u017ei\u0107\",\"prijem\",\"sta\u0161a ko\u0161arac\",\"\u017eeljka cvijanovi\u0107\"],\"articleSection\":[\"Bosna i Hercegovina\"],\"inLanguage\":\"bs-BA\"},{\"@type\":\"WebPage\",\"@id\":\"https:\/\/tuzlainfo.ba\/index.php\/bosna-i-hercegovina\/item\/292061-kosarac-komentarisao-nedolazak-bosnjackih-predstavnika-na-bozicni-prijem-kod-cvijanovic\/\",\"url\":\"https:\/\/tuzlainfo.ba\/index.php\/bosna-i-hercegovina\/item\/292061-kosarac-komentarisao-nedolazak-bosnjackih-predstavnika-na-bozicni-prijem-kod-cvijanovic\/\",\"name\":\"Ko\u0161arac komentarisao nedolazak bo\u0161nja\u010dkih predstavnika na bo\u017ei\u0107ni prijem kod Cvijanovi\u0107 - TuzlaInfo.ba\",\"isPartOf\":{\"@id\":\"https:\/\/tuzlainfo.ba\/#website\"},\"primaryImageOfPage\":{\"@id\":\"https:\/\/tuzlainfo.ba\/index.php\/bosna-i-hercegovina\/item\/292061-kosarac-komentarisao-nedolazak-bosnjackih-predstavnika-na-bozicni-prijem-kod-cvijanovic\/#primaryimage\"},\"image\":{\"@id\":\"https:\/\/tuzlainfo.ba\/index.php\/bosna-i-hercegovina\/item\/292061-kosarac-komentarisao-nedolazak-bosnjackih-predstavnika-na-bozicni-prijem-kod-cvijanovic\/#primaryimage\"},\"thumbnailUrl\":\"https:\/\/tuzlainfo.ba\/wp-content\/uploads\/2025\/11\/Stasa_Kosarac-scaled.jpg\",\"datePublished\":\"2026-01-16T12:26:48+00:00\",\"dateModified\":\"2026-01-16T10:54:57+00:00\",\"breadcrumb\":{\"@id\":\"https:\/\/tuzlainfo.ba\/index.php\/bosna-i-hercegovina\/item\/292061-kosarac-komentarisao-nedolazak-bosnjackih-predstavnika-na-bozicni-prijem-kod-cvijanovic\/#breadcrumb\"},\"inLanguage\":\"bs-BA\",\"potentialAction\":[{\"@type\":\"ReadAction\",\"target\":[\"https:\/\/tuzlainfo.ba\/index.php\/bosna-i-hercegovina\/item\/292061-kosarac-komentarisao-nedolazak-bosnjackih-predstavnika-na-bozicni-prijem-kod-cvijanovic\/\"]}]},{\"@type\":\"ImageObject\",\"inLanguage\":\"bs-BA\",\"@id\":\"https:\/\/tuzlainfo.ba\/index.php\/bosna-i-hercegovina\/item\/292061-kosarac-komentarisao-nedolazak-bosnjackih-predstavnika-na-bozicni-prijem-kod-cvijanovic\/#primaryimage\",\"url\":\"https:\/\/tuzlainfo.ba\/wp-content\/uploads\/2025\/11\/Stasa_Kosarac-scaled.jpg\",\"contentUrl\":\"https:\/\/tuzlainfo.ba\/wp-content\/uploads\/2025\/11\/Stasa_Kosarac-scaled.jpg\",\"width\":2560,\"height\":1707,\"caption\":\"Sta\u0161a Ko\u0161arac\"},{\"@type\":\"BreadcrumbList\",\"@id\":\"https:\/\/tuzlainfo.ba\/index.php\/bosna-i-hercegovina\/item\/292061-kosarac-komentarisao-nedolazak-bosnjackih-predstavnika-na-bozicni-prijem-kod-cvijanovic\/#breadcrumb\",\"itemListElement\":[{\"@type\":\"ListItem\",\"position\":1,\"name\":\"Home\",\"item\":\"https:\/\/tuzlainfo.ba\/\"},{\"@type\":\"ListItem\",\"position\":2,\"name\":\"Ko\u0161arac komentarisao nedolazak bo\u0161nja\u010dkih predstavnika na bo\u017ei\u0107ni prijem kod Cvijanovi\u0107\"}]},{\"@type\":\"WebSite\",\"@id\":\"https:\/\/tuzlainfo.ba\/#website\",\"url\":\"https:\/\/tuzlainfo.ba\/\",\"name\":\"TuzlaInfo.ba\",\"description\":\"Tuzla info, gradski informator - Tuzla na dlanu\",\"publisher\":{\"@id\":\"https:\/\/tuzlainfo.ba\/#organization\"},\"potentialAction\":[{\"@type\":\"SearchAction\",\"target\":{\"@type\":\"EntryPoint\",\"urlTemplate\":\"https:\/\/tuzlainfo.ba\/?s={search_term_string}\"},\"query-input\":{\"@type\":\"PropertyValueSpecification\",\"valueRequired\":true,\"valueName\":\"search_term_string\"}}],\"inLanguage\":\"bs-BA\"},{\"@type\":\"Organization\",\"@id\":\"https:\/\/tuzlainfo.ba\/#organization\",\"name\":\"TuzlaInfo.ba\",\"url\":\"https:\/\/tuzlainfo.ba\/\",\"logo\":{\"@type\":\"ImageObject\",\"inLanguage\":\"bs-BA\",\"@id\":\"https:\/\/tuzlainfo.ba\/#\/schema\/logo\/image\/\",\"url\":\"https:\/\/tuzlainfo.ba\/wp-content\/uploads\/2021\/03\/logo-ver-3-1.png\",\"contentUrl\":\"https:\/\/tuzlainfo.ba\/wp-content\/uploads\/2021\/03\/logo-ver-3-1.png\",\"width\":350,\"height\":95,\"caption\":\"TuzlaInfo.ba\"},\"image\":{\"@id\":\"https:\/\/tuzlainfo.ba\/#\/schema\/logo\/image\/\"},\"sameAs\":[\"https:\/\/www.facebook.com\/tuzlainfo.ba\/\"]},{\"@type\":\"Person\",\"@id\":\"https:\/\/tuzlainfo.ba\/#\/schema\/person\/593e78a2f6378c5ba3e7600ecfa4e63a\",\"name\":\"Admin Tri\",\"image\":{\"@type\":\"ImageObject\",\"inLanguage\":\"bs-BA\",\"@id\":\"https:\/\/tuzlainfo.ba\/#\/schema\/person\/image\/\",\"url\":\"https:\/\/tuzlainfo.ba\/wp-content\/litespeed\/avatar\/b7920db4cc34a71ad12497283ad2fe3f.jpg?ver=1777100914\",\"contentUrl\":\"https:\/\/tuzlainfo.ba\/wp-content\/litespeed\/avatar\/b7920db4cc34a71ad12497283ad2fe3f.jpg?ver=1777100914\",\"caption\":\"Admin Tri\"},\"sameAs\":[\"https:\/\/tuzlainfo.ba\"]}]}<\/script>\n<!-- \/ Yoast SEO plugin. -->","yoast_head_json":{"title":"Ko\u0161arac komentarisao nedolazak bo\u0161nja\u010dkih predstavnika na bo\u017ei\u0107ni prijem kod Cvijanovi\u0107 - TuzlaInfo.ba","robots":{"index":"index","follow":"follow","max-snippet":"max-snippet:-1","max-image-preview":"max-image-preview:large","max-video-preview":"max-video-preview:-1"},"canonical":"https:\/\/tuzlainfo.ba\/index.php\/bosna-i-hercegovina\/item\/292061-kosarac-komentarisao-nedolazak-bosnjackih-predstavnika-na-bozicni-prijem-kod-cvijanovic\/","og_locale":"bs_BA","og_type":"article","og_title":"Ko\u0161arac komentarisao nedolazak bo\u0161nja\u010dkih predstavnika na bo\u017ei\u0107ni prijem kod Cvijanovi\u0107 - TuzlaInfo.ba","og_description":"\u010clanica Predsjedni\u0161tva BiH \u017deljka Cvijanovi\u0107 priredila je sino\u0107 u Isto\u010dnom Sarajevu tradicionalni bo\u017ei\u0107ni prijem, kojem&hellip;","og_url":"https:\/\/tuzlainfo.ba\/index.php\/bosna-i-hercegovina\/item\/292061-kosarac-komentarisao-nedolazak-bosnjackih-predstavnika-na-bozicni-prijem-kod-cvijanovic\/","og_site_name":"TuzlaInfo.ba","article_publisher":"https:\/\/www.facebook.com\/tuzlainfo.ba\/","article_published_time":"2026-01-16T12:26:48+00:00","article_modified_time":"2026-01-16T10:54:57+00:00","og_image":[{"width":2560,"height":1707,"url":"https:\/\/tuzlainfo.ba\/wp-content\/uploads\/2025\/11\/Stasa_Kosarac-scaled.jpg","type":"image\/jpeg"}],"author":"Admin Tri","twitter_card":"summary_large_image","twitter_misc":{"Written by":"Admin Tri","Est. reading time":"2 minute"},"schema":{"@context":"https:\/\/schema.org","@graph":[{"@type":"Article","@id":"https:\/\/tuzlainfo.ba\/index.php\/bosna-i-hercegovina\/item\/292061-kosarac-komentarisao-nedolazak-bosnjackih-predstavnika-na-bozicni-prijem-kod-cvijanovic\/#article","isPartOf":{"@id":"https:\/\/tuzlainfo.ba\/index.php\/bosna-i-hercegovina\/item\/292061-kosarac-komentarisao-nedolazak-bosnjackih-predstavnika-na-bozicni-prijem-kod-cvijanovic\/"},"author":{"name":"Admin Tri","@id":"https:\/\/tuzlainfo.ba\/#\/schema\/person\/593e78a2f6378c5ba3e7600ecfa4e63a"},"headline":"Ko\u0161arac komentarisao nedolazak bo\u0161nja\u010dkih predstavnika na bo\u017ei\u0107ni prijem kod Cvijanovi\u0107","datePublished":"2026-01-16T12:26:48+00:00","dateModified":"2026-01-16T10:54:57+00:00","mainEntityOfPage":{"@id":"https:\/\/tuzlainfo.ba\/index.php\/bosna-i-hercegovina\/item\/292061-kosarac-komentarisao-nedolazak-bosnjackih-predstavnika-na-bozicni-prijem-kod-cvijanovic\/"},"wordCount":204,"publisher":{"@id":"https:\/\/tuzlainfo.ba\/#organization"},"image":{"@id":"https:\/\/tuzlainfo.ba\/index.php\/bosna-i-hercegovina\/item\/292061-kosarac-komentarisao-nedolazak-bosnjackih-predstavnika-na-bozicni-prijem-kod-cvijanovic\/#primaryimage"},"thumbnailUrl":"https:\/\/tuzlainfo.ba\/wp-content\/uploads\/2025\/11\/Stasa_Kosarac-scaled.jpg","keywords":["bo\u017ei\u0107","prijem","sta\u0161a ko\u0161arac","\u017eeljka cvijanovi\u0107"],"articleSection":["Bosna i Hercegovina"],"inLanguage":"bs-BA"},{"@type":"WebPage","@id":"https:\/\/tuzlainfo.ba\/index.php\/bosna-i-hercegovina\/item\/292061-kosarac-komentarisao-nedolazak-bosnjackih-predstavnika-na-bozicni-prijem-kod-cvijanovic\/","url":"https:\/\/tuzlainfo.ba\/index.php\/bosna-i-hercegovina\/item\/292061-kosarac-komentarisao-nedolazak-bosnjackih-predstavnika-na-bozicni-prijem-kod-cvijanovic\/","name":"Ko\u0161arac komentarisao nedolazak bo\u0161nja\u010dkih predstavnika na bo\u017ei\u0107ni prijem kod Cvijanovi\u0107 - TuzlaInfo.ba","isPartOf":{"@id":"https:\/\/tuzlainfo.ba\/#website"},"primaryImageOfPage":{"@id":"https:\/\/tuzlainfo.ba\/index.php\/bosna-i-hercegovina\/item\/292061-kosarac-komentarisao-nedolazak-bosnjackih-predstavnika-na-bozicni-prijem-kod-cvijanovic\/#primaryimage"},"image":{"@id":"https:\/\/tuzlainfo.ba\/index.php\/bosna-i-hercegovina\/item\/292061-kosarac-komentarisao-nedolazak-bosnjackih-predstavnika-na-bozicni-prijem-kod-cvijanovic\/#primaryimage"},"thumbnailUrl":"https:\/\/tuzlainfo.ba\/wp-content\/uploads\/2025\/11\/Stasa_Kosarac-scaled.jpg","datePublished":"2026-01-16T12:26:48+00:00","dateModified":"2026-01-16T10:54:57+00:00","breadcrumb":{"@id":"https:\/\/tuzlainfo.ba\/index.php\/bosna-i-hercegovina\/item\/292061-kosarac-komentarisao-nedolazak-bosnjackih-predstavnika-na-bozicni-prijem-kod-cvijanovic\/#breadcrumb"},"inLanguage":"bs-BA","potentialAction":[{"@type":"ReadAction","target":["https:\/\/tuzlainfo.ba\/index.php\/bosna-i-hercegovina\/item\/292061-kosarac-komentarisao-nedolazak-bosnjackih-predstavnika-na-bozicni-prijem-kod-cvijanovic\/"]}]},{"@type":"ImageObject","inLanguage":"bs-BA","@id":"https:\/\/tuzlainfo.ba\/index.php\/bosna-i-hercegovina\/item\/292061-kosarac-komentarisao-nedolazak-bosnjackih-predstavnika-na-bozicni-prijem-kod-cvijanovic\/#primaryimage","url":"https:\/\/tuzlainfo.ba\/wp-content\/uploads\/2025\/11\/Stasa_Kosarac-scaled.jpg","contentUrl":"https:\/\/tuzlainfo.ba\/wp-content\/uploads\/2025\/11\/Stasa_Kosarac-scaled.jpg","width":2560,"height":1707,"caption":"Sta\u0161a Ko\u0161arac"},{"@type":"BreadcrumbList","@id":"https:\/\/tuzlainfo.ba\/index.php\/bosna-i-hercegovina\/item\/292061-kosarac-komentarisao-nedolazak-bosnjackih-predstavnika-na-bozicni-prijem-kod-cvijanovic\/#breadcrumb","itemListElement":[{"@type":"ListItem","position":1,"name":"Home","item":"https:\/\/tuzlainfo.ba\/"},{"@type":"ListItem","position":2,"name":"Ko\u0161arac komentarisao nedolazak bo\u0161nja\u010dkih predstavnika na bo\u017ei\u0107ni prijem kod Cvijanovi\u0107"}]},{"@type":"WebSite","@id":"https:\/\/tuzlainfo.ba\/#website","url":"https:\/\/tuzlainfo.ba\/","name":"TuzlaInfo.ba","description":"Tuzla info, gradski informator - Tuzla na dlanu","publisher":{"@id":"https:\/\/tuzlainfo.ba\/#organization"},"potentialAction":[{"@type":"SearchAction","target":{"@type":"EntryPoint","urlTemplate":"https:\/\/tuzlainfo.ba\/?s={search_term_string}"},"query-input":{"@type":"PropertyValueSpecification","valueRequired":true,"valueName":"search_term_string"}}],"inLanguage":"bs-BA"},{"@type":"Organization","@id":"https:\/\/tuzlainfo.ba\/#organization","name":"TuzlaInfo.ba","url":"https:\/\/tuzlainfo.ba\/","logo":{"@type":"ImageObject","inLanguage":"bs-BA","@id":"https:\/\/tuzlainfo.ba\/#\/schema\/logo\/image\/","url":"https:\/\/tuzlainfo.ba\/wp-content\/uploads\/2021\/03\/logo-ver-3-1.png","contentUrl":"https:\/\/tuzlainfo.ba\/wp-content\/uploads\/2021\/03\/logo-ver-3-1.png","width":350,"height":95,"caption":"TuzlaInfo.ba"},"image":{"@id":"https:\/\/tuzlainfo.ba\/#\/schema\/logo\/image\/"},"sameAs":["https:\/\/www.facebook.com\/tuzlainfo.ba\/"]},{"@type":"Person","@id":"https:\/\/tuzlainfo.ba\/#\/schema\/person\/593e78a2f6378c5ba3e7600ecfa4e63a","name":"Admin Tri","image":{"@type":"ImageObject","inLanguage":"bs-BA","@id":"https:\/\/tuzlainfo.ba\/#\/schema\/person\/image\/","url":"https:\/\/tuzlainfo.ba\/wp-content\/litespeed\/avatar\/b7920db4cc34a71ad12497283ad2fe3f.jpg?ver=1777100914","contentUrl":"https:\/\/tuzlainfo.ba\/wp-content\/litespeed\/avatar\/b7920db4cc34a71ad12497283ad2fe3f.jpg?ver=1777100914","caption":"Admin Tri"},"sameAs":["https:\/\/tuzlainfo.ba"]}]}},"_links":{"self":[{"href":"https:\/\/tuzlainfo.ba\/index.php\/wp-json\/wp\/v2\/posts\/292061"}],"collection":[{"href":"https:\/\/tuzlainfo.ba\/index.php\/wp-json\/wp\/v2\/posts"}],"about":[{"href":"https:\/\/tuzlainfo.ba\/index.php\/wp-json\/wp\/v2\/types\/post"}],"author":[{"embeddable":true,"href":"https:\/\/tuzlainfo.ba\/index.php\/wp-json\/wp\/v2\/users\/8"}],"replies":[{"embeddable":true,"href":"https:\/\/tuzlainfo.ba\/index.php\/wp-json\/wp\/v2\/comments?post=292061"}],"version-history":[{"count":1,"href":"https:\/\/tuzlainfo.ba\/index.php\/wp-json\/wp\/v2\/posts\/292061\/revisions"}],"predecessor-version":[{"id":292062,"href":"https:\/\/tuzlainfo.ba\/index.php\/wp-json\/wp\/v2\/posts\/292061\/revisions\/292062"}],"wp:featuredmedia":[{"embeddable":true,"href":"https:\/\/tuzlainfo.ba\/index.php\/wp-json\/wp\/v2\/media\/286997"}],"wp:attachment":[{"href":"https:\/\/tuzlainfo.ba\/index.php\/wp-json\/wp\/v2\/media?parent=292061"}],"wp:term":[{"taxonomy":"category","embeddable":true,"href":"https:\/\/tuzlainfo.ba\/index.php\/wp-json\/wp\/v2\/categories?post=292061"},{"taxonomy":"post_tag","embeddable":true,"href":"https:\/\/tuzlainfo.ba\/index.php\/wp-json\/wp\/v2\/tags?post=292061"}],"curies":[{"name":"wp","href":"https:\/\/api.w.org\/{rel}","templated":true}]}}