{"id":291888,"date":"2026-01-14T14:03:51","date_gmt":"2026-01-14T13:03:51","guid":{"rendered":"https:\/\/tuzlainfo.ba\/?p=291888"},"modified":"2026-01-14T13:43:25","modified_gmt":"2026-01-14T12:43:25","slug":"zuko-u-vrijeme-novalica-sredstva-su-se-planirala-i-realizirala-danas-pasivnost-ministarstva","status":"publish","type":"post","link":"https:\/\/tuzlainfo.ba\/index.php\/bosna-i-hercegovina\/item\/291888-zuko-u-vrijeme-novalica-sredstva-su-se-planirala-i-realizirala-danas-pasivnost-ministarstva\/","title":{"rendered":"Zuko: U vrijeme Novali\u0107a sredstva su se planirala i realizirala, danas \u201cpasivnost\u201d ministarstva"},"content":{"rendered":"<p>Zastupnica SDA u Predstavni\u010dkom domu Parlamenta Federacije BiH Kenela Zuko uputila je o\u0161tre kritike Federalnom ministarstvu zdravstva, upozoravaju\u0107i na, kako je navela, ozbiljne propuste u funkcionisanju zdravstvenog sistema, posebno u programu biomedicinski potpomognute oplodnje i u dostupnosti citostatika.<\/p>\n<p>Zuko je navela da je za Program biomedicinski potpomognute oplodnje planirano pet miliona KM, uz obrazlo\u017eenje da se \u201cni taj iznos ne mo\u017ee potro\u0161iti\u201d, iako se, prema njenim rije\u010dima, u praksi godi\u0161nje realizira tek oko dva miliona KM. \u201cAko su korisnici nezadovoljni, ako su liste \u010dekanja duge, a obuhvat ograni\u010den, onda problem nije u gra\u0111anima, nego u sistemu koji im postavlja prepreke\u201d, poru\u010dila je Zuko.<\/p>\n<p>Posebno je problematizirala, kako ka\u017ee, izostanak interesa resornog ministarstva da utvrdi razloge zbog kojih sredstva ostaju neiskori\u0161tena. \u201cPasivnost resornog ministarstva u situaciji kada milioni maraka ostaju neiskori\u0161teni, a gra\u0111ani uskra\u0107eni za pravo na lije\u010denje i roditeljstvo, predstavlja ozbiljno kr\u0161enje javne odgovornosti\u201d, istakla je.<\/p>\n<p>Podsjetila je i na period kada je premijer Federacije BiH bio Fadil Novali\u0107, navode\u0107i da je tada za ovaj program izdvajano deset miliona KM. \u201cTo jasno pokazuje da se sredstva mogu planirati i realizirati kada postoji politi\u010dka volja i funkcionalan institucionalni okvir. Dana\u0161nja vlast, o\u010dito, nema ni jedno ni drugo\u201d, rekla je Zuko.<\/p>\n<p>U svom obra\u0107anju osvrnula se i na aktuelnu krizu s citostaticima, ocijeniv\u0161i da ona dodatno razotkriva \u201cpotpuni slom sistema\u201d. \u201cOnkolo\u0161ki pacijenti danas ne zavise od medicine, ve\u0107 od improvizacije i sre\u0107e. Takvo stanje nije slu\u010dajno nego je direktna posljedica neodgovornih nabavki, izostanka kontrole i nepostojanja jasne hijerarhije odgovornosti\u201d, upozorila je.<\/p>\n<p>Zuko tvrdi da je zdravstvo u Federaciji BiH svedeno na puku bud\u017eetsku stavku, bez solidarnosti i strate\u0161kog planiranja. \u201cGra\u0111ani nisu du\u017eni pla\u0107ati cijenu nesposobnosti institucija, niti trpjeti posljedice politi\u010dke nebrige\u201d, naglasila je.<\/p>\n<p>Na kraju je zatra\u017eila hitno utvr\u0111ivanje institucionalne odgovornosti, od Federalnog ministarstva zdravstva do uprave Fonda solidarnosti. \u201cZahtijevam hitnu institucionalnu odgovornost od Federalnog ministarstva zdravstva do uprave Fonda solidarnosti. Svaki dan \u0161utnje i ne\u010dinjenja produ\u017eava patnju pacijenata i uru\u0161ava povjerenje u javni zdravstveni sistem\u201d, poru\u010dila je zastupnica SDA Kenela Zuko.<\/p>\n","protected":false},"excerpt":{"rendered":"<p>Zastupnica SDA u Predstavni\u010dkom domu Parlamenta Federacije BiH Kenela Zuko uputila je o\u0161tre kritike Federalnom&hellip;<\/p>\n","protected":false},"author":8,"featured_media":251149,"comment_status":"closed","ping_status":"closed","sticky":false,"template":"","format":"standard","meta":{"_acf_changed":false,"footnotes":""},"categories":[291],"tags":[13304,492],"acf":[],"yoast_head":"<!-- This site is optimized with the Yoast SEO plugin v23.5 - https:\/\/yoast.com\/wordpress\/plugins\/seo\/ -->\n<title>Zuko: U vrijeme Novali\u0107a sredstva su se planirala i realizirala, danas \u201cpasivnost\u201d ministarstva - TuzlaInfo.ba<\/title>\n<meta name=\"robots\" content=\"index, follow, max-snippet:-1, max-image-preview:large, max-video-preview:-1\" \/>\n<link rel=\"canonical\" href=\"https:\/\/tuzlainfo.ba\/index.php\/bosna-i-hercegovina\/item\/291888-zuko-u-vrijeme-novalica-sredstva-su-se-planirala-i-realizirala-danas-pasivnost-ministarstva\/\" \/>\n<meta property=\"og:locale\" content=\"bs_BA\" \/>\n<meta property=\"og:type\" content=\"article\" \/>\n<meta property=\"og:title\" content=\"Zuko: U vrijeme Novali\u0107a sredstva su se planirala i realizirala, danas \u201cpasivnost\u201d ministarstva - TuzlaInfo.ba\" \/>\n<meta property=\"og:description\" content=\"Zastupnica SDA u Predstavni\u010dkom domu Parlamenta Federacije BiH Kenela Zuko uputila je o\u0161tre kritike Federalnom&hellip;\" \/>\n<meta property=\"og:url\" content=\"https:\/\/tuzlainfo.ba\/index.php\/bosna-i-hercegovina\/item\/291888-zuko-u-vrijeme-novalica-sredstva-su-se-planirala-i-realizirala-danas-pasivnost-ministarstva\/\" \/>\n<meta property=\"og:site_name\" content=\"TuzlaInfo.ba\" \/>\n<meta property=\"article:publisher\" content=\"https:\/\/www.facebook.com\/tuzlainfo.ba\/\" \/>\n<meta property=\"article:published_time\" content=\"2026-01-14T13:03:51+00:00\" \/>\n<meta property=\"article:modified_time\" content=\"2026-01-14T12:43:25+00:00\" \/>\n<meta property=\"og:image\" content=\"https:\/\/tuzlainfo.ba\/wp-content\/uploads\/2024\/09\/3009_kenela-zuko.webp\" \/>\n\t<meta property=\"og:image:width\" content=\"871\" \/>\n\t<meta property=\"og:image:height\" content=\"540\" \/>\n\t<meta property=\"og:image:type\" content=\"image\/webp\" \/>\n<meta name=\"author\" content=\"Admin Tri\" \/>\n<meta name=\"twitter:card\" content=\"summary_large_image\" \/>\n<meta name=\"twitter:label1\" content=\"Written by\" \/>\n\t<meta name=\"twitter:data1\" content=\"Admin Tri\" \/>\n\t<meta name=\"twitter:label2\" content=\"Est. reading time\" \/>\n\t<meta name=\"twitter:data2\" content=\"3 minute\" \/>\n<script type=\"application\/ld+json\" class=\"yoast-schema-graph\">{\"@context\":\"https:\/\/schema.org\",\"@graph\":[{\"@type\":\"Article\",\"@id\":\"https:\/\/tuzlainfo.ba\/index.php\/bosna-i-hercegovina\/item\/291888-zuko-u-vrijeme-novalica-sredstva-su-se-planirala-i-realizirala-danas-pasivnost-ministarstva\/#article\",\"isPartOf\":{\"@id\":\"https:\/\/tuzlainfo.ba\/index.php\/bosna-i-hercegovina\/item\/291888-zuko-u-vrijeme-novalica-sredstva-su-se-planirala-i-realizirala-danas-pasivnost-ministarstva\/\"},\"author\":{\"name\":\"Admin Tri\",\"@id\":\"https:\/\/tuzlainfo.ba\/#\/schema\/person\/593e78a2f6378c5ba3e7600ecfa4e63a\"},\"headline\":\"Zuko: U vrijeme Novali\u0107a sredstva su se planirala i realizirala, danas \u201cpasivnost\u201d ministarstva\",\"datePublished\":\"2026-01-14T13:03:51+00:00\",\"dateModified\":\"2026-01-14T12:43:25+00:00\",\"mainEntityOfPage\":{\"@id\":\"https:\/\/tuzlainfo.ba\/index.php\/bosna-i-hercegovina\/item\/291888-zuko-u-vrijeme-novalica-sredstva-su-se-planirala-i-realizirala-danas-pasivnost-ministarstva\/\"},\"wordCount\":383,\"publisher\":{\"@id\":\"https:\/\/tuzlainfo.ba\/#organization\"},\"image\":{\"@id\":\"https:\/\/tuzlainfo.ba\/index.php\/bosna-i-hercegovina\/item\/291888-zuko-u-vrijeme-novalica-sredstva-su-se-planirala-i-realizirala-danas-pasivnost-ministarstva\/#primaryimage\"},\"thumbnailUrl\":\"https:\/\/tuzlainfo.ba\/wp-content\/uploads\/2024\/09\/3009_kenela-zuko.webp\",\"keywords\":[\"amela zuko\",\"fadil novali\u0107\"],\"articleSection\":[\"Bosna i Hercegovina\"],\"inLanguage\":\"bs-BA\"},{\"@type\":\"WebPage\",\"@id\":\"https:\/\/tuzlainfo.ba\/index.php\/bosna-i-hercegovina\/item\/291888-zuko-u-vrijeme-novalica-sredstva-su-se-planirala-i-realizirala-danas-pasivnost-ministarstva\/\",\"url\":\"https:\/\/tuzlainfo.ba\/index.php\/bosna-i-hercegovina\/item\/291888-zuko-u-vrijeme-novalica-sredstva-su-se-planirala-i-realizirala-danas-pasivnost-ministarstva\/\",\"name\":\"Zuko: U vrijeme Novali\u0107a sredstva su se planirala i realizirala, danas \u201cpasivnost\u201d ministarstva - TuzlaInfo.ba\",\"isPartOf\":{\"@id\":\"https:\/\/tuzlainfo.ba\/#website\"},\"primaryImageOfPage\":{\"@id\":\"https:\/\/tuzlainfo.ba\/index.php\/bosna-i-hercegovina\/item\/291888-zuko-u-vrijeme-novalica-sredstva-su-se-planirala-i-realizirala-danas-pasivnost-ministarstva\/#primaryimage\"},\"image\":{\"@id\":\"https:\/\/tuzlainfo.ba\/index.php\/bosna-i-hercegovina\/item\/291888-zuko-u-vrijeme-novalica-sredstva-su-se-planirala-i-realizirala-danas-pasivnost-ministarstva\/#primaryimage\"},\"thumbnailUrl\":\"https:\/\/tuzlainfo.ba\/wp-content\/uploads\/2024\/09\/3009_kenela-zuko.webp\",\"datePublished\":\"2026-01-14T13:03:51+00:00\",\"dateModified\":\"2026-01-14T12:43:25+00:00\",\"breadcrumb\":{\"@id\":\"https:\/\/tuzlainfo.ba\/index.php\/bosna-i-hercegovina\/item\/291888-zuko-u-vrijeme-novalica-sredstva-su-se-planirala-i-realizirala-danas-pasivnost-ministarstva\/#breadcrumb\"},\"inLanguage\":\"bs-BA\",\"potentialAction\":[{\"@type\":\"ReadAction\",\"target\":[\"https:\/\/tuzlainfo.ba\/index.php\/bosna-i-hercegovina\/item\/291888-zuko-u-vrijeme-novalica-sredstva-su-se-planirala-i-realizirala-danas-pasivnost-ministarstva\/\"]}]},{\"@type\":\"ImageObject\",\"inLanguage\":\"bs-BA\",\"@id\":\"https:\/\/tuzlainfo.ba\/index.php\/bosna-i-hercegovina\/item\/291888-zuko-u-vrijeme-novalica-sredstva-su-se-planirala-i-realizirala-danas-pasivnost-ministarstva\/#primaryimage\",\"url\":\"https:\/\/tuzlainfo.ba\/wp-content\/uploads\/2024\/09\/3009_kenela-zuko.webp\",\"contentUrl\":\"https:\/\/tuzlainfo.ba\/wp-content\/uploads\/2024\/09\/3009_kenela-zuko.webp\",\"width\":871,\"height\":540},{\"@type\":\"BreadcrumbList\",\"@id\":\"https:\/\/tuzlainfo.ba\/index.php\/bosna-i-hercegovina\/item\/291888-zuko-u-vrijeme-novalica-sredstva-su-se-planirala-i-realizirala-danas-pasivnost-ministarstva\/#breadcrumb\",\"itemListElement\":[{\"@type\":\"ListItem\",\"position\":1,\"name\":\"Home\",\"item\":\"https:\/\/tuzlainfo.ba\/\"},{\"@type\":\"ListItem\",\"position\":2,\"name\":\"Zuko: U vrijeme Novali\u0107a sredstva su se planirala i realizirala, danas \u201cpasivnost\u201d ministarstva\"}]},{\"@type\":\"WebSite\",\"@id\":\"https:\/\/tuzlainfo.ba\/#website\",\"url\":\"https:\/\/tuzlainfo.ba\/\",\"name\":\"TuzlaInfo.ba\",\"description\":\"Tuzla info, gradski informator - Tuzla na dlanu\",\"publisher\":{\"@id\":\"https:\/\/tuzlainfo.ba\/#organization\"},\"potentialAction\":[{\"@type\":\"SearchAction\",\"target\":{\"@type\":\"EntryPoint\",\"urlTemplate\":\"https:\/\/tuzlainfo.ba\/?s={search_term_string}\"},\"query-input\":{\"@type\":\"PropertyValueSpecification\",\"valueRequired\":true,\"valueName\":\"search_term_string\"}}],\"inLanguage\":\"bs-BA\"},{\"@type\":\"Organization\",\"@id\":\"https:\/\/tuzlainfo.ba\/#organization\",\"name\":\"TuzlaInfo.ba\",\"url\":\"https:\/\/tuzlainfo.ba\/\",\"logo\":{\"@type\":\"ImageObject\",\"inLanguage\":\"bs-BA\",\"@id\":\"https:\/\/tuzlainfo.ba\/#\/schema\/logo\/image\/\",\"url\":\"https:\/\/tuzlainfo.ba\/wp-content\/uploads\/2021\/03\/logo-ver-3-1.png\",\"contentUrl\":\"https:\/\/tuzlainfo.ba\/wp-content\/uploads\/2021\/03\/logo-ver-3-1.png\",\"width\":350,\"height\":95,\"caption\":\"TuzlaInfo.ba\"},\"image\":{\"@id\":\"https:\/\/tuzlainfo.ba\/#\/schema\/logo\/image\/\"},\"sameAs\":[\"https:\/\/www.facebook.com\/tuzlainfo.ba\/\"]},{\"@type\":\"Person\",\"@id\":\"https:\/\/tuzlainfo.ba\/#\/schema\/person\/593e78a2f6378c5ba3e7600ecfa4e63a\",\"name\":\"Admin Tri\",\"image\":{\"@type\":\"ImageObject\",\"inLanguage\":\"bs-BA\",\"@id\":\"https:\/\/tuzlainfo.ba\/#\/schema\/person\/image\/\",\"url\":\"https:\/\/tuzlainfo.ba\/wp-content\/litespeed\/avatar\/b7920db4cc34a71ad12497283ad2fe3f.jpg?ver=1777100914\",\"contentUrl\":\"https:\/\/tuzlainfo.ba\/wp-content\/litespeed\/avatar\/b7920db4cc34a71ad12497283ad2fe3f.jpg?ver=1777100914\",\"caption\":\"Admin Tri\"},\"sameAs\":[\"https:\/\/tuzlainfo.ba\"]}]}<\/script>\n<!-- \/ Yoast SEO plugin. -->","yoast_head_json":{"title":"Zuko: U vrijeme Novali\u0107a sredstva su se planirala i realizirala, danas \u201cpasivnost\u201d ministarstva - TuzlaInfo.ba","robots":{"index":"index","follow":"follow","max-snippet":"max-snippet:-1","max-image-preview":"max-image-preview:large","max-video-preview":"max-video-preview:-1"},"canonical":"https:\/\/tuzlainfo.ba\/index.php\/bosna-i-hercegovina\/item\/291888-zuko-u-vrijeme-novalica-sredstva-su-se-planirala-i-realizirala-danas-pasivnost-ministarstva\/","og_locale":"bs_BA","og_type":"article","og_title":"Zuko: U vrijeme Novali\u0107a sredstva su se planirala i realizirala, danas \u201cpasivnost\u201d ministarstva - TuzlaInfo.ba","og_description":"Zastupnica SDA u Predstavni\u010dkom domu Parlamenta Federacije BiH Kenela Zuko uputila je o\u0161tre kritike Federalnom&hellip;","og_url":"https:\/\/tuzlainfo.ba\/index.php\/bosna-i-hercegovina\/item\/291888-zuko-u-vrijeme-novalica-sredstva-su-se-planirala-i-realizirala-danas-pasivnost-ministarstva\/","og_site_name":"TuzlaInfo.ba","article_publisher":"https:\/\/www.facebook.com\/tuzlainfo.ba\/","article_published_time":"2026-01-14T13:03:51+00:00","article_modified_time":"2026-01-14T12:43:25+00:00","og_image":[{"width":871,"height":540,"url":"https:\/\/tuzlainfo.ba\/wp-content\/uploads\/2024\/09\/3009_kenela-zuko.webp","type":"image\/webp"}],"author":"Admin Tri","twitter_card":"summary_large_image","twitter_misc":{"Written by":"Admin Tri","Est. reading time":"3 minute"},"schema":{"@context":"https:\/\/schema.org","@graph":[{"@type":"Article","@id":"https:\/\/tuzlainfo.ba\/index.php\/bosna-i-hercegovina\/item\/291888-zuko-u-vrijeme-novalica-sredstva-su-se-planirala-i-realizirala-danas-pasivnost-ministarstva\/#article","isPartOf":{"@id":"https:\/\/tuzlainfo.ba\/index.php\/bosna-i-hercegovina\/item\/291888-zuko-u-vrijeme-novalica-sredstva-su-se-planirala-i-realizirala-danas-pasivnost-ministarstva\/"},"author":{"name":"Admin Tri","@id":"https:\/\/tuzlainfo.ba\/#\/schema\/person\/593e78a2f6378c5ba3e7600ecfa4e63a"},"headline":"Zuko: U vrijeme Novali\u0107a sredstva su se planirala i realizirala, danas \u201cpasivnost\u201d ministarstva","datePublished":"2026-01-14T13:03:51+00:00","dateModified":"2026-01-14T12:43:25+00:00","mainEntityOfPage":{"@id":"https:\/\/tuzlainfo.ba\/index.php\/bosna-i-hercegovina\/item\/291888-zuko-u-vrijeme-novalica-sredstva-su-se-planirala-i-realizirala-danas-pasivnost-ministarstva\/"},"wordCount":383,"publisher":{"@id":"https:\/\/tuzlainfo.ba\/#organization"},"image":{"@id":"https:\/\/tuzlainfo.ba\/index.php\/bosna-i-hercegovina\/item\/291888-zuko-u-vrijeme-novalica-sredstva-su-se-planirala-i-realizirala-danas-pasivnost-ministarstva\/#primaryimage"},"thumbnailUrl":"https:\/\/tuzlainfo.ba\/wp-content\/uploads\/2024\/09\/3009_kenela-zuko.webp","keywords":["amela zuko","fadil novali\u0107"],"articleSection":["Bosna i Hercegovina"],"inLanguage":"bs-BA"},{"@type":"WebPage","@id":"https:\/\/tuzlainfo.ba\/index.php\/bosna-i-hercegovina\/item\/291888-zuko-u-vrijeme-novalica-sredstva-su-se-planirala-i-realizirala-danas-pasivnost-ministarstva\/","url":"https:\/\/tuzlainfo.ba\/index.php\/bosna-i-hercegovina\/item\/291888-zuko-u-vrijeme-novalica-sredstva-su-se-planirala-i-realizirala-danas-pasivnost-ministarstva\/","name":"Zuko: U vrijeme Novali\u0107a sredstva su se planirala i realizirala, danas \u201cpasivnost\u201d ministarstva - TuzlaInfo.ba","isPartOf":{"@id":"https:\/\/tuzlainfo.ba\/#website"},"primaryImageOfPage":{"@id":"https:\/\/tuzlainfo.ba\/index.php\/bosna-i-hercegovina\/item\/291888-zuko-u-vrijeme-novalica-sredstva-su-se-planirala-i-realizirala-danas-pasivnost-ministarstva\/#primaryimage"},"image":{"@id":"https:\/\/tuzlainfo.ba\/index.php\/bosna-i-hercegovina\/item\/291888-zuko-u-vrijeme-novalica-sredstva-su-se-planirala-i-realizirala-danas-pasivnost-ministarstva\/#primaryimage"},"thumbnailUrl":"https:\/\/tuzlainfo.ba\/wp-content\/uploads\/2024\/09\/3009_kenela-zuko.webp","datePublished":"2026-01-14T13:03:51+00:00","dateModified":"2026-01-14T12:43:25+00:00","breadcrumb":{"@id":"https:\/\/tuzlainfo.ba\/index.php\/bosna-i-hercegovina\/item\/291888-zuko-u-vrijeme-novalica-sredstva-su-se-planirala-i-realizirala-danas-pasivnost-ministarstva\/#breadcrumb"},"inLanguage":"bs-BA","potentialAction":[{"@type":"ReadAction","target":["https:\/\/tuzlainfo.ba\/index.php\/bosna-i-hercegovina\/item\/291888-zuko-u-vrijeme-novalica-sredstva-su-se-planirala-i-realizirala-danas-pasivnost-ministarstva\/"]}]},{"@type":"ImageObject","inLanguage":"bs-BA","@id":"https:\/\/tuzlainfo.ba\/index.php\/bosna-i-hercegovina\/item\/291888-zuko-u-vrijeme-novalica-sredstva-su-se-planirala-i-realizirala-danas-pasivnost-ministarstva\/#primaryimage","url":"https:\/\/tuzlainfo.ba\/wp-content\/uploads\/2024\/09\/3009_kenela-zuko.webp","contentUrl":"https:\/\/tuzlainfo.ba\/wp-content\/uploads\/2024\/09\/3009_kenela-zuko.webp","width":871,"height":540},{"@type":"BreadcrumbList","@id":"https:\/\/tuzlainfo.ba\/index.php\/bosna-i-hercegovina\/item\/291888-zuko-u-vrijeme-novalica-sredstva-su-se-planirala-i-realizirala-danas-pasivnost-ministarstva\/#breadcrumb","itemListElement":[{"@type":"ListItem","position":1,"name":"Home","item":"https:\/\/tuzlainfo.ba\/"},{"@type":"ListItem","position":2,"name":"Zuko: U vrijeme Novali\u0107a sredstva su se planirala i realizirala, danas \u201cpasivnost\u201d ministarstva"}]},{"@type":"WebSite","@id":"https:\/\/tuzlainfo.ba\/#website","url":"https:\/\/tuzlainfo.ba\/","name":"TuzlaInfo.ba","description":"Tuzla info, gradski informator - Tuzla na dlanu","publisher":{"@id":"https:\/\/tuzlainfo.ba\/#organization"},"potentialAction":[{"@type":"SearchAction","target":{"@type":"EntryPoint","urlTemplate":"https:\/\/tuzlainfo.ba\/?s={search_term_string}"},"query-input":{"@type":"PropertyValueSpecification","valueRequired":true,"valueName":"search_term_string"}}],"inLanguage":"bs-BA"},{"@type":"Organization","@id":"https:\/\/tuzlainfo.ba\/#organization","name":"TuzlaInfo.ba","url":"https:\/\/tuzlainfo.ba\/","logo":{"@type":"ImageObject","inLanguage":"bs-BA","@id":"https:\/\/tuzlainfo.ba\/#\/schema\/logo\/image\/","url":"https:\/\/tuzlainfo.ba\/wp-content\/uploads\/2021\/03\/logo-ver-3-1.png","contentUrl":"https:\/\/tuzlainfo.ba\/wp-content\/uploads\/2021\/03\/logo-ver-3-1.png","width":350,"height":95,"caption":"TuzlaInfo.ba"},"image":{"@id":"https:\/\/tuzlainfo.ba\/#\/schema\/logo\/image\/"},"sameAs":["https:\/\/www.facebook.com\/tuzlainfo.ba\/"]},{"@type":"Person","@id":"https:\/\/tuzlainfo.ba\/#\/schema\/person\/593e78a2f6378c5ba3e7600ecfa4e63a","name":"Admin Tri","image":{"@type":"ImageObject","inLanguage":"bs-BA","@id":"https:\/\/tuzlainfo.ba\/#\/schema\/person\/image\/","url":"https:\/\/tuzlainfo.ba\/wp-content\/litespeed\/avatar\/b7920db4cc34a71ad12497283ad2fe3f.jpg?ver=1777100914","contentUrl":"https:\/\/tuzlainfo.ba\/wp-content\/litespeed\/avatar\/b7920db4cc34a71ad12497283ad2fe3f.jpg?ver=1777100914","caption":"Admin Tri"},"sameAs":["https:\/\/tuzlainfo.ba"]}]}},"_links":{"self":[{"href":"https:\/\/tuzlainfo.ba\/index.php\/wp-json\/wp\/v2\/posts\/291888"}],"collection":[{"href":"https:\/\/tuzlainfo.ba\/index.php\/wp-json\/wp\/v2\/posts"}],"about":[{"href":"https:\/\/tuzlainfo.ba\/index.php\/wp-json\/wp\/v2\/types\/post"}],"author":[{"embeddable":true,"href":"https:\/\/tuzlainfo.ba\/index.php\/wp-json\/wp\/v2\/users\/8"}],"replies":[{"embeddable":true,"href":"https:\/\/tuzlainfo.ba\/index.php\/wp-json\/wp\/v2\/comments?post=291888"}],"version-history":[{"count":1,"href":"https:\/\/tuzlainfo.ba\/index.php\/wp-json\/wp\/v2\/posts\/291888\/revisions"}],"predecessor-version":[{"id":291891,"href":"https:\/\/tuzlainfo.ba\/index.php\/wp-json\/wp\/v2\/posts\/291888\/revisions\/291891"}],"wp:featuredmedia":[{"embeddable":true,"href":"https:\/\/tuzlainfo.ba\/index.php\/wp-json\/wp\/v2\/media\/251149"}],"wp:attachment":[{"href":"https:\/\/tuzlainfo.ba\/index.php\/wp-json\/wp\/v2\/media?parent=291888"}],"wp:term":[{"taxonomy":"category","embeddable":true,"href":"https:\/\/tuzlainfo.ba\/index.php\/wp-json\/wp\/v2\/categories?post=291888"},{"taxonomy":"post_tag","embeddable":true,"href":"https:\/\/tuzlainfo.ba\/index.php\/wp-json\/wp\/v2\/tags?post=291888"}],"curies":[{"name":"wp","href":"https:\/\/api.w.org\/{rel}","templated":true}]}}