{"id":291882,"date":"2026-01-14T15:26:30","date_gmt":"2026-01-14T14:26:30","guid":{"rendered":"https:\/\/tuzlainfo.ba\/?p=291882"},"modified":"2026-01-14T13:29:40","modified_gmt":"2026-01-14T12:29:40","slug":"vukanovic-bojim-se-sta-ce-se-sve-desavati","status":"publish","type":"post","link":"https:\/\/tuzlainfo.ba\/index.php\/bosna-i-hercegovina\/item\/291882-vukanovic-bojim-se-sta-ce-se-sve-desavati\/","title":{"rendered":"Vukanovi\u0107: &#8220;Bojim se \u0161ta \u0107e se sve de\u0161avati&#8221;"},"content":{"rendered":"<p>Vlada Republike Srpske donijela je odluku o izdvajanju 147.740.700 KM iz bud\u017eeta na stavci \u201cJavne investicije\u201d, a vi\u0161e od 47 miliona maraka usmjerava se u \u010detiri lokalne zajednice u kojima se ponavljaju prijevremeni izbori za predsjednika RS, Lakta\u0161e, Doboj, Zvornik i Bratunac.<\/p>\n<p>Prema odluci, Grad Lakta\u0161i dobija 11.100.000 KM za \u201crealizaciju kapitalnih i infrastrukturnih projekata\u201d, Gradu Zvorniku namijenjeno je 13.000.000 KM kao podr\u0161ka finansiranju infrastrukturnih projekata, dok Op\u0161tina Bratunac dobija 6.000.000 KM. Za projekte na podru\u010dju Doboja predvi\u0111eno je 17.000.000 KM. Uz to, Vlada RS odobrila je i 15,2 miliona KM za rehabilitaciju magistralnog i regionalnog puta na podru\u010dju Srpca i Lakta\u0161a.<\/p>\n<p>Zastupnik Liste za pravdu i red u Narodnoj skup\u0161tini RS Neboj\u0161a Vukanovi\u0107 ocjenjuje da je raspodjela novca tempirana kako bi se uticalo na bira\u010de pred ponavljanje izbora. \u201cVi\u0161e nego o\u010digledno da Vlada RS poku\u0161ava zloupotrebom bud\u017eetskih sredstava uticati na izbornu volju gra\u0111ana. Bojim se \u0161ta \u0107e se sve de\u0161avati u narednih dvadesetak dana\u201d, rekao je Vukanovi\u0107 za Hayat.ba, tvrde\u0107i da se dio sredstava mo\u017ee iskoristiti za pridobijanje naklonosti i kupovinu glasova.<\/p>\n<p>Na odluku je reagovao i \u0161ef Kluba SDS-a u NSRS Ognjen Bodiroga, koji je poru\u010dio da se radi o poku\u0161aju kupovine glasova. U objavi na mre\u017ei X naveo je da je rije\u010d o \u201csli\u010dnom metodu kao i kada se mjesec dana pred izbore penzionerima daje po 100 KM \u2018pomo\u0107i\u2019\u201d, dodaju\u0107i da takvu politiku vidi kao poni\u017eavanje gra\u0111ana.<\/p>\n<p>Centralna izborna komisija BiH krajem 2025. poni\u0161tila je prijevremene izbore za predsjednika RS u 17 izbornih jedinica, na 136 bira\u010dkih mjesta, nakon \u0161to je utvr\u0111en niz zloupotreba tokom glasanja. Ponovljeni izbori zakazani su za 8. februar.<\/p>\n","protected":false},"excerpt":{"rendered":"<p>Vlada Republike Srpske donijela je odluku o izdvajanju 147.740.700 KM iz bud\u017eeta na stavci \u201cJavne&hellip;<\/p>\n","protected":false},"author":8,"featured_media":273614,"comment_status":"closed","ping_status":"closed","sticky":false,"template":"","format":"standard","meta":{"_acf_changed":false,"footnotes":""},"categories":[291],"tags":[475,1341],"acf":[],"yoast_head":"<!-- This site is optimized with the Yoast SEO plugin v23.5 - https:\/\/yoast.com\/wordpress\/plugins\/seo\/ -->\n<title>Vukanovi\u0107: &quot;Bojim se \u0161ta \u0107e se sve de\u0161avati&quot; - TuzlaInfo.ba<\/title>\n<meta name=\"robots\" content=\"index, follow, max-snippet:-1, max-image-preview:large, max-video-preview:-1\" \/>\n<link rel=\"canonical\" href=\"https:\/\/tuzlainfo.ba\/index.php\/bosna-i-hercegovina\/item\/291882-vukanovic-bojim-se-sta-ce-se-sve-desavati\/\" \/>\n<meta property=\"og:locale\" content=\"bs_BA\" \/>\n<meta property=\"og:type\" content=\"article\" \/>\n<meta property=\"og:title\" content=\"Vukanovi\u0107: &quot;Bojim se \u0161ta \u0107e se sve de\u0161avati&quot; - TuzlaInfo.ba\" \/>\n<meta property=\"og:description\" content=\"Vlada Republike Srpske donijela je odluku o izdvajanju 147.740.700 KM iz bud\u017eeta na stavci \u201cJavne&hellip;\" \/>\n<meta property=\"og:url\" content=\"https:\/\/tuzlainfo.ba\/index.php\/bosna-i-hercegovina\/item\/291882-vukanovic-bojim-se-sta-ce-se-sve-desavati\/\" \/>\n<meta property=\"og:site_name\" content=\"TuzlaInfo.ba\" \/>\n<meta property=\"article:publisher\" content=\"https:\/\/www.facebook.com\/tuzlainfo.ba\/\" \/>\n<meta property=\"article:published_time\" content=\"2026-01-14T14:26:30+00:00\" \/>\n<meta property=\"article:modified_time\" content=\"2026-01-14T12:29:40+00:00\" \/>\n<meta property=\"og:image\" content=\"https:\/\/tuzlainfo.ba\/wp-content\/uploads\/2025\/07\/0707_nebojsa-vukanovic.jpg\" \/>\n\t<meta property=\"og:image:width\" content=\"1536\" \/>\n\t<meta property=\"og:image:height\" content=\"1024\" \/>\n\t<meta property=\"og:image:type\" content=\"image\/jpeg\" \/>\n<meta name=\"author\" content=\"Admin Tri\" \/>\n<meta name=\"twitter:card\" content=\"summary_large_image\" \/>\n<meta name=\"twitter:label1\" content=\"Written by\" \/>\n\t<meta name=\"twitter:data1\" content=\"Admin Tri\" \/>\n\t<meta name=\"twitter:label2\" content=\"Est. reading time\" \/>\n\t<meta name=\"twitter:data2\" content=\"2 minute\" \/>\n<script type=\"application\/ld+json\" class=\"yoast-schema-graph\">{\"@context\":\"https:\/\/schema.org\",\"@graph\":[{\"@type\":\"Article\",\"@id\":\"https:\/\/tuzlainfo.ba\/index.php\/bosna-i-hercegovina\/item\/291882-vukanovic-bojim-se-sta-ce-se-sve-desavati\/#article\",\"isPartOf\":{\"@id\":\"https:\/\/tuzlainfo.ba\/index.php\/bosna-i-hercegovina\/item\/291882-vukanovic-bojim-se-sta-ce-se-sve-desavati\/\"},\"author\":{\"name\":\"Admin Tri\",\"@id\":\"https:\/\/tuzlainfo.ba\/#\/schema\/person\/593e78a2f6378c5ba3e7600ecfa4e63a\"},\"headline\":\"Vukanovi\u0107: &#8220;Bojim se \u0161ta \u0107e se sve de\u0161avati&#8221;\",\"datePublished\":\"2026-01-14T14:26:30+00:00\",\"dateModified\":\"2026-01-14T12:29:40+00:00\",\"mainEntityOfPage\":{\"@id\":\"https:\/\/tuzlainfo.ba\/index.php\/bosna-i-hercegovina\/item\/291882-vukanovic-bojim-se-sta-ce-se-sve-desavati\/\"},\"wordCount\":296,\"publisher\":{\"@id\":\"https:\/\/tuzlainfo.ba\/#organization\"},\"image\":{\"@id\":\"https:\/\/tuzlainfo.ba\/index.php\/bosna-i-hercegovina\/item\/291882-vukanovic-bojim-se-sta-ce-se-sve-desavati\/#primaryimage\"},\"thumbnailUrl\":\"https:\/\/tuzlainfo.ba\/wp-content\/uploads\/2025\/07\/0707_nebojsa-vukanovic.jpg\",\"keywords\":[\"izbori\",\"neboj\u0161a Vukanovi\u0107\"],\"articleSection\":[\"Bosna i Hercegovina\"],\"inLanguage\":\"bs-BA\"},{\"@type\":\"WebPage\",\"@id\":\"https:\/\/tuzlainfo.ba\/index.php\/bosna-i-hercegovina\/item\/291882-vukanovic-bojim-se-sta-ce-se-sve-desavati\/\",\"url\":\"https:\/\/tuzlainfo.ba\/index.php\/bosna-i-hercegovina\/item\/291882-vukanovic-bojim-se-sta-ce-se-sve-desavati\/\",\"name\":\"Vukanovi\u0107: \\\"Bojim se \u0161ta \u0107e se sve de\u0161avati\\\" - TuzlaInfo.ba\",\"isPartOf\":{\"@id\":\"https:\/\/tuzlainfo.ba\/#website\"},\"primaryImageOfPage\":{\"@id\":\"https:\/\/tuzlainfo.ba\/index.php\/bosna-i-hercegovina\/item\/291882-vukanovic-bojim-se-sta-ce-se-sve-desavati\/#primaryimage\"},\"image\":{\"@id\":\"https:\/\/tuzlainfo.ba\/index.php\/bosna-i-hercegovina\/item\/291882-vukanovic-bojim-se-sta-ce-se-sve-desavati\/#primaryimage\"},\"thumbnailUrl\":\"https:\/\/tuzlainfo.ba\/wp-content\/uploads\/2025\/07\/0707_nebojsa-vukanovic.jpg\",\"datePublished\":\"2026-01-14T14:26:30+00:00\",\"dateModified\":\"2026-01-14T12:29:40+00:00\",\"breadcrumb\":{\"@id\":\"https:\/\/tuzlainfo.ba\/index.php\/bosna-i-hercegovina\/item\/291882-vukanovic-bojim-se-sta-ce-se-sve-desavati\/#breadcrumb\"},\"inLanguage\":\"bs-BA\",\"potentialAction\":[{\"@type\":\"ReadAction\",\"target\":[\"https:\/\/tuzlainfo.ba\/index.php\/bosna-i-hercegovina\/item\/291882-vukanovic-bojim-se-sta-ce-se-sve-desavati\/\"]}]},{\"@type\":\"ImageObject\",\"inLanguage\":\"bs-BA\",\"@id\":\"https:\/\/tuzlainfo.ba\/index.php\/bosna-i-hercegovina\/item\/291882-vukanovic-bojim-se-sta-ce-se-sve-desavati\/#primaryimage\",\"url\":\"https:\/\/tuzlainfo.ba\/wp-content\/uploads\/2025\/07\/0707_nebojsa-vukanovic.jpg\",\"contentUrl\":\"https:\/\/tuzlainfo.ba\/wp-content\/uploads\/2025\/07\/0707_nebojsa-vukanovic.jpg\",\"width\":1536,\"height\":1024},{\"@type\":\"BreadcrumbList\",\"@id\":\"https:\/\/tuzlainfo.ba\/index.php\/bosna-i-hercegovina\/item\/291882-vukanovic-bojim-se-sta-ce-se-sve-desavati\/#breadcrumb\",\"itemListElement\":[{\"@type\":\"ListItem\",\"position\":1,\"name\":\"Home\",\"item\":\"https:\/\/tuzlainfo.ba\/\"},{\"@type\":\"ListItem\",\"position\":2,\"name\":\"Vukanovi\u0107: &#8220;Bojim se \u0161ta \u0107e se sve de\u0161avati&#8221;\"}]},{\"@type\":\"WebSite\",\"@id\":\"https:\/\/tuzlainfo.ba\/#website\",\"url\":\"https:\/\/tuzlainfo.ba\/\",\"name\":\"TuzlaInfo.ba\",\"description\":\"Tuzla info, gradski informator - Tuzla na dlanu\",\"publisher\":{\"@id\":\"https:\/\/tuzlainfo.ba\/#organization\"},\"potentialAction\":[{\"@type\":\"SearchAction\",\"target\":{\"@type\":\"EntryPoint\",\"urlTemplate\":\"https:\/\/tuzlainfo.ba\/?s={search_term_string}\"},\"query-input\":{\"@type\":\"PropertyValueSpecification\",\"valueRequired\":true,\"valueName\":\"search_term_string\"}}],\"inLanguage\":\"bs-BA\"},{\"@type\":\"Organization\",\"@id\":\"https:\/\/tuzlainfo.ba\/#organization\",\"name\":\"TuzlaInfo.ba\",\"url\":\"https:\/\/tuzlainfo.ba\/\",\"logo\":{\"@type\":\"ImageObject\",\"inLanguage\":\"bs-BA\",\"@id\":\"https:\/\/tuzlainfo.ba\/#\/schema\/logo\/image\/\",\"url\":\"https:\/\/tuzlainfo.ba\/wp-content\/uploads\/2021\/03\/logo-ver-3-1.png\",\"contentUrl\":\"https:\/\/tuzlainfo.ba\/wp-content\/uploads\/2021\/03\/logo-ver-3-1.png\",\"width\":350,\"height\":95,\"caption\":\"TuzlaInfo.ba\"},\"image\":{\"@id\":\"https:\/\/tuzlainfo.ba\/#\/schema\/logo\/image\/\"},\"sameAs\":[\"https:\/\/www.facebook.com\/tuzlainfo.ba\/\"]},{\"@type\":\"Person\",\"@id\":\"https:\/\/tuzlainfo.ba\/#\/schema\/person\/593e78a2f6378c5ba3e7600ecfa4e63a\",\"name\":\"Admin Tri\",\"image\":{\"@type\":\"ImageObject\",\"inLanguage\":\"bs-BA\",\"@id\":\"https:\/\/tuzlainfo.ba\/#\/schema\/person\/image\/\",\"url\":\"https:\/\/tuzlainfo.ba\/wp-content\/litespeed\/avatar\/b7920db4cc34a71ad12497283ad2fe3f.jpg?ver=1777100914\",\"contentUrl\":\"https:\/\/tuzlainfo.ba\/wp-content\/litespeed\/avatar\/b7920db4cc34a71ad12497283ad2fe3f.jpg?ver=1777100914\",\"caption\":\"Admin Tri\"},\"sameAs\":[\"https:\/\/tuzlainfo.ba\"]}]}<\/script>\n<!-- \/ Yoast SEO plugin. -->","yoast_head_json":{"title":"Vukanovi\u0107: \"Bojim se \u0161ta \u0107e se sve de\u0161avati\" - TuzlaInfo.ba","robots":{"index":"index","follow":"follow","max-snippet":"max-snippet:-1","max-image-preview":"max-image-preview:large","max-video-preview":"max-video-preview:-1"},"canonical":"https:\/\/tuzlainfo.ba\/index.php\/bosna-i-hercegovina\/item\/291882-vukanovic-bojim-se-sta-ce-se-sve-desavati\/","og_locale":"bs_BA","og_type":"article","og_title":"Vukanovi\u0107: \"Bojim se \u0161ta \u0107e se sve de\u0161avati\" - TuzlaInfo.ba","og_description":"Vlada Republike Srpske donijela je odluku o izdvajanju 147.740.700 KM iz bud\u017eeta na stavci \u201cJavne&hellip;","og_url":"https:\/\/tuzlainfo.ba\/index.php\/bosna-i-hercegovina\/item\/291882-vukanovic-bojim-se-sta-ce-se-sve-desavati\/","og_site_name":"TuzlaInfo.ba","article_publisher":"https:\/\/www.facebook.com\/tuzlainfo.ba\/","article_published_time":"2026-01-14T14:26:30+00:00","article_modified_time":"2026-01-14T12:29:40+00:00","og_image":[{"width":1536,"height":1024,"url":"https:\/\/tuzlainfo.ba\/wp-content\/uploads\/2025\/07\/0707_nebojsa-vukanovic.jpg","type":"image\/jpeg"}],"author":"Admin Tri","twitter_card":"summary_large_image","twitter_misc":{"Written by":"Admin Tri","Est. reading time":"2 minute"},"schema":{"@context":"https:\/\/schema.org","@graph":[{"@type":"Article","@id":"https:\/\/tuzlainfo.ba\/index.php\/bosna-i-hercegovina\/item\/291882-vukanovic-bojim-se-sta-ce-se-sve-desavati\/#article","isPartOf":{"@id":"https:\/\/tuzlainfo.ba\/index.php\/bosna-i-hercegovina\/item\/291882-vukanovic-bojim-se-sta-ce-se-sve-desavati\/"},"author":{"name":"Admin Tri","@id":"https:\/\/tuzlainfo.ba\/#\/schema\/person\/593e78a2f6378c5ba3e7600ecfa4e63a"},"headline":"Vukanovi\u0107: &#8220;Bojim se \u0161ta \u0107e se sve de\u0161avati&#8221;","datePublished":"2026-01-14T14:26:30+00:00","dateModified":"2026-01-14T12:29:40+00:00","mainEntityOfPage":{"@id":"https:\/\/tuzlainfo.ba\/index.php\/bosna-i-hercegovina\/item\/291882-vukanovic-bojim-se-sta-ce-se-sve-desavati\/"},"wordCount":296,"publisher":{"@id":"https:\/\/tuzlainfo.ba\/#organization"},"image":{"@id":"https:\/\/tuzlainfo.ba\/index.php\/bosna-i-hercegovina\/item\/291882-vukanovic-bojim-se-sta-ce-se-sve-desavati\/#primaryimage"},"thumbnailUrl":"https:\/\/tuzlainfo.ba\/wp-content\/uploads\/2025\/07\/0707_nebojsa-vukanovic.jpg","keywords":["izbori","neboj\u0161a Vukanovi\u0107"],"articleSection":["Bosna i Hercegovina"],"inLanguage":"bs-BA"},{"@type":"WebPage","@id":"https:\/\/tuzlainfo.ba\/index.php\/bosna-i-hercegovina\/item\/291882-vukanovic-bojim-se-sta-ce-se-sve-desavati\/","url":"https:\/\/tuzlainfo.ba\/index.php\/bosna-i-hercegovina\/item\/291882-vukanovic-bojim-se-sta-ce-se-sve-desavati\/","name":"Vukanovi\u0107: \"Bojim se \u0161ta \u0107e se sve de\u0161avati\" - TuzlaInfo.ba","isPartOf":{"@id":"https:\/\/tuzlainfo.ba\/#website"},"primaryImageOfPage":{"@id":"https:\/\/tuzlainfo.ba\/index.php\/bosna-i-hercegovina\/item\/291882-vukanovic-bojim-se-sta-ce-se-sve-desavati\/#primaryimage"},"image":{"@id":"https:\/\/tuzlainfo.ba\/index.php\/bosna-i-hercegovina\/item\/291882-vukanovic-bojim-se-sta-ce-se-sve-desavati\/#primaryimage"},"thumbnailUrl":"https:\/\/tuzlainfo.ba\/wp-content\/uploads\/2025\/07\/0707_nebojsa-vukanovic.jpg","datePublished":"2026-01-14T14:26:30+00:00","dateModified":"2026-01-14T12:29:40+00:00","breadcrumb":{"@id":"https:\/\/tuzlainfo.ba\/index.php\/bosna-i-hercegovina\/item\/291882-vukanovic-bojim-se-sta-ce-se-sve-desavati\/#breadcrumb"},"inLanguage":"bs-BA","potentialAction":[{"@type":"ReadAction","target":["https:\/\/tuzlainfo.ba\/index.php\/bosna-i-hercegovina\/item\/291882-vukanovic-bojim-se-sta-ce-se-sve-desavati\/"]}]},{"@type":"ImageObject","inLanguage":"bs-BA","@id":"https:\/\/tuzlainfo.ba\/index.php\/bosna-i-hercegovina\/item\/291882-vukanovic-bojim-se-sta-ce-se-sve-desavati\/#primaryimage","url":"https:\/\/tuzlainfo.ba\/wp-content\/uploads\/2025\/07\/0707_nebojsa-vukanovic.jpg","contentUrl":"https:\/\/tuzlainfo.ba\/wp-content\/uploads\/2025\/07\/0707_nebojsa-vukanovic.jpg","width":1536,"height":1024},{"@type":"BreadcrumbList","@id":"https:\/\/tuzlainfo.ba\/index.php\/bosna-i-hercegovina\/item\/291882-vukanovic-bojim-se-sta-ce-se-sve-desavati\/#breadcrumb","itemListElement":[{"@type":"ListItem","position":1,"name":"Home","item":"https:\/\/tuzlainfo.ba\/"},{"@type":"ListItem","position":2,"name":"Vukanovi\u0107: &#8220;Bojim se \u0161ta \u0107e se sve de\u0161avati&#8221;"}]},{"@type":"WebSite","@id":"https:\/\/tuzlainfo.ba\/#website","url":"https:\/\/tuzlainfo.ba\/","name":"TuzlaInfo.ba","description":"Tuzla info, gradski informator - Tuzla na dlanu","publisher":{"@id":"https:\/\/tuzlainfo.ba\/#organization"},"potentialAction":[{"@type":"SearchAction","target":{"@type":"EntryPoint","urlTemplate":"https:\/\/tuzlainfo.ba\/?s={search_term_string}"},"query-input":{"@type":"PropertyValueSpecification","valueRequired":true,"valueName":"search_term_string"}}],"inLanguage":"bs-BA"},{"@type":"Organization","@id":"https:\/\/tuzlainfo.ba\/#organization","name":"TuzlaInfo.ba","url":"https:\/\/tuzlainfo.ba\/","logo":{"@type":"ImageObject","inLanguage":"bs-BA","@id":"https:\/\/tuzlainfo.ba\/#\/schema\/logo\/image\/","url":"https:\/\/tuzlainfo.ba\/wp-content\/uploads\/2021\/03\/logo-ver-3-1.png","contentUrl":"https:\/\/tuzlainfo.ba\/wp-content\/uploads\/2021\/03\/logo-ver-3-1.png","width":350,"height":95,"caption":"TuzlaInfo.ba"},"image":{"@id":"https:\/\/tuzlainfo.ba\/#\/schema\/logo\/image\/"},"sameAs":["https:\/\/www.facebook.com\/tuzlainfo.ba\/"]},{"@type":"Person","@id":"https:\/\/tuzlainfo.ba\/#\/schema\/person\/593e78a2f6378c5ba3e7600ecfa4e63a","name":"Admin Tri","image":{"@type":"ImageObject","inLanguage":"bs-BA","@id":"https:\/\/tuzlainfo.ba\/#\/schema\/person\/image\/","url":"https:\/\/tuzlainfo.ba\/wp-content\/litespeed\/avatar\/b7920db4cc34a71ad12497283ad2fe3f.jpg?ver=1777100914","contentUrl":"https:\/\/tuzlainfo.ba\/wp-content\/litespeed\/avatar\/b7920db4cc34a71ad12497283ad2fe3f.jpg?ver=1777100914","caption":"Admin Tri"},"sameAs":["https:\/\/tuzlainfo.ba"]}]}},"_links":{"self":[{"href":"https:\/\/tuzlainfo.ba\/index.php\/wp-json\/wp\/v2\/posts\/291882"}],"collection":[{"href":"https:\/\/tuzlainfo.ba\/index.php\/wp-json\/wp\/v2\/posts"}],"about":[{"href":"https:\/\/tuzlainfo.ba\/index.php\/wp-json\/wp\/v2\/types\/post"}],"author":[{"embeddable":true,"href":"https:\/\/tuzlainfo.ba\/index.php\/wp-json\/wp\/v2\/users\/8"}],"replies":[{"embeddable":true,"href":"https:\/\/tuzlainfo.ba\/index.php\/wp-json\/wp\/v2\/comments?post=291882"}],"version-history":[{"count":1,"href":"https:\/\/tuzlainfo.ba\/index.php\/wp-json\/wp\/v2\/posts\/291882\/revisions"}],"predecessor-version":[{"id":291884,"href":"https:\/\/tuzlainfo.ba\/index.php\/wp-json\/wp\/v2\/posts\/291882\/revisions\/291884"}],"wp:featuredmedia":[{"embeddable":true,"href":"https:\/\/tuzlainfo.ba\/index.php\/wp-json\/wp\/v2\/media\/273614"}],"wp:attachment":[{"href":"https:\/\/tuzlainfo.ba\/index.php\/wp-json\/wp\/v2\/media?parent=291882"}],"wp:term":[{"taxonomy":"category","embeddable":true,"href":"https:\/\/tuzlainfo.ba\/index.php\/wp-json\/wp\/v2\/categories?post=291882"},{"taxonomy":"post_tag","embeddable":true,"href":"https:\/\/tuzlainfo.ba\/index.php\/wp-json\/wp\/v2\/tags?post=291882"}],"curies":[{"name":"wp","href":"https:\/\/api.w.org\/{rel}","templated":true}]}}