{"id":291836,"date":"2026-01-14T11:05:20","date_gmt":"2026-01-14T10:05:20","guid":{"rendered":"https:\/\/tuzlainfo.ba\/?p=291836"},"modified":"2026-01-14T10:27:33","modified_gmt":"2026-01-14T09:27:33","slug":"upuceni-zahtjevi-prema-fbih-tuzlanski-kanton-trazi-bolje-ceste-i-pruge","status":"publish","type":"post","link":"https:\/\/tuzlainfo.ba\/index.php\/istaknuto\/item\/291836-upuceni-zahtjevi-prema-fbih-tuzlanski-kanton-trazi-bolje-ceste-i-pruge\/","title":{"rendered":"Upu\u0107eni zahtjevi prema FBiH: Tuzlanski kanton tra\u017ei bolje ceste i pruge"},"content":{"rendered":"<p data-start=\"0\" data-end=\"543\">Premijer Tuzlanskog kantona Irfan Halilagi\u0107 sastao se danas sa predstavnicima Tuzlanskog akademskog kluba Selimom Be\u0161lagi\u0107em i Safetom Husanovi\u0107em, s ciljem razmjene stavova i ja\u010danja zajedni\u010dkog djelovanja na unapre\u0111enju saobra\u0107ajne povezanosti Tuzlanskog kantona. U fokusu razgovora bili su zahtjevi Tuzlanskog akademskog kluba upu\u0107eni prema institucijama Federacije BiH, koji se odnose na uvr\u0161tavanje prioritetnih i strate\u0161kih projekata cestovne i \u017eeljezni\u010dke infrastrukture TK u Bud\u017eet FBiH i planove rada javnih preduze\u0107a za 2026. godinu.<\/p>\n<p data-start=\"545\" data-end=\"889\">Predstavnici Tuzlanskog akademskog kluba podsjetili su da je Tuzlanski kanton, uprkos svom industrijskom, energetskom i demografskom zna\u010daju, godinama infrastrukturno zapostavljen. Naglasili su da su brojne inicijative ve\u0107 ranije upu\u0107ivane vi\u0161im nivoima vlasti, ali bez konkretnih rezultata, te da 2026. godina mora biti godina stvarnih pomaka.<\/p>\n<p data-start=\"891\" data-end=\"1229\">Posebno je istaknuta potreba modernizacije magistralnih cesta, izgradnje autocesta i brzih cesta, te elektrifikacije i modernizacije \u017eeljezni\u010dke mre\u017ee. Kada je rije\u010d o \u017eeljeznici, uz uspostavu redovnog putni\u010dkog saobra\u0107aja u TK, razgovarano je i o mogu\u0107nosti uvr\u0161tavanja \u017eeljezni\u010dke trase Tuzla \u2013 Vare\u0161 u projekat autoceste Tuzla \u2013 \u017dep\u010de.<\/p>\n<p data-start=\"1231\" data-end=\"1468\">Tokom sastanka predlo\u017eeno je i da Vlada TK, u okviru bud\u017eetskih mogu\u0107nosti, razmotri formiranje fonda za obezbje\u0111ivanje po\u010detnih sredstava za izradu projektne dokumentacije, \u010dime bi se ubrzala realizacija projekata od strate\u0161kog zna\u010daja.<\/p>\n<p data-start=\"1470\" data-end=\"1642\">Premijer Halilagi\u0107 ocijenio je ove inicijative kao konstruktivne i odgovorne, isti\u010du\u0107i da Vlada TK kontinuirano podr\u017eava projekte koji doprinose dugoro\u010dnom razvoju Kantona.<\/p>\n<p data-start=\"1644\" data-end=\"2085\">\u201eSaobra\u0107ajna povezanost nije samo infrastrukturno, nego i razvojno pitanje. Vlada TK razumije zna\u010daj ovih inicijativa i ostaje sna\u017ean partner akademskoj i stru\u010dnoj zajednici. Iako je Bud\u017eet za 2026. ve\u0107 usvojen, ideju osnivanja fonda smatramo vrijednom pa\u017enje i razmotrit \u0107emo je u okviru institucija Vlade. Ako do\u0111e do izmjena i dopuna Bud\u017eeta, u skladu s mogu\u0107nostima, poku\u0161at \u0107emo alocirati sredstva za ove namjene\u201c, izjavio je Halilagi\u0107.<\/p>\n<p data-start=\"2087\" data-end=\"2254\">Dodao je da su inicijative vezane za \u017eeljezni\u010dku trasu prema Vare\u0161u pravovremene kako bi se taj segment mogao uvrstiti u novi Prostorni plan Kantona, koji je u izradi.<\/p>\n<p data-start=\"2256\" data-end=\"2516\" data-is-last-node=\"\" data-is-only-node=\"\">Dana\u0161nji susret predstavlja nastavak saradnje Vlade Tuzlanskog kantona i Tuzlanskog akademskog kluba, s ciljem stvaranja sna\u017enijeg, bolje povezanog i konkurentnijeg Tuzlanskog kantona, ravnopravno uklju\u010denog u razvojne tokove Federacije BiH i dr\u017eave u cjelini.<\/p>\n","protected":false},"excerpt":{"rendered":"<p>Premijer Tuzlanskog kantona Irfan Halilagi\u0107 sastao se danas sa predstavnicima Tuzlanskog akademskog kluba Selimom Be\u0161lagi\u0107em&hellip;<\/p>\n","protected":false},"author":4,"featured_media":291848,"comment_status":"closed","ping_status":"closed","sticky":false,"template":"","format":"standard","meta":{"_acf_changed":false,"footnotes":""},"categories":[304,12],"tags":[10265,336],"acf":[],"yoast_head":"<!-- This site is optimized with the Yoast SEO plugin v23.5 - https:\/\/yoast.com\/wordpress\/plugins\/seo\/ -->\n<title>Upu\u0107eni zahtjevi prema FBiH: Tuzlanski kanton tra\u017ei bolje ceste i pruge - TuzlaInfo.ba<\/title>\n<meta name=\"robots\" content=\"index, follow, max-snippet:-1, max-image-preview:large, max-video-preview:-1\" \/>\n<link rel=\"canonical\" href=\"https:\/\/tuzlainfo.ba\/index.php\/istaknuto\/item\/291836-upuceni-zahtjevi-prema-fbih-tuzlanski-kanton-trazi-bolje-ceste-i-pruge\/\" \/>\n<meta property=\"og:locale\" content=\"bs_BA\" \/>\n<meta property=\"og:type\" content=\"article\" \/>\n<meta property=\"og:title\" content=\"Upu\u0107eni zahtjevi prema FBiH: Tuzlanski kanton tra\u017ei bolje ceste i pruge - TuzlaInfo.ba\" \/>\n<meta property=\"og:description\" content=\"Premijer Tuzlanskog kantona Irfan Halilagi\u0107 sastao se danas sa predstavnicima Tuzlanskog akademskog kluba Selimom Be\u0161lagi\u0107em&hellip;\" \/>\n<meta property=\"og:url\" content=\"https:\/\/tuzlainfo.ba\/index.php\/istaknuto\/item\/291836-upuceni-zahtjevi-prema-fbih-tuzlanski-kanton-trazi-bolje-ceste-i-pruge\/\" \/>\n<meta property=\"og:site_name\" content=\"TuzlaInfo.ba\" \/>\n<meta property=\"article:publisher\" content=\"https:\/\/www.facebook.com\/tuzlainfo.ba\/\" \/>\n<meta property=\"article:published_time\" content=\"2026-01-14T10:05:20+00:00\" \/>\n<meta property=\"article:modified_time\" content=\"2026-01-14T09:27:33+00:00\" \/>\n<meta property=\"og:image\" content=\"https:\/\/tuzlainfo.ba\/wp-content\/uploads\/2026\/01\/Sastanak-01-14-01-2026.webp\" \/>\n\t<meta property=\"og:image:width\" content=\"1800\" \/>\n\t<meta property=\"og:image:height\" content=\"1013\" \/>\n\t<meta property=\"og:image:type\" content=\"image\/webp\" \/>\n<meta name=\"author\" content=\"Tuzla Info\" \/>\n<meta name=\"twitter:card\" content=\"summary_large_image\" \/>\n<meta name=\"twitter:label1\" content=\"Written by\" \/>\n\t<meta name=\"twitter:data1\" content=\"Tuzla Info\" \/>\n\t<meta name=\"twitter:label2\" content=\"Est. reading time\" \/>\n\t<meta name=\"twitter:data2\" content=\"3 minute\" \/>\n<script type=\"application\/ld+json\" class=\"yoast-schema-graph\">{\"@context\":\"https:\/\/schema.org\",\"@graph\":[{\"@type\":\"Article\",\"@id\":\"https:\/\/tuzlainfo.ba\/index.php\/istaknuto\/item\/291836-upuceni-zahtjevi-prema-fbih-tuzlanski-kanton-trazi-bolje-ceste-i-pruge\/#article\",\"isPartOf\":{\"@id\":\"https:\/\/tuzlainfo.ba\/index.php\/istaknuto\/item\/291836-upuceni-zahtjevi-prema-fbih-tuzlanski-kanton-trazi-bolje-ceste-i-pruge\/\"},\"author\":{\"name\":\"Tuzla Info\",\"@id\":\"https:\/\/tuzlainfo.ba\/#\/schema\/person\/46cad4c57790cbc50781edd14870825a\"},\"headline\":\"Upu\u0107eni zahtjevi prema FBiH: Tuzlanski kanton tra\u017ei bolje ceste i pruge\",\"datePublished\":\"2026-01-14T10:05:20+00:00\",\"dateModified\":\"2026-01-14T09:27:33+00:00\",\"mainEntityOfPage\":{\"@id\":\"https:\/\/tuzlainfo.ba\/index.php\/istaknuto\/item\/291836-upuceni-zahtjevi-prema-fbih-tuzlanski-kanton-trazi-bolje-ceste-i-pruge\/\"},\"wordCount\":402,\"publisher\":{\"@id\":\"https:\/\/tuzlainfo.ba\/#organization\"},\"image\":{\"@id\":\"https:\/\/tuzlainfo.ba\/index.php\/istaknuto\/item\/291836-upuceni-zahtjevi-prema-fbih-tuzlanski-kanton-trazi-bolje-ceste-i-pruge\/#primaryimage\"},\"thumbnailUrl\":\"https:\/\/tuzlainfo.ba\/wp-content\/uploads\/2026\/01\/Sastanak-01-14-01-2026.webp\",\"keywords\":[\"Tuzlanski akademski klub\",\"vlada tk\"],\"articleSection\":[\"Istaknuto\",\"Novosti\"],\"inLanguage\":\"bs-BA\"},{\"@type\":\"WebPage\",\"@id\":\"https:\/\/tuzlainfo.ba\/index.php\/istaknuto\/item\/291836-upuceni-zahtjevi-prema-fbih-tuzlanski-kanton-trazi-bolje-ceste-i-pruge\/\",\"url\":\"https:\/\/tuzlainfo.ba\/index.php\/istaknuto\/item\/291836-upuceni-zahtjevi-prema-fbih-tuzlanski-kanton-trazi-bolje-ceste-i-pruge\/\",\"name\":\"Upu\u0107eni zahtjevi prema FBiH: Tuzlanski kanton tra\u017ei bolje ceste i pruge - TuzlaInfo.ba\",\"isPartOf\":{\"@id\":\"https:\/\/tuzlainfo.ba\/#website\"},\"primaryImageOfPage\":{\"@id\":\"https:\/\/tuzlainfo.ba\/index.php\/istaknuto\/item\/291836-upuceni-zahtjevi-prema-fbih-tuzlanski-kanton-trazi-bolje-ceste-i-pruge\/#primaryimage\"},\"image\":{\"@id\":\"https:\/\/tuzlainfo.ba\/index.php\/istaknuto\/item\/291836-upuceni-zahtjevi-prema-fbih-tuzlanski-kanton-trazi-bolje-ceste-i-pruge\/#primaryimage\"},\"thumbnailUrl\":\"https:\/\/tuzlainfo.ba\/wp-content\/uploads\/2026\/01\/Sastanak-01-14-01-2026.webp\",\"datePublished\":\"2026-01-14T10:05:20+00:00\",\"dateModified\":\"2026-01-14T09:27:33+00:00\",\"breadcrumb\":{\"@id\":\"https:\/\/tuzlainfo.ba\/index.php\/istaknuto\/item\/291836-upuceni-zahtjevi-prema-fbih-tuzlanski-kanton-trazi-bolje-ceste-i-pruge\/#breadcrumb\"},\"inLanguage\":\"bs-BA\",\"potentialAction\":[{\"@type\":\"ReadAction\",\"target\":[\"https:\/\/tuzlainfo.ba\/index.php\/istaknuto\/item\/291836-upuceni-zahtjevi-prema-fbih-tuzlanski-kanton-trazi-bolje-ceste-i-pruge\/\"]}]},{\"@type\":\"ImageObject\",\"inLanguage\":\"bs-BA\",\"@id\":\"https:\/\/tuzlainfo.ba\/index.php\/istaknuto\/item\/291836-upuceni-zahtjevi-prema-fbih-tuzlanski-kanton-trazi-bolje-ceste-i-pruge\/#primaryimage\",\"url\":\"https:\/\/tuzlainfo.ba\/wp-content\/uploads\/2026\/01\/Sastanak-01-14-01-2026.webp\",\"contentUrl\":\"https:\/\/tuzlainfo.ba\/wp-content\/uploads\/2026\/01\/Sastanak-01-14-01-2026.webp\",\"width\":1800,\"height\":1013},{\"@type\":\"BreadcrumbList\",\"@id\":\"https:\/\/tuzlainfo.ba\/index.php\/istaknuto\/item\/291836-upuceni-zahtjevi-prema-fbih-tuzlanski-kanton-trazi-bolje-ceste-i-pruge\/#breadcrumb\",\"itemListElement\":[{\"@type\":\"ListItem\",\"position\":1,\"name\":\"Home\",\"item\":\"https:\/\/tuzlainfo.ba\/\"},{\"@type\":\"ListItem\",\"position\":2,\"name\":\"Upu\u0107eni zahtjevi prema FBiH: Tuzlanski kanton tra\u017ei bolje ceste i pruge\"}]},{\"@type\":\"WebSite\",\"@id\":\"https:\/\/tuzlainfo.ba\/#website\",\"url\":\"https:\/\/tuzlainfo.ba\/\",\"name\":\"TuzlaInfo.ba\",\"description\":\"Tuzla info, gradski informator - Tuzla na dlanu\",\"publisher\":{\"@id\":\"https:\/\/tuzlainfo.ba\/#organization\"},\"potentialAction\":[{\"@type\":\"SearchAction\",\"target\":{\"@type\":\"EntryPoint\",\"urlTemplate\":\"https:\/\/tuzlainfo.ba\/?s={search_term_string}\"},\"query-input\":{\"@type\":\"PropertyValueSpecification\",\"valueRequired\":true,\"valueName\":\"search_term_string\"}}],\"inLanguage\":\"bs-BA\"},{\"@type\":\"Organization\",\"@id\":\"https:\/\/tuzlainfo.ba\/#organization\",\"name\":\"TuzlaInfo.ba\",\"url\":\"https:\/\/tuzlainfo.ba\/\",\"logo\":{\"@type\":\"ImageObject\",\"inLanguage\":\"bs-BA\",\"@id\":\"https:\/\/tuzlainfo.ba\/#\/schema\/logo\/image\/\",\"url\":\"https:\/\/tuzlainfo.ba\/wp-content\/uploads\/2021\/03\/logo-ver-3-1.png\",\"contentUrl\":\"https:\/\/tuzlainfo.ba\/wp-content\/uploads\/2021\/03\/logo-ver-3-1.png\",\"width\":350,\"height\":95,\"caption\":\"TuzlaInfo.ba\"},\"image\":{\"@id\":\"https:\/\/tuzlainfo.ba\/#\/schema\/logo\/image\/\"},\"sameAs\":[\"https:\/\/www.facebook.com\/tuzlainfo.ba\/\"]},{\"@type\":\"Person\",\"@id\":\"https:\/\/tuzlainfo.ba\/#\/schema\/person\/46cad4c57790cbc50781edd14870825a\",\"name\":\"Tuzla Info\",\"image\":{\"@type\":\"ImageObject\",\"inLanguage\":\"bs-BA\",\"@id\":\"https:\/\/tuzlainfo.ba\/#\/schema\/person\/image\/\",\"url\":\"https:\/\/tuzlainfo.ba\/wp-content\/litespeed\/avatar\/b6c453a6c38e3654f2e4416c643fc25c.jpg?ver=1777051911\",\"contentUrl\":\"https:\/\/tuzlainfo.ba\/wp-content\/litespeed\/avatar\/b6c453a6c38e3654f2e4416c643fc25c.jpg?ver=1777051911\",\"caption\":\"Tuzla Info\"}}]}<\/script>\n<!-- \/ Yoast SEO plugin. -->","yoast_head_json":{"title":"Upu\u0107eni zahtjevi prema FBiH: Tuzlanski kanton tra\u017ei bolje ceste i pruge - TuzlaInfo.ba","robots":{"index":"index","follow":"follow","max-snippet":"max-snippet:-1","max-image-preview":"max-image-preview:large","max-video-preview":"max-video-preview:-1"},"canonical":"https:\/\/tuzlainfo.ba\/index.php\/istaknuto\/item\/291836-upuceni-zahtjevi-prema-fbih-tuzlanski-kanton-trazi-bolje-ceste-i-pruge\/","og_locale":"bs_BA","og_type":"article","og_title":"Upu\u0107eni zahtjevi prema FBiH: Tuzlanski kanton tra\u017ei bolje ceste i pruge - TuzlaInfo.ba","og_description":"Premijer Tuzlanskog kantona Irfan Halilagi\u0107 sastao se danas sa predstavnicima Tuzlanskog akademskog kluba Selimom Be\u0161lagi\u0107em&hellip;","og_url":"https:\/\/tuzlainfo.ba\/index.php\/istaknuto\/item\/291836-upuceni-zahtjevi-prema-fbih-tuzlanski-kanton-trazi-bolje-ceste-i-pruge\/","og_site_name":"TuzlaInfo.ba","article_publisher":"https:\/\/www.facebook.com\/tuzlainfo.ba\/","article_published_time":"2026-01-14T10:05:20+00:00","article_modified_time":"2026-01-14T09:27:33+00:00","og_image":[{"width":1800,"height":1013,"url":"https:\/\/tuzlainfo.ba\/wp-content\/uploads\/2026\/01\/Sastanak-01-14-01-2026.webp","type":"image\/webp"}],"author":"Tuzla Info","twitter_card":"summary_large_image","twitter_misc":{"Written by":"Tuzla Info","Est. reading time":"3 minute"},"schema":{"@context":"https:\/\/schema.org","@graph":[{"@type":"Article","@id":"https:\/\/tuzlainfo.ba\/index.php\/istaknuto\/item\/291836-upuceni-zahtjevi-prema-fbih-tuzlanski-kanton-trazi-bolje-ceste-i-pruge\/#article","isPartOf":{"@id":"https:\/\/tuzlainfo.ba\/index.php\/istaknuto\/item\/291836-upuceni-zahtjevi-prema-fbih-tuzlanski-kanton-trazi-bolje-ceste-i-pruge\/"},"author":{"name":"Tuzla Info","@id":"https:\/\/tuzlainfo.ba\/#\/schema\/person\/46cad4c57790cbc50781edd14870825a"},"headline":"Upu\u0107eni zahtjevi prema FBiH: Tuzlanski kanton tra\u017ei bolje ceste i pruge","datePublished":"2026-01-14T10:05:20+00:00","dateModified":"2026-01-14T09:27:33+00:00","mainEntityOfPage":{"@id":"https:\/\/tuzlainfo.ba\/index.php\/istaknuto\/item\/291836-upuceni-zahtjevi-prema-fbih-tuzlanski-kanton-trazi-bolje-ceste-i-pruge\/"},"wordCount":402,"publisher":{"@id":"https:\/\/tuzlainfo.ba\/#organization"},"image":{"@id":"https:\/\/tuzlainfo.ba\/index.php\/istaknuto\/item\/291836-upuceni-zahtjevi-prema-fbih-tuzlanski-kanton-trazi-bolje-ceste-i-pruge\/#primaryimage"},"thumbnailUrl":"https:\/\/tuzlainfo.ba\/wp-content\/uploads\/2026\/01\/Sastanak-01-14-01-2026.webp","keywords":["Tuzlanski akademski klub","vlada tk"],"articleSection":["Istaknuto","Novosti"],"inLanguage":"bs-BA"},{"@type":"WebPage","@id":"https:\/\/tuzlainfo.ba\/index.php\/istaknuto\/item\/291836-upuceni-zahtjevi-prema-fbih-tuzlanski-kanton-trazi-bolje-ceste-i-pruge\/","url":"https:\/\/tuzlainfo.ba\/index.php\/istaknuto\/item\/291836-upuceni-zahtjevi-prema-fbih-tuzlanski-kanton-trazi-bolje-ceste-i-pruge\/","name":"Upu\u0107eni zahtjevi prema FBiH: Tuzlanski kanton tra\u017ei bolje ceste i pruge - TuzlaInfo.ba","isPartOf":{"@id":"https:\/\/tuzlainfo.ba\/#website"},"primaryImageOfPage":{"@id":"https:\/\/tuzlainfo.ba\/index.php\/istaknuto\/item\/291836-upuceni-zahtjevi-prema-fbih-tuzlanski-kanton-trazi-bolje-ceste-i-pruge\/#primaryimage"},"image":{"@id":"https:\/\/tuzlainfo.ba\/index.php\/istaknuto\/item\/291836-upuceni-zahtjevi-prema-fbih-tuzlanski-kanton-trazi-bolje-ceste-i-pruge\/#primaryimage"},"thumbnailUrl":"https:\/\/tuzlainfo.ba\/wp-content\/uploads\/2026\/01\/Sastanak-01-14-01-2026.webp","datePublished":"2026-01-14T10:05:20+00:00","dateModified":"2026-01-14T09:27:33+00:00","breadcrumb":{"@id":"https:\/\/tuzlainfo.ba\/index.php\/istaknuto\/item\/291836-upuceni-zahtjevi-prema-fbih-tuzlanski-kanton-trazi-bolje-ceste-i-pruge\/#breadcrumb"},"inLanguage":"bs-BA","potentialAction":[{"@type":"ReadAction","target":["https:\/\/tuzlainfo.ba\/index.php\/istaknuto\/item\/291836-upuceni-zahtjevi-prema-fbih-tuzlanski-kanton-trazi-bolje-ceste-i-pruge\/"]}]},{"@type":"ImageObject","inLanguage":"bs-BA","@id":"https:\/\/tuzlainfo.ba\/index.php\/istaknuto\/item\/291836-upuceni-zahtjevi-prema-fbih-tuzlanski-kanton-trazi-bolje-ceste-i-pruge\/#primaryimage","url":"https:\/\/tuzlainfo.ba\/wp-content\/uploads\/2026\/01\/Sastanak-01-14-01-2026.webp","contentUrl":"https:\/\/tuzlainfo.ba\/wp-content\/uploads\/2026\/01\/Sastanak-01-14-01-2026.webp","width":1800,"height":1013},{"@type":"BreadcrumbList","@id":"https:\/\/tuzlainfo.ba\/index.php\/istaknuto\/item\/291836-upuceni-zahtjevi-prema-fbih-tuzlanski-kanton-trazi-bolje-ceste-i-pruge\/#breadcrumb","itemListElement":[{"@type":"ListItem","position":1,"name":"Home","item":"https:\/\/tuzlainfo.ba\/"},{"@type":"ListItem","position":2,"name":"Upu\u0107eni zahtjevi prema FBiH: Tuzlanski kanton tra\u017ei bolje ceste i pruge"}]},{"@type":"WebSite","@id":"https:\/\/tuzlainfo.ba\/#website","url":"https:\/\/tuzlainfo.ba\/","name":"TuzlaInfo.ba","description":"Tuzla info, gradski informator - Tuzla na dlanu","publisher":{"@id":"https:\/\/tuzlainfo.ba\/#organization"},"potentialAction":[{"@type":"SearchAction","target":{"@type":"EntryPoint","urlTemplate":"https:\/\/tuzlainfo.ba\/?s={search_term_string}"},"query-input":{"@type":"PropertyValueSpecification","valueRequired":true,"valueName":"search_term_string"}}],"inLanguage":"bs-BA"},{"@type":"Organization","@id":"https:\/\/tuzlainfo.ba\/#organization","name":"TuzlaInfo.ba","url":"https:\/\/tuzlainfo.ba\/","logo":{"@type":"ImageObject","inLanguage":"bs-BA","@id":"https:\/\/tuzlainfo.ba\/#\/schema\/logo\/image\/","url":"https:\/\/tuzlainfo.ba\/wp-content\/uploads\/2021\/03\/logo-ver-3-1.png","contentUrl":"https:\/\/tuzlainfo.ba\/wp-content\/uploads\/2021\/03\/logo-ver-3-1.png","width":350,"height":95,"caption":"TuzlaInfo.ba"},"image":{"@id":"https:\/\/tuzlainfo.ba\/#\/schema\/logo\/image\/"},"sameAs":["https:\/\/www.facebook.com\/tuzlainfo.ba\/"]},{"@type":"Person","@id":"https:\/\/tuzlainfo.ba\/#\/schema\/person\/46cad4c57790cbc50781edd14870825a","name":"Tuzla Info","image":{"@type":"ImageObject","inLanguage":"bs-BA","@id":"https:\/\/tuzlainfo.ba\/#\/schema\/person\/image\/","url":"https:\/\/tuzlainfo.ba\/wp-content\/litespeed\/avatar\/b6c453a6c38e3654f2e4416c643fc25c.jpg?ver=1777051911","contentUrl":"https:\/\/tuzlainfo.ba\/wp-content\/litespeed\/avatar\/b6c453a6c38e3654f2e4416c643fc25c.jpg?ver=1777051911","caption":"Tuzla Info"}}]}},"_links":{"self":[{"href":"https:\/\/tuzlainfo.ba\/index.php\/wp-json\/wp\/v2\/posts\/291836"}],"collection":[{"href":"https:\/\/tuzlainfo.ba\/index.php\/wp-json\/wp\/v2\/posts"}],"about":[{"href":"https:\/\/tuzlainfo.ba\/index.php\/wp-json\/wp\/v2\/types\/post"}],"author":[{"embeddable":true,"href":"https:\/\/tuzlainfo.ba\/index.php\/wp-json\/wp\/v2\/users\/4"}],"replies":[{"embeddable":true,"href":"https:\/\/tuzlainfo.ba\/index.php\/wp-json\/wp\/v2\/comments?post=291836"}],"version-history":[{"count":1,"href":"https:\/\/tuzlainfo.ba\/index.php\/wp-json\/wp\/v2\/posts\/291836\/revisions"}],"predecessor-version":[{"id":291849,"href":"https:\/\/tuzlainfo.ba\/index.php\/wp-json\/wp\/v2\/posts\/291836\/revisions\/291849"}],"wp:featuredmedia":[{"embeddable":true,"href":"https:\/\/tuzlainfo.ba\/index.php\/wp-json\/wp\/v2\/media\/291848"}],"wp:attachment":[{"href":"https:\/\/tuzlainfo.ba\/index.php\/wp-json\/wp\/v2\/media?parent=291836"}],"wp:term":[{"taxonomy":"category","embeddable":true,"href":"https:\/\/tuzlainfo.ba\/index.php\/wp-json\/wp\/v2\/categories?post=291836"},{"taxonomy":"post_tag","embeddable":true,"href":"https:\/\/tuzlainfo.ba\/index.php\/wp-json\/wp\/v2\/tags?post=291836"}],"curies":[{"name":"wp","href":"https:\/\/api.w.org\/{rel}","templated":true}]}}