{"id":291806,"date":"2026-01-13T22:02:19","date_gmt":"2026-01-13T21:02:19","guid":{"rendered":"https:\/\/tuzlainfo.ba\/?p=291806"},"modified":"2026-01-13T16:02:45","modified_gmt":"2026-01-13T15:02:45","slug":"na-tuzlanskom-klizalistu-ovog-vikenda-najavljen-klizibal","status":"publish","type":"post","link":"https:\/\/tuzlainfo.ba\/index.php\/najava-dogadaja-2\/item\/291806-na-tuzlanskom-klizalistu-ovog-vikenda-najavljen-klizibal\/","title":{"rendered":"Na tuzlanskom klizali\u0161tu ovog vikenda najavljen &#8220;Klizibal&#8221;"},"content":{"rendered":"<p data-start=\"132\" data-end=\"405\">Gradsko klizali\u0161te Panonika priprema naj\u0161areniji i najzabavniji doga\u0111aj ove zimske sezone \u2013 Klizibal, najve\u0107i maskenbal na ledu u Tuzli. Na doga\u0111aj mogu iza\u0107i isklju\u010divo maskirani kliza\u010di, pa organizatori pozivaju sve da puste ma\u0161ti na volju i obuku najkreativnije maske.<\/p>\n<p data-start=\"407\" data-end=\"682\">Posjetitelje o\u010dekuje bogat program: besplatna podjela sladoleda od strane Meda Leda, dru\u017eenje s maskotama Patrolne \u0161ape Chaseom i Skye, nastupi Kiki Klauna i Princeze te facepainting za sve koji nemaju masku. Najbolje maske nagradit \u0107e sponzori doga\u0111aja, Bingo i NLB banka.<\/p>\n<p data-start=\"684\" data-end=\"859\">Klizibal \u0107e se odr\u017eati u subotu, 17. januara 2026. godine, od 18:00 do 19:00 sati na Gradskom klizali\u0161tu Panonika. Maskirani kliza\u010di pla\u0107aju sni\u017eenu cijenu ulaznice od 5 KM.<\/p>\n<p data-start=\"861\" data-end=\"956\">Organizatori pozivaju sve da pripreme maske i pridru\u017ee se najveselijoj no\u0107i na ledu ove zime.<\/p>\n","protected":false},"excerpt":{"rendered":"<p>Gradsko klizali\u0161te Panonika priprema naj\u0161areniji i najzabavniji doga\u0111aj ove zimske sezone \u2013 Klizibal, najve\u0107i maskenbal&hellip;<\/p>\n","protected":false},"author":4,"featured_media":66380,"comment_status":"closed","ping_status":"closed","sticky":false,"template":"","format":"standard","meta":{"_acf_changed":false,"footnotes":""},"categories":[11],"tags":[6097],"acf":[],"yoast_head":"<!-- This site is optimized with the Yoast SEO plugin v23.5 - https:\/\/yoast.com\/wordpress\/plugins\/seo\/ -->\n<title>Na tuzlanskom klizali\u0161tu ovog vikenda najavljen &quot;Klizibal&quot; - TuzlaInfo.ba<\/title>\n<meta name=\"robots\" content=\"index, follow, max-snippet:-1, max-image-preview:large, max-video-preview:-1\" \/>\n<link rel=\"canonical\" href=\"https:\/\/tuzlainfo.ba\/index.php\/najava-dogadaja-2\/item\/291806-na-tuzlanskom-klizalistu-ovog-vikenda-najavljen-klizibal\/\" \/>\n<meta property=\"og:locale\" content=\"bs_BA\" \/>\n<meta property=\"og:type\" content=\"article\" \/>\n<meta property=\"og:title\" content=\"Na tuzlanskom klizali\u0161tu ovog vikenda najavljen &quot;Klizibal&quot; - TuzlaInfo.ba\" \/>\n<meta property=\"og:description\" content=\"Gradsko klizali\u0161te Panonika priprema naj\u0161areniji i najzabavniji doga\u0111aj ove zimske sezone \u2013 Klizibal, najve\u0107i maskenbal&hellip;\" \/>\n<meta property=\"og:url\" content=\"https:\/\/tuzlainfo.ba\/index.php\/najava-dogadaja-2\/item\/291806-na-tuzlanskom-klizalistu-ovog-vikenda-najavljen-klizibal\/\" \/>\n<meta property=\"og:site_name\" content=\"TuzlaInfo.ba\" \/>\n<meta property=\"article:publisher\" content=\"https:\/\/www.facebook.com\/tuzlainfo.ba\/\" \/>\n<meta property=\"article:published_time\" content=\"2026-01-13T21:02:19+00:00\" \/>\n<meta property=\"article:modified_time\" content=\"2026-01-13T15:02:45+00:00\" \/>\n<meta property=\"og:image\" content=\"https:\/\/tuzlainfo.ba\/wp-content\/uploads\/2018\/12\/sadrzaj_2018_20181201_1710_klizibal.JPG\" \/>\n\t<meta property=\"og:image:width\" content=\"770\" \/>\n\t<meta property=\"og:image:height\" content=\"513\" \/>\n\t<meta property=\"og:image:type\" content=\"image\/jpeg\" \/>\n<meta name=\"author\" content=\"Tuzla Info\" \/>\n<meta name=\"twitter:card\" content=\"summary_large_image\" \/>\n<meta name=\"twitter:label1\" content=\"Written by\" \/>\n\t<meta name=\"twitter:data1\" content=\"Tuzla Info\" \/>\n\t<meta name=\"twitter:label2\" content=\"Est. reading time\" \/>\n\t<meta name=\"twitter:data2\" content=\"1 minuta\" \/>\n<script type=\"application\/ld+json\" class=\"yoast-schema-graph\">{\"@context\":\"https:\/\/schema.org\",\"@graph\":[{\"@type\":\"Article\",\"@id\":\"https:\/\/tuzlainfo.ba\/index.php\/najava-dogadaja-2\/item\/291806-na-tuzlanskom-klizalistu-ovog-vikenda-najavljen-klizibal\/#article\",\"isPartOf\":{\"@id\":\"https:\/\/tuzlainfo.ba\/index.php\/najava-dogadaja-2\/item\/291806-na-tuzlanskom-klizalistu-ovog-vikenda-najavljen-klizibal\/\"},\"author\":{\"name\":\"Tuzla Info\",\"@id\":\"https:\/\/tuzlainfo.ba\/#\/schema\/person\/46cad4c57790cbc50781edd14870825a\"},\"headline\":\"Na tuzlanskom klizali\u0161tu ovog vikenda najavljen &#8220;Klizibal&#8221;\",\"datePublished\":\"2026-01-13T21:02:19+00:00\",\"dateModified\":\"2026-01-13T15:02:45+00:00\",\"mainEntityOfPage\":{\"@id\":\"https:\/\/tuzlainfo.ba\/index.php\/najava-dogadaja-2\/item\/291806-na-tuzlanskom-klizalistu-ovog-vikenda-najavljen-klizibal\/\"},\"wordCount\":144,\"publisher\":{\"@id\":\"https:\/\/tuzlainfo.ba\/#organization\"},\"image\":{\"@id\":\"https:\/\/tuzlainfo.ba\/index.php\/najava-dogadaja-2\/item\/291806-na-tuzlanskom-klizalistu-ovog-vikenda-najavljen-klizibal\/#primaryimage\"},\"thumbnailUrl\":\"https:\/\/tuzlainfo.ba\/wp-content\/uploads\/2018\/12\/sadrzaj_2018_20181201_1710_klizibal.JPG\",\"keywords\":[\"Klizibal\"],\"articleSection\":[\"Najave i doga\u0111aji\"],\"inLanguage\":\"bs-BA\"},{\"@type\":\"WebPage\",\"@id\":\"https:\/\/tuzlainfo.ba\/index.php\/najava-dogadaja-2\/item\/291806-na-tuzlanskom-klizalistu-ovog-vikenda-najavljen-klizibal\/\",\"url\":\"https:\/\/tuzlainfo.ba\/index.php\/najava-dogadaja-2\/item\/291806-na-tuzlanskom-klizalistu-ovog-vikenda-najavljen-klizibal\/\",\"name\":\"Na tuzlanskom klizali\u0161tu ovog vikenda najavljen \\\"Klizibal\\\" - TuzlaInfo.ba\",\"isPartOf\":{\"@id\":\"https:\/\/tuzlainfo.ba\/#website\"},\"primaryImageOfPage\":{\"@id\":\"https:\/\/tuzlainfo.ba\/index.php\/najava-dogadaja-2\/item\/291806-na-tuzlanskom-klizalistu-ovog-vikenda-najavljen-klizibal\/#primaryimage\"},\"image\":{\"@id\":\"https:\/\/tuzlainfo.ba\/index.php\/najava-dogadaja-2\/item\/291806-na-tuzlanskom-klizalistu-ovog-vikenda-najavljen-klizibal\/#primaryimage\"},\"thumbnailUrl\":\"https:\/\/tuzlainfo.ba\/wp-content\/uploads\/2018\/12\/sadrzaj_2018_20181201_1710_klizibal.JPG\",\"datePublished\":\"2026-01-13T21:02:19+00:00\",\"dateModified\":\"2026-01-13T15:02:45+00:00\",\"breadcrumb\":{\"@id\":\"https:\/\/tuzlainfo.ba\/index.php\/najava-dogadaja-2\/item\/291806-na-tuzlanskom-klizalistu-ovog-vikenda-najavljen-klizibal\/#breadcrumb\"},\"inLanguage\":\"bs-BA\",\"potentialAction\":[{\"@type\":\"ReadAction\",\"target\":[\"https:\/\/tuzlainfo.ba\/index.php\/najava-dogadaja-2\/item\/291806-na-tuzlanskom-klizalistu-ovog-vikenda-najavljen-klizibal\/\"]}]},{\"@type\":\"ImageObject\",\"inLanguage\":\"bs-BA\",\"@id\":\"https:\/\/tuzlainfo.ba\/index.php\/najava-dogadaja-2\/item\/291806-na-tuzlanskom-klizalistu-ovog-vikenda-najavljen-klizibal\/#primaryimage\",\"url\":\"https:\/\/tuzlainfo.ba\/wp-content\/uploads\/2018\/12\/sadrzaj_2018_20181201_1710_klizibal.JPG\",\"contentUrl\":\"https:\/\/tuzlainfo.ba\/wp-content\/uploads\/2018\/12\/sadrzaj_2018_20181201_1710_klizibal.JPG\",\"width\":770,\"height\":513,\"caption\":\"1710 klizibal\"},{\"@type\":\"BreadcrumbList\",\"@id\":\"https:\/\/tuzlainfo.ba\/index.php\/najava-dogadaja-2\/item\/291806-na-tuzlanskom-klizalistu-ovog-vikenda-najavljen-klizibal\/#breadcrumb\",\"itemListElement\":[{\"@type\":\"ListItem\",\"position\":1,\"name\":\"Home\",\"item\":\"https:\/\/tuzlainfo.ba\/\"},{\"@type\":\"ListItem\",\"position\":2,\"name\":\"Na tuzlanskom klizali\u0161tu ovog vikenda najavljen &#8220;Klizibal&#8221;\"}]},{\"@type\":\"WebSite\",\"@id\":\"https:\/\/tuzlainfo.ba\/#website\",\"url\":\"https:\/\/tuzlainfo.ba\/\",\"name\":\"TuzlaInfo.ba\",\"description\":\"Tuzla info, gradski informator - Tuzla na dlanu\",\"publisher\":{\"@id\":\"https:\/\/tuzlainfo.ba\/#organization\"},\"potentialAction\":[{\"@type\":\"SearchAction\",\"target\":{\"@type\":\"EntryPoint\",\"urlTemplate\":\"https:\/\/tuzlainfo.ba\/?s={search_term_string}\"},\"query-input\":{\"@type\":\"PropertyValueSpecification\",\"valueRequired\":true,\"valueName\":\"search_term_string\"}}],\"inLanguage\":\"bs-BA\"},{\"@type\":\"Organization\",\"@id\":\"https:\/\/tuzlainfo.ba\/#organization\",\"name\":\"TuzlaInfo.ba\",\"url\":\"https:\/\/tuzlainfo.ba\/\",\"logo\":{\"@type\":\"ImageObject\",\"inLanguage\":\"bs-BA\",\"@id\":\"https:\/\/tuzlainfo.ba\/#\/schema\/logo\/image\/\",\"url\":\"https:\/\/tuzlainfo.ba\/wp-content\/uploads\/2021\/03\/logo-ver-3-1.png\",\"contentUrl\":\"https:\/\/tuzlainfo.ba\/wp-content\/uploads\/2021\/03\/logo-ver-3-1.png\",\"width\":350,\"height\":95,\"caption\":\"TuzlaInfo.ba\"},\"image\":{\"@id\":\"https:\/\/tuzlainfo.ba\/#\/schema\/logo\/image\/\"},\"sameAs\":[\"https:\/\/www.facebook.com\/tuzlainfo.ba\/\"]},{\"@type\":\"Person\",\"@id\":\"https:\/\/tuzlainfo.ba\/#\/schema\/person\/46cad4c57790cbc50781edd14870825a\",\"name\":\"Tuzla Info\",\"image\":{\"@type\":\"ImageObject\",\"inLanguage\":\"bs-BA\",\"@id\":\"https:\/\/tuzlainfo.ba\/#\/schema\/person\/image\/\",\"url\":\"https:\/\/tuzlainfo.ba\/wp-content\/litespeed\/avatar\/b6c453a6c38e3654f2e4416c643fc25c.jpg?ver=1777051911\",\"contentUrl\":\"https:\/\/tuzlainfo.ba\/wp-content\/litespeed\/avatar\/b6c453a6c38e3654f2e4416c643fc25c.jpg?ver=1777051911\",\"caption\":\"Tuzla Info\"}}]}<\/script>\n<!-- \/ Yoast SEO plugin. -->","yoast_head_json":{"title":"Na tuzlanskom klizali\u0161tu ovog vikenda najavljen \"Klizibal\" - TuzlaInfo.ba","robots":{"index":"index","follow":"follow","max-snippet":"max-snippet:-1","max-image-preview":"max-image-preview:large","max-video-preview":"max-video-preview:-1"},"canonical":"https:\/\/tuzlainfo.ba\/index.php\/najava-dogadaja-2\/item\/291806-na-tuzlanskom-klizalistu-ovog-vikenda-najavljen-klizibal\/","og_locale":"bs_BA","og_type":"article","og_title":"Na tuzlanskom klizali\u0161tu ovog vikenda najavljen \"Klizibal\" - TuzlaInfo.ba","og_description":"Gradsko klizali\u0161te Panonika priprema naj\u0161areniji i najzabavniji doga\u0111aj ove zimske sezone \u2013 Klizibal, najve\u0107i maskenbal&hellip;","og_url":"https:\/\/tuzlainfo.ba\/index.php\/najava-dogadaja-2\/item\/291806-na-tuzlanskom-klizalistu-ovog-vikenda-najavljen-klizibal\/","og_site_name":"TuzlaInfo.ba","article_publisher":"https:\/\/www.facebook.com\/tuzlainfo.ba\/","article_published_time":"2026-01-13T21:02:19+00:00","article_modified_time":"2026-01-13T15:02:45+00:00","og_image":[{"width":770,"height":513,"url":"https:\/\/tuzlainfo.ba\/wp-content\/uploads\/2018\/12\/sadrzaj_2018_20181201_1710_klizibal.JPG","type":"image\/jpeg"}],"author":"Tuzla Info","twitter_card":"summary_large_image","twitter_misc":{"Written by":"Tuzla Info","Est. reading time":"1 minuta"},"schema":{"@context":"https:\/\/schema.org","@graph":[{"@type":"Article","@id":"https:\/\/tuzlainfo.ba\/index.php\/najava-dogadaja-2\/item\/291806-na-tuzlanskom-klizalistu-ovog-vikenda-najavljen-klizibal\/#article","isPartOf":{"@id":"https:\/\/tuzlainfo.ba\/index.php\/najava-dogadaja-2\/item\/291806-na-tuzlanskom-klizalistu-ovog-vikenda-najavljen-klizibal\/"},"author":{"name":"Tuzla Info","@id":"https:\/\/tuzlainfo.ba\/#\/schema\/person\/46cad4c57790cbc50781edd14870825a"},"headline":"Na tuzlanskom klizali\u0161tu ovog vikenda najavljen &#8220;Klizibal&#8221;","datePublished":"2026-01-13T21:02:19+00:00","dateModified":"2026-01-13T15:02:45+00:00","mainEntityOfPage":{"@id":"https:\/\/tuzlainfo.ba\/index.php\/najava-dogadaja-2\/item\/291806-na-tuzlanskom-klizalistu-ovog-vikenda-najavljen-klizibal\/"},"wordCount":144,"publisher":{"@id":"https:\/\/tuzlainfo.ba\/#organization"},"image":{"@id":"https:\/\/tuzlainfo.ba\/index.php\/najava-dogadaja-2\/item\/291806-na-tuzlanskom-klizalistu-ovog-vikenda-najavljen-klizibal\/#primaryimage"},"thumbnailUrl":"https:\/\/tuzlainfo.ba\/wp-content\/uploads\/2018\/12\/sadrzaj_2018_20181201_1710_klizibal.JPG","keywords":["Klizibal"],"articleSection":["Najave i doga\u0111aji"],"inLanguage":"bs-BA"},{"@type":"WebPage","@id":"https:\/\/tuzlainfo.ba\/index.php\/najava-dogadaja-2\/item\/291806-na-tuzlanskom-klizalistu-ovog-vikenda-najavljen-klizibal\/","url":"https:\/\/tuzlainfo.ba\/index.php\/najava-dogadaja-2\/item\/291806-na-tuzlanskom-klizalistu-ovog-vikenda-najavljen-klizibal\/","name":"Na tuzlanskom klizali\u0161tu ovog vikenda najavljen \"Klizibal\" - TuzlaInfo.ba","isPartOf":{"@id":"https:\/\/tuzlainfo.ba\/#website"},"primaryImageOfPage":{"@id":"https:\/\/tuzlainfo.ba\/index.php\/najava-dogadaja-2\/item\/291806-na-tuzlanskom-klizalistu-ovog-vikenda-najavljen-klizibal\/#primaryimage"},"image":{"@id":"https:\/\/tuzlainfo.ba\/index.php\/najava-dogadaja-2\/item\/291806-na-tuzlanskom-klizalistu-ovog-vikenda-najavljen-klizibal\/#primaryimage"},"thumbnailUrl":"https:\/\/tuzlainfo.ba\/wp-content\/uploads\/2018\/12\/sadrzaj_2018_20181201_1710_klizibal.JPG","datePublished":"2026-01-13T21:02:19+00:00","dateModified":"2026-01-13T15:02:45+00:00","breadcrumb":{"@id":"https:\/\/tuzlainfo.ba\/index.php\/najava-dogadaja-2\/item\/291806-na-tuzlanskom-klizalistu-ovog-vikenda-najavljen-klizibal\/#breadcrumb"},"inLanguage":"bs-BA","potentialAction":[{"@type":"ReadAction","target":["https:\/\/tuzlainfo.ba\/index.php\/najava-dogadaja-2\/item\/291806-na-tuzlanskom-klizalistu-ovog-vikenda-najavljen-klizibal\/"]}]},{"@type":"ImageObject","inLanguage":"bs-BA","@id":"https:\/\/tuzlainfo.ba\/index.php\/najava-dogadaja-2\/item\/291806-na-tuzlanskom-klizalistu-ovog-vikenda-najavljen-klizibal\/#primaryimage","url":"https:\/\/tuzlainfo.ba\/wp-content\/uploads\/2018\/12\/sadrzaj_2018_20181201_1710_klizibal.JPG","contentUrl":"https:\/\/tuzlainfo.ba\/wp-content\/uploads\/2018\/12\/sadrzaj_2018_20181201_1710_klizibal.JPG","width":770,"height":513,"caption":"1710 klizibal"},{"@type":"BreadcrumbList","@id":"https:\/\/tuzlainfo.ba\/index.php\/najava-dogadaja-2\/item\/291806-na-tuzlanskom-klizalistu-ovog-vikenda-najavljen-klizibal\/#breadcrumb","itemListElement":[{"@type":"ListItem","position":1,"name":"Home","item":"https:\/\/tuzlainfo.ba\/"},{"@type":"ListItem","position":2,"name":"Na tuzlanskom klizali\u0161tu ovog vikenda najavljen &#8220;Klizibal&#8221;"}]},{"@type":"WebSite","@id":"https:\/\/tuzlainfo.ba\/#website","url":"https:\/\/tuzlainfo.ba\/","name":"TuzlaInfo.ba","description":"Tuzla info, gradski informator - Tuzla na dlanu","publisher":{"@id":"https:\/\/tuzlainfo.ba\/#organization"},"potentialAction":[{"@type":"SearchAction","target":{"@type":"EntryPoint","urlTemplate":"https:\/\/tuzlainfo.ba\/?s={search_term_string}"},"query-input":{"@type":"PropertyValueSpecification","valueRequired":true,"valueName":"search_term_string"}}],"inLanguage":"bs-BA"},{"@type":"Organization","@id":"https:\/\/tuzlainfo.ba\/#organization","name":"TuzlaInfo.ba","url":"https:\/\/tuzlainfo.ba\/","logo":{"@type":"ImageObject","inLanguage":"bs-BA","@id":"https:\/\/tuzlainfo.ba\/#\/schema\/logo\/image\/","url":"https:\/\/tuzlainfo.ba\/wp-content\/uploads\/2021\/03\/logo-ver-3-1.png","contentUrl":"https:\/\/tuzlainfo.ba\/wp-content\/uploads\/2021\/03\/logo-ver-3-1.png","width":350,"height":95,"caption":"TuzlaInfo.ba"},"image":{"@id":"https:\/\/tuzlainfo.ba\/#\/schema\/logo\/image\/"},"sameAs":["https:\/\/www.facebook.com\/tuzlainfo.ba\/"]},{"@type":"Person","@id":"https:\/\/tuzlainfo.ba\/#\/schema\/person\/46cad4c57790cbc50781edd14870825a","name":"Tuzla Info","image":{"@type":"ImageObject","inLanguage":"bs-BA","@id":"https:\/\/tuzlainfo.ba\/#\/schema\/person\/image\/","url":"https:\/\/tuzlainfo.ba\/wp-content\/litespeed\/avatar\/b6c453a6c38e3654f2e4416c643fc25c.jpg?ver=1777051911","contentUrl":"https:\/\/tuzlainfo.ba\/wp-content\/litespeed\/avatar\/b6c453a6c38e3654f2e4416c643fc25c.jpg?ver=1777051911","caption":"Tuzla Info"}}]}},"_links":{"self":[{"href":"https:\/\/tuzlainfo.ba\/index.php\/wp-json\/wp\/v2\/posts\/291806"}],"collection":[{"href":"https:\/\/tuzlainfo.ba\/index.php\/wp-json\/wp\/v2\/posts"}],"about":[{"href":"https:\/\/tuzlainfo.ba\/index.php\/wp-json\/wp\/v2\/types\/post"}],"author":[{"embeddable":true,"href":"https:\/\/tuzlainfo.ba\/index.php\/wp-json\/wp\/v2\/users\/4"}],"replies":[{"embeddable":true,"href":"https:\/\/tuzlainfo.ba\/index.php\/wp-json\/wp\/v2\/comments?post=291806"}],"version-history":[{"count":1,"href":"https:\/\/tuzlainfo.ba\/index.php\/wp-json\/wp\/v2\/posts\/291806\/revisions"}],"predecessor-version":[{"id":291807,"href":"https:\/\/tuzlainfo.ba\/index.php\/wp-json\/wp\/v2\/posts\/291806\/revisions\/291807"}],"wp:featuredmedia":[{"embeddable":true,"href":"https:\/\/tuzlainfo.ba\/index.php\/wp-json\/wp\/v2\/media\/66380"}],"wp:attachment":[{"href":"https:\/\/tuzlainfo.ba\/index.php\/wp-json\/wp\/v2\/media?parent=291806"}],"wp:term":[{"taxonomy":"category","embeddable":true,"href":"https:\/\/tuzlainfo.ba\/index.php\/wp-json\/wp\/v2\/categories?post=291806"},{"taxonomy":"post_tag","embeddable":true,"href":"https:\/\/tuzlainfo.ba\/index.php\/wp-json\/wp\/v2\/tags?post=291806"}],"curies":[{"name":"wp","href":"https:\/\/api.w.org\/{rel}","templated":true}]}}