{"id":291795,"date":"2026-01-14T10:07:59","date_gmt":"2026-01-14T09:07:59","guid":{"rendered":"https:\/\/tuzlainfo.ba\/?p=291795"},"modified":"2026-01-13T16:16:38","modified_gmt":"2026-01-13T15:16:38","slug":"najavljena-izlozba-djecijih-radova-u-domu-mladih-tuzla","status":"publish","type":"post","link":"https:\/\/tuzlainfo.ba\/index.php\/najava-dogadaja-2\/item\/291795-najavljena-izlozba-djecijih-radova-u-domu-mladih-tuzla\/","title":{"rendered":"Najavljena izlo\u017eba dje\u010dijih radova u Domu mladih Tuzla"},"content":{"rendered":"<p data-start=\"0\" data-end=\"219\">Udru\u017eenje gra\u0111ana \u201cSuncokret\u201d u saradnji sa Centrom za kulturu Tuzla organizuje izlo\u017ebu dje\u010dijih radova, koja \u0107e biti otvorena u \u010detvrtak, 15. januara 2026. godine u 18:00 sati u izlo\u017ebenom prostoru Doma mladih Tuzla.<\/p>\n<p data-start=\"221\" data-end=\"464\">Ovo je tre\u0107a po redu izlo\u017eba Udru\u017eenja \u201cSuncokret\u201d, osnovanog u oktobru 2024. godine, a u kojoj u\u010destvuju najmla\u0111i polaznici \u0161kole slikanja pod vodstvom nastavnice likovne umjetnosti Borke Joki\u0107. Na izlo\u017ebi je predstavljeno ukupno 26 radova.<\/p>\n<p data-start=\"466\" data-end=\"593\" data-is-last-node=\"\" data-is-only-node=\"\">Ulaz je slobodan, a \u010dlanovi udru\u017eenja pozivaju sve zainteresovane da se pridru\u017ee i postanu dio kreativne zajednice \u201cSuncokret\u201d.<\/p>\n","protected":false},"excerpt":{"rendered":"<p>Udru\u017eenje gra\u0111ana \u201cSuncokret\u201d u saradnji sa Centrom za kulturu Tuzla organizuje izlo\u017ebu dje\u010dijih radova, koja&hellip;<\/p>\n","protected":false},"author":4,"featured_media":291796,"comment_status":"closed","ping_status":"closed","sticky":false,"template":"","format":"standard","meta":{"_acf_changed":false,"footnotes":""},"categories":[11],"tags":[13299,1036,42],"acf":[],"yoast_head":"<!-- This site is optimized with the Yoast SEO plugin v23.5 - https:\/\/yoast.com\/wordpress\/plugins\/seo\/ -->\n<title>Najavljena izlo\u017eba dje\u010dijih radova u Domu mladih Tuzla - TuzlaInfo.ba<\/title>\n<meta name=\"robots\" content=\"index, follow, max-snippet:-1, max-image-preview:large, max-video-preview:-1\" \/>\n<link rel=\"canonical\" href=\"https:\/\/tuzlainfo.ba\/index.php\/najava-dogadaja-2\/item\/291795-najavljena-izlozba-djecijih-radova-u-domu-mladih-tuzla\/\" \/>\n<meta property=\"og:locale\" content=\"bs_BA\" \/>\n<meta property=\"og:type\" content=\"article\" \/>\n<meta property=\"og:title\" content=\"Najavljena izlo\u017eba dje\u010dijih radova u Domu mladih Tuzla - TuzlaInfo.ba\" \/>\n<meta property=\"og:description\" content=\"Udru\u017eenje gra\u0111ana \u201cSuncokret\u201d u saradnji sa Centrom za kulturu Tuzla organizuje izlo\u017ebu dje\u010dijih radova, koja&hellip;\" \/>\n<meta property=\"og:url\" content=\"https:\/\/tuzlainfo.ba\/index.php\/najava-dogadaja-2\/item\/291795-najavljena-izlozba-djecijih-radova-u-domu-mladih-tuzla\/\" \/>\n<meta property=\"og:site_name\" content=\"TuzlaInfo.ba\" \/>\n<meta property=\"article:publisher\" content=\"https:\/\/www.facebook.com\/tuzlainfo.ba\/\" \/>\n<meta property=\"article:published_time\" content=\"2026-01-14T09:07:59+00:00\" \/>\n<meta property=\"article:modified_time\" content=\"2026-01-13T15:16:38+00:00\" \/>\n<meta property=\"og:image\" content=\"https:\/\/tuzlainfo.ba\/wp-content\/uploads\/2026\/01\/Izlozba-Suncokret-januar-2026.jpg\" \/>\n\t<meta property=\"og:image:width\" content=\"1407\" \/>\n\t<meta property=\"og:image:height\" content=\"1549\" \/>\n\t<meta property=\"og:image:type\" content=\"image\/jpeg\" \/>\n<meta name=\"author\" content=\"Tuzla Info\" \/>\n<meta name=\"twitter:card\" content=\"summary_large_image\" \/>\n<meta name=\"twitter:label1\" content=\"Written by\" \/>\n\t<meta name=\"twitter:data1\" content=\"Tuzla Info\" \/>\n\t<meta name=\"twitter:label2\" content=\"Est. reading time\" \/>\n\t<meta name=\"twitter:data2\" content=\"1 minuta\" \/>\n<script type=\"application\/ld+json\" class=\"yoast-schema-graph\">{\"@context\":\"https:\/\/schema.org\",\"@graph\":[{\"@type\":\"Article\",\"@id\":\"https:\/\/tuzlainfo.ba\/index.php\/najava-dogadaja-2\/item\/291795-najavljena-izlozba-djecijih-radova-u-domu-mladih-tuzla\/#article\",\"isPartOf\":{\"@id\":\"https:\/\/tuzlainfo.ba\/index.php\/najava-dogadaja-2\/item\/291795-najavljena-izlozba-djecijih-radova-u-domu-mladih-tuzla\/\"},\"author\":{\"name\":\"Tuzla Info\",\"@id\":\"https:\/\/tuzlainfo.ba\/#\/schema\/person\/46cad4c57790cbc50781edd14870825a\"},\"headline\":\"Najavljena izlo\u017eba dje\u010dijih radova u Domu mladih Tuzla\",\"datePublished\":\"2026-01-14T09:07:59+00:00\",\"dateModified\":\"2026-01-13T15:16:38+00:00\",\"mainEntityOfPage\":{\"@id\":\"https:\/\/tuzlainfo.ba\/index.php\/najava-dogadaja-2\/item\/291795-najavljena-izlozba-djecijih-radova-u-domu-mladih-tuzla\/\"},\"wordCount\":104,\"publisher\":{\"@id\":\"https:\/\/tuzlainfo.ba\/#organization\"},\"image\":{\"@id\":\"https:\/\/tuzlainfo.ba\/index.php\/najava-dogadaja-2\/item\/291795-najavljena-izlozba-djecijih-radova-u-domu-mladih-tuzla\/#primaryimage\"},\"thumbnailUrl\":\"https:\/\/tuzlainfo.ba\/wp-content\/uploads\/2026\/01\/Izlozba-Suncokret-januar-2026.jpg\",\"keywords\":[\"dje\u010diji radovi\",\"izlo\u017eba\",\"tuzla\"],\"articleSection\":[\"Najave i doga\u0111aji\"],\"inLanguage\":\"bs-BA\"},{\"@type\":\"WebPage\",\"@id\":\"https:\/\/tuzlainfo.ba\/index.php\/najava-dogadaja-2\/item\/291795-najavljena-izlozba-djecijih-radova-u-domu-mladih-tuzla\/\",\"url\":\"https:\/\/tuzlainfo.ba\/index.php\/najava-dogadaja-2\/item\/291795-najavljena-izlozba-djecijih-radova-u-domu-mladih-tuzla\/\",\"name\":\"Najavljena izlo\u017eba dje\u010dijih radova u Domu mladih Tuzla - TuzlaInfo.ba\",\"isPartOf\":{\"@id\":\"https:\/\/tuzlainfo.ba\/#website\"},\"primaryImageOfPage\":{\"@id\":\"https:\/\/tuzlainfo.ba\/index.php\/najava-dogadaja-2\/item\/291795-najavljena-izlozba-djecijih-radova-u-domu-mladih-tuzla\/#primaryimage\"},\"image\":{\"@id\":\"https:\/\/tuzlainfo.ba\/index.php\/najava-dogadaja-2\/item\/291795-najavljena-izlozba-djecijih-radova-u-domu-mladih-tuzla\/#primaryimage\"},\"thumbnailUrl\":\"https:\/\/tuzlainfo.ba\/wp-content\/uploads\/2026\/01\/Izlozba-Suncokret-januar-2026.jpg\",\"datePublished\":\"2026-01-14T09:07:59+00:00\",\"dateModified\":\"2026-01-13T15:16:38+00:00\",\"breadcrumb\":{\"@id\":\"https:\/\/tuzlainfo.ba\/index.php\/najava-dogadaja-2\/item\/291795-najavljena-izlozba-djecijih-radova-u-domu-mladih-tuzla\/#breadcrumb\"},\"inLanguage\":\"bs-BA\",\"potentialAction\":[{\"@type\":\"ReadAction\",\"target\":[\"https:\/\/tuzlainfo.ba\/index.php\/najava-dogadaja-2\/item\/291795-najavljena-izlozba-djecijih-radova-u-domu-mladih-tuzla\/\"]}]},{\"@type\":\"ImageObject\",\"inLanguage\":\"bs-BA\",\"@id\":\"https:\/\/tuzlainfo.ba\/index.php\/najava-dogadaja-2\/item\/291795-najavljena-izlozba-djecijih-radova-u-domu-mladih-tuzla\/#primaryimage\",\"url\":\"https:\/\/tuzlainfo.ba\/wp-content\/uploads\/2026\/01\/Izlozba-Suncokret-januar-2026.jpg\",\"contentUrl\":\"https:\/\/tuzlainfo.ba\/wp-content\/uploads\/2026\/01\/Izlozba-Suncokret-januar-2026.jpg\",\"width\":1407,\"height\":1549},{\"@type\":\"BreadcrumbList\",\"@id\":\"https:\/\/tuzlainfo.ba\/index.php\/najava-dogadaja-2\/item\/291795-najavljena-izlozba-djecijih-radova-u-domu-mladih-tuzla\/#breadcrumb\",\"itemListElement\":[{\"@type\":\"ListItem\",\"position\":1,\"name\":\"Home\",\"item\":\"https:\/\/tuzlainfo.ba\/\"},{\"@type\":\"ListItem\",\"position\":2,\"name\":\"Najavljena izlo\u017eba dje\u010dijih radova u Domu mladih Tuzla\"}]},{\"@type\":\"WebSite\",\"@id\":\"https:\/\/tuzlainfo.ba\/#website\",\"url\":\"https:\/\/tuzlainfo.ba\/\",\"name\":\"TuzlaInfo.ba\",\"description\":\"Tuzla info, gradski informator - Tuzla na dlanu\",\"publisher\":{\"@id\":\"https:\/\/tuzlainfo.ba\/#organization\"},\"potentialAction\":[{\"@type\":\"SearchAction\",\"target\":{\"@type\":\"EntryPoint\",\"urlTemplate\":\"https:\/\/tuzlainfo.ba\/?s={search_term_string}\"},\"query-input\":{\"@type\":\"PropertyValueSpecification\",\"valueRequired\":true,\"valueName\":\"search_term_string\"}}],\"inLanguage\":\"bs-BA\"},{\"@type\":\"Organization\",\"@id\":\"https:\/\/tuzlainfo.ba\/#organization\",\"name\":\"TuzlaInfo.ba\",\"url\":\"https:\/\/tuzlainfo.ba\/\",\"logo\":{\"@type\":\"ImageObject\",\"inLanguage\":\"bs-BA\",\"@id\":\"https:\/\/tuzlainfo.ba\/#\/schema\/logo\/image\/\",\"url\":\"https:\/\/tuzlainfo.ba\/wp-content\/uploads\/2021\/03\/logo-ver-3-1.png\",\"contentUrl\":\"https:\/\/tuzlainfo.ba\/wp-content\/uploads\/2021\/03\/logo-ver-3-1.png\",\"width\":350,\"height\":95,\"caption\":\"TuzlaInfo.ba\"},\"image\":{\"@id\":\"https:\/\/tuzlainfo.ba\/#\/schema\/logo\/image\/\"},\"sameAs\":[\"https:\/\/www.facebook.com\/tuzlainfo.ba\/\"]},{\"@type\":\"Person\",\"@id\":\"https:\/\/tuzlainfo.ba\/#\/schema\/person\/46cad4c57790cbc50781edd14870825a\",\"name\":\"Tuzla Info\",\"image\":{\"@type\":\"ImageObject\",\"inLanguage\":\"bs-BA\",\"@id\":\"https:\/\/tuzlainfo.ba\/#\/schema\/person\/image\/\",\"url\":\"https:\/\/tuzlainfo.ba\/wp-content\/litespeed\/avatar\/b6c453a6c38e3654f2e4416c643fc25c.jpg?ver=1777051911\",\"contentUrl\":\"https:\/\/tuzlainfo.ba\/wp-content\/litespeed\/avatar\/b6c453a6c38e3654f2e4416c643fc25c.jpg?ver=1777051911\",\"caption\":\"Tuzla Info\"}}]}<\/script>\n<!-- \/ Yoast SEO plugin. -->","yoast_head_json":{"title":"Najavljena izlo\u017eba dje\u010dijih radova u Domu mladih Tuzla - TuzlaInfo.ba","robots":{"index":"index","follow":"follow","max-snippet":"max-snippet:-1","max-image-preview":"max-image-preview:large","max-video-preview":"max-video-preview:-1"},"canonical":"https:\/\/tuzlainfo.ba\/index.php\/najava-dogadaja-2\/item\/291795-najavljena-izlozba-djecijih-radova-u-domu-mladih-tuzla\/","og_locale":"bs_BA","og_type":"article","og_title":"Najavljena izlo\u017eba dje\u010dijih radova u Domu mladih Tuzla - TuzlaInfo.ba","og_description":"Udru\u017eenje gra\u0111ana \u201cSuncokret\u201d u saradnji sa Centrom za kulturu Tuzla organizuje izlo\u017ebu dje\u010dijih radova, koja&hellip;","og_url":"https:\/\/tuzlainfo.ba\/index.php\/najava-dogadaja-2\/item\/291795-najavljena-izlozba-djecijih-radova-u-domu-mladih-tuzla\/","og_site_name":"TuzlaInfo.ba","article_publisher":"https:\/\/www.facebook.com\/tuzlainfo.ba\/","article_published_time":"2026-01-14T09:07:59+00:00","article_modified_time":"2026-01-13T15:16:38+00:00","og_image":[{"width":1407,"height":1549,"url":"https:\/\/tuzlainfo.ba\/wp-content\/uploads\/2026\/01\/Izlozba-Suncokret-januar-2026.jpg","type":"image\/jpeg"}],"author":"Tuzla Info","twitter_card":"summary_large_image","twitter_misc":{"Written by":"Tuzla Info","Est. reading time":"1 minuta"},"schema":{"@context":"https:\/\/schema.org","@graph":[{"@type":"Article","@id":"https:\/\/tuzlainfo.ba\/index.php\/najava-dogadaja-2\/item\/291795-najavljena-izlozba-djecijih-radova-u-domu-mladih-tuzla\/#article","isPartOf":{"@id":"https:\/\/tuzlainfo.ba\/index.php\/najava-dogadaja-2\/item\/291795-najavljena-izlozba-djecijih-radova-u-domu-mladih-tuzla\/"},"author":{"name":"Tuzla Info","@id":"https:\/\/tuzlainfo.ba\/#\/schema\/person\/46cad4c57790cbc50781edd14870825a"},"headline":"Najavljena izlo\u017eba dje\u010dijih radova u Domu mladih Tuzla","datePublished":"2026-01-14T09:07:59+00:00","dateModified":"2026-01-13T15:16:38+00:00","mainEntityOfPage":{"@id":"https:\/\/tuzlainfo.ba\/index.php\/najava-dogadaja-2\/item\/291795-najavljena-izlozba-djecijih-radova-u-domu-mladih-tuzla\/"},"wordCount":104,"publisher":{"@id":"https:\/\/tuzlainfo.ba\/#organization"},"image":{"@id":"https:\/\/tuzlainfo.ba\/index.php\/najava-dogadaja-2\/item\/291795-najavljena-izlozba-djecijih-radova-u-domu-mladih-tuzla\/#primaryimage"},"thumbnailUrl":"https:\/\/tuzlainfo.ba\/wp-content\/uploads\/2026\/01\/Izlozba-Suncokret-januar-2026.jpg","keywords":["dje\u010diji radovi","izlo\u017eba","tuzla"],"articleSection":["Najave i doga\u0111aji"],"inLanguage":"bs-BA"},{"@type":"WebPage","@id":"https:\/\/tuzlainfo.ba\/index.php\/najava-dogadaja-2\/item\/291795-najavljena-izlozba-djecijih-radova-u-domu-mladih-tuzla\/","url":"https:\/\/tuzlainfo.ba\/index.php\/najava-dogadaja-2\/item\/291795-najavljena-izlozba-djecijih-radova-u-domu-mladih-tuzla\/","name":"Najavljena izlo\u017eba dje\u010dijih radova u Domu mladih Tuzla - TuzlaInfo.ba","isPartOf":{"@id":"https:\/\/tuzlainfo.ba\/#website"},"primaryImageOfPage":{"@id":"https:\/\/tuzlainfo.ba\/index.php\/najava-dogadaja-2\/item\/291795-najavljena-izlozba-djecijih-radova-u-domu-mladih-tuzla\/#primaryimage"},"image":{"@id":"https:\/\/tuzlainfo.ba\/index.php\/najava-dogadaja-2\/item\/291795-najavljena-izlozba-djecijih-radova-u-domu-mladih-tuzla\/#primaryimage"},"thumbnailUrl":"https:\/\/tuzlainfo.ba\/wp-content\/uploads\/2026\/01\/Izlozba-Suncokret-januar-2026.jpg","datePublished":"2026-01-14T09:07:59+00:00","dateModified":"2026-01-13T15:16:38+00:00","breadcrumb":{"@id":"https:\/\/tuzlainfo.ba\/index.php\/najava-dogadaja-2\/item\/291795-najavljena-izlozba-djecijih-radova-u-domu-mladih-tuzla\/#breadcrumb"},"inLanguage":"bs-BA","potentialAction":[{"@type":"ReadAction","target":["https:\/\/tuzlainfo.ba\/index.php\/najava-dogadaja-2\/item\/291795-najavljena-izlozba-djecijih-radova-u-domu-mladih-tuzla\/"]}]},{"@type":"ImageObject","inLanguage":"bs-BA","@id":"https:\/\/tuzlainfo.ba\/index.php\/najava-dogadaja-2\/item\/291795-najavljena-izlozba-djecijih-radova-u-domu-mladih-tuzla\/#primaryimage","url":"https:\/\/tuzlainfo.ba\/wp-content\/uploads\/2026\/01\/Izlozba-Suncokret-januar-2026.jpg","contentUrl":"https:\/\/tuzlainfo.ba\/wp-content\/uploads\/2026\/01\/Izlozba-Suncokret-januar-2026.jpg","width":1407,"height":1549},{"@type":"BreadcrumbList","@id":"https:\/\/tuzlainfo.ba\/index.php\/najava-dogadaja-2\/item\/291795-najavljena-izlozba-djecijih-radova-u-domu-mladih-tuzla\/#breadcrumb","itemListElement":[{"@type":"ListItem","position":1,"name":"Home","item":"https:\/\/tuzlainfo.ba\/"},{"@type":"ListItem","position":2,"name":"Najavljena izlo\u017eba dje\u010dijih radova u Domu mladih Tuzla"}]},{"@type":"WebSite","@id":"https:\/\/tuzlainfo.ba\/#website","url":"https:\/\/tuzlainfo.ba\/","name":"TuzlaInfo.ba","description":"Tuzla info, gradski informator - Tuzla na dlanu","publisher":{"@id":"https:\/\/tuzlainfo.ba\/#organization"},"potentialAction":[{"@type":"SearchAction","target":{"@type":"EntryPoint","urlTemplate":"https:\/\/tuzlainfo.ba\/?s={search_term_string}"},"query-input":{"@type":"PropertyValueSpecification","valueRequired":true,"valueName":"search_term_string"}}],"inLanguage":"bs-BA"},{"@type":"Organization","@id":"https:\/\/tuzlainfo.ba\/#organization","name":"TuzlaInfo.ba","url":"https:\/\/tuzlainfo.ba\/","logo":{"@type":"ImageObject","inLanguage":"bs-BA","@id":"https:\/\/tuzlainfo.ba\/#\/schema\/logo\/image\/","url":"https:\/\/tuzlainfo.ba\/wp-content\/uploads\/2021\/03\/logo-ver-3-1.png","contentUrl":"https:\/\/tuzlainfo.ba\/wp-content\/uploads\/2021\/03\/logo-ver-3-1.png","width":350,"height":95,"caption":"TuzlaInfo.ba"},"image":{"@id":"https:\/\/tuzlainfo.ba\/#\/schema\/logo\/image\/"},"sameAs":["https:\/\/www.facebook.com\/tuzlainfo.ba\/"]},{"@type":"Person","@id":"https:\/\/tuzlainfo.ba\/#\/schema\/person\/46cad4c57790cbc50781edd14870825a","name":"Tuzla Info","image":{"@type":"ImageObject","inLanguage":"bs-BA","@id":"https:\/\/tuzlainfo.ba\/#\/schema\/person\/image\/","url":"https:\/\/tuzlainfo.ba\/wp-content\/litespeed\/avatar\/b6c453a6c38e3654f2e4416c643fc25c.jpg?ver=1777051911","contentUrl":"https:\/\/tuzlainfo.ba\/wp-content\/litespeed\/avatar\/b6c453a6c38e3654f2e4416c643fc25c.jpg?ver=1777051911","caption":"Tuzla Info"}}]}},"_links":{"self":[{"href":"https:\/\/tuzlainfo.ba\/index.php\/wp-json\/wp\/v2\/posts\/291795"}],"collection":[{"href":"https:\/\/tuzlainfo.ba\/index.php\/wp-json\/wp\/v2\/posts"}],"about":[{"href":"https:\/\/tuzlainfo.ba\/index.php\/wp-json\/wp\/v2\/types\/post"}],"author":[{"embeddable":true,"href":"https:\/\/tuzlainfo.ba\/index.php\/wp-json\/wp\/v2\/users\/4"}],"replies":[{"embeddable":true,"href":"https:\/\/tuzlainfo.ba\/index.php\/wp-json\/wp\/v2\/comments?post=291795"}],"version-history":[{"count":1,"href":"https:\/\/tuzlainfo.ba\/index.php\/wp-json\/wp\/v2\/posts\/291795\/revisions"}],"predecessor-version":[{"id":291797,"href":"https:\/\/tuzlainfo.ba\/index.php\/wp-json\/wp\/v2\/posts\/291795\/revisions\/291797"}],"wp:featuredmedia":[{"embeddable":true,"href":"https:\/\/tuzlainfo.ba\/index.php\/wp-json\/wp\/v2\/media\/291796"}],"wp:attachment":[{"href":"https:\/\/tuzlainfo.ba\/index.php\/wp-json\/wp\/v2\/media?parent=291795"}],"wp:term":[{"taxonomy":"category","embeddable":true,"href":"https:\/\/tuzlainfo.ba\/index.php\/wp-json\/wp\/v2\/categories?post=291795"},{"taxonomy":"post_tag","embeddable":true,"href":"https:\/\/tuzlainfo.ba\/index.php\/wp-json\/wp\/v2\/tags?post=291795"}],"curies":[{"name":"wp","href":"https:\/\/api.w.org\/{rel}","templated":true}]}}