{"id":291623,"date":"2026-01-11T18:11:21","date_gmt":"2026-01-11T17:11:21","guid":{"rendered":"https:\/\/tuzlainfo.ba\/?p=291623"},"modified":"2026-01-11T18:42:22","modified_gmt":"2026-01-11T17:42:22","slug":"najavljeno-pet-velikih-koncerata-u-tuzli-u-2026-godini-stizu-poznata-imena","status":"publish","type":"post","link":"https:\/\/tuzlainfo.ba\/index.php\/najava-dogadaja-2\/item\/291623-najavljeno-pet-velikih-koncerata-u-tuzli-u-2026-godini-stizu-poznata-imena\/","title":{"rendered":"Najavljeno pet velikih koncerata u Tuzli u 2026. godini, sti\u017eu poznata imena"},"content":{"rendered":"<p data-start=\"275\" data-end=\"534\">Iako je 2026. godina tek pred nama, Tuzla se ve\u0107 sada pozicionira kao jedno od va\u017enijih koncertnih sredi\u0161ta u Bosni i Hercegovini. U dvorani Mejdan ve\u0107 je najavljeno nekoliko velikih koncerata koji \u0107e obuhvatiti razli\u010dite muzi\u010dke \u017eanrove i generacije publike.<\/p>\n<p data-start=\"536\" data-end=\"1014\">Koncertna godina u Mejdanu zapo\u010dinje 21. marta, kada \u0107e pred tuzlanskom publikom nastupiti <strong>Gr\u0161e i Cunami<\/strong>. Rije\u010d je o izvo\u0111a\u010dima koji su posljednjih godina obilje\u017eili regionalnu urbanu i rap scenu. Gr\u0161e, kojeg je tuzlanska publika upoznala prije dvije godine na Trgu slobode je jedan od najpopularnijih repera mla\u0111e generacije, poznat po energi\u010dnim nastupima i pjesmama koje bilje\u017ee milionske preglede, dok je Cunami prepoznat kao jedan od najistaknutijih predstavnika doma\u0107e hip-hop scene, s izra\u017eenim autorskim stilom i sna\u017enim lokalnim identitetom.<\/p>\n<p data-start=\"536\" data-end=\"1014\">\u00a0<img fetchpriority=\"high\" decoding=\"async\" class=\"alignnone size-full wp-image-291629\" src=\"https:\/\/tuzlainfo.ba\/wp-content\/uploads\/2026\/01\/grse-i-cunami.jpg\" alt=\"\" width=\"900\" height=\"1600\" srcset=\"https:\/\/tuzlainfo.ba\/wp-content\/uploads\/2026\/01\/grse-i-cunami.jpg 900w, https:\/\/tuzlainfo.ba\/wp-content\/uploads\/2026\/01\/grse-i-cunami-169x300.jpg 169w, https:\/\/tuzlainfo.ba\/wp-content\/uploads\/2026\/01\/grse-i-cunami-576x1024.jpg 576w, https:\/\/tuzlainfo.ba\/wp-content\/uploads\/2026\/01\/grse-i-cunami-768x1365.jpg 768w, https:\/\/tuzlainfo.ba\/wp-content\/uploads\/2026\/01\/grse-i-cunami-864x1536.jpg 864w, https:\/\/tuzlainfo.ba\/wp-content\/uploads\/2026\/01\/grse-i-cunami-585x1040.jpg 585w, https:\/\/tuzlainfo.ba\/wp-content\/uploads\/2026\/01\/grse-i-cunami-150x267.jpg 150w, https:\/\/tuzlainfo.ba\/wp-content\/uploads\/2026\/01\/grse-i-cunami-281x500.jpg 281w\" sizes=\"(max-width: 900px) 100vw, 900px\" \/><\/p>\n<p data-start=\"1016\" data-end=\"1371\">Ve\u0107 4. aprila u Mejdan sti\u017ee <strong>Lepa Brena<\/strong>, jedno od najve\u0107ih imena muzi\u010dke scene biv\u0161e Jugoslavije. Njeni koncerti redovno privla\u010de publiku svih generacija, a repertoar kojeg bezvremenski hitovi koji su obilje\u017eili nekoliko decenija regionalne pop i folk muzike po pravilu privla\u010de publiku, pa se ponovo kao i pro\u0161le godine o\u010dekuje puna dvorana.<\/p>\n<p data-start=\"1016\" data-end=\"1371\"><img decoding=\"async\" class=\"alignnone size-full wp-image-291571\" src=\"https:\/\/tuzlainfo.ba\/wp-content\/uploads\/2026\/01\/IMG_1587.jpeg\" alt=\"\" width=\"1024\" height=\"1280\" srcset=\"https:\/\/tuzlainfo.ba\/wp-content\/uploads\/2026\/01\/IMG_1587.jpeg 1024w, https:\/\/tuzlainfo.ba\/wp-content\/uploads\/2026\/01\/IMG_1587-240x300.jpeg 240w, https:\/\/tuzlainfo.ba\/wp-content\/uploads\/2026\/01\/IMG_1587-819x1024.jpeg 819w, https:\/\/tuzlainfo.ba\/wp-content\/uploads\/2026\/01\/IMG_1587-768x960.jpeg 768w, https:\/\/tuzlainfo.ba\/wp-content\/uploads\/2026\/01\/IMG_1587-585x731.jpeg 585w, https:\/\/tuzlainfo.ba\/wp-content\/uploads\/2026\/01\/IMG_1587-150x188.jpeg 150w, https:\/\/tuzlainfo.ba\/wp-content\/uploads\/2026\/01\/IMG_1587-400x500.jpeg 400w\" sizes=\"(max-width: 1024px) 100vw, 1024px\" \/><\/p>\n<p data-start=\"1373\" data-end=\"1737\">Zajedni\u010dki koncert <strong>Amara Gileta i Tee Tairovi\u0107<\/strong> zakazan je za 11. april. Rije\u010d je o spoju dva trenutno izuzetno popularna izvo\u0111a\u010da, \u010diji nastupi bilje\u017ee veliku posje\u0107enost \u0161irom regije. Gile je poznat po sna\u017enim vokalima i energiji na sceni, dok Tea Tairovi\u0107 va\u017ei za jednu od najtra\u017eenijih pjeva\u010dica nove generacije, s nizom hitova koji dominiraju muzi\u010dkim listama.<\/p>\n<p data-start=\"1373\" data-end=\"1737\"><img decoding=\"async\" class=\"alignnone size-full wp-image-291628\" src=\"https:\/\/tuzlainfo.ba\/wp-content\/uploads\/2026\/01\/gile_tea.jpg\" alt=\"\" width=\"800\" height=\"305\" srcset=\"https:\/\/tuzlainfo.ba\/wp-content\/uploads\/2026\/01\/gile_tea.jpg 800w, https:\/\/tuzlainfo.ba\/wp-content\/uploads\/2026\/01\/gile_tea-300x114.jpg 300w, https:\/\/tuzlainfo.ba\/wp-content\/uploads\/2026\/01\/gile_tea-768x293.jpg 768w, https:\/\/tuzlainfo.ba\/wp-content\/uploads\/2026\/01\/gile_tea-585x223.jpg 585w, https:\/\/tuzlainfo.ba\/wp-content\/uploads\/2026\/01\/gile_tea-150x57.jpg 150w, https:\/\/tuzlainfo.ba\/wp-content\/uploads\/2026\/01\/gile_tea-500x191.jpg 500w\" sizes=\"(max-width: 800px) 100vw, 800px\" \/><\/p>\n<p data-start=\"1739\" data-end=\"1983\">Muzi\u010dki program u Mejdanu nastavlja se 9. maja, kada \u0107e koncert odr\u017eati <strong>Sa\u0161a Mati\u0107<\/strong>. Jedan od najcjenjenijih pjeva\u010da regionalne scene poznat je po emotivnim baladama i dugogodi\u0161njoj karijeri, u Mejdan se vra\u0107a nakon odli\u010dnog koncerta 2022. godine.<\/p>\n<p data-start=\"1739\" data-end=\"1983\"><img loading=\"lazy\" decoding=\"async\" class=\"alignnone size-full wp-image-291631\" src=\"https:\/\/tuzlainfo.ba\/wp-content\/uploads\/2026\/01\/sasa_m.jpg\" alt=\"\" width=\"800\" height=\"320\" srcset=\"https:\/\/tuzlainfo.ba\/wp-content\/uploads\/2026\/01\/sasa_m.jpg 800w, https:\/\/tuzlainfo.ba\/wp-content\/uploads\/2026\/01\/sasa_m-300x120.jpg 300w, https:\/\/tuzlainfo.ba\/wp-content\/uploads\/2026\/01\/sasa_m-768x307.jpg 768w, https:\/\/tuzlainfo.ba\/wp-content\/uploads\/2026\/01\/sasa_m-585x234.jpg 585w, https:\/\/tuzlainfo.ba\/wp-content\/uploads\/2026\/01\/sasa_m-150x60.jpg 150w, https:\/\/tuzlainfo.ba\/wp-content\/uploads\/2026\/01\/sasa_m-500x200.jpg 500w\" sizes=\"(max-width: 800px) 100vw, 800px\" \/><\/p>\n<p data-start=\"1739\" data-end=\"1983\">Za drugi dio godine 31. oktobra, najavljen je koncert <strong>Jakova Jozinovi\u0107a<\/strong>. Mladi izvo\u0111a\u010d koji je pa\u017enju javnosti privukao modernim interpretacijama poznatih pjesama i velikom popularno\u0161\u0107u na dru\u0161tvenim mre\u017eama, posljednjih mjeseci bilje\u017ei rasprodane nastupe u brojnim gradovima, a njegov dolazak u Tuzlu dodatno oboga\u0107uje koncertnu ponudu Mejdana u 2026. godini.<\/p>\n<p data-start=\"1739\" data-end=\"1983\"><img loading=\"lazy\" decoding=\"async\" class=\"alignnone size-full wp-image-291630\" src=\"https:\/\/tuzlainfo.ba\/wp-content\/uploads\/2026\/01\/jakov.jpg\" alt=\"\" width=\"1024\" height=\"1280\" srcset=\"https:\/\/tuzlainfo.ba\/wp-content\/uploads\/2026\/01\/jakov.jpg 1024w, https:\/\/tuzlainfo.ba\/wp-content\/uploads\/2026\/01\/jakov-240x300.jpg 240w, https:\/\/tuzlainfo.ba\/wp-content\/uploads\/2026\/01\/jakov-819x1024.jpg 819w, https:\/\/tuzlainfo.ba\/wp-content\/uploads\/2026\/01\/jakov-768x960.jpg 768w, https:\/\/tuzlainfo.ba\/wp-content\/uploads\/2026\/01\/jakov-585x731.jpg 585w, https:\/\/tuzlainfo.ba\/wp-content\/uploads\/2026\/01\/jakov-150x188.jpg 150w, https:\/\/tuzlainfo.ba\/wp-content\/uploads\/2026\/01\/jakov-400x500.jpg 400w\" sizes=\"(max-width: 1024px) 100vw, 1024px\" \/><\/p>\n<p data-start=\"2343\" data-end=\"2541\" data-is-last-node=\"\" data-is-only-node=\"\">Sve najave potvr\u0111uju da \u0107e Tuzla i u narednoj godini imati bogat koncertni kalendar, s izvo\u0111a\u010dima razli\u010ditih muzi\u010dkih pravaca, \u010dime se nastavlja tradicija velikih muzi\u010dkih doga\u0111aja u dvorani Mejdan.<strong>\/Tuzlainfo.ba\/<\/strong><\/p>\n","protected":false},"excerpt":{"rendered":"<p>Iako je 2026. godina tek pred nama, Tuzla se ve\u0107 sada pozicionira kao jedno od&hellip;<\/p>\n","protected":false},"author":2,"featured_media":291624,"comment_status":"closed","ping_status":"closed","sticky":false,"template":"","format":"standard","meta":{"_acf_changed":false,"footnotes":""},"categories":[304,11,306],"tags":[11620,2081,13285,10724,4977,42],"acf":[],"yoast_head":"<!-- This site is optimized with the Yoast SEO plugin v23.5 - https:\/\/yoast.com\/wordpress\/plugins\/seo\/ -->\n<title>Najavljeno pet velikih koncerata u Tuzli u 2026. godini, sti\u017eu poznata imena - TuzlaInfo.ba<\/title>\n<meta name=\"robots\" content=\"index, follow, max-snippet:-1, max-image-preview:large, max-video-preview:-1\" \/>\n<link rel=\"canonical\" href=\"https:\/\/tuzlainfo.ba\/index.php\/najava-dogadaja-2\/item\/291623-najavljeno-pet-velikih-koncerata-u-tuzli-u-2026-godini-stizu-poznata-imena\/\" \/>\n<meta property=\"og:locale\" content=\"bs_BA\" \/>\n<meta property=\"og:type\" content=\"article\" \/>\n<meta property=\"og:title\" content=\"Najavljeno pet velikih koncerata u Tuzli u 2026. godini, sti\u017eu poznata imena - TuzlaInfo.ba\" \/>\n<meta property=\"og:description\" content=\"Iako je 2026. godina tek pred nama, Tuzla se ve\u0107 sada pozicionira kao jedno od&hellip;\" \/>\n<meta property=\"og:url\" content=\"https:\/\/tuzlainfo.ba\/index.php\/najava-dogadaja-2\/item\/291623-najavljeno-pet-velikih-koncerata-u-tuzli-u-2026-godini-stizu-poznata-imena\/\" \/>\n<meta property=\"og:site_name\" content=\"TuzlaInfo.ba\" \/>\n<meta property=\"article:publisher\" content=\"https:\/\/www.facebook.com\/tuzlainfo.ba\/\" \/>\n<meta property=\"article:published_time\" content=\"2026-01-11T17:11:21+00:00\" \/>\n<meta property=\"article:modified_time\" content=\"2026-01-11T17:42:22+00:00\" \/>\n<meta property=\"og:image\" content=\"https:\/\/tuzlainfo.ba\/wp-content\/uploads\/2026\/01\/1101_koncert_mejdan.jpg\" \/>\n\t<meta property=\"og:image:width\" content=\"808\" \/>\n\t<meta property=\"og:image:height\" content=\"468\" \/>\n\t<meta property=\"og:image:type\" content=\"image\/jpeg\" \/>\n<meta name=\"author\" content=\"nedim\" \/>\n<meta name=\"twitter:card\" content=\"summary_large_image\" \/>\n<meta name=\"twitter:label1\" content=\"Written by\" \/>\n\t<meta name=\"twitter:data1\" content=\"nedim\" \/>\n\t<meta name=\"twitter:label2\" content=\"Est. reading time\" \/>\n\t<meta name=\"twitter:data2\" content=\"4 minute\" \/>\n<script type=\"application\/ld+json\" class=\"yoast-schema-graph\">{\"@context\":\"https:\/\/schema.org\",\"@graph\":[{\"@type\":\"Article\",\"@id\":\"https:\/\/tuzlainfo.ba\/index.php\/najava-dogadaja-2\/item\/291623-najavljeno-pet-velikih-koncerata-u-tuzli-u-2026-godini-stizu-poznata-imena\/#article\",\"isPartOf\":{\"@id\":\"https:\/\/tuzlainfo.ba\/index.php\/najava-dogadaja-2\/item\/291623-najavljeno-pet-velikih-koncerata-u-tuzli-u-2026-godini-stizu-poznata-imena\/\"},\"author\":{\"name\":\"nedim\",\"@id\":\"https:\/\/tuzlainfo.ba\/#\/schema\/person\/f434e20dc27ea133923aab08451b7f7f\"},\"headline\":\"Najavljeno pet velikih koncerata u Tuzli u 2026. godini, sti\u017eu poznata imena\",\"datePublished\":\"2026-01-11T17:11:21+00:00\",\"dateModified\":\"2026-01-11T17:42:22+00:00\",\"mainEntityOfPage\":{\"@id\":\"https:\/\/tuzlainfo.ba\/index.php\/najava-dogadaja-2\/item\/291623-najavljeno-pet-velikih-koncerata-u-tuzli-u-2026-godini-stizu-poznata-imena\/\"},\"wordCount\":405,\"publisher\":{\"@id\":\"https:\/\/tuzlainfo.ba\/#organization\"},\"image\":{\"@id\":\"https:\/\/tuzlainfo.ba\/index.php\/najava-dogadaja-2\/item\/291623-najavljeno-pet-velikih-koncerata-u-tuzli-u-2026-godini-stizu-poznata-imena\/#primaryimage\"},\"thumbnailUrl\":\"https:\/\/tuzlainfo.ba\/wp-content\/uploads\/2026\/01\/1101_koncert_mejdan.jpg\",\"keywords\":[\"gr\u0161e\",\"koncerti\",\"koncerti 2026\",\"Lepa brena\",\"sa\u0161a mati\u0107\",\"tuzla\"],\"articleSection\":[\"Istaknuto\",\"Najave i doga\u0111aji\",\"Preporu\u010dujemo\"],\"inLanguage\":\"bs-BA\"},{\"@type\":\"WebPage\",\"@id\":\"https:\/\/tuzlainfo.ba\/index.php\/najava-dogadaja-2\/item\/291623-najavljeno-pet-velikih-koncerata-u-tuzli-u-2026-godini-stizu-poznata-imena\/\",\"url\":\"https:\/\/tuzlainfo.ba\/index.php\/najava-dogadaja-2\/item\/291623-najavljeno-pet-velikih-koncerata-u-tuzli-u-2026-godini-stizu-poznata-imena\/\",\"name\":\"Najavljeno pet velikih koncerata u Tuzli u 2026. godini, sti\u017eu poznata imena - TuzlaInfo.ba\",\"isPartOf\":{\"@id\":\"https:\/\/tuzlainfo.ba\/#website\"},\"primaryImageOfPage\":{\"@id\":\"https:\/\/tuzlainfo.ba\/index.php\/najava-dogadaja-2\/item\/291623-najavljeno-pet-velikih-koncerata-u-tuzli-u-2026-godini-stizu-poznata-imena\/#primaryimage\"},\"image\":{\"@id\":\"https:\/\/tuzlainfo.ba\/index.php\/najava-dogadaja-2\/item\/291623-najavljeno-pet-velikih-koncerata-u-tuzli-u-2026-godini-stizu-poznata-imena\/#primaryimage\"},\"thumbnailUrl\":\"https:\/\/tuzlainfo.ba\/wp-content\/uploads\/2026\/01\/1101_koncert_mejdan.jpg\",\"datePublished\":\"2026-01-11T17:11:21+00:00\",\"dateModified\":\"2026-01-11T17:42:22+00:00\",\"breadcrumb\":{\"@id\":\"https:\/\/tuzlainfo.ba\/index.php\/najava-dogadaja-2\/item\/291623-najavljeno-pet-velikih-koncerata-u-tuzli-u-2026-godini-stizu-poznata-imena\/#breadcrumb\"},\"inLanguage\":\"bs-BA\",\"potentialAction\":[{\"@type\":\"ReadAction\",\"target\":[\"https:\/\/tuzlainfo.ba\/index.php\/najava-dogadaja-2\/item\/291623-najavljeno-pet-velikih-koncerata-u-tuzli-u-2026-godini-stizu-poznata-imena\/\"]}]},{\"@type\":\"ImageObject\",\"inLanguage\":\"bs-BA\",\"@id\":\"https:\/\/tuzlainfo.ba\/index.php\/najava-dogadaja-2\/item\/291623-najavljeno-pet-velikih-koncerata-u-tuzli-u-2026-godini-stizu-poznata-imena\/#primaryimage\",\"url\":\"https:\/\/tuzlainfo.ba\/wp-content\/uploads\/2026\/01\/1101_koncert_mejdan.jpg\",\"contentUrl\":\"https:\/\/tuzlainfo.ba\/wp-content\/uploads\/2026\/01\/1101_koncert_mejdan.jpg\",\"width\":808,\"height\":468},{\"@type\":\"BreadcrumbList\",\"@id\":\"https:\/\/tuzlainfo.ba\/index.php\/najava-dogadaja-2\/item\/291623-najavljeno-pet-velikih-koncerata-u-tuzli-u-2026-godini-stizu-poznata-imena\/#breadcrumb\",\"itemListElement\":[{\"@type\":\"ListItem\",\"position\":1,\"name\":\"Home\",\"item\":\"https:\/\/tuzlainfo.ba\/\"},{\"@type\":\"ListItem\",\"position\":2,\"name\":\"Najavljeno pet velikih koncerata u Tuzli u 2026. godini, sti\u017eu poznata imena\"}]},{\"@type\":\"WebSite\",\"@id\":\"https:\/\/tuzlainfo.ba\/#website\",\"url\":\"https:\/\/tuzlainfo.ba\/\",\"name\":\"TuzlaInfo.ba\",\"description\":\"Tuzla info, gradski informator - Tuzla na dlanu\",\"publisher\":{\"@id\":\"https:\/\/tuzlainfo.ba\/#organization\"},\"potentialAction\":[{\"@type\":\"SearchAction\",\"target\":{\"@type\":\"EntryPoint\",\"urlTemplate\":\"https:\/\/tuzlainfo.ba\/?s={search_term_string}\"},\"query-input\":{\"@type\":\"PropertyValueSpecification\",\"valueRequired\":true,\"valueName\":\"search_term_string\"}}],\"inLanguage\":\"bs-BA\"},{\"@type\":\"Organization\",\"@id\":\"https:\/\/tuzlainfo.ba\/#organization\",\"name\":\"TuzlaInfo.ba\",\"url\":\"https:\/\/tuzlainfo.ba\/\",\"logo\":{\"@type\":\"ImageObject\",\"inLanguage\":\"bs-BA\",\"@id\":\"https:\/\/tuzlainfo.ba\/#\/schema\/logo\/image\/\",\"url\":\"https:\/\/tuzlainfo.ba\/wp-content\/uploads\/2021\/03\/logo-ver-3-1.png\",\"contentUrl\":\"https:\/\/tuzlainfo.ba\/wp-content\/uploads\/2021\/03\/logo-ver-3-1.png\",\"width\":350,\"height\":95,\"caption\":\"TuzlaInfo.ba\"},\"image\":{\"@id\":\"https:\/\/tuzlainfo.ba\/#\/schema\/logo\/image\/\"},\"sameAs\":[\"https:\/\/www.facebook.com\/tuzlainfo.ba\/\"]},{\"@type\":\"Person\",\"@id\":\"https:\/\/tuzlainfo.ba\/#\/schema\/person\/f434e20dc27ea133923aab08451b7f7f\",\"name\":\"nedim\",\"image\":{\"@type\":\"ImageObject\",\"inLanguage\":\"bs-BA\",\"@id\":\"https:\/\/tuzlainfo.ba\/#\/schema\/person\/image\/\",\"url\":\"https:\/\/tuzlainfo.ba\/wp-content\/litespeed\/avatar\/aabad687af24844af817603ac1cbdc4f.jpg?ver=1777306975\",\"contentUrl\":\"https:\/\/tuzlainfo.ba\/wp-content\/litespeed\/avatar\/aabad687af24844af817603ac1cbdc4f.jpg?ver=1777306975\",\"caption\":\"nedim\"},\"description\":\"Tuzlainfo.ba pratite na dru\u0161tvenim mre\u017eama: Facebook, Instagram i Youtube. Svoje pri\u010de, upite i fotografije \u0161aljite na na\u0161u e-mail adresu.\"}]}<\/script>\n<!-- \/ Yoast SEO plugin. -->","yoast_head_json":{"title":"Najavljeno pet velikih koncerata u Tuzli u 2026. godini, sti\u017eu poznata imena - TuzlaInfo.ba","robots":{"index":"index","follow":"follow","max-snippet":"max-snippet:-1","max-image-preview":"max-image-preview:large","max-video-preview":"max-video-preview:-1"},"canonical":"https:\/\/tuzlainfo.ba\/index.php\/najava-dogadaja-2\/item\/291623-najavljeno-pet-velikih-koncerata-u-tuzli-u-2026-godini-stizu-poznata-imena\/","og_locale":"bs_BA","og_type":"article","og_title":"Najavljeno pet velikih koncerata u Tuzli u 2026. godini, sti\u017eu poznata imena - TuzlaInfo.ba","og_description":"Iako je 2026. godina tek pred nama, Tuzla se ve\u0107 sada pozicionira kao jedno od&hellip;","og_url":"https:\/\/tuzlainfo.ba\/index.php\/najava-dogadaja-2\/item\/291623-najavljeno-pet-velikih-koncerata-u-tuzli-u-2026-godini-stizu-poznata-imena\/","og_site_name":"TuzlaInfo.ba","article_publisher":"https:\/\/www.facebook.com\/tuzlainfo.ba\/","article_published_time":"2026-01-11T17:11:21+00:00","article_modified_time":"2026-01-11T17:42:22+00:00","og_image":[{"width":808,"height":468,"url":"https:\/\/tuzlainfo.ba\/wp-content\/uploads\/2026\/01\/1101_koncert_mejdan.jpg","type":"image\/jpeg"}],"author":"nedim","twitter_card":"summary_large_image","twitter_misc":{"Written by":"nedim","Est. reading time":"4 minute"},"schema":{"@context":"https:\/\/schema.org","@graph":[{"@type":"Article","@id":"https:\/\/tuzlainfo.ba\/index.php\/najava-dogadaja-2\/item\/291623-najavljeno-pet-velikih-koncerata-u-tuzli-u-2026-godini-stizu-poznata-imena\/#article","isPartOf":{"@id":"https:\/\/tuzlainfo.ba\/index.php\/najava-dogadaja-2\/item\/291623-najavljeno-pet-velikih-koncerata-u-tuzli-u-2026-godini-stizu-poznata-imena\/"},"author":{"name":"nedim","@id":"https:\/\/tuzlainfo.ba\/#\/schema\/person\/f434e20dc27ea133923aab08451b7f7f"},"headline":"Najavljeno pet velikih koncerata u Tuzli u 2026. godini, sti\u017eu poznata imena","datePublished":"2026-01-11T17:11:21+00:00","dateModified":"2026-01-11T17:42:22+00:00","mainEntityOfPage":{"@id":"https:\/\/tuzlainfo.ba\/index.php\/najava-dogadaja-2\/item\/291623-najavljeno-pet-velikih-koncerata-u-tuzli-u-2026-godini-stizu-poznata-imena\/"},"wordCount":405,"publisher":{"@id":"https:\/\/tuzlainfo.ba\/#organization"},"image":{"@id":"https:\/\/tuzlainfo.ba\/index.php\/najava-dogadaja-2\/item\/291623-najavljeno-pet-velikih-koncerata-u-tuzli-u-2026-godini-stizu-poznata-imena\/#primaryimage"},"thumbnailUrl":"https:\/\/tuzlainfo.ba\/wp-content\/uploads\/2026\/01\/1101_koncert_mejdan.jpg","keywords":["gr\u0161e","koncerti","koncerti 2026","Lepa brena","sa\u0161a mati\u0107","tuzla"],"articleSection":["Istaknuto","Najave i doga\u0111aji","Preporu\u010dujemo"],"inLanguage":"bs-BA"},{"@type":"WebPage","@id":"https:\/\/tuzlainfo.ba\/index.php\/najava-dogadaja-2\/item\/291623-najavljeno-pet-velikih-koncerata-u-tuzli-u-2026-godini-stizu-poznata-imena\/","url":"https:\/\/tuzlainfo.ba\/index.php\/najava-dogadaja-2\/item\/291623-najavljeno-pet-velikih-koncerata-u-tuzli-u-2026-godini-stizu-poznata-imena\/","name":"Najavljeno pet velikih koncerata u Tuzli u 2026. godini, sti\u017eu poznata imena - TuzlaInfo.ba","isPartOf":{"@id":"https:\/\/tuzlainfo.ba\/#website"},"primaryImageOfPage":{"@id":"https:\/\/tuzlainfo.ba\/index.php\/najava-dogadaja-2\/item\/291623-najavljeno-pet-velikih-koncerata-u-tuzli-u-2026-godini-stizu-poznata-imena\/#primaryimage"},"image":{"@id":"https:\/\/tuzlainfo.ba\/index.php\/najava-dogadaja-2\/item\/291623-najavljeno-pet-velikih-koncerata-u-tuzli-u-2026-godini-stizu-poznata-imena\/#primaryimage"},"thumbnailUrl":"https:\/\/tuzlainfo.ba\/wp-content\/uploads\/2026\/01\/1101_koncert_mejdan.jpg","datePublished":"2026-01-11T17:11:21+00:00","dateModified":"2026-01-11T17:42:22+00:00","breadcrumb":{"@id":"https:\/\/tuzlainfo.ba\/index.php\/najava-dogadaja-2\/item\/291623-najavljeno-pet-velikih-koncerata-u-tuzli-u-2026-godini-stizu-poznata-imena\/#breadcrumb"},"inLanguage":"bs-BA","potentialAction":[{"@type":"ReadAction","target":["https:\/\/tuzlainfo.ba\/index.php\/najava-dogadaja-2\/item\/291623-najavljeno-pet-velikih-koncerata-u-tuzli-u-2026-godini-stizu-poznata-imena\/"]}]},{"@type":"ImageObject","inLanguage":"bs-BA","@id":"https:\/\/tuzlainfo.ba\/index.php\/najava-dogadaja-2\/item\/291623-najavljeno-pet-velikih-koncerata-u-tuzli-u-2026-godini-stizu-poznata-imena\/#primaryimage","url":"https:\/\/tuzlainfo.ba\/wp-content\/uploads\/2026\/01\/1101_koncert_mejdan.jpg","contentUrl":"https:\/\/tuzlainfo.ba\/wp-content\/uploads\/2026\/01\/1101_koncert_mejdan.jpg","width":808,"height":468},{"@type":"BreadcrumbList","@id":"https:\/\/tuzlainfo.ba\/index.php\/najava-dogadaja-2\/item\/291623-najavljeno-pet-velikih-koncerata-u-tuzli-u-2026-godini-stizu-poznata-imena\/#breadcrumb","itemListElement":[{"@type":"ListItem","position":1,"name":"Home","item":"https:\/\/tuzlainfo.ba\/"},{"@type":"ListItem","position":2,"name":"Najavljeno pet velikih koncerata u Tuzli u 2026. godini, sti\u017eu poznata imena"}]},{"@type":"WebSite","@id":"https:\/\/tuzlainfo.ba\/#website","url":"https:\/\/tuzlainfo.ba\/","name":"TuzlaInfo.ba","description":"Tuzla info, gradski informator - Tuzla na dlanu","publisher":{"@id":"https:\/\/tuzlainfo.ba\/#organization"},"potentialAction":[{"@type":"SearchAction","target":{"@type":"EntryPoint","urlTemplate":"https:\/\/tuzlainfo.ba\/?s={search_term_string}"},"query-input":{"@type":"PropertyValueSpecification","valueRequired":true,"valueName":"search_term_string"}}],"inLanguage":"bs-BA"},{"@type":"Organization","@id":"https:\/\/tuzlainfo.ba\/#organization","name":"TuzlaInfo.ba","url":"https:\/\/tuzlainfo.ba\/","logo":{"@type":"ImageObject","inLanguage":"bs-BA","@id":"https:\/\/tuzlainfo.ba\/#\/schema\/logo\/image\/","url":"https:\/\/tuzlainfo.ba\/wp-content\/uploads\/2021\/03\/logo-ver-3-1.png","contentUrl":"https:\/\/tuzlainfo.ba\/wp-content\/uploads\/2021\/03\/logo-ver-3-1.png","width":350,"height":95,"caption":"TuzlaInfo.ba"},"image":{"@id":"https:\/\/tuzlainfo.ba\/#\/schema\/logo\/image\/"},"sameAs":["https:\/\/www.facebook.com\/tuzlainfo.ba\/"]},{"@type":"Person","@id":"https:\/\/tuzlainfo.ba\/#\/schema\/person\/f434e20dc27ea133923aab08451b7f7f","name":"nedim","image":{"@type":"ImageObject","inLanguage":"bs-BA","@id":"https:\/\/tuzlainfo.ba\/#\/schema\/person\/image\/","url":"https:\/\/tuzlainfo.ba\/wp-content\/litespeed\/avatar\/aabad687af24844af817603ac1cbdc4f.jpg?ver=1777306975","contentUrl":"https:\/\/tuzlainfo.ba\/wp-content\/litespeed\/avatar\/aabad687af24844af817603ac1cbdc4f.jpg?ver=1777306975","caption":"nedim"},"description":"Tuzlainfo.ba pratite na dru\u0161tvenim mre\u017eama: Facebook, Instagram i Youtube. Svoje pri\u010de, upite i fotografije \u0161aljite na na\u0161u e-mail adresu."}]}},"_links":{"self":[{"href":"https:\/\/tuzlainfo.ba\/index.php\/wp-json\/wp\/v2\/posts\/291623"}],"collection":[{"href":"https:\/\/tuzlainfo.ba\/index.php\/wp-json\/wp\/v2\/posts"}],"about":[{"href":"https:\/\/tuzlainfo.ba\/index.php\/wp-json\/wp\/v2\/types\/post"}],"author":[{"embeddable":true,"href":"https:\/\/tuzlainfo.ba\/index.php\/wp-json\/wp\/v2\/users\/2"}],"replies":[{"embeddable":true,"href":"https:\/\/tuzlainfo.ba\/index.php\/wp-json\/wp\/v2\/comments?post=291623"}],"version-history":[{"count":1,"href":"https:\/\/tuzlainfo.ba\/index.php\/wp-json\/wp\/v2\/posts\/291623\/revisions"}],"predecessor-version":[{"id":291632,"href":"https:\/\/tuzlainfo.ba\/index.php\/wp-json\/wp\/v2\/posts\/291623\/revisions\/291632"}],"wp:featuredmedia":[{"embeddable":true,"href":"https:\/\/tuzlainfo.ba\/index.php\/wp-json\/wp\/v2\/media\/291624"}],"wp:attachment":[{"href":"https:\/\/tuzlainfo.ba\/index.php\/wp-json\/wp\/v2\/media?parent=291623"}],"wp:term":[{"taxonomy":"category","embeddable":true,"href":"https:\/\/tuzlainfo.ba\/index.php\/wp-json\/wp\/v2\/categories?post=291623"},{"taxonomy":"post_tag","embeddable":true,"href":"https:\/\/tuzlainfo.ba\/index.php\/wp-json\/wp\/v2\/tags?post=291623"}],"curies":[{"name":"wp","href":"https:\/\/api.w.org\/{rel}","templated":true}]}}