{"id":291591,"date":"2026-01-10T11:00:39","date_gmt":"2026-01-10T10:00:39","guid":{"rendered":"https:\/\/tuzlainfo.ba\/?p=291591"},"modified":"2026-01-09T22:44:35","modified_gmt":"2026-01-09T21:44:35","slug":"svi-na-snijeg-otvaranje-zimske-sezone-na-karauli","status":"publish","type":"post","link":"https:\/\/tuzlainfo.ba\/index.php\/najava-dogadaja-2\/item\/291591-svi-na-snijeg-otvaranje-zimske-sezone-na-karauli\/","title":{"rendered":"&#8220;Svi na snijeg&#8221;: Otvaranje zimske sezone na Karauli"},"content":{"rendered":"<p>Zimska turisti\u010dka sezona na podru\u010dju op\u0107ine Kladanj bit \u0107e sve\u010dano otvorena danas na skijali\u0161tu Karaula, u okviru manifestacije \u201cSvi na snijeg\u201d.<\/p>\n<p>Doma\u0107ini i organizatori iz JP Karaula d.o.o. Kladanj pozivaju sve skija\u0161e, rekreativce, turiste, planinare i ljubitelje prirode iz Kladnja, susjednih op\u0107ina, Tuzle i cijelog Tuzlanskog kantona da zimske dane provedu u prelijepom prirodnom ambijentu Karaula. Posjetioci \u0107e imati priliku u\u017eivati u skijanju, sankanju, grudvanju, \u0161etnjama i svim \u010darima zimske idile koje ovaj prostor nudi.<\/p>\n<p>Na skijali\u0161tu je osiguran ure\u0111eni parking prostor, kao i ugostiteljske usluge u restoranu koji se nalazi na polaznoj stanici ski-lifta. Za one koji prvi put \u017eele stati na skije, a nemaju vlastitu opremu, omogu\u0107eno je rentanje kompletne ski opreme.<\/p>\n<p>Radno vrijeme skijali\u0161ta tokom sezone je radnim danima od 12 do 16 sati, dok je subotom i nedjeljom otvoreno od 9 do 16 sati.<\/p>\n<p>Organizatori poru\u010duju da je Karaula spremna da i ove zime bude jedno od omiljenih izleti\u0161ta za sve koji \u017eele aktivan odmor i u\u017eivanje u snijegu na podru\u010dju Tuzlanskog kantona.<\/p>\n","protected":false},"excerpt":{"rendered":"<p>Zimska turisti\u010dka sezona na podru\u010dju op\u0107ine Kladanj bit \u0107e sve\u010dano otvorena danas na skijali\u0161tu Karaula,&hellip;<\/p>\n","protected":false},"author":8,"featured_media":291592,"comment_status":"closed","ping_status":"closed","sticky":false,"template":"","format":"standard","meta":{"_acf_changed":false,"footnotes":""},"categories":[304,11],"tags":[840,13284,4003],"acf":[],"yoast_head":"<!-- This site is optimized with the Yoast SEO plugin v23.5 - https:\/\/yoast.com\/wordpress\/plugins\/seo\/ -->\n<title>&quot;Svi na snijeg&quot;: Otvaranje zimske sezone na Karauli - TuzlaInfo.ba<\/title>\n<meta name=\"robots\" content=\"index, follow, max-snippet:-1, max-image-preview:large, max-video-preview:-1\" \/>\n<link rel=\"canonical\" href=\"https:\/\/tuzlainfo.ba\/index.php\/najava-dogadaja-2\/item\/291591-svi-na-snijeg-otvaranje-zimske-sezone-na-karauli\/\" \/>\n<meta property=\"og:locale\" content=\"bs_BA\" \/>\n<meta property=\"og:type\" content=\"article\" \/>\n<meta property=\"og:title\" content=\"&quot;Svi na snijeg&quot;: Otvaranje zimske sezone na Karauli - TuzlaInfo.ba\" \/>\n<meta property=\"og:description\" content=\"Zimska turisti\u010dka sezona na podru\u010dju op\u0107ine Kladanj bit \u0107e sve\u010dano otvorena danas na skijali\u0161tu Karaula,&hellip;\" \/>\n<meta property=\"og:url\" content=\"https:\/\/tuzlainfo.ba\/index.php\/najava-dogadaja-2\/item\/291591-svi-na-snijeg-otvaranje-zimske-sezone-na-karauli\/\" \/>\n<meta property=\"og:site_name\" content=\"TuzlaInfo.ba\" \/>\n<meta property=\"article:publisher\" content=\"https:\/\/www.facebook.com\/tuzlainfo.ba\/\" \/>\n<meta property=\"article:published_time\" content=\"2026-01-10T10:00:39+00:00\" \/>\n<meta property=\"article:modified_time\" content=\"2026-01-09T21:44:35+00:00\" \/>\n<meta property=\"og:image\" content=\"https:\/\/tuzlainfo.ba\/wp-content\/uploads\/2026\/01\/ski-lift-karaula-1.jpg\" \/>\n\t<meta property=\"og:image:width\" content=\"1536\" \/>\n\t<meta property=\"og:image:height\" content=\"1152\" \/>\n\t<meta property=\"og:image:type\" content=\"image\/jpeg\" \/>\n<meta name=\"author\" content=\"Admin Tri\" \/>\n<meta name=\"twitter:card\" content=\"summary_large_image\" \/>\n<meta name=\"twitter:label1\" content=\"Written by\" \/>\n\t<meta name=\"twitter:data1\" content=\"Admin Tri\" \/>\n\t<meta name=\"twitter:label2\" content=\"Est. reading time\" \/>\n\t<meta name=\"twitter:data2\" content=\"2 minute\" \/>\n<script type=\"application\/ld+json\" class=\"yoast-schema-graph\">{\"@context\":\"https:\/\/schema.org\",\"@graph\":[{\"@type\":\"Article\",\"@id\":\"https:\/\/tuzlainfo.ba\/index.php\/najava-dogadaja-2\/item\/291591-svi-na-snijeg-otvaranje-zimske-sezone-na-karauli\/#article\",\"isPartOf\":{\"@id\":\"https:\/\/tuzlainfo.ba\/index.php\/najava-dogadaja-2\/item\/291591-svi-na-snijeg-otvaranje-zimske-sezone-na-karauli\/\"},\"author\":{\"name\":\"Admin Tri\",\"@id\":\"https:\/\/tuzlainfo.ba\/#\/schema\/person\/593e78a2f6378c5ba3e7600ecfa4e63a\"},\"headline\":\"&#8220;Svi na snijeg&#8221;: Otvaranje zimske sezone na Karauli\",\"datePublished\":\"2026-01-10T10:00:39+00:00\",\"dateModified\":\"2026-01-09T21:44:35+00:00\",\"mainEntityOfPage\":{\"@id\":\"https:\/\/tuzlainfo.ba\/index.php\/najava-dogadaja-2\/item\/291591-svi-na-snijeg-otvaranje-zimske-sezone-na-karauli\/\"},\"wordCount\":190,\"publisher\":{\"@id\":\"https:\/\/tuzlainfo.ba\/#organization\"},\"image\":{\"@id\":\"https:\/\/tuzlainfo.ba\/index.php\/najava-dogadaja-2\/item\/291591-svi-na-snijeg-otvaranje-zimske-sezone-na-karauli\/#primaryimage\"},\"thumbnailUrl\":\"https:\/\/tuzlainfo.ba\/wp-content\/uploads\/2026\/01\/ski-lift-karaula-1.jpg\",\"keywords\":[\"Karaula\",\"ski lift\",\"skijanje\"],\"articleSection\":[\"Istaknuto\",\"Najave i doga\u0111aji\"],\"inLanguage\":\"bs-BA\"},{\"@type\":\"WebPage\",\"@id\":\"https:\/\/tuzlainfo.ba\/index.php\/najava-dogadaja-2\/item\/291591-svi-na-snijeg-otvaranje-zimske-sezone-na-karauli\/\",\"url\":\"https:\/\/tuzlainfo.ba\/index.php\/najava-dogadaja-2\/item\/291591-svi-na-snijeg-otvaranje-zimske-sezone-na-karauli\/\",\"name\":\"\\\"Svi na snijeg\\\": Otvaranje zimske sezone na Karauli - TuzlaInfo.ba\",\"isPartOf\":{\"@id\":\"https:\/\/tuzlainfo.ba\/#website\"},\"primaryImageOfPage\":{\"@id\":\"https:\/\/tuzlainfo.ba\/index.php\/najava-dogadaja-2\/item\/291591-svi-na-snijeg-otvaranje-zimske-sezone-na-karauli\/#primaryimage\"},\"image\":{\"@id\":\"https:\/\/tuzlainfo.ba\/index.php\/najava-dogadaja-2\/item\/291591-svi-na-snijeg-otvaranje-zimske-sezone-na-karauli\/#primaryimage\"},\"thumbnailUrl\":\"https:\/\/tuzlainfo.ba\/wp-content\/uploads\/2026\/01\/ski-lift-karaula-1.jpg\",\"datePublished\":\"2026-01-10T10:00:39+00:00\",\"dateModified\":\"2026-01-09T21:44:35+00:00\",\"breadcrumb\":{\"@id\":\"https:\/\/tuzlainfo.ba\/index.php\/najava-dogadaja-2\/item\/291591-svi-na-snijeg-otvaranje-zimske-sezone-na-karauli\/#breadcrumb\"},\"inLanguage\":\"bs-BA\",\"potentialAction\":[{\"@type\":\"ReadAction\",\"target\":[\"https:\/\/tuzlainfo.ba\/index.php\/najava-dogadaja-2\/item\/291591-svi-na-snijeg-otvaranje-zimske-sezone-na-karauli\/\"]}]},{\"@type\":\"ImageObject\",\"inLanguage\":\"bs-BA\",\"@id\":\"https:\/\/tuzlainfo.ba\/index.php\/najava-dogadaja-2\/item\/291591-svi-na-snijeg-otvaranje-zimske-sezone-na-karauli\/#primaryimage\",\"url\":\"https:\/\/tuzlainfo.ba\/wp-content\/uploads\/2026\/01\/ski-lift-karaula-1.jpg\",\"contentUrl\":\"https:\/\/tuzlainfo.ba\/wp-content\/uploads\/2026\/01\/ski-lift-karaula-1.jpg\",\"width\":1536,\"height\":1152},{\"@type\":\"BreadcrumbList\",\"@id\":\"https:\/\/tuzlainfo.ba\/index.php\/najava-dogadaja-2\/item\/291591-svi-na-snijeg-otvaranje-zimske-sezone-na-karauli\/#breadcrumb\",\"itemListElement\":[{\"@type\":\"ListItem\",\"position\":1,\"name\":\"Home\",\"item\":\"https:\/\/tuzlainfo.ba\/\"},{\"@type\":\"ListItem\",\"position\":2,\"name\":\"&#8220;Svi na snijeg&#8221;: Otvaranje zimske sezone na Karauli\"}]},{\"@type\":\"WebSite\",\"@id\":\"https:\/\/tuzlainfo.ba\/#website\",\"url\":\"https:\/\/tuzlainfo.ba\/\",\"name\":\"TuzlaInfo.ba\",\"description\":\"Tuzla info, gradski informator - Tuzla na dlanu\",\"publisher\":{\"@id\":\"https:\/\/tuzlainfo.ba\/#organization\"},\"potentialAction\":[{\"@type\":\"SearchAction\",\"target\":{\"@type\":\"EntryPoint\",\"urlTemplate\":\"https:\/\/tuzlainfo.ba\/?s={search_term_string}\"},\"query-input\":{\"@type\":\"PropertyValueSpecification\",\"valueRequired\":true,\"valueName\":\"search_term_string\"}}],\"inLanguage\":\"bs-BA\"},{\"@type\":\"Organization\",\"@id\":\"https:\/\/tuzlainfo.ba\/#organization\",\"name\":\"TuzlaInfo.ba\",\"url\":\"https:\/\/tuzlainfo.ba\/\",\"logo\":{\"@type\":\"ImageObject\",\"inLanguage\":\"bs-BA\",\"@id\":\"https:\/\/tuzlainfo.ba\/#\/schema\/logo\/image\/\",\"url\":\"https:\/\/tuzlainfo.ba\/wp-content\/uploads\/2021\/03\/logo-ver-3-1.png\",\"contentUrl\":\"https:\/\/tuzlainfo.ba\/wp-content\/uploads\/2021\/03\/logo-ver-3-1.png\",\"width\":350,\"height\":95,\"caption\":\"TuzlaInfo.ba\"},\"image\":{\"@id\":\"https:\/\/tuzlainfo.ba\/#\/schema\/logo\/image\/\"},\"sameAs\":[\"https:\/\/www.facebook.com\/tuzlainfo.ba\/\"]},{\"@type\":\"Person\",\"@id\":\"https:\/\/tuzlainfo.ba\/#\/schema\/person\/593e78a2f6378c5ba3e7600ecfa4e63a\",\"name\":\"Admin Tri\",\"image\":{\"@type\":\"ImageObject\",\"inLanguage\":\"bs-BA\",\"@id\":\"https:\/\/tuzlainfo.ba\/#\/schema\/person\/image\/\",\"url\":\"https:\/\/tuzlainfo.ba\/wp-content\/litespeed\/avatar\/b7920db4cc34a71ad12497283ad2fe3f.jpg?ver=1777100914\",\"contentUrl\":\"https:\/\/tuzlainfo.ba\/wp-content\/litespeed\/avatar\/b7920db4cc34a71ad12497283ad2fe3f.jpg?ver=1777100914\",\"caption\":\"Admin Tri\"},\"sameAs\":[\"https:\/\/tuzlainfo.ba\"]}]}<\/script>\n<!-- \/ Yoast SEO plugin. -->","yoast_head_json":{"title":"\"Svi na snijeg\": Otvaranje zimske sezone na Karauli - TuzlaInfo.ba","robots":{"index":"index","follow":"follow","max-snippet":"max-snippet:-1","max-image-preview":"max-image-preview:large","max-video-preview":"max-video-preview:-1"},"canonical":"https:\/\/tuzlainfo.ba\/index.php\/najava-dogadaja-2\/item\/291591-svi-na-snijeg-otvaranje-zimske-sezone-na-karauli\/","og_locale":"bs_BA","og_type":"article","og_title":"\"Svi na snijeg\": Otvaranje zimske sezone na Karauli - TuzlaInfo.ba","og_description":"Zimska turisti\u010dka sezona na podru\u010dju op\u0107ine Kladanj bit \u0107e sve\u010dano otvorena danas na skijali\u0161tu Karaula,&hellip;","og_url":"https:\/\/tuzlainfo.ba\/index.php\/najava-dogadaja-2\/item\/291591-svi-na-snijeg-otvaranje-zimske-sezone-na-karauli\/","og_site_name":"TuzlaInfo.ba","article_publisher":"https:\/\/www.facebook.com\/tuzlainfo.ba\/","article_published_time":"2026-01-10T10:00:39+00:00","article_modified_time":"2026-01-09T21:44:35+00:00","og_image":[{"width":1536,"height":1152,"url":"https:\/\/tuzlainfo.ba\/wp-content\/uploads\/2026\/01\/ski-lift-karaula-1.jpg","type":"image\/jpeg"}],"author":"Admin Tri","twitter_card":"summary_large_image","twitter_misc":{"Written by":"Admin Tri","Est. reading time":"2 minute"},"schema":{"@context":"https:\/\/schema.org","@graph":[{"@type":"Article","@id":"https:\/\/tuzlainfo.ba\/index.php\/najava-dogadaja-2\/item\/291591-svi-na-snijeg-otvaranje-zimske-sezone-na-karauli\/#article","isPartOf":{"@id":"https:\/\/tuzlainfo.ba\/index.php\/najava-dogadaja-2\/item\/291591-svi-na-snijeg-otvaranje-zimske-sezone-na-karauli\/"},"author":{"name":"Admin Tri","@id":"https:\/\/tuzlainfo.ba\/#\/schema\/person\/593e78a2f6378c5ba3e7600ecfa4e63a"},"headline":"&#8220;Svi na snijeg&#8221;: Otvaranje zimske sezone na Karauli","datePublished":"2026-01-10T10:00:39+00:00","dateModified":"2026-01-09T21:44:35+00:00","mainEntityOfPage":{"@id":"https:\/\/tuzlainfo.ba\/index.php\/najava-dogadaja-2\/item\/291591-svi-na-snijeg-otvaranje-zimske-sezone-na-karauli\/"},"wordCount":190,"publisher":{"@id":"https:\/\/tuzlainfo.ba\/#organization"},"image":{"@id":"https:\/\/tuzlainfo.ba\/index.php\/najava-dogadaja-2\/item\/291591-svi-na-snijeg-otvaranje-zimske-sezone-na-karauli\/#primaryimage"},"thumbnailUrl":"https:\/\/tuzlainfo.ba\/wp-content\/uploads\/2026\/01\/ski-lift-karaula-1.jpg","keywords":["Karaula","ski lift","skijanje"],"articleSection":["Istaknuto","Najave i doga\u0111aji"],"inLanguage":"bs-BA"},{"@type":"WebPage","@id":"https:\/\/tuzlainfo.ba\/index.php\/najava-dogadaja-2\/item\/291591-svi-na-snijeg-otvaranje-zimske-sezone-na-karauli\/","url":"https:\/\/tuzlainfo.ba\/index.php\/najava-dogadaja-2\/item\/291591-svi-na-snijeg-otvaranje-zimske-sezone-na-karauli\/","name":"\"Svi na snijeg\": Otvaranje zimske sezone na Karauli - TuzlaInfo.ba","isPartOf":{"@id":"https:\/\/tuzlainfo.ba\/#website"},"primaryImageOfPage":{"@id":"https:\/\/tuzlainfo.ba\/index.php\/najava-dogadaja-2\/item\/291591-svi-na-snijeg-otvaranje-zimske-sezone-na-karauli\/#primaryimage"},"image":{"@id":"https:\/\/tuzlainfo.ba\/index.php\/najava-dogadaja-2\/item\/291591-svi-na-snijeg-otvaranje-zimske-sezone-na-karauli\/#primaryimage"},"thumbnailUrl":"https:\/\/tuzlainfo.ba\/wp-content\/uploads\/2026\/01\/ski-lift-karaula-1.jpg","datePublished":"2026-01-10T10:00:39+00:00","dateModified":"2026-01-09T21:44:35+00:00","breadcrumb":{"@id":"https:\/\/tuzlainfo.ba\/index.php\/najava-dogadaja-2\/item\/291591-svi-na-snijeg-otvaranje-zimske-sezone-na-karauli\/#breadcrumb"},"inLanguage":"bs-BA","potentialAction":[{"@type":"ReadAction","target":["https:\/\/tuzlainfo.ba\/index.php\/najava-dogadaja-2\/item\/291591-svi-na-snijeg-otvaranje-zimske-sezone-na-karauli\/"]}]},{"@type":"ImageObject","inLanguage":"bs-BA","@id":"https:\/\/tuzlainfo.ba\/index.php\/najava-dogadaja-2\/item\/291591-svi-na-snijeg-otvaranje-zimske-sezone-na-karauli\/#primaryimage","url":"https:\/\/tuzlainfo.ba\/wp-content\/uploads\/2026\/01\/ski-lift-karaula-1.jpg","contentUrl":"https:\/\/tuzlainfo.ba\/wp-content\/uploads\/2026\/01\/ski-lift-karaula-1.jpg","width":1536,"height":1152},{"@type":"BreadcrumbList","@id":"https:\/\/tuzlainfo.ba\/index.php\/najava-dogadaja-2\/item\/291591-svi-na-snijeg-otvaranje-zimske-sezone-na-karauli\/#breadcrumb","itemListElement":[{"@type":"ListItem","position":1,"name":"Home","item":"https:\/\/tuzlainfo.ba\/"},{"@type":"ListItem","position":2,"name":"&#8220;Svi na snijeg&#8221;: Otvaranje zimske sezone na Karauli"}]},{"@type":"WebSite","@id":"https:\/\/tuzlainfo.ba\/#website","url":"https:\/\/tuzlainfo.ba\/","name":"TuzlaInfo.ba","description":"Tuzla info, gradski informator - Tuzla na dlanu","publisher":{"@id":"https:\/\/tuzlainfo.ba\/#organization"},"potentialAction":[{"@type":"SearchAction","target":{"@type":"EntryPoint","urlTemplate":"https:\/\/tuzlainfo.ba\/?s={search_term_string}"},"query-input":{"@type":"PropertyValueSpecification","valueRequired":true,"valueName":"search_term_string"}}],"inLanguage":"bs-BA"},{"@type":"Organization","@id":"https:\/\/tuzlainfo.ba\/#organization","name":"TuzlaInfo.ba","url":"https:\/\/tuzlainfo.ba\/","logo":{"@type":"ImageObject","inLanguage":"bs-BA","@id":"https:\/\/tuzlainfo.ba\/#\/schema\/logo\/image\/","url":"https:\/\/tuzlainfo.ba\/wp-content\/uploads\/2021\/03\/logo-ver-3-1.png","contentUrl":"https:\/\/tuzlainfo.ba\/wp-content\/uploads\/2021\/03\/logo-ver-3-1.png","width":350,"height":95,"caption":"TuzlaInfo.ba"},"image":{"@id":"https:\/\/tuzlainfo.ba\/#\/schema\/logo\/image\/"},"sameAs":["https:\/\/www.facebook.com\/tuzlainfo.ba\/"]},{"@type":"Person","@id":"https:\/\/tuzlainfo.ba\/#\/schema\/person\/593e78a2f6378c5ba3e7600ecfa4e63a","name":"Admin Tri","image":{"@type":"ImageObject","inLanguage":"bs-BA","@id":"https:\/\/tuzlainfo.ba\/#\/schema\/person\/image\/","url":"https:\/\/tuzlainfo.ba\/wp-content\/litespeed\/avatar\/b7920db4cc34a71ad12497283ad2fe3f.jpg?ver=1777100914","contentUrl":"https:\/\/tuzlainfo.ba\/wp-content\/litespeed\/avatar\/b7920db4cc34a71ad12497283ad2fe3f.jpg?ver=1777100914","caption":"Admin Tri"},"sameAs":["https:\/\/tuzlainfo.ba"]}]}},"_links":{"self":[{"href":"https:\/\/tuzlainfo.ba\/index.php\/wp-json\/wp\/v2\/posts\/291591"}],"collection":[{"href":"https:\/\/tuzlainfo.ba\/index.php\/wp-json\/wp\/v2\/posts"}],"about":[{"href":"https:\/\/tuzlainfo.ba\/index.php\/wp-json\/wp\/v2\/types\/post"}],"author":[{"embeddable":true,"href":"https:\/\/tuzlainfo.ba\/index.php\/wp-json\/wp\/v2\/users\/8"}],"replies":[{"embeddable":true,"href":"https:\/\/tuzlainfo.ba\/index.php\/wp-json\/wp\/v2\/comments?post=291591"}],"version-history":[{"count":1,"href":"https:\/\/tuzlainfo.ba\/index.php\/wp-json\/wp\/v2\/posts\/291591\/revisions"}],"predecessor-version":[{"id":291593,"href":"https:\/\/tuzlainfo.ba\/index.php\/wp-json\/wp\/v2\/posts\/291591\/revisions\/291593"}],"wp:featuredmedia":[{"embeddable":true,"href":"https:\/\/tuzlainfo.ba\/index.php\/wp-json\/wp\/v2\/media\/291592"}],"wp:attachment":[{"href":"https:\/\/tuzlainfo.ba\/index.php\/wp-json\/wp\/v2\/media?parent=291591"}],"wp:term":[{"taxonomy":"category","embeddable":true,"href":"https:\/\/tuzlainfo.ba\/index.php\/wp-json\/wp\/v2\/categories?post=291591"},{"taxonomy":"post_tag","embeddable":true,"href":"https:\/\/tuzlainfo.ba\/index.php\/wp-json\/wp\/v2\/tags?post=291591"}],"curies":[{"name":"wp","href":"https:\/\/api.w.org\/{rel}","templated":true}]}}