{"id":291506,"date":"2026-01-09T07:48:33","date_gmt":"2026-01-09T06:48:33","guid":{"rendered":"https:\/\/tuzlainfo.ba\/?p=291506"},"modified":"2026-01-09T07:49:45","modified_gmt":"2026-01-09T06:49:45","slug":"jutros-debeli-minus-danas-naoblacenje-kakvo-nas-vrijeme-ocekuje-u-naredna-tri-dana","status":"publish","type":"post","link":"https:\/\/tuzlainfo.ba\/index.php\/bosna-i-hercegovina\/item\/291506-jutros-debeli-minus-danas-naoblacenje-kakvo-nas-vrijeme-ocekuje-u-naredna-tri-dana\/","title":{"rendered":"Jutros debeli minus, danas naobla\u010denje: Kakvo nas vrijeme o\u010dekuje u naredna tri dana?"},"content":{"rendered":"<p>Jutros je u Bosni i Hercegovini prete\u017eno obla\u010dno vrijeme sa slabim snijegom.<\/p>\n<p>Temperature zraka izmjerene u 7:00 sati (\u00b0C): Drvar i Zenica -11; Bijeljina -10 Sarajevo -9; Doboj, Sanski Most i Tuzla -8; Bjela\u0161nica i Livno -7; Banja Luka -6; Biha\u0107 -5; Mostar -2; Trebinje -1\u00b0C.<\/p>\n<p>Prema prognozi FHMZ-a danas novo naobla\u010denje sa zapada \u0107e usloviti novi snijeg u vi\u0161im podru\u010djima, a u nizinama \u0107e padati i ki\u0161a koja \u0107e se lediti. Vjetar je slab do umjerene ja\u010dine ju\u017enog i jugozapadnog smjera. Najni\u017ea jutarnja temperatura zraka ve\u0107inom izme\u0111u -14 i -8\u00b0C, na jugu zemlje do -2\u00b0C. Najvi\u0161a dnevna temperatura zraka uglavnom izme\u0111u -2 i 3\u00b0C, na jugu zemlje do 6\u00b0C.<\/p>\n<p><strong>U subotu 10.1.2026.<\/strong> u Bosni i Hercegovini prete\u017eno obla\u010dno vrijeme. U ve\u0107em dijelu zemlje \u0107e padati snijeg, na jugu ki\u0161a. Prije podne u nizinama mo\u017ee padati i ki\u0161a koja \u0107e se lediti. Prognozira se 5 do 15 centimetara novoga snijega. U jutarnjim satima \u0107e jo\u0161 biti vjetra sa juga, a ve\u0107 prije podne vjetar mijenja smjer na sjever. Vjetar je slab do umjerene ja\u010dine. U ve\u010dernjim satima ja\u010danje bure na podru\u010dju Hercegovine i jugozapadu Bosne. Temperatura zraka ve\u0107inom izme\u0111u -3 i 2\u00b0C, na jugu zemlje od 3 do 7\u00b0C.<\/p>\n<p><strong>U nedjelju 11.1.2026.<\/strong> prete\u017eno obla\u010dno vrijeme sa slabim snijegom zadr\u017ealo bi se na podru\u010dju Bosne i sjeveru Hercegovine. U ve\u0107em dijelu Hercegovine prije podne razvedravanje. Vjetar je umjerene ja\u010dine sjevernog i sjeverozapadnog smjera. Na podru\u010dju Hercegovine i jugozapadu Bosne bura. Temperatura zraka ve\u0107inom izme\u0111u -6 i -2\u00b0C, na jugu zemlje od 1 do 4\u00b0C. Ja\u010de zahla\u0111enje tokom no\u0107i na ponedjeljak.<\/p>\n<p><strong>U ponedjeljak<\/strong> 12.1.2026. u Bosni i Hercegovini o\u010dekuje se prestanak padavina i mala do umjerena obla\u010dnost. \u0160irom zemlje niske temperature zraka. Vjetar je u Bosni slab, mijenja smjer na jugo. Na podru\u010dju Hercegovine i jugozapadu Bosne bura \u0107e u jutarnjim satima oslabiti. Najni\u017ea jutarnja temperatura zraka ve\u0107inom izme\u0111u -15 i -10\u00b0C, na jugu zemlje do -4\u00b0C. Najvi\u0161a dnevna temperatura zraka uglavnom izme\u0111u -7 i -2\u00b0C, na jugu zemlje do 2\u00b0C.<\/p>\n","protected":false},"excerpt":{"rendered":"<p>Jutros je u Bosni i Hercegovini prete\u017eno obla\u010dno vrijeme sa slabim snijegom. Temperature zraka izmjerene&hellip;<\/p>\n","protected":false},"author":2,"featured_media":228174,"comment_status":"closed","ping_status":"closed","sticky":false,"template":"","format":"standard","meta":{"_acf_changed":false,"footnotes":""},"categories":[291,304],"tags":[1042,312],"acf":[],"yoast_head":"<!-- This site is optimized with the Yoast SEO plugin v23.5 - https:\/\/yoast.com\/wordpress\/plugins\/seo\/ -->\n<title>Jutros debeli minus, danas naobla\u010denje: Kakvo nas vrijeme o\u010dekuje u naredna tri dana? - TuzlaInfo.ba<\/title>\n<meta name=\"robots\" content=\"index, follow, max-snippet:-1, max-image-preview:large, max-video-preview:-1\" \/>\n<link rel=\"canonical\" href=\"https:\/\/tuzlainfo.ba\/index.php\/bosna-i-hercegovina\/item\/291506-jutros-debeli-minus-danas-naoblacenje-kakvo-nas-vrijeme-ocekuje-u-naredna-tri-dana\/\" \/>\n<meta property=\"og:locale\" content=\"bs_BA\" \/>\n<meta property=\"og:type\" content=\"article\" \/>\n<meta property=\"og:title\" content=\"Jutros debeli minus, danas naobla\u010denje: Kakvo nas vrijeme o\u010dekuje u naredna tri dana? - TuzlaInfo.ba\" \/>\n<meta property=\"og:description\" content=\"Jutros je u Bosni i Hercegovini prete\u017eno obla\u010dno vrijeme sa slabim snijegom. Temperature zraka izmjerene&hellip;\" \/>\n<meta property=\"og:url\" content=\"https:\/\/tuzlainfo.ba\/index.php\/bosna-i-hercegovina\/item\/291506-jutros-debeli-minus-danas-naoblacenje-kakvo-nas-vrijeme-ocekuje-u-naredna-tri-dana\/\" \/>\n<meta property=\"og:site_name\" content=\"TuzlaInfo.ba\" \/>\n<meta property=\"article:publisher\" content=\"https:\/\/www.facebook.com\/tuzlainfo.ba\/\" \/>\n<meta property=\"article:published_time\" content=\"2026-01-09T06:48:33+00:00\" \/>\n<meta property=\"article:modified_time\" content=\"2026-01-09T06:49:45+00:00\" \/>\n<meta property=\"og:image\" content=\"https:\/\/tuzlainfo.ba\/wp-content\/uploads\/2024\/01\/led_mraz_snijeg_minus1.jpg\" \/>\n\t<meta property=\"og:image:width\" content=\"2048\" \/>\n\t<meta property=\"og:image:height\" content=\"1537\" \/>\n\t<meta property=\"og:image:type\" content=\"image\/jpeg\" \/>\n<meta name=\"author\" content=\"nedim\" \/>\n<meta name=\"twitter:card\" content=\"summary_large_image\" \/>\n<meta name=\"twitter:label1\" content=\"Written by\" \/>\n\t<meta name=\"twitter:data1\" content=\"nedim\" \/>\n\t<meta name=\"twitter:label2\" content=\"Est. reading time\" \/>\n\t<meta name=\"twitter:data2\" content=\"2 minute\" \/>\n<script type=\"application\/ld+json\" class=\"yoast-schema-graph\">{\"@context\":\"https:\/\/schema.org\",\"@graph\":[{\"@type\":\"Article\",\"@id\":\"https:\/\/tuzlainfo.ba\/index.php\/bosna-i-hercegovina\/item\/291506-jutros-debeli-minus-danas-naoblacenje-kakvo-nas-vrijeme-ocekuje-u-naredna-tri-dana\/#article\",\"isPartOf\":{\"@id\":\"https:\/\/tuzlainfo.ba\/index.php\/bosna-i-hercegovina\/item\/291506-jutros-debeli-minus-danas-naoblacenje-kakvo-nas-vrijeme-ocekuje-u-naredna-tri-dana\/\"},\"author\":{\"name\":\"nedim\",\"@id\":\"https:\/\/tuzlainfo.ba\/#\/schema\/person\/f434e20dc27ea133923aab08451b7f7f\"},\"headline\":\"Jutros debeli minus, danas naobla\u010denje: Kakvo nas vrijeme o\u010dekuje u naredna tri dana?\",\"datePublished\":\"2026-01-09T06:48:33+00:00\",\"dateModified\":\"2026-01-09T06:49:45+00:00\",\"mainEntityOfPage\":{\"@id\":\"https:\/\/tuzlainfo.ba\/index.php\/bosna-i-hercegovina\/item\/291506-jutros-debeli-minus-danas-naoblacenje-kakvo-nas-vrijeme-ocekuje-u-naredna-tri-dana\/\"},\"wordCount\":389,\"publisher\":{\"@id\":\"https:\/\/tuzlainfo.ba\/#organization\"},\"image\":{\"@id\":\"https:\/\/tuzlainfo.ba\/index.php\/bosna-i-hercegovina\/item\/291506-jutros-debeli-minus-danas-naoblacenje-kakvo-nas-vrijeme-ocekuje-u-naredna-tri-dana\/#primaryimage\"},\"thumbnailUrl\":\"https:\/\/tuzlainfo.ba\/wp-content\/uploads\/2024\/01\/led_mraz_snijeg_minus1.jpg\",\"keywords\":[\"prognoza\",\"vrijeme\"],\"articleSection\":[\"Bosna i Hercegovina\",\"Istaknuto\"],\"inLanguage\":\"bs-BA\"},{\"@type\":\"WebPage\",\"@id\":\"https:\/\/tuzlainfo.ba\/index.php\/bosna-i-hercegovina\/item\/291506-jutros-debeli-minus-danas-naoblacenje-kakvo-nas-vrijeme-ocekuje-u-naredna-tri-dana\/\",\"url\":\"https:\/\/tuzlainfo.ba\/index.php\/bosna-i-hercegovina\/item\/291506-jutros-debeli-minus-danas-naoblacenje-kakvo-nas-vrijeme-ocekuje-u-naredna-tri-dana\/\",\"name\":\"Jutros debeli minus, danas naobla\u010denje: Kakvo nas vrijeme o\u010dekuje u naredna tri dana? - TuzlaInfo.ba\",\"isPartOf\":{\"@id\":\"https:\/\/tuzlainfo.ba\/#website\"},\"primaryImageOfPage\":{\"@id\":\"https:\/\/tuzlainfo.ba\/index.php\/bosna-i-hercegovina\/item\/291506-jutros-debeli-minus-danas-naoblacenje-kakvo-nas-vrijeme-ocekuje-u-naredna-tri-dana\/#primaryimage\"},\"image\":{\"@id\":\"https:\/\/tuzlainfo.ba\/index.php\/bosna-i-hercegovina\/item\/291506-jutros-debeli-minus-danas-naoblacenje-kakvo-nas-vrijeme-ocekuje-u-naredna-tri-dana\/#primaryimage\"},\"thumbnailUrl\":\"https:\/\/tuzlainfo.ba\/wp-content\/uploads\/2024\/01\/led_mraz_snijeg_minus1.jpg\",\"datePublished\":\"2026-01-09T06:48:33+00:00\",\"dateModified\":\"2026-01-09T06:49:45+00:00\",\"breadcrumb\":{\"@id\":\"https:\/\/tuzlainfo.ba\/index.php\/bosna-i-hercegovina\/item\/291506-jutros-debeli-minus-danas-naoblacenje-kakvo-nas-vrijeme-ocekuje-u-naredna-tri-dana\/#breadcrumb\"},\"inLanguage\":\"bs-BA\",\"potentialAction\":[{\"@type\":\"ReadAction\",\"target\":[\"https:\/\/tuzlainfo.ba\/index.php\/bosna-i-hercegovina\/item\/291506-jutros-debeli-minus-danas-naoblacenje-kakvo-nas-vrijeme-ocekuje-u-naredna-tri-dana\/\"]}]},{\"@type\":\"ImageObject\",\"inLanguage\":\"bs-BA\",\"@id\":\"https:\/\/tuzlainfo.ba\/index.php\/bosna-i-hercegovina\/item\/291506-jutros-debeli-minus-danas-naoblacenje-kakvo-nas-vrijeme-ocekuje-u-naredna-tri-dana\/#primaryimage\",\"url\":\"https:\/\/tuzlainfo.ba\/wp-content\/uploads\/2024\/01\/led_mraz_snijeg_minus1.jpg\",\"contentUrl\":\"https:\/\/tuzlainfo.ba\/wp-content\/uploads\/2024\/01\/led_mraz_snijeg_minus1.jpg\",\"width\":2048,\"height\":1537},{\"@type\":\"BreadcrumbList\",\"@id\":\"https:\/\/tuzlainfo.ba\/index.php\/bosna-i-hercegovina\/item\/291506-jutros-debeli-minus-danas-naoblacenje-kakvo-nas-vrijeme-ocekuje-u-naredna-tri-dana\/#breadcrumb\",\"itemListElement\":[{\"@type\":\"ListItem\",\"position\":1,\"name\":\"Home\",\"item\":\"https:\/\/tuzlainfo.ba\/\"},{\"@type\":\"ListItem\",\"position\":2,\"name\":\"Jutros debeli minus, danas naobla\u010denje: Kakvo nas vrijeme o\u010dekuje u naredna tri dana?\"}]},{\"@type\":\"WebSite\",\"@id\":\"https:\/\/tuzlainfo.ba\/#website\",\"url\":\"https:\/\/tuzlainfo.ba\/\",\"name\":\"TuzlaInfo.ba\",\"description\":\"Tuzla info, gradski informator - Tuzla na dlanu\",\"publisher\":{\"@id\":\"https:\/\/tuzlainfo.ba\/#organization\"},\"potentialAction\":[{\"@type\":\"SearchAction\",\"target\":{\"@type\":\"EntryPoint\",\"urlTemplate\":\"https:\/\/tuzlainfo.ba\/?s={search_term_string}\"},\"query-input\":{\"@type\":\"PropertyValueSpecification\",\"valueRequired\":true,\"valueName\":\"search_term_string\"}}],\"inLanguage\":\"bs-BA\"},{\"@type\":\"Organization\",\"@id\":\"https:\/\/tuzlainfo.ba\/#organization\",\"name\":\"TuzlaInfo.ba\",\"url\":\"https:\/\/tuzlainfo.ba\/\",\"logo\":{\"@type\":\"ImageObject\",\"inLanguage\":\"bs-BA\",\"@id\":\"https:\/\/tuzlainfo.ba\/#\/schema\/logo\/image\/\",\"url\":\"https:\/\/tuzlainfo.ba\/wp-content\/uploads\/2021\/03\/logo-ver-3-1.png\",\"contentUrl\":\"https:\/\/tuzlainfo.ba\/wp-content\/uploads\/2021\/03\/logo-ver-3-1.png\",\"width\":350,\"height\":95,\"caption\":\"TuzlaInfo.ba\"},\"image\":{\"@id\":\"https:\/\/tuzlainfo.ba\/#\/schema\/logo\/image\/\"},\"sameAs\":[\"https:\/\/www.facebook.com\/tuzlainfo.ba\/\"]},{\"@type\":\"Person\",\"@id\":\"https:\/\/tuzlainfo.ba\/#\/schema\/person\/f434e20dc27ea133923aab08451b7f7f\",\"name\":\"nedim\",\"image\":{\"@type\":\"ImageObject\",\"inLanguage\":\"bs-BA\",\"@id\":\"https:\/\/tuzlainfo.ba\/#\/schema\/person\/image\/\",\"url\":\"https:\/\/tuzlainfo.ba\/wp-content\/litespeed\/avatar\/aabad687af24844af817603ac1cbdc4f.jpg?ver=1776702173\",\"contentUrl\":\"https:\/\/tuzlainfo.ba\/wp-content\/litespeed\/avatar\/aabad687af24844af817603ac1cbdc4f.jpg?ver=1776702173\",\"caption\":\"nedim\"},\"description\":\"Tuzlainfo.ba pratite na dru\u0161tvenim mre\u017eama: Facebook, Instagram i Youtube. Svoje pri\u010de, upite i fotografije \u0161aljite na na\u0161u e-mail adresu.\"}]}<\/script>\n<!-- \/ Yoast SEO plugin. -->","yoast_head_json":{"title":"Jutros debeli minus, danas naobla\u010denje: Kakvo nas vrijeme o\u010dekuje u naredna tri dana? - TuzlaInfo.ba","robots":{"index":"index","follow":"follow","max-snippet":"max-snippet:-1","max-image-preview":"max-image-preview:large","max-video-preview":"max-video-preview:-1"},"canonical":"https:\/\/tuzlainfo.ba\/index.php\/bosna-i-hercegovina\/item\/291506-jutros-debeli-minus-danas-naoblacenje-kakvo-nas-vrijeme-ocekuje-u-naredna-tri-dana\/","og_locale":"bs_BA","og_type":"article","og_title":"Jutros debeli minus, danas naobla\u010denje: Kakvo nas vrijeme o\u010dekuje u naredna tri dana? - TuzlaInfo.ba","og_description":"Jutros je u Bosni i Hercegovini prete\u017eno obla\u010dno vrijeme sa slabim snijegom. Temperature zraka izmjerene&hellip;","og_url":"https:\/\/tuzlainfo.ba\/index.php\/bosna-i-hercegovina\/item\/291506-jutros-debeli-minus-danas-naoblacenje-kakvo-nas-vrijeme-ocekuje-u-naredna-tri-dana\/","og_site_name":"TuzlaInfo.ba","article_publisher":"https:\/\/www.facebook.com\/tuzlainfo.ba\/","article_published_time":"2026-01-09T06:48:33+00:00","article_modified_time":"2026-01-09T06:49:45+00:00","og_image":[{"width":2048,"height":1537,"url":"https:\/\/tuzlainfo.ba\/wp-content\/uploads\/2024\/01\/led_mraz_snijeg_minus1.jpg","type":"image\/jpeg"}],"author":"nedim","twitter_card":"summary_large_image","twitter_misc":{"Written by":"nedim","Est. reading time":"2 minute"},"schema":{"@context":"https:\/\/schema.org","@graph":[{"@type":"Article","@id":"https:\/\/tuzlainfo.ba\/index.php\/bosna-i-hercegovina\/item\/291506-jutros-debeli-minus-danas-naoblacenje-kakvo-nas-vrijeme-ocekuje-u-naredna-tri-dana\/#article","isPartOf":{"@id":"https:\/\/tuzlainfo.ba\/index.php\/bosna-i-hercegovina\/item\/291506-jutros-debeli-minus-danas-naoblacenje-kakvo-nas-vrijeme-ocekuje-u-naredna-tri-dana\/"},"author":{"name":"nedim","@id":"https:\/\/tuzlainfo.ba\/#\/schema\/person\/f434e20dc27ea133923aab08451b7f7f"},"headline":"Jutros debeli minus, danas naobla\u010denje: Kakvo nas vrijeme o\u010dekuje u naredna tri dana?","datePublished":"2026-01-09T06:48:33+00:00","dateModified":"2026-01-09T06:49:45+00:00","mainEntityOfPage":{"@id":"https:\/\/tuzlainfo.ba\/index.php\/bosna-i-hercegovina\/item\/291506-jutros-debeli-minus-danas-naoblacenje-kakvo-nas-vrijeme-ocekuje-u-naredna-tri-dana\/"},"wordCount":389,"publisher":{"@id":"https:\/\/tuzlainfo.ba\/#organization"},"image":{"@id":"https:\/\/tuzlainfo.ba\/index.php\/bosna-i-hercegovina\/item\/291506-jutros-debeli-minus-danas-naoblacenje-kakvo-nas-vrijeme-ocekuje-u-naredna-tri-dana\/#primaryimage"},"thumbnailUrl":"https:\/\/tuzlainfo.ba\/wp-content\/uploads\/2024\/01\/led_mraz_snijeg_minus1.jpg","keywords":["prognoza","vrijeme"],"articleSection":["Bosna i Hercegovina","Istaknuto"],"inLanguage":"bs-BA"},{"@type":"WebPage","@id":"https:\/\/tuzlainfo.ba\/index.php\/bosna-i-hercegovina\/item\/291506-jutros-debeli-minus-danas-naoblacenje-kakvo-nas-vrijeme-ocekuje-u-naredna-tri-dana\/","url":"https:\/\/tuzlainfo.ba\/index.php\/bosna-i-hercegovina\/item\/291506-jutros-debeli-minus-danas-naoblacenje-kakvo-nas-vrijeme-ocekuje-u-naredna-tri-dana\/","name":"Jutros debeli minus, danas naobla\u010denje: Kakvo nas vrijeme o\u010dekuje u naredna tri dana? - TuzlaInfo.ba","isPartOf":{"@id":"https:\/\/tuzlainfo.ba\/#website"},"primaryImageOfPage":{"@id":"https:\/\/tuzlainfo.ba\/index.php\/bosna-i-hercegovina\/item\/291506-jutros-debeli-minus-danas-naoblacenje-kakvo-nas-vrijeme-ocekuje-u-naredna-tri-dana\/#primaryimage"},"image":{"@id":"https:\/\/tuzlainfo.ba\/index.php\/bosna-i-hercegovina\/item\/291506-jutros-debeli-minus-danas-naoblacenje-kakvo-nas-vrijeme-ocekuje-u-naredna-tri-dana\/#primaryimage"},"thumbnailUrl":"https:\/\/tuzlainfo.ba\/wp-content\/uploads\/2024\/01\/led_mraz_snijeg_minus1.jpg","datePublished":"2026-01-09T06:48:33+00:00","dateModified":"2026-01-09T06:49:45+00:00","breadcrumb":{"@id":"https:\/\/tuzlainfo.ba\/index.php\/bosna-i-hercegovina\/item\/291506-jutros-debeli-minus-danas-naoblacenje-kakvo-nas-vrijeme-ocekuje-u-naredna-tri-dana\/#breadcrumb"},"inLanguage":"bs-BA","potentialAction":[{"@type":"ReadAction","target":["https:\/\/tuzlainfo.ba\/index.php\/bosna-i-hercegovina\/item\/291506-jutros-debeli-minus-danas-naoblacenje-kakvo-nas-vrijeme-ocekuje-u-naredna-tri-dana\/"]}]},{"@type":"ImageObject","inLanguage":"bs-BA","@id":"https:\/\/tuzlainfo.ba\/index.php\/bosna-i-hercegovina\/item\/291506-jutros-debeli-minus-danas-naoblacenje-kakvo-nas-vrijeme-ocekuje-u-naredna-tri-dana\/#primaryimage","url":"https:\/\/tuzlainfo.ba\/wp-content\/uploads\/2024\/01\/led_mraz_snijeg_minus1.jpg","contentUrl":"https:\/\/tuzlainfo.ba\/wp-content\/uploads\/2024\/01\/led_mraz_snijeg_minus1.jpg","width":2048,"height":1537},{"@type":"BreadcrumbList","@id":"https:\/\/tuzlainfo.ba\/index.php\/bosna-i-hercegovina\/item\/291506-jutros-debeli-minus-danas-naoblacenje-kakvo-nas-vrijeme-ocekuje-u-naredna-tri-dana\/#breadcrumb","itemListElement":[{"@type":"ListItem","position":1,"name":"Home","item":"https:\/\/tuzlainfo.ba\/"},{"@type":"ListItem","position":2,"name":"Jutros debeli minus, danas naobla\u010denje: Kakvo nas vrijeme o\u010dekuje u naredna tri dana?"}]},{"@type":"WebSite","@id":"https:\/\/tuzlainfo.ba\/#website","url":"https:\/\/tuzlainfo.ba\/","name":"TuzlaInfo.ba","description":"Tuzla info, gradski informator - Tuzla na dlanu","publisher":{"@id":"https:\/\/tuzlainfo.ba\/#organization"},"potentialAction":[{"@type":"SearchAction","target":{"@type":"EntryPoint","urlTemplate":"https:\/\/tuzlainfo.ba\/?s={search_term_string}"},"query-input":{"@type":"PropertyValueSpecification","valueRequired":true,"valueName":"search_term_string"}}],"inLanguage":"bs-BA"},{"@type":"Organization","@id":"https:\/\/tuzlainfo.ba\/#organization","name":"TuzlaInfo.ba","url":"https:\/\/tuzlainfo.ba\/","logo":{"@type":"ImageObject","inLanguage":"bs-BA","@id":"https:\/\/tuzlainfo.ba\/#\/schema\/logo\/image\/","url":"https:\/\/tuzlainfo.ba\/wp-content\/uploads\/2021\/03\/logo-ver-3-1.png","contentUrl":"https:\/\/tuzlainfo.ba\/wp-content\/uploads\/2021\/03\/logo-ver-3-1.png","width":350,"height":95,"caption":"TuzlaInfo.ba"},"image":{"@id":"https:\/\/tuzlainfo.ba\/#\/schema\/logo\/image\/"},"sameAs":["https:\/\/www.facebook.com\/tuzlainfo.ba\/"]},{"@type":"Person","@id":"https:\/\/tuzlainfo.ba\/#\/schema\/person\/f434e20dc27ea133923aab08451b7f7f","name":"nedim","image":{"@type":"ImageObject","inLanguage":"bs-BA","@id":"https:\/\/tuzlainfo.ba\/#\/schema\/person\/image\/","url":"https:\/\/tuzlainfo.ba\/wp-content\/litespeed\/avatar\/aabad687af24844af817603ac1cbdc4f.jpg?ver=1776702173","contentUrl":"https:\/\/tuzlainfo.ba\/wp-content\/litespeed\/avatar\/aabad687af24844af817603ac1cbdc4f.jpg?ver=1776702173","caption":"nedim"},"description":"Tuzlainfo.ba pratite na dru\u0161tvenim mre\u017eama: Facebook, Instagram i Youtube. Svoje pri\u010de, upite i fotografije \u0161aljite na na\u0161u e-mail adresu."}]}},"_links":{"self":[{"href":"https:\/\/tuzlainfo.ba\/index.php\/wp-json\/wp\/v2\/posts\/291506"}],"collection":[{"href":"https:\/\/tuzlainfo.ba\/index.php\/wp-json\/wp\/v2\/posts"}],"about":[{"href":"https:\/\/tuzlainfo.ba\/index.php\/wp-json\/wp\/v2\/types\/post"}],"author":[{"embeddable":true,"href":"https:\/\/tuzlainfo.ba\/index.php\/wp-json\/wp\/v2\/users\/2"}],"replies":[{"embeddable":true,"href":"https:\/\/tuzlainfo.ba\/index.php\/wp-json\/wp\/v2\/comments?post=291506"}],"version-history":[{"count":2,"href":"https:\/\/tuzlainfo.ba\/index.php\/wp-json\/wp\/v2\/posts\/291506\/revisions"}],"predecessor-version":[{"id":291508,"href":"https:\/\/tuzlainfo.ba\/index.php\/wp-json\/wp\/v2\/posts\/291506\/revisions\/291508"}],"wp:featuredmedia":[{"embeddable":true,"href":"https:\/\/tuzlainfo.ba\/index.php\/wp-json\/wp\/v2\/media\/228174"}],"wp:attachment":[{"href":"https:\/\/tuzlainfo.ba\/index.php\/wp-json\/wp\/v2\/media?parent=291506"}],"wp:term":[{"taxonomy":"category","embeddable":true,"href":"https:\/\/tuzlainfo.ba\/index.php\/wp-json\/wp\/v2\/categories?post=291506"},{"taxonomy":"post_tag","embeddable":true,"href":"https:\/\/tuzlainfo.ba\/index.php\/wp-json\/wp\/v2\/tags?post=291506"}],"curies":[{"name":"wp","href":"https:\/\/api.w.org\/{rel}","templated":true}]}}