{"id":291492,"date":"2026-01-08T18:02:54","date_gmt":"2026-01-08T17:02:54","guid":{"rendered":"https:\/\/tuzlainfo.ba\/?p=291492"},"modified":"2026-01-08T18:02:54","modified_gmt":"2026-01-08T17:02:54","slug":"spremite-se-za-nagli-pad-temperature-a-u-narednim-danima-za-mnogo-klimatskih-iznenadjenja","status":"publish","type":"post","link":"https:\/\/tuzlainfo.ba\/index.php\/bosna-i-hercegovina\/item\/291492-spremite-se-za-nagli-pad-temperature-a-u-narednim-danima-za-mnogo-klimatskih-iznenadjenja\/","title":{"rendered":"Spremite se za nagli pad temperature, a u narednim danima za mnogo klimatskih iznena\u0111enja"},"content":{"rendered":"<p data-start=\"104\" data-end=\"379\">Prema najnovijoj prognozi BHMeteo.ba, ve\u010deras nakon zalaska sunca o\u010dekuje se nagli pad temperature zraka \u0161irom Bosne i Hercegovine. Oko pono\u0107i temperature \u0107e se u ve\u0107ini krajeva kretati izme\u0111u minus 16 i minus 4 stepena, dok \u0107e na jugu zemlje iznositi do 0 stepeni Celzijusa.<\/p>\n<p data-start=\"381\" data-end=\"684\">U drugom dijelu no\u0107i, odnosno od ranih jutarnjih sati u petak, do\u0107i \u0107e do postepenog naobla\u010denja sa zapada, \u0161to \u0107e usloviti i blagi porast temperature. Upravo zbog tog naobla\u010denja, u petak ujutro lokalno se o\u010dekuju i prve padavine, izra\u017eenije u zapadnim i jugozapadnim dijelovima Bosne te u Hercegovini.<\/p>\n<p data-start=\"686\" data-end=\"978\">U ni\u017eim predjelima padat \u0107e uglavnom ki\u0161a, uz mogu\u0107nost susnje\u017eice, dok se u vi\u0161im krajevima o\u010dekuju susnje\u017eica i snijeg. Tokom poslijepodnevnih i ve\u010dernjih sati padavine \u0107e se pro\u0161iriti na ve\u0107i dio zemlje, a ve\u0107inom \u0107e padati ki\u0161a. U Hercegovini i na jugozapadu Bosne mogu\u0107a je i grmljavina.<\/p>\n<p data-start=\"980\" data-end=\"1438\">Zbog porasta temperature, snje\u017ena granica \u0107e se podi\u0107i, pa \u0107e snijeg biti ograni\u010den uglavnom na brdsko-planinske predjele. U nizinama sjeverne i sjeveroisto\u010dne Bosne lokalno postoji opasnost od ledene ki\u0161e. U petak \u0107e najtoplije biti na zavjetrinskoj strani Dinarida, gdje se o\u010dekuje umjeren do jak ju\u017eni vjetar i povremeni sun\u010dani periodi, uz dnevne temperature do 9 stepeni. U ostatku zemlje maksimalne dnevne temperature kretat \u0107e se izme\u0111u 1 i 7 stepeni.<\/p>\n<p data-start=\"1440\" data-end=\"1770\">Usljed ki\u0161e i vi\u0161ih temperatura, u mnogim krajevima do\u0107i \u0107e do topljenja postoje\u0107eg snje\u017enog pokriva\u010da, i to u rasponu od 5 do 15 centimetara. U subotu se o\u010dekuje novo zahla\u0111enje uz slabe i lokalne padavine, dok \u0107e nedjelja u ve\u0107em dijelu zemlje prote\u0107i suho, uz prete\u017eno obla\u010dno vrijeme u Bosni i sun\u010danije prilike u Hercegovini.<\/p>\n<p data-start=\"1772\" data-end=\"2100\" data-is-last-node=\"\" data-is-only-node=\"\">Po\u010detkom naredne sedmice slijedi stabilnije, ali hladno vrijeme. U ponedjeljak se o\u010dekuje razvedravanje uz jutarnji mraz, a najni\u017ee temperature prognoziraju se u no\u0107i s ponedjeljka na utorak, kada se lokalno mogu spustiti i do minus 20 stepeni. Prema trenutnim najavama, zatopljenje bi moglo uslijediti sredinom naredne sedmice.<\/p>\n","protected":false},"excerpt":{"rendered":"<p>Prema najnovijoj prognozi BHMeteo.ba, ve\u010deras nakon zalaska sunca o\u010dekuje se nagli pad temperature zraka \u0161irom&hellip;<\/p>\n","protected":false},"author":2,"featured_media":76059,"comment_status":"closed","ping_status":"closed","sticky":false,"template":"","format":"standard","meta":{"_acf_changed":false,"footnotes":""},"categories":[291,304],"tags":[1042,312],"acf":[],"yoast_head":"<!-- This site is optimized with the Yoast SEO plugin v23.5 - https:\/\/yoast.com\/wordpress\/plugins\/seo\/ -->\n<title>Spremite se za nagli pad temperature, a u narednim danima za mnogo klimatskih iznena\u0111enja - TuzlaInfo.ba<\/title>\n<meta name=\"robots\" content=\"index, follow, max-snippet:-1, max-image-preview:large, max-video-preview:-1\" \/>\n<link rel=\"canonical\" href=\"https:\/\/tuzlainfo.ba\/index.php\/bosna-i-hercegovina\/item\/291492-spremite-se-za-nagli-pad-temperature-a-u-narednim-danima-za-mnogo-klimatskih-iznenadjenja\/\" \/>\n<meta property=\"og:locale\" content=\"bs_BA\" \/>\n<meta property=\"og:type\" content=\"article\" \/>\n<meta property=\"og:title\" content=\"Spremite se za nagli pad temperature, a u narednim danima za mnogo klimatskih iznena\u0111enja - TuzlaInfo.ba\" \/>\n<meta property=\"og:description\" content=\"Prema najnovijoj prognozi BHMeteo.ba, ve\u010deras nakon zalaska sunca o\u010dekuje se nagli pad temperature zraka \u0161irom&hellip;\" \/>\n<meta property=\"og:url\" content=\"https:\/\/tuzlainfo.ba\/index.php\/bosna-i-hercegovina\/item\/291492-spremite-se-za-nagli-pad-temperature-a-u-narednim-danima-za-mnogo-klimatskih-iznenadjenja\/\" \/>\n<meta property=\"og:site_name\" content=\"TuzlaInfo.ba\" \/>\n<meta property=\"article:publisher\" content=\"https:\/\/www.facebook.com\/tuzlainfo.ba\/\" \/>\n<meta property=\"article:published_time\" content=\"2026-01-08T17:02:54+00:00\" \/>\n<meta property=\"og:image\" content=\"https:\/\/tuzlainfo.ba\/wp-content\/uploads\/2020\/01\/sadrzaj_2017_201701_vrijeme_0101_minus.jpg\" \/>\n\t<meta property=\"og:image:width\" content=\"770\" \/>\n\t<meta property=\"og:image:height\" content=\"513\" \/>\n\t<meta property=\"og:image:type\" content=\"image\/jpeg\" \/>\n<meta name=\"author\" content=\"nedim\" \/>\n<meta name=\"twitter:card\" content=\"summary_large_image\" \/>\n<meta name=\"twitter:label1\" content=\"Written by\" \/>\n\t<meta name=\"twitter:data1\" content=\"nedim\" \/>\n\t<meta name=\"twitter:label2\" content=\"Est. reading time\" \/>\n\t<meta name=\"twitter:data2\" content=\"2 minute\" \/>\n<script type=\"application\/ld+json\" class=\"yoast-schema-graph\">{\"@context\":\"https:\/\/schema.org\",\"@graph\":[{\"@type\":\"Article\",\"@id\":\"https:\/\/tuzlainfo.ba\/index.php\/bosna-i-hercegovina\/item\/291492-spremite-se-za-nagli-pad-temperature-a-u-narednim-danima-za-mnogo-klimatskih-iznenadjenja\/#article\",\"isPartOf\":{\"@id\":\"https:\/\/tuzlainfo.ba\/index.php\/bosna-i-hercegovina\/item\/291492-spremite-se-za-nagli-pad-temperature-a-u-narednim-danima-za-mnogo-klimatskih-iznenadjenja\/\"},\"author\":{\"name\":\"nedim\",\"@id\":\"https:\/\/tuzlainfo.ba\/#\/schema\/person\/f434e20dc27ea133923aab08451b7f7f\"},\"headline\":\"Spremite se za nagli pad temperature, a u narednim danima za mnogo klimatskih iznena\u0111enja\",\"datePublished\":\"2026-01-08T17:02:54+00:00\",\"dateModified\":\"2026-01-08T17:02:54+00:00\",\"mainEntityOfPage\":{\"@id\":\"https:\/\/tuzlainfo.ba\/index.php\/bosna-i-hercegovina\/item\/291492-spremite-se-za-nagli-pad-temperature-a-u-narednim-danima-za-mnogo-klimatskih-iznenadjenja\/\"},\"wordCount\":368,\"publisher\":{\"@id\":\"https:\/\/tuzlainfo.ba\/#organization\"},\"image\":{\"@id\":\"https:\/\/tuzlainfo.ba\/index.php\/bosna-i-hercegovina\/item\/291492-spremite-se-za-nagli-pad-temperature-a-u-narednim-danima-za-mnogo-klimatskih-iznenadjenja\/#primaryimage\"},\"thumbnailUrl\":\"https:\/\/tuzlainfo.ba\/wp-content\/uploads\/2020\/01\/sadrzaj_2017_201701_vrijeme_0101_minus.jpg\",\"keywords\":[\"prognoza\",\"vrijeme\"],\"articleSection\":[\"Bosna i Hercegovina\",\"Istaknuto\"],\"inLanguage\":\"bs-BA\"},{\"@type\":\"WebPage\",\"@id\":\"https:\/\/tuzlainfo.ba\/index.php\/bosna-i-hercegovina\/item\/291492-spremite-se-za-nagli-pad-temperature-a-u-narednim-danima-za-mnogo-klimatskih-iznenadjenja\/\",\"url\":\"https:\/\/tuzlainfo.ba\/index.php\/bosna-i-hercegovina\/item\/291492-spremite-se-za-nagli-pad-temperature-a-u-narednim-danima-za-mnogo-klimatskih-iznenadjenja\/\",\"name\":\"Spremite se za nagli pad temperature, a u narednim danima za mnogo klimatskih iznena\u0111enja - TuzlaInfo.ba\",\"isPartOf\":{\"@id\":\"https:\/\/tuzlainfo.ba\/#website\"},\"primaryImageOfPage\":{\"@id\":\"https:\/\/tuzlainfo.ba\/index.php\/bosna-i-hercegovina\/item\/291492-spremite-se-za-nagli-pad-temperature-a-u-narednim-danima-za-mnogo-klimatskih-iznenadjenja\/#primaryimage\"},\"image\":{\"@id\":\"https:\/\/tuzlainfo.ba\/index.php\/bosna-i-hercegovina\/item\/291492-spremite-se-za-nagli-pad-temperature-a-u-narednim-danima-za-mnogo-klimatskih-iznenadjenja\/#primaryimage\"},\"thumbnailUrl\":\"https:\/\/tuzlainfo.ba\/wp-content\/uploads\/2020\/01\/sadrzaj_2017_201701_vrijeme_0101_minus.jpg\",\"datePublished\":\"2026-01-08T17:02:54+00:00\",\"dateModified\":\"2026-01-08T17:02:54+00:00\",\"breadcrumb\":{\"@id\":\"https:\/\/tuzlainfo.ba\/index.php\/bosna-i-hercegovina\/item\/291492-spremite-se-za-nagli-pad-temperature-a-u-narednim-danima-za-mnogo-klimatskih-iznenadjenja\/#breadcrumb\"},\"inLanguage\":\"bs-BA\",\"potentialAction\":[{\"@type\":\"ReadAction\",\"target\":[\"https:\/\/tuzlainfo.ba\/index.php\/bosna-i-hercegovina\/item\/291492-spremite-se-za-nagli-pad-temperature-a-u-narednim-danima-za-mnogo-klimatskih-iznenadjenja\/\"]}]},{\"@type\":\"ImageObject\",\"inLanguage\":\"bs-BA\",\"@id\":\"https:\/\/tuzlainfo.ba\/index.php\/bosna-i-hercegovina\/item\/291492-spremite-se-za-nagli-pad-temperature-a-u-narednim-danima-za-mnogo-klimatskih-iznenadjenja\/#primaryimage\",\"url\":\"https:\/\/tuzlainfo.ba\/wp-content\/uploads\/2020\/01\/sadrzaj_2017_201701_vrijeme_0101_minus.jpg\",\"contentUrl\":\"https:\/\/tuzlainfo.ba\/wp-content\/uploads\/2020\/01\/sadrzaj_2017_201701_vrijeme_0101_minus.jpg\",\"width\":770,\"height\":513,\"caption\":\"0101 minus\"},{\"@type\":\"BreadcrumbList\",\"@id\":\"https:\/\/tuzlainfo.ba\/index.php\/bosna-i-hercegovina\/item\/291492-spremite-se-za-nagli-pad-temperature-a-u-narednim-danima-za-mnogo-klimatskih-iznenadjenja\/#breadcrumb\",\"itemListElement\":[{\"@type\":\"ListItem\",\"position\":1,\"name\":\"Home\",\"item\":\"https:\/\/tuzlainfo.ba\/\"},{\"@type\":\"ListItem\",\"position\":2,\"name\":\"Spremite se za nagli pad temperature, a u narednim danima za mnogo klimatskih iznena\u0111enja\"}]},{\"@type\":\"WebSite\",\"@id\":\"https:\/\/tuzlainfo.ba\/#website\",\"url\":\"https:\/\/tuzlainfo.ba\/\",\"name\":\"TuzlaInfo.ba\",\"description\":\"Tuzla info, gradski informator - Tuzla na dlanu\",\"publisher\":{\"@id\":\"https:\/\/tuzlainfo.ba\/#organization\"},\"potentialAction\":[{\"@type\":\"SearchAction\",\"target\":{\"@type\":\"EntryPoint\",\"urlTemplate\":\"https:\/\/tuzlainfo.ba\/?s={search_term_string}\"},\"query-input\":{\"@type\":\"PropertyValueSpecification\",\"valueRequired\":true,\"valueName\":\"search_term_string\"}}],\"inLanguage\":\"bs-BA\"},{\"@type\":\"Organization\",\"@id\":\"https:\/\/tuzlainfo.ba\/#organization\",\"name\":\"TuzlaInfo.ba\",\"url\":\"https:\/\/tuzlainfo.ba\/\",\"logo\":{\"@type\":\"ImageObject\",\"inLanguage\":\"bs-BA\",\"@id\":\"https:\/\/tuzlainfo.ba\/#\/schema\/logo\/image\/\",\"url\":\"https:\/\/tuzlainfo.ba\/wp-content\/uploads\/2021\/03\/logo-ver-3-1.png\",\"contentUrl\":\"https:\/\/tuzlainfo.ba\/wp-content\/uploads\/2021\/03\/logo-ver-3-1.png\",\"width\":350,\"height\":95,\"caption\":\"TuzlaInfo.ba\"},\"image\":{\"@id\":\"https:\/\/tuzlainfo.ba\/#\/schema\/logo\/image\/\"},\"sameAs\":[\"https:\/\/www.facebook.com\/tuzlainfo.ba\/\"]},{\"@type\":\"Person\",\"@id\":\"https:\/\/tuzlainfo.ba\/#\/schema\/person\/f434e20dc27ea133923aab08451b7f7f\",\"name\":\"nedim\",\"image\":{\"@type\":\"ImageObject\",\"inLanguage\":\"bs-BA\",\"@id\":\"https:\/\/tuzlainfo.ba\/#\/schema\/person\/image\/\",\"url\":\"https:\/\/tuzlainfo.ba\/wp-content\/litespeed\/avatar\/aabad687af24844af817603ac1cbdc4f.jpg?ver=1776702173\",\"contentUrl\":\"https:\/\/tuzlainfo.ba\/wp-content\/litespeed\/avatar\/aabad687af24844af817603ac1cbdc4f.jpg?ver=1776702173\",\"caption\":\"nedim\"},\"description\":\"Tuzlainfo.ba pratite na dru\u0161tvenim mre\u017eama: Facebook, Instagram i Youtube. Svoje pri\u010de, upite i fotografije \u0161aljite na na\u0161u e-mail adresu.\"}]}<\/script>\n<!-- \/ Yoast SEO plugin. -->","yoast_head_json":{"title":"Spremite se za nagli pad temperature, a u narednim danima za mnogo klimatskih iznena\u0111enja - TuzlaInfo.ba","robots":{"index":"index","follow":"follow","max-snippet":"max-snippet:-1","max-image-preview":"max-image-preview:large","max-video-preview":"max-video-preview:-1"},"canonical":"https:\/\/tuzlainfo.ba\/index.php\/bosna-i-hercegovina\/item\/291492-spremite-se-za-nagli-pad-temperature-a-u-narednim-danima-za-mnogo-klimatskih-iznenadjenja\/","og_locale":"bs_BA","og_type":"article","og_title":"Spremite se za nagli pad temperature, a u narednim danima za mnogo klimatskih iznena\u0111enja - TuzlaInfo.ba","og_description":"Prema najnovijoj prognozi BHMeteo.ba, ve\u010deras nakon zalaska sunca o\u010dekuje se nagli pad temperature zraka \u0161irom&hellip;","og_url":"https:\/\/tuzlainfo.ba\/index.php\/bosna-i-hercegovina\/item\/291492-spremite-se-za-nagli-pad-temperature-a-u-narednim-danima-za-mnogo-klimatskih-iznenadjenja\/","og_site_name":"TuzlaInfo.ba","article_publisher":"https:\/\/www.facebook.com\/tuzlainfo.ba\/","article_published_time":"2026-01-08T17:02:54+00:00","og_image":[{"width":770,"height":513,"url":"https:\/\/tuzlainfo.ba\/wp-content\/uploads\/2020\/01\/sadrzaj_2017_201701_vrijeme_0101_minus.jpg","type":"image\/jpeg"}],"author":"nedim","twitter_card":"summary_large_image","twitter_misc":{"Written by":"nedim","Est. reading time":"2 minute"},"schema":{"@context":"https:\/\/schema.org","@graph":[{"@type":"Article","@id":"https:\/\/tuzlainfo.ba\/index.php\/bosna-i-hercegovina\/item\/291492-spremite-se-za-nagli-pad-temperature-a-u-narednim-danima-za-mnogo-klimatskih-iznenadjenja\/#article","isPartOf":{"@id":"https:\/\/tuzlainfo.ba\/index.php\/bosna-i-hercegovina\/item\/291492-spremite-se-za-nagli-pad-temperature-a-u-narednim-danima-za-mnogo-klimatskih-iznenadjenja\/"},"author":{"name":"nedim","@id":"https:\/\/tuzlainfo.ba\/#\/schema\/person\/f434e20dc27ea133923aab08451b7f7f"},"headline":"Spremite se za nagli pad temperature, a u narednim danima za mnogo klimatskih iznena\u0111enja","datePublished":"2026-01-08T17:02:54+00:00","dateModified":"2026-01-08T17:02:54+00:00","mainEntityOfPage":{"@id":"https:\/\/tuzlainfo.ba\/index.php\/bosna-i-hercegovina\/item\/291492-spremite-se-za-nagli-pad-temperature-a-u-narednim-danima-za-mnogo-klimatskih-iznenadjenja\/"},"wordCount":368,"publisher":{"@id":"https:\/\/tuzlainfo.ba\/#organization"},"image":{"@id":"https:\/\/tuzlainfo.ba\/index.php\/bosna-i-hercegovina\/item\/291492-spremite-se-za-nagli-pad-temperature-a-u-narednim-danima-za-mnogo-klimatskih-iznenadjenja\/#primaryimage"},"thumbnailUrl":"https:\/\/tuzlainfo.ba\/wp-content\/uploads\/2020\/01\/sadrzaj_2017_201701_vrijeme_0101_minus.jpg","keywords":["prognoza","vrijeme"],"articleSection":["Bosna i Hercegovina","Istaknuto"],"inLanguage":"bs-BA"},{"@type":"WebPage","@id":"https:\/\/tuzlainfo.ba\/index.php\/bosna-i-hercegovina\/item\/291492-spremite-se-za-nagli-pad-temperature-a-u-narednim-danima-za-mnogo-klimatskih-iznenadjenja\/","url":"https:\/\/tuzlainfo.ba\/index.php\/bosna-i-hercegovina\/item\/291492-spremite-se-za-nagli-pad-temperature-a-u-narednim-danima-za-mnogo-klimatskih-iznenadjenja\/","name":"Spremite se za nagli pad temperature, a u narednim danima za mnogo klimatskih iznena\u0111enja - TuzlaInfo.ba","isPartOf":{"@id":"https:\/\/tuzlainfo.ba\/#website"},"primaryImageOfPage":{"@id":"https:\/\/tuzlainfo.ba\/index.php\/bosna-i-hercegovina\/item\/291492-spremite-se-za-nagli-pad-temperature-a-u-narednim-danima-za-mnogo-klimatskih-iznenadjenja\/#primaryimage"},"image":{"@id":"https:\/\/tuzlainfo.ba\/index.php\/bosna-i-hercegovina\/item\/291492-spremite-se-za-nagli-pad-temperature-a-u-narednim-danima-za-mnogo-klimatskih-iznenadjenja\/#primaryimage"},"thumbnailUrl":"https:\/\/tuzlainfo.ba\/wp-content\/uploads\/2020\/01\/sadrzaj_2017_201701_vrijeme_0101_minus.jpg","datePublished":"2026-01-08T17:02:54+00:00","dateModified":"2026-01-08T17:02:54+00:00","breadcrumb":{"@id":"https:\/\/tuzlainfo.ba\/index.php\/bosna-i-hercegovina\/item\/291492-spremite-se-za-nagli-pad-temperature-a-u-narednim-danima-za-mnogo-klimatskih-iznenadjenja\/#breadcrumb"},"inLanguage":"bs-BA","potentialAction":[{"@type":"ReadAction","target":["https:\/\/tuzlainfo.ba\/index.php\/bosna-i-hercegovina\/item\/291492-spremite-se-za-nagli-pad-temperature-a-u-narednim-danima-za-mnogo-klimatskih-iznenadjenja\/"]}]},{"@type":"ImageObject","inLanguage":"bs-BA","@id":"https:\/\/tuzlainfo.ba\/index.php\/bosna-i-hercegovina\/item\/291492-spremite-se-za-nagli-pad-temperature-a-u-narednim-danima-za-mnogo-klimatskih-iznenadjenja\/#primaryimage","url":"https:\/\/tuzlainfo.ba\/wp-content\/uploads\/2020\/01\/sadrzaj_2017_201701_vrijeme_0101_minus.jpg","contentUrl":"https:\/\/tuzlainfo.ba\/wp-content\/uploads\/2020\/01\/sadrzaj_2017_201701_vrijeme_0101_minus.jpg","width":770,"height":513,"caption":"0101 minus"},{"@type":"BreadcrumbList","@id":"https:\/\/tuzlainfo.ba\/index.php\/bosna-i-hercegovina\/item\/291492-spremite-se-za-nagli-pad-temperature-a-u-narednim-danima-za-mnogo-klimatskih-iznenadjenja\/#breadcrumb","itemListElement":[{"@type":"ListItem","position":1,"name":"Home","item":"https:\/\/tuzlainfo.ba\/"},{"@type":"ListItem","position":2,"name":"Spremite se za nagli pad temperature, a u narednim danima za mnogo klimatskih iznena\u0111enja"}]},{"@type":"WebSite","@id":"https:\/\/tuzlainfo.ba\/#website","url":"https:\/\/tuzlainfo.ba\/","name":"TuzlaInfo.ba","description":"Tuzla info, gradski informator - Tuzla na dlanu","publisher":{"@id":"https:\/\/tuzlainfo.ba\/#organization"},"potentialAction":[{"@type":"SearchAction","target":{"@type":"EntryPoint","urlTemplate":"https:\/\/tuzlainfo.ba\/?s={search_term_string}"},"query-input":{"@type":"PropertyValueSpecification","valueRequired":true,"valueName":"search_term_string"}}],"inLanguage":"bs-BA"},{"@type":"Organization","@id":"https:\/\/tuzlainfo.ba\/#organization","name":"TuzlaInfo.ba","url":"https:\/\/tuzlainfo.ba\/","logo":{"@type":"ImageObject","inLanguage":"bs-BA","@id":"https:\/\/tuzlainfo.ba\/#\/schema\/logo\/image\/","url":"https:\/\/tuzlainfo.ba\/wp-content\/uploads\/2021\/03\/logo-ver-3-1.png","contentUrl":"https:\/\/tuzlainfo.ba\/wp-content\/uploads\/2021\/03\/logo-ver-3-1.png","width":350,"height":95,"caption":"TuzlaInfo.ba"},"image":{"@id":"https:\/\/tuzlainfo.ba\/#\/schema\/logo\/image\/"},"sameAs":["https:\/\/www.facebook.com\/tuzlainfo.ba\/"]},{"@type":"Person","@id":"https:\/\/tuzlainfo.ba\/#\/schema\/person\/f434e20dc27ea133923aab08451b7f7f","name":"nedim","image":{"@type":"ImageObject","inLanguage":"bs-BA","@id":"https:\/\/tuzlainfo.ba\/#\/schema\/person\/image\/","url":"https:\/\/tuzlainfo.ba\/wp-content\/litespeed\/avatar\/aabad687af24844af817603ac1cbdc4f.jpg?ver=1776702173","contentUrl":"https:\/\/tuzlainfo.ba\/wp-content\/litespeed\/avatar\/aabad687af24844af817603ac1cbdc4f.jpg?ver=1776702173","caption":"nedim"},"description":"Tuzlainfo.ba pratite na dru\u0161tvenim mre\u017eama: Facebook, Instagram i Youtube. Svoje pri\u010de, upite i fotografije \u0161aljite na na\u0161u e-mail adresu."}]}},"_links":{"self":[{"href":"https:\/\/tuzlainfo.ba\/index.php\/wp-json\/wp\/v2\/posts\/291492"}],"collection":[{"href":"https:\/\/tuzlainfo.ba\/index.php\/wp-json\/wp\/v2\/posts"}],"about":[{"href":"https:\/\/tuzlainfo.ba\/index.php\/wp-json\/wp\/v2\/types\/post"}],"author":[{"embeddable":true,"href":"https:\/\/tuzlainfo.ba\/index.php\/wp-json\/wp\/v2\/users\/2"}],"replies":[{"embeddable":true,"href":"https:\/\/tuzlainfo.ba\/index.php\/wp-json\/wp\/v2\/comments?post=291492"}],"version-history":[{"count":1,"href":"https:\/\/tuzlainfo.ba\/index.php\/wp-json\/wp\/v2\/posts\/291492\/revisions"}],"predecessor-version":[{"id":291493,"href":"https:\/\/tuzlainfo.ba\/index.php\/wp-json\/wp\/v2\/posts\/291492\/revisions\/291493"}],"wp:featuredmedia":[{"embeddable":true,"href":"https:\/\/tuzlainfo.ba\/index.php\/wp-json\/wp\/v2\/media\/76059"}],"wp:attachment":[{"href":"https:\/\/tuzlainfo.ba\/index.php\/wp-json\/wp\/v2\/media?parent=291492"}],"wp:term":[{"taxonomy":"category","embeddable":true,"href":"https:\/\/tuzlainfo.ba\/index.php\/wp-json\/wp\/v2\/categories?post=291492"},{"taxonomy":"post_tag","embeddable":true,"href":"https:\/\/tuzlainfo.ba\/index.php\/wp-json\/wp\/v2\/tags?post=291492"}],"curies":[{"name":"wp","href":"https:\/\/api.w.org\/{rel}","templated":true}]}}