{"id":291480,"date":"2026-01-08T16:23:45","date_gmt":"2026-01-08T15:23:45","guid":{"rendered":"https:\/\/tuzlainfo.ba\/?p=291480"},"modified":"2026-01-08T14:50:08","modified_gmt":"2026-01-08T13:50:08","slug":"gripa-u-federaciji-bih-u-porastu-sedmicno-oko-10-000-slucajeva","status":"publish","type":"post","link":"https:\/\/tuzlainfo.ba\/index.php\/bosna-i-hercegovina\/item\/291480-gripa-u-federaciji-bih-u-porastu-sedmicno-oko-10-000-slucajeva\/","title":{"rendered":"Gripa u Federaciji BiH u porastu, sedmi\u010dno oko 10.000 slu\u010dajeva"},"content":{"rendered":"<p>Epidemiolo\u0161ka situacija s gripom u Federaciji BiH bilje\u017ei jasan trend pogor\u0161anja, a broj oboljelih je u porastu, potvr\u0111eno je iz zdravstvenih institucija. Prema rije\u010dima prof. dr. sc. prim. Sanjina Muse, gripa je trenutno \u0161iroko rasprostranjena na podru\u010dju Federacije Bosne i Hercegovine, uz sedmi\u010dno prijavljivanje oko 10.000 slu\u010dajeva respiratornih infekcija, koje uklju\u010duju oboljenja sli\u010dna gripi i akutne respiratorne infekcije.<\/p>\n<p>Porast aktivnosti zabilje\u017een je po\u010detkom decembra, kada je evidentiran ve\u0107i broj posjeta ambulantama primarne zdravstvene za\u0161tite, a glavni uzrok rasta je intenzivna cirkulacija virusa gripe. Kako je istakao Musa, ova sezona se razlikuje od prethodnih jer je porast obolijevanja zabilje\u017een tri do \u010detiri sedmice ranije nego ranijih godina.<\/p>\n<p>Dominantna je gripa tipa A, podtip AH3N2, a filogenetske analize ukazuju na izmijenjen virus, \u0161to mo\u017ee rezultirati izra\u017eenijim utjecajem gripe na zdravlje stanovni\u0161tva. Podaci sentinel nadzora nad te\u0161kim akutnim respiratornim infekcijama pokazuju da je me\u0111u hospitaliziranim pacijentima oko 25 posto pozitivno na virus gripe.<\/p>\n<p>Musa nagla\u0161ava da vakcina protiv gripe i dalje pru\u017ea zna\u010dajnu za\u0161titu te da je ove godine zabilje\u017een zadovoljavaju\u0107i odaziv gra\u0111ana na vakcinaciju. Vakcine su i dalje dostupne, a iz zdravstvenog sektora poru\u010duju da jo\u0161 nije kasno za imunizaciju.<\/p>\n<p>Pored vakcinacije, preporu\u010duje se i striktno pridr\u017eavanje preventivnih mjera, uklju\u010duju\u0107i respiratornu higijenu, redovno pranje ruku i poja\u010dan oprez u slu\u010daju pojave simptoma. Poseban naglasak stavlja se na za\u0161titu rizi\u010dnih skupina, prije svega osoba starijih od 65 godina i onih s hroni\u010dnim oboljenjima, kako bi se sprije\u010dilo dalje \u0161irenje gripe i te\u017ei oblici bolesti.<\/p>\n","protected":false},"excerpt":{"rendered":"<p>Epidemiolo\u0161ka situacija s gripom u Federaciji BiH bilje\u017ei jasan trend pogor\u0161anja, a broj oboljelih je&hellip;<\/p>\n","protected":false},"author":8,"featured_media":67736,"comment_status":"closed","ping_status":"closed","sticky":false,"template":"","format":"standard","meta":{"_acf_changed":false,"footnotes":""},"categories":[291],"tags":[8717,1987],"acf":[],"yoast_head":"<!-- This site is optimized with the Yoast SEO plugin v23.5 - https:\/\/yoast.com\/wordpress\/plugins\/seo\/ -->\n<title>Gripa u Federaciji BiH u porastu, sedmi\u010dno oko 10.000 slu\u010dajeva - TuzlaInfo.ba<\/title>\n<meta name=\"robots\" content=\"index, follow, max-snippet:-1, max-image-preview:large, max-video-preview:-1\" \/>\n<link rel=\"canonical\" href=\"https:\/\/tuzlainfo.ba\/index.php\/bosna-i-hercegovina\/item\/291480-gripa-u-federaciji-bih-u-porastu-sedmicno-oko-10-000-slucajeva\/\" \/>\n<meta property=\"og:locale\" content=\"bs_BA\" \/>\n<meta property=\"og:type\" content=\"article\" \/>\n<meta property=\"og:title\" content=\"Gripa u Federaciji BiH u porastu, sedmi\u010dno oko 10.000 slu\u010dajeva - TuzlaInfo.ba\" \/>\n<meta property=\"og:description\" content=\"Epidemiolo\u0161ka situacija s gripom u Federaciji BiH bilje\u017ei jasan trend pogor\u0161anja, a broj oboljelih je&hellip;\" \/>\n<meta property=\"og:url\" content=\"https:\/\/tuzlainfo.ba\/index.php\/bosna-i-hercegovina\/item\/291480-gripa-u-federaciji-bih-u-porastu-sedmicno-oko-10-000-slucajeva\/\" \/>\n<meta property=\"og:site_name\" content=\"TuzlaInfo.ba\" \/>\n<meta property=\"article:publisher\" content=\"https:\/\/www.facebook.com\/tuzlainfo.ba\/\" \/>\n<meta property=\"article:published_time\" content=\"2026-01-08T15:23:45+00:00\" \/>\n<meta property=\"article:modified_time\" content=\"2026-01-08T13:50:08+00:00\" \/>\n<meta property=\"og:image\" content=\"https:\/\/tuzlainfo.ba\/wp-content\/uploads\/2019\/02\/sadrzaj_2019_20190201_1302_gripa.jpg\" \/>\n\t<meta property=\"og:image:width\" content=\"770\" \/>\n\t<meta property=\"og:image:height\" content=\"433\" \/>\n\t<meta property=\"og:image:type\" content=\"image\/jpeg\" \/>\n<meta name=\"author\" content=\"Admin Tri\" \/>\n<meta name=\"twitter:card\" content=\"summary_large_image\" \/>\n<meta name=\"twitter:label1\" content=\"Written by\" \/>\n\t<meta name=\"twitter:data1\" content=\"Admin Tri\" \/>\n\t<meta name=\"twitter:label2\" content=\"Est. reading time\" \/>\n\t<meta name=\"twitter:data2\" content=\"2 minute\" \/>\n<script type=\"application\/ld+json\" class=\"yoast-schema-graph\">{\"@context\":\"https:\/\/schema.org\",\"@graph\":[{\"@type\":\"Article\",\"@id\":\"https:\/\/tuzlainfo.ba\/index.php\/bosna-i-hercegovina\/item\/291480-gripa-u-federaciji-bih-u-porastu-sedmicno-oko-10-000-slucajeva\/#article\",\"isPartOf\":{\"@id\":\"https:\/\/tuzlainfo.ba\/index.php\/bosna-i-hercegovina\/item\/291480-gripa-u-federaciji-bih-u-porastu-sedmicno-oko-10-000-slucajeva\/\"},\"author\":{\"name\":\"Admin Tri\",\"@id\":\"https:\/\/tuzlainfo.ba\/#\/schema\/person\/593e78a2f6378c5ba3e7600ecfa4e63a\"},\"headline\":\"Gripa u Federaciji BiH u porastu, sedmi\u010dno oko 10.000 slu\u010dajeva\",\"datePublished\":\"2026-01-08T15:23:45+00:00\",\"dateModified\":\"2026-01-08T13:50:08+00:00\",\"mainEntityOfPage\":{\"@id\":\"https:\/\/tuzlainfo.ba\/index.php\/bosna-i-hercegovina\/item\/291480-gripa-u-federaciji-bih-u-porastu-sedmicno-oko-10-000-slucajeva\/\"},\"wordCount\":289,\"publisher\":{\"@id\":\"https:\/\/tuzlainfo.ba\/#organization\"},\"image\":{\"@id\":\"https:\/\/tuzlainfo.ba\/index.php\/bosna-i-hercegovina\/item\/291480-gripa-u-federaciji-bih-u-porastu-sedmicno-oko-10-000-slucajeva\/#primaryimage\"},\"thumbnailUrl\":\"https:\/\/tuzlainfo.ba\/wp-content\/uploads\/2019\/02\/sadrzaj_2019_20190201_1302_gripa.jpg\",\"keywords\":[\"gripa\",\"imunizacija\"],\"articleSection\":[\"Bosna i Hercegovina\"],\"inLanguage\":\"bs-BA\"},{\"@type\":\"WebPage\",\"@id\":\"https:\/\/tuzlainfo.ba\/index.php\/bosna-i-hercegovina\/item\/291480-gripa-u-federaciji-bih-u-porastu-sedmicno-oko-10-000-slucajeva\/\",\"url\":\"https:\/\/tuzlainfo.ba\/index.php\/bosna-i-hercegovina\/item\/291480-gripa-u-federaciji-bih-u-porastu-sedmicno-oko-10-000-slucajeva\/\",\"name\":\"Gripa u Federaciji BiH u porastu, sedmi\u010dno oko 10.000 slu\u010dajeva - TuzlaInfo.ba\",\"isPartOf\":{\"@id\":\"https:\/\/tuzlainfo.ba\/#website\"},\"primaryImageOfPage\":{\"@id\":\"https:\/\/tuzlainfo.ba\/index.php\/bosna-i-hercegovina\/item\/291480-gripa-u-federaciji-bih-u-porastu-sedmicno-oko-10-000-slucajeva\/#primaryimage\"},\"image\":{\"@id\":\"https:\/\/tuzlainfo.ba\/index.php\/bosna-i-hercegovina\/item\/291480-gripa-u-federaciji-bih-u-porastu-sedmicno-oko-10-000-slucajeva\/#primaryimage\"},\"thumbnailUrl\":\"https:\/\/tuzlainfo.ba\/wp-content\/uploads\/2019\/02\/sadrzaj_2019_20190201_1302_gripa.jpg\",\"datePublished\":\"2026-01-08T15:23:45+00:00\",\"dateModified\":\"2026-01-08T13:50:08+00:00\",\"breadcrumb\":{\"@id\":\"https:\/\/tuzlainfo.ba\/index.php\/bosna-i-hercegovina\/item\/291480-gripa-u-federaciji-bih-u-porastu-sedmicno-oko-10-000-slucajeva\/#breadcrumb\"},\"inLanguage\":\"bs-BA\",\"potentialAction\":[{\"@type\":\"ReadAction\",\"target\":[\"https:\/\/tuzlainfo.ba\/index.php\/bosna-i-hercegovina\/item\/291480-gripa-u-federaciji-bih-u-porastu-sedmicno-oko-10-000-slucajeva\/\"]}]},{\"@type\":\"ImageObject\",\"inLanguage\":\"bs-BA\",\"@id\":\"https:\/\/tuzlainfo.ba\/index.php\/bosna-i-hercegovina\/item\/291480-gripa-u-federaciji-bih-u-porastu-sedmicno-oko-10-000-slucajeva\/#primaryimage\",\"url\":\"https:\/\/tuzlainfo.ba\/wp-content\/uploads\/2019\/02\/sadrzaj_2019_20190201_1302_gripa.jpg\",\"contentUrl\":\"https:\/\/tuzlainfo.ba\/wp-content\/uploads\/2019\/02\/sadrzaj_2019_20190201_1302_gripa.jpg\",\"width\":770,\"height\":433,\"caption\":\"1302 gripa\"},{\"@type\":\"BreadcrumbList\",\"@id\":\"https:\/\/tuzlainfo.ba\/index.php\/bosna-i-hercegovina\/item\/291480-gripa-u-federaciji-bih-u-porastu-sedmicno-oko-10-000-slucajeva\/#breadcrumb\",\"itemListElement\":[{\"@type\":\"ListItem\",\"position\":1,\"name\":\"Home\",\"item\":\"https:\/\/tuzlainfo.ba\/\"},{\"@type\":\"ListItem\",\"position\":2,\"name\":\"Gripa u Federaciji BiH u porastu, sedmi\u010dno oko 10.000 slu\u010dajeva\"}]},{\"@type\":\"WebSite\",\"@id\":\"https:\/\/tuzlainfo.ba\/#website\",\"url\":\"https:\/\/tuzlainfo.ba\/\",\"name\":\"TuzlaInfo.ba\",\"description\":\"Tuzla info, gradski informator - Tuzla na dlanu\",\"publisher\":{\"@id\":\"https:\/\/tuzlainfo.ba\/#organization\"},\"potentialAction\":[{\"@type\":\"SearchAction\",\"target\":{\"@type\":\"EntryPoint\",\"urlTemplate\":\"https:\/\/tuzlainfo.ba\/?s={search_term_string}\"},\"query-input\":{\"@type\":\"PropertyValueSpecification\",\"valueRequired\":true,\"valueName\":\"search_term_string\"}}],\"inLanguage\":\"bs-BA\"},{\"@type\":\"Organization\",\"@id\":\"https:\/\/tuzlainfo.ba\/#organization\",\"name\":\"TuzlaInfo.ba\",\"url\":\"https:\/\/tuzlainfo.ba\/\",\"logo\":{\"@type\":\"ImageObject\",\"inLanguage\":\"bs-BA\",\"@id\":\"https:\/\/tuzlainfo.ba\/#\/schema\/logo\/image\/\",\"url\":\"https:\/\/tuzlainfo.ba\/wp-content\/uploads\/2021\/03\/logo-ver-3-1.png\",\"contentUrl\":\"https:\/\/tuzlainfo.ba\/wp-content\/uploads\/2021\/03\/logo-ver-3-1.png\",\"width\":350,\"height\":95,\"caption\":\"TuzlaInfo.ba\"},\"image\":{\"@id\":\"https:\/\/tuzlainfo.ba\/#\/schema\/logo\/image\/\"},\"sameAs\":[\"https:\/\/www.facebook.com\/tuzlainfo.ba\/\"]},{\"@type\":\"Person\",\"@id\":\"https:\/\/tuzlainfo.ba\/#\/schema\/person\/593e78a2f6378c5ba3e7600ecfa4e63a\",\"name\":\"Admin Tri\",\"image\":{\"@type\":\"ImageObject\",\"inLanguage\":\"bs-BA\",\"@id\":\"https:\/\/tuzlainfo.ba\/#\/schema\/person\/image\/\",\"url\":\"https:\/\/tuzlainfo.ba\/wp-content\/litespeed\/avatar\/b7920db4cc34a71ad12497283ad2fe3f.jpg?ver=1777100914\",\"contentUrl\":\"https:\/\/tuzlainfo.ba\/wp-content\/litespeed\/avatar\/b7920db4cc34a71ad12497283ad2fe3f.jpg?ver=1777100914\",\"caption\":\"Admin Tri\"},\"sameAs\":[\"https:\/\/tuzlainfo.ba\"]}]}<\/script>\n<!-- \/ Yoast SEO plugin. -->","yoast_head_json":{"title":"Gripa u Federaciji BiH u porastu, sedmi\u010dno oko 10.000 slu\u010dajeva - TuzlaInfo.ba","robots":{"index":"index","follow":"follow","max-snippet":"max-snippet:-1","max-image-preview":"max-image-preview:large","max-video-preview":"max-video-preview:-1"},"canonical":"https:\/\/tuzlainfo.ba\/index.php\/bosna-i-hercegovina\/item\/291480-gripa-u-federaciji-bih-u-porastu-sedmicno-oko-10-000-slucajeva\/","og_locale":"bs_BA","og_type":"article","og_title":"Gripa u Federaciji BiH u porastu, sedmi\u010dno oko 10.000 slu\u010dajeva - TuzlaInfo.ba","og_description":"Epidemiolo\u0161ka situacija s gripom u Federaciji BiH bilje\u017ei jasan trend pogor\u0161anja, a broj oboljelih je&hellip;","og_url":"https:\/\/tuzlainfo.ba\/index.php\/bosna-i-hercegovina\/item\/291480-gripa-u-federaciji-bih-u-porastu-sedmicno-oko-10-000-slucajeva\/","og_site_name":"TuzlaInfo.ba","article_publisher":"https:\/\/www.facebook.com\/tuzlainfo.ba\/","article_published_time":"2026-01-08T15:23:45+00:00","article_modified_time":"2026-01-08T13:50:08+00:00","og_image":[{"width":770,"height":433,"url":"https:\/\/tuzlainfo.ba\/wp-content\/uploads\/2019\/02\/sadrzaj_2019_20190201_1302_gripa.jpg","type":"image\/jpeg"}],"author":"Admin Tri","twitter_card":"summary_large_image","twitter_misc":{"Written by":"Admin Tri","Est. reading time":"2 minute"},"schema":{"@context":"https:\/\/schema.org","@graph":[{"@type":"Article","@id":"https:\/\/tuzlainfo.ba\/index.php\/bosna-i-hercegovina\/item\/291480-gripa-u-federaciji-bih-u-porastu-sedmicno-oko-10-000-slucajeva\/#article","isPartOf":{"@id":"https:\/\/tuzlainfo.ba\/index.php\/bosna-i-hercegovina\/item\/291480-gripa-u-federaciji-bih-u-porastu-sedmicno-oko-10-000-slucajeva\/"},"author":{"name":"Admin Tri","@id":"https:\/\/tuzlainfo.ba\/#\/schema\/person\/593e78a2f6378c5ba3e7600ecfa4e63a"},"headline":"Gripa u Federaciji BiH u porastu, sedmi\u010dno oko 10.000 slu\u010dajeva","datePublished":"2026-01-08T15:23:45+00:00","dateModified":"2026-01-08T13:50:08+00:00","mainEntityOfPage":{"@id":"https:\/\/tuzlainfo.ba\/index.php\/bosna-i-hercegovina\/item\/291480-gripa-u-federaciji-bih-u-porastu-sedmicno-oko-10-000-slucajeva\/"},"wordCount":289,"publisher":{"@id":"https:\/\/tuzlainfo.ba\/#organization"},"image":{"@id":"https:\/\/tuzlainfo.ba\/index.php\/bosna-i-hercegovina\/item\/291480-gripa-u-federaciji-bih-u-porastu-sedmicno-oko-10-000-slucajeva\/#primaryimage"},"thumbnailUrl":"https:\/\/tuzlainfo.ba\/wp-content\/uploads\/2019\/02\/sadrzaj_2019_20190201_1302_gripa.jpg","keywords":["gripa","imunizacija"],"articleSection":["Bosna i Hercegovina"],"inLanguage":"bs-BA"},{"@type":"WebPage","@id":"https:\/\/tuzlainfo.ba\/index.php\/bosna-i-hercegovina\/item\/291480-gripa-u-federaciji-bih-u-porastu-sedmicno-oko-10-000-slucajeva\/","url":"https:\/\/tuzlainfo.ba\/index.php\/bosna-i-hercegovina\/item\/291480-gripa-u-federaciji-bih-u-porastu-sedmicno-oko-10-000-slucajeva\/","name":"Gripa u Federaciji BiH u porastu, sedmi\u010dno oko 10.000 slu\u010dajeva - TuzlaInfo.ba","isPartOf":{"@id":"https:\/\/tuzlainfo.ba\/#website"},"primaryImageOfPage":{"@id":"https:\/\/tuzlainfo.ba\/index.php\/bosna-i-hercegovina\/item\/291480-gripa-u-federaciji-bih-u-porastu-sedmicno-oko-10-000-slucajeva\/#primaryimage"},"image":{"@id":"https:\/\/tuzlainfo.ba\/index.php\/bosna-i-hercegovina\/item\/291480-gripa-u-federaciji-bih-u-porastu-sedmicno-oko-10-000-slucajeva\/#primaryimage"},"thumbnailUrl":"https:\/\/tuzlainfo.ba\/wp-content\/uploads\/2019\/02\/sadrzaj_2019_20190201_1302_gripa.jpg","datePublished":"2026-01-08T15:23:45+00:00","dateModified":"2026-01-08T13:50:08+00:00","breadcrumb":{"@id":"https:\/\/tuzlainfo.ba\/index.php\/bosna-i-hercegovina\/item\/291480-gripa-u-federaciji-bih-u-porastu-sedmicno-oko-10-000-slucajeva\/#breadcrumb"},"inLanguage":"bs-BA","potentialAction":[{"@type":"ReadAction","target":["https:\/\/tuzlainfo.ba\/index.php\/bosna-i-hercegovina\/item\/291480-gripa-u-federaciji-bih-u-porastu-sedmicno-oko-10-000-slucajeva\/"]}]},{"@type":"ImageObject","inLanguage":"bs-BA","@id":"https:\/\/tuzlainfo.ba\/index.php\/bosna-i-hercegovina\/item\/291480-gripa-u-federaciji-bih-u-porastu-sedmicno-oko-10-000-slucajeva\/#primaryimage","url":"https:\/\/tuzlainfo.ba\/wp-content\/uploads\/2019\/02\/sadrzaj_2019_20190201_1302_gripa.jpg","contentUrl":"https:\/\/tuzlainfo.ba\/wp-content\/uploads\/2019\/02\/sadrzaj_2019_20190201_1302_gripa.jpg","width":770,"height":433,"caption":"1302 gripa"},{"@type":"BreadcrumbList","@id":"https:\/\/tuzlainfo.ba\/index.php\/bosna-i-hercegovina\/item\/291480-gripa-u-federaciji-bih-u-porastu-sedmicno-oko-10-000-slucajeva\/#breadcrumb","itemListElement":[{"@type":"ListItem","position":1,"name":"Home","item":"https:\/\/tuzlainfo.ba\/"},{"@type":"ListItem","position":2,"name":"Gripa u Federaciji BiH u porastu, sedmi\u010dno oko 10.000 slu\u010dajeva"}]},{"@type":"WebSite","@id":"https:\/\/tuzlainfo.ba\/#website","url":"https:\/\/tuzlainfo.ba\/","name":"TuzlaInfo.ba","description":"Tuzla info, gradski informator - Tuzla na dlanu","publisher":{"@id":"https:\/\/tuzlainfo.ba\/#organization"},"potentialAction":[{"@type":"SearchAction","target":{"@type":"EntryPoint","urlTemplate":"https:\/\/tuzlainfo.ba\/?s={search_term_string}"},"query-input":{"@type":"PropertyValueSpecification","valueRequired":true,"valueName":"search_term_string"}}],"inLanguage":"bs-BA"},{"@type":"Organization","@id":"https:\/\/tuzlainfo.ba\/#organization","name":"TuzlaInfo.ba","url":"https:\/\/tuzlainfo.ba\/","logo":{"@type":"ImageObject","inLanguage":"bs-BA","@id":"https:\/\/tuzlainfo.ba\/#\/schema\/logo\/image\/","url":"https:\/\/tuzlainfo.ba\/wp-content\/uploads\/2021\/03\/logo-ver-3-1.png","contentUrl":"https:\/\/tuzlainfo.ba\/wp-content\/uploads\/2021\/03\/logo-ver-3-1.png","width":350,"height":95,"caption":"TuzlaInfo.ba"},"image":{"@id":"https:\/\/tuzlainfo.ba\/#\/schema\/logo\/image\/"},"sameAs":["https:\/\/www.facebook.com\/tuzlainfo.ba\/"]},{"@type":"Person","@id":"https:\/\/tuzlainfo.ba\/#\/schema\/person\/593e78a2f6378c5ba3e7600ecfa4e63a","name":"Admin Tri","image":{"@type":"ImageObject","inLanguage":"bs-BA","@id":"https:\/\/tuzlainfo.ba\/#\/schema\/person\/image\/","url":"https:\/\/tuzlainfo.ba\/wp-content\/litespeed\/avatar\/b7920db4cc34a71ad12497283ad2fe3f.jpg?ver=1777100914","contentUrl":"https:\/\/tuzlainfo.ba\/wp-content\/litespeed\/avatar\/b7920db4cc34a71ad12497283ad2fe3f.jpg?ver=1777100914","caption":"Admin Tri"},"sameAs":["https:\/\/tuzlainfo.ba"]}]}},"_links":{"self":[{"href":"https:\/\/tuzlainfo.ba\/index.php\/wp-json\/wp\/v2\/posts\/291480"}],"collection":[{"href":"https:\/\/tuzlainfo.ba\/index.php\/wp-json\/wp\/v2\/posts"}],"about":[{"href":"https:\/\/tuzlainfo.ba\/index.php\/wp-json\/wp\/v2\/types\/post"}],"author":[{"embeddable":true,"href":"https:\/\/tuzlainfo.ba\/index.php\/wp-json\/wp\/v2\/users\/8"}],"replies":[{"embeddable":true,"href":"https:\/\/tuzlainfo.ba\/index.php\/wp-json\/wp\/v2\/comments?post=291480"}],"version-history":[{"count":1,"href":"https:\/\/tuzlainfo.ba\/index.php\/wp-json\/wp\/v2\/posts\/291480\/revisions"}],"predecessor-version":[{"id":291481,"href":"https:\/\/tuzlainfo.ba\/index.php\/wp-json\/wp\/v2\/posts\/291480\/revisions\/291481"}],"wp:featuredmedia":[{"embeddable":true,"href":"https:\/\/tuzlainfo.ba\/index.php\/wp-json\/wp\/v2\/media\/67736"}],"wp:attachment":[{"href":"https:\/\/tuzlainfo.ba\/index.php\/wp-json\/wp\/v2\/media?parent=291480"}],"wp:term":[{"taxonomy":"category","embeddable":true,"href":"https:\/\/tuzlainfo.ba\/index.php\/wp-json\/wp\/v2\/categories?post=291480"},{"taxonomy":"post_tag","embeddable":true,"href":"https:\/\/tuzlainfo.ba\/index.php\/wp-json\/wp\/v2\/tags?post=291480"}],"curies":[{"name":"wp","href":"https:\/\/api.w.org\/{rel}","templated":true}]}}