{"id":291382,"date":"2026-01-10T13:04:13","date_gmt":"2026-01-10T12:04:13","guid":{"rendered":"https:\/\/tuzlainfo.ba\/?p=291382"},"modified":"2026-01-10T08:55:16","modified_gmt":"2026-01-10T07:55:16","slug":"izlozba-nemam-kud-u-lukavcu-umjetnicko-suocavanje-s-tisinom-nasilja","status":"publish","type":"post","link":"https:\/\/tuzlainfo.ba\/index.php\/najava-dogadaja-2\/item\/291382-izlozba-nemam-kud-u-lukavcu-umjetnicko-suocavanje-s-tisinom-nasilja\/","title":{"rendered":"Izlo\u017eba \u201eNemam kud\u201c u Lukavcu: Umjetni\u010dko suo\u010davanje s ti\u0161inom nasilja"},"content":{"rendered":"<p>Izlo\u017eba \u201eNemam kud\u201c umjetnika i novinara Rame Tu\u010di\u0107a Ramova bi\u0107e otvorena ve\u010deras u 19 sati u Gradskoj galeriji \u201eAlmir Bikovi\u0107\u201c Centar za kulturu Lukavac, donose\u0107i sna\u017eno i uznemiruju\u0107e svjedo\u010danstvo o nasilju koje se \u010desto odvija daleko od o\u010diju javnosti.<\/p>\n<p>Ovo nije klasi\u010dna izlo\u017eba, niti puki umjetni\u010dki izraz. \u201eNemam kud\u201c predstavlja direktno suo\u010davanje s realno\u0161\u0107u ljudi koji \u017eive u ti\u0161ini zlostavljanja, poni\u017eenja i straha, onih koje dru\u0161tvo pre\u010desto ignori\u0161e ili svjesno ne \u017eeli da vidi. Kroz svoje radove, Tu\u010di\u0107 otvara prostor za pitanja koja rijetko dobijaju mjesto u javnom diskursu, kako izgleda svakodnevica onih koji trpe nasilje, \u0161ta se de\u0161ava iza zatvorenih vrata i la\u017enih osmijeha, te za\u0161to kao dru\u0161tvo \u010desto biramo \u0161utnju.<\/p>\n<p>Autor ne nudi sa\u017ealjenje kao odgovor, ve\u0107 poziva na budnost i empatiju, ali i na li\u010dnu odgovornost. Poruka izlo\u017ebe je jasna, \u0161utnja nije neutralna, ona je izbor koji omogu\u0107ava da se nasilje nastavi. Radovi ne ostavljaju posmatra\u010da ravnodu\u0161nim, ve\u0107 ga tjeraju da osjeti nelagodu i preispita vlastite granice tolerancije.<\/p>\n<p>Izlo\u017eba \u201eNemam kud\u201c upu\u0107ena je svima koji se pitaju gdje se dru\u0161tvo danas nalazi, \u0161ta je spremno da toleri\u0161e i dokle mo\u017ee i\u0107i u okretanju glave od tu\u0111e patnje. Organizatori pozivaju gra\u0111ane da do\u0111u, pogledaju i dozvole sebi da ne ostanu isti nakon susreta s ovim radovima, jer priznanje problema \u010desto predstavlja prvi korak ka promjeni.<\/p>\n","protected":false},"excerpt":{"rendered":"<p>Izlo\u017eba \u201eNemam kud\u201c umjetnika i novinara Rame Tu\u010di\u0107a Ramova bi\u0107e otvorena ve\u010deras u 19 sati&hellip;<\/p>\n","protected":false},"author":8,"featured_media":288558,"comment_status":"closed","ping_status":"closed","sticky":false,"template":"","format":"standard","meta":{"_acf_changed":false,"footnotes":""},"categories":[11],"tags":[1036,5786],"acf":[],"yoast_head":"<!-- This site is optimized with the Yoast SEO plugin v23.5 - https:\/\/yoast.com\/wordpress\/plugins\/seo\/ -->\n<title>Izlo\u017eba \u201eNemam kud\u201c u Lukavcu: Umjetni\u010dko suo\u010davanje s ti\u0161inom nasilja - TuzlaInfo.ba<\/title>\n<meta name=\"robots\" content=\"index, follow, max-snippet:-1, max-image-preview:large, max-video-preview:-1\" \/>\n<link rel=\"canonical\" href=\"https:\/\/tuzlainfo.ba\/index.php\/najava-dogadaja-2\/item\/291382-izlozba-nemam-kud-u-lukavcu-umjetnicko-suocavanje-s-tisinom-nasilja\/\" \/>\n<meta property=\"og:locale\" content=\"bs_BA\" \/>\n<meta property=\"og:type\" content=\"article\" \/>\n<meta property=\"og:title\" content=\"Izlo\u017eba \u201eNemam kud\u201c u Lukavcu: Umjetni\u010dko suo\u010davanje s ti\u0161inom nasilja - TuzlaInfo.ba\" \/>\n<meta property=\"og:description\" content=\"Izlo\u017eba \u201eNemam kud\u201c umjetnika i novinara Rame Tu\u010di\u0107a Ramova bi\u0107e otvorena ve\u010deras u 19 sati&hellip;\" \/>\n<meta property=\"og:url\" content=\"https:\/\/tuzlainfo.ba\/index.php\/najava-dogadaja-2\/item\/291382-izlozba-nemam-kud-u-lukavcu-umjetnicko-suocavanje-s-tisinom-nasilja\/\" \/>\n<meta property=\"og:site_name\" content=\"TuzlaInfo.ba\" \/>\n<meta property=\"article:publisher\" content=\"https:\/\/www.facebook.com\/tuzlainfo.ba\/\" \/>\n<meta property=\"article:published_time\" content=\"2026-01-10T12:04:13+00:00\" \/>\n<meta property=\"article:modified_time\" content=\"2026-01-10T07:55:16+00:00\" \/>\n<meta property=\"og:image\" content=\"https:\/\/tuzlainfo.ba\/wp-content\/uploads\/2025\/12\/ramov-izlozba.jpg\" \/>\n\t<meta property=\"og:image:width\" content=\"1440\" \/>\n\t<meta property=\"og:image:height\" content=\"1516\" \/>\n\t<meta property=\"og:image:type\" content=\"image\/jpeg\" \/>\n<meta name=\"author\" content=\"Admin Tri\" \/>\n<meta name=\"twitter:card\" content=\"summary_large_image\" \/>\n<meta name=\"twitter:label1\" content=\"Written by\" \/>\n\t<meta name=\"twitter:data1\" content=\"Admin Tri\" \/>\n\t<meta name=\"twitter:label2\" content=\"Est. reading time\" \/>\n\t<meta name=\"twitter:data2\" content=\"2 minute\" \/>\n<script type=\"application\/ld+json\" class=\"yoast-schema-graph\">{\"@context\":\"https:\/\/schema.org\",\"@graph\":[{\"@type\":\"Article\",\"@id\":\"https:\/\/tuzlainfo.ba\/index.php\/najava-dogadaja-2\/item\/291382-izlozba-nemam-kud-u-lukavcu-umjetnicko-suocavanje-s-tisinom-nasilja\/#article\",\"isPartOf\":{\"@id\":\"https:\/\/tuzlainfo.ba\/index.php\/najava-dogadaja-2\/item\/291382-izlozba-nemam-kud-u-lukavcu-umjetnicko-suocavanje-s-tisinom-nasilja\/\"},\"author\":{\"name\":\"Admin Tri\",\"@id\":\"https:\/\/tuzlainfo.ba\/#\/schema\/person\/593e78a2f6378c5ba3e7600ecfa4e63a\"},\"headline\":\"Izlo\u017eba \u201eNemam kud\u201c u Lukavcu: Umjetni\u010dko suo\u010davanje s ti\u0161inom nasilja\",\"datePublished\":\"2026-01-10T12:04:13+00:00\",\"dateModified\":\"2026-01-10T07:55:16+00:00\",\"mainEntityOfPage\":{\"@id\":\"https:\/\/tuzlainfo.ba\/index.php\/najava-dogadaja-2\/item\/291382-izlozba-nemam-kud-u-lukavcu-umjetnicko-suocavanje-s-tisinom-nasilja\/\"},\"wordCount\":270,\"publisher\":{\"@id\":\"https:\/\/tuzlainfo.ba\/#organization\"},\"image\":{\"@id\":\"https:\/\/tuzlainfo.ba\/index.php\/najava-dogadaja-2\/item\/291382-izlozba-nemam-kud-u-lukavcu-umjetnicko-suocavanje-s-tisinom-nasilja\/#primaryimage\"},\"thumbnailUrl\":\"https:\/\/tuzlainfo.ba\/wp-content\/uploads\/2025\/12\/ramov-izlozba.jpg\",\"keywords\":[\"izlo\u017eba\",\"ramo tu\u010di\u0107\"],\"articleSection\":[\"Najave i doga\u0111aji\"],\"inLanguage\":\"bs-BA\"},{\"@type\":\"WebPage\",\"@id\":\"https:\/\/tuzlainfo.ba\/index.php\/najava-dogadaja-2\/item\/291382-izlozba-nemam-kud-u-lukavcu-umjetnicko-suocavanje-s-tisinom-nasilja\/\",\"url\":\"https:\/\/tuzlainfo.ba\/index.php\/najava-dogadaja-2\/item\/291382-izlozba-nemam-kud-u-lukavcu-umjetnicko-suocavanje-s-tisinom-nasilja\/\",\"name\":\"Izlo\u017eba \u201eNemam kud\u201c u Lukavcu: Umjetni\u010dko suo\u010davanje s ti\u0161inom nasilja - TuzlaInfo.ba\",\"isPartOf\":{\"@id\":\"https:\/\/tuzlainfo.ba\/#website\"},\"primaryImageOfPage\":{\"@id\":\"https:\/\/tuzlainfo.ba\/index.php\/najava-dogadaja-2\/item\/291382-izlozba-nemam-kud-u-lukavcu-umjetnicko-suocavanje-s-tisinom-nasilja\/#primaryimage\"},\"image\":{\"@id\":\"https:\/\/tuzlainfo.ba\/index.php\/najava-dogadaja-2\/item\/291382-izlozba-nemam-kud-u-lukavcu-umjetnicko-suocavanje-s-tisinom-nasilja\/#primaryimage\"},\"thumbnailUrl\":\"https:\/\/tuzlainfo.ba\/wp-content\/uploads\/2025\/12\/ramov-izlozba.jpg\",\"datePublished\":\"2026-01-10T12:04:13+00:00\",\"dateModified\":\"2026-01-10T07:55:16+00:00\",\"breadcrumb\":{\"@id\":\"https:\/\/tuzlainfo.ba\/index.php\/najava-dogadaja-2\/item\/291382-izlozba-nemam-kud-u-lukavcu-umjetnicko-suocavanje-s-tisinom-nasilja\/#breadcrumb\"},\"inLanguage\":\"bs-BA\",\"potentialAction\":[{\"@type\":\"ReadAction\",\"target\":[\"https:\/\/tuzlainfo.ba\/index.php\/najava-dogadaja-2\/item\/291382-izlozba-nemam-kud-u-lukavcu-umjetnicko-suocavanje-s-tisinom-nasilja\/\"]}]},{\"@type\":\"ImageObject\",\"inLanguage\":\"bs-BA\",\"@id\":\"https:\/\/tuzlainfo.ba\/index.php\/najava-dogadaja-2\/item\/291382-izlozba-nemam-kud-u-lukavcu-umjetnicko-suocavanje-s-tisinom-nasilja\/#primaryimage\",\"url\":\"https:\/\/tuzlainfo.ba\/wp-content\/uploads\/2025\/12\/ramov-izlozba.jpg\",\"contentUrl\":\"https:\/\/tuzlainfo.ba\/wp-content\/uploads\/2025\/12\/ramov-izlozba.jpg\",\"width\":1440,\"height\":1516},{\"@type\":\"BreadcrumbList\",\"@id\":\"https:\/\/tuzlainfo.ba\/index.php\/najava-dogadaja-2\/item\/291382-izlozba-nemam-kud-u-lukavcu-umjetnicko-suocavanje-s-tisinom-nasilja\/#breadcrumb\",\"itemListElement\":[{\"@type\":\"ListItem\",\"position\":1,\"name\":\"Home\",\"item\":\"https:\/\/tuzlainfo.ba\/\"},{\"@type\":\"ListItem\",\"position\":2,\"name\":\"Izlo\u017eba \u201eNemam kud\u201c u Lukavcu: Umjetni\u010dko suo\u010davanje s ti\u0161inom nasilja\"}]},{\"@type\":\"WebSite\",\"@id\":\"https:\/\/tuzlainfo.ba\/#website\",\"url\":\"https:\/\/tuzlainfo.ba\/\",\"name\":\"TuzlaInfo.ba\",\"description\":\"Tuzla info, gradski informator - Tuzla na dlanu\",\"publisher\":{\"@id\":\"https:\/\/tuzlainfo.ba\/#organization\"},\"potentialAction\":[{\"@type\":\"SearchAction\",\"target\":{\"@type\":\"EntryPoint\",\"urlTemplate\":\"https:\/\/tuzlainfo.ba\/?s={search_term_string}\"},\"query-input\":{\"@type\":\"PropertyValueSpecification\",\"valueRequired\":true,\"valueName\":\"search_term_string\"}}],\"inLanguage\":\"bs-BA\"},{\"@type\":\"Organization\",\"@id\":\"https:\/\/tuzlainfo.ba\/#organization\",\"name\":\"TuzlaInfo.ba\",\"url\":\"https:\/\/tuzlainfo.ba\/\",\"logo\":{\"@type\":\"ImageObject\",\"inLanguage\":\"bs-BA\",\"@id\":\"https:\/\/tuzlainfo.ba\/#\/schema\/logo\/image\/\",\"url\":\"https:\/\/tuzlainfo.ba\/wp-content\/uploads\/2021\/03\/logo-ver-3-1.png\",\"contentUrl\":\"https:\/\/tuzlainfo.ba\/wp-content\/uploads\/2021\/03\/logo-ver-3-1.png\",\"width\":350,\"height\":95,\"caption\":\"TuzlaInfo.ba\"},\"image\":{\"@id\":\"https:\/\/tuzlainfo.ba\/#\/schema\/logo\/image\/\"},\"sameAs\":[\"https:\/\/www.facebook.com\/tuzlainfo.ba\/\"]},{\"@type\":\"Person\",\"@id\":\"https:\/\/tuzlainfo.ba\/#\/schema\/person\/593e78a2f6378c5ba3e7600ecfa4e63a\",\"name\":\"Admin Tri\",\"image\":{\"@type\":\"ImageObject\",\"inLanguage\":\"bs-BA\",\"@id\":\"https:\/\/tuzlainfo.ba\/#\/schema\/person\/image\/\",\"url\":\"https:\/\/tuzlainfo.ba\/wp-content\/litespeed\/avatar\/b7920db4cc34a71ad12497283ad2fe3f.jpg?ver=1777100914\",\"contentUrl\":\"https:\/\/tuzlainfo.ba\/wp-content\/litespeed\/avatar\/b7920db4cc34a71ad12497283ad2fe3f.jpg?ver=1777100914\",\"caption\":\"Admin Tri\"},\"sameAs\":[\"https:\/\/tuzlainfo.ba\"]}]}<\/script>\n<!-- \/ Yoast SEO plugin. -->","yoast_head_json":{"title":"Izlo\u017eba \u201eNemam kud\u201c u Lukavcu: Umjetni\u010dko suo\u010davanje s ti\u0161inom nasilja - TuzlaInfo.ba","robots":{"index":"index","follow":"follow","max-snippet":"max-snippet:-1","max-image-preview":"max-image-preview:large","max-video-preview":"max-video-preview:-1"},"canonical":"https:\/\/tuzlainfo.ba\/index.php\/najava-dogadaja-2\/item\/291382-izlozba-nemam-kud-u-lukavcu-umjetnicko-suocavanje-s-tisinom-nasilja\/","og_locale":"bs_BA","og_type":"article","og_title":"Izlo\u017eba \u201eNemam kud\u201c u Lukavcu: Umjetni\u010dko suo\u010davanje s ti\u0161inom nasilja - TuzlaInfo.ba","og_description":"Izlo\u017eba \u201eNemam kud\u201c umjetnika i novinara Rame Tu\u010di\u0107a Ramova bi\u0107e otvorena ve\u010deras u 19 sati&hellip;","og_url":"https:\/\/tuzlainfo.ba\/index.php\/najava-dogadaja-2\/item\/291382-izlozba-nemam-kud-u-lukavcu-umjetnicko-suocavanje-s-tisinom-nasilja\/","og_site_name":"TuzlaInfo.ba","article_publisher":"https:\/\/www.facebook.com\/tuzlainfo.ba\/","article_published_time":"2026-01-10T12:04:13+00:00","article_modified_time":"2026-01-10T07:55:16+00:00","og_image":[{"width":1440,"height":1516,"url":"https:\/\/tuzlainfo.ba\/wp-content\/uploads\/2025\/12\/ramov-izlozba.jpg","type":"image\/jpeg"}],"author":"Admin Tri","twitter_card":"summary_large_image","twitter_misc":{"Written by":"Admin Tri","Est. reading time":"2 minute"},"schema":{"@context":"https:\/\/schema.org","@graph":[{"@type":"Article","@id":"https:\/\/tuzlainfo.ba\/index.php\/najava-dogadaja-2\/item\/291382-izlozba-nemam-kud-u-lukavcu-umjetnicko-suocavanje-s-tisinom-nasilja\/#article","isPartOf":{"@id":"https:\/\/tuzlainfo.ba\/index.php\/najava-dogadaja-2\/item\/291382-izlozba-nemam-kud-u-lukavcu-umjetnicko-suocavanje-s-tisinom-nasilja\/"},"author":{"name":"Admin Tri","@id":"https:\/\/tuzlainfo.ba\/#\/schema\/person\/593e78a2f6378c5ba3e7600ecfa4e63a"},"headline":"Izlo\u017eba \u201eNemam kud\u201c u Lukavcu: Umjetni\u010dko suo\u010davanje s ti\u0161inom nasilja","datePublished":"2026-01-10T12:04:13+00:00","dateModified":"2026-01-10T07:55:16+00:00","mainEntityOfPage":{"@id":"https:\/\/tuzlainfo.ba\/index.php\/najava-dogadaja-2\/item\/291382-izlozba-nemam-kud-u-lukavcu-umjetnicko-suocavanje-s-tisinom-nasilja\/"},"wordCount":270,"publisher":{"@id":"https:\/\/tuzlainfo.ba\/#organization"},"image":{"@id":"https:\/\/tuzlainfo.ba\/index.php\/najava-dogadaja-2\/item\/291382-izlozba-nemam-kud-u-lukavcu-umjetnicko-suocavanje-s-tisinom-nasilja\/#primaryimage"},"thumbnailUrl":"https:\/\/tuzlainfo.ba\/wp-content\/uploads\/2025\/12\/ramov-izlozba.jpg","keywords":["izlo\u017eba","ramo tu\u010di\u0107"],"articleSection":["Najave i doga\u0111aji"],"inLanguage":"bs-BA"},{"@type":"WebPage","@id":"https:\/\/tuzlainfo.ba\/index.php\/najava-dogadaja-2\/item\/291382-izlozba-nemam-kud-u-lukavcu-umjetnicko-suocavanje-s-tisinom-nasilja\/","url":"https:\/\/tuzlainfo.ba\/index.php\/najava-dogadaja-2\/item\/291382-izlozba-nemam-kud-u-lukavcu-umjetnicko-suocavanje-s-tisinom-nasilja\/","name":"Izlo\u017eba \u201eNemam kud\u201c u Lukavcu: Umjetni\u010dko suo\u010davanje s ti\u0161inom nasilja - TuzlaInfo.ba","isPartOf":{"@id":"https:\/\/tuzlainfo.ba\/#website"},"primaryImageOfPage":{"@id":"https:\/\/tuzlainfo.ba\/index.php\/najava-dogadaja-2\/item\/291382-izlozba-nemam-kud-u-lukavcu-umjetnicko-suocavanje-s-tisinom-nasilja\/#primaryimage"},"image":{"@id":"https:\/\/tuzlainfo.ba\/index.php\/najava-dogadaja-2\/item\/291382-izlozba-nemam-kud-u-lukavcu-umjetnicko-suocavanje-s-tisinom-nasilja\/#primaryimage"},"thumbnailUrl":"https:\/\/tuzlainfo.ba\/wp-content\/uploads\/2025\/12\/ramov-izlozba.jpg","datePublished":"2026-01-10T12:04:13+00:00","dateModified":"2026-01-10T07:55:16+00:00","breadcrumb":{"@id":"https:\/\/tuzlainfo.ba\/index.php\/najava-dogadaja-2\/item\/291382-izlozba-nemam-kud-u-lukavcu-umjetnicko-suocavanje-s-tisinom-nasilja\/#breadcrumb"},"inLanguage":"bs-BA","potentialAction":[{"@type":"ReadAction","target":["https:\/\/tuzlainfo.ba\/index.php\/najava-dogadaja-2\/item\/291382-izlozba-nemam-kud-u-lukavcu-umjetnicko-suocavanje-s-tisinom-nasilja\/"]}]},{"@type":"ImageObject","inLanguage":"bs-BA","@id":"https:\/\/tuzlainfo.ba\/index.php\/najava-dogadaja-2\/item\/291382-izlozba-nemam-kud-u-lukavcu-umjetnicko-suocavanje-s-tisinom-nasilja\/#primaryimage","url":"https:\/\/tuzlainfo.ba\/wp-content\/uploads\/2025\/12\/ramov-izlozba.jpg","contentUrl":"https:\/\/tuzlainfo.ba\/wp-content\/uploads\/2025\/12\/ramov-izlozba.jpg","width":1440,"height":1516},{"@type":"BreadcrumbList","@id":"https:\/\/tuzlainfo.ba\/index.php\/najava-dogadaja-2\/item\/291382-izlozba-nemam-kud-u-lukavcu-umjetnicko-suocavanje-s-tisinom-nasilja\/#breadcrumb","itemListElement":[{"@type":"ListItem","position":1,"name":"Home","item":"https:\/\/tuzlainfo.ba\/"},{"@type":"ListItem","position":2,"name":"Izlo\u017eba \u201eNemam kud\u201c u Lukavcu: Umjetni\u010dko suo\u010davanje s ti\u0161inom nasilja"}]},{"@type":"WebSite","@id":"https:\/\/tuzlainfo.ba\/#website","url":"https:\/\/tuzlainfo.ba\/","name":"TuzlaInfo.ba","description":"Tuzla info, gradski informator - Tuzla na dlanu","publisher":{"@id":"https:\/\/tuzlainfo.ba\/#organization"},"potentialAction":[{"@type":"SearchAction","target":{"@type":"EntryPoint","urlTemplate":"https:\/\/tuzlainfo.ba\/?s={search_term_string}"},"query-input":{"@type":"PropertyValueSpecification","valueRequired":true,"valueName":"search_term_string"}}],"inLanguage":"bs-BA"},{"@type":"Organization","@id":"https:\/\/tuzlainfo.ba\/#organization","name":"TuzlaInfo.ba","url":"https:\/\/tuzlainfo.ba\/","logo":{"@type":"ImageObject","inLanguage":"bs-BA","@id":"https:\/\/tuzlainfo.ba\/#\/schema\/logo\/image\/","url":"https:\/\/tuzlainfo.ba\/wp-content\/uploads\/2021\/03\/logo-ver-3-1.png","contentUrl":"https:\/\/tuzlainfo.ba\/wp-content\/uploads\/2021\/03\/logo-ver-3-1.png","width":350,"height":95,"caption":"TuzlaInfo.ba"},"image":{"@id":"https:\/\/tuzlainfo.ba\/#\/schema\/logo\/image\/"},"sameAs":["https:\/\/www.facebook.com\/tuzlainfo.ba\/"]},{"@type":"Person","@id":"https:\/\/tuzlainfo.ba\/#\/schema\/person\/593e78a2f6378c5ba3e7600ecfa4e63a","name":"Admin Tri","image":{"@type":"ImageObject","inLanguage":"bs-BA","@id":"https:\/\/tuzlainfo.ba\/#\/schema\/person\/image\/","url":"https:\/\/tuzlainfo.ba\/wp-content\/litespeed\/avatar\/b7920db4cc34a71ad12497283ad2fe3f.jpg?ver=1777100914","contentUrl":"https:\/\/tuzlainfo.ba\/wp-content\/litespeed\/avatar\/b7920db4cc34a71ad12497283ad2fe3f.jpg?ver=1777100914","caption":"Admin Tri"},"sameAs":["https:\/\/tuzlainfo.ba"]}]}},"_links":{"self":[{"href":"https:\/\/tuzlainfo.ba\/index.php\/wp-json\/wp\/v2\/posts\/291382"}],"collection":[{"href":"https:\/\/tuzlainfo.ba\/index.php\/wp-json\/wp\/v2\/posts"}],"about":[{"href":"https:\/\/tuzlainfo.ba\/index.php\/wp-json\/wp\/v2\/types\/post"}],"author":[{"embeddable":true,"href":"https:\/\/tuzlainfo.ba\/index.php\/wp-json\/wp\/v2\/users\/8"}],"replies":[{"embeddable":true,"href":"https:\/\/tuzlainfo.ba\/index.php\/wp-json\/wp\/v2\/comments?post=291382"}],"version-history":[{"count":1,"href":"https:\/\/tuzlainfo.ba\/index.php\/wp-json\/wp\/v2\/posts\/291382\/revisions"}],"predecessor-version":[{"id":291383,"href":"https:\/\/tuzlainfo.ba\/index.php\/wp-json\/wp\/v2\/posts\/291382\/revisions\/291383"}],"wp:featuredmedia":[{"embeddable":true,"href":"https:\/\/tuzlainfo.ba\/index.php\/wp-json\/wp\/v2\/media\/288558"}],"wp:attachment":[{"href":"https:\/\/tuzlainfo.ba\/index.php\/wp-json\/wp\/v2\/media?parent=291382"}],"wp:term":[{"taxonomy":"category","embeddable":true,"href":"https:\/\/tuzlainfo.ba\/index.php\/wp-json\/wp\/v2\/categories?post=291382"},{"taxonomy":"post_tag","embeddable":true,"href":"https:\/\/tuzlainfo.ba\/index.php\/wp-json\/wp\/v2\/tags?post=291382"}],"curies":[{"name":"wp","href":"https:\/\/api.w.org\/{rel}","templated":true}]}}