{"id":291138,"date":"2026-01-05T13:27:04","date_gmt":"2026-01-05T12:27:04","guid":{"rendered":"https:\/\/tuzlainfo.ba\/?p=291138"},"modified":"2026-01-05T12:02:58","modified_gmt":"2026-01-05T11:02:58","slug":"bih-dobila-novi-rok-za-otvaranje-pregovora-s-evropskom-unijom","status":"publish","type":"post","link":"https:\/\/tuzlainfo.ba\/index.php\/bosna-i-hercegovina\/item\/291138-bih-dobila-novi-rok-za-otvaranje-pregovora-s-evropskom-unijom\/","title":{"rendered":"BiH dobila novi rok za otvaranje pregovora s Evropskom unijom"},"content":{"rendered":"<p>Uprkos vi\u0161emjese\u010dnim politi\u010dkim razgovorima i obe\u0107anjima doma\u0107ih vlasti, Bosna i Hercegovina nije ispunila sve uslove koje je Evropska komisija postavila kao preduslov za otvaranje pristupnih pregovora s Evropskom unijom. Tako je zavr\u0161ena 2025. godina, od koje se, kada je rije\u010d o evropskom putu BiH, o\u010dekivalo znatno vi\u0161e.<\/p>\n<p>U najnovijem izvje\u0161taju iz Brisela navedeno je da odre\u0111enog napretka ima, ali da on nije dovoljan za prelazak u narednu fazu procesa. Evropska komisija ocjenjuje da Bosna i Hercegovina nije ostvarila zadovoljavaju\u0107e rezultate u oblasti vladavine prava, funkcionisanja dr\u017eavnih institucija te uskla\u0111ivanja s vanjskom i sigurnosnom politikom Evropske unije, pi\u0161e Vecernji.ba. Posebno su nagla\u0161eni problemi u borbi protiv korupcije i organizovanog kriminala, kao i izostanak konkretnih pomaka u reformi izbornog zakonodavstva. Od dvanaest klju\u010dnih prioriteta iz mi\u0161ljenja Komisije iz 2019. godine, djelimi\u010dno je ispunjen tek manji broj, dok je ve\u0107ina ostala na nivou nacrta zakona ili politi\u010dkih dogovora bez stvarne primjene. Reformski proces dodatno su usporile politi\u010dke tenzije izme\u0111u entiteta i \u010deste blokade rada dr\u017eavnih institucija. U Briselu isti\u010du da nedostatak unutra\u0161njeg konsenzusa i politizacija klju\u010dnih pitanja onemogu\u0107avaju funkcionalan rad dr\u017eave, \u0161to dovodi u pitanje sposobnost BiH da preuzme obaveze koje nosi \u010dlanstvo u Uniji.<\/p>\n<p>Iako su pojedini zakoni, poput Zakona o spre\u010davanju sukoba interesa i Zakona o sudovima, usvojeni ili se nalaze u zavr\u0161noj fazi, njihova puna primjena u praksi jo\u0161 nije osigurana. Predstavnici vlasti u Bosni i Hercegovini tvrde da je napredak vidljiv i da se zemlja kre\u0107e u dobrom smjeru. Predsjedavaju\u0107a Vije\u0107a ministara BiH Borjana Kri\u0161to poru\u010dila je da reforme zahtijevaju kompromis i politi\u010dku zrelost te da se cijeli proces ne mo\u017ee ubrzati u kratkom roku.<\/p>\n<p>S druge strane, iz Delegacije Evropske unije u Sarajevu upozoravaju da Bosna i Hercegovina mora pokazati stvarnu politi\u010dku volju, jer prilike u procesu pro\u0161irenja nisu trajne. Evropsko vije\u0107e \u0107e u narednim mjesecima razmatrati da li \u0107e BiH ponuditi novi okvir za ubrzanje reformi ili \u0107e odluka o otvaranju pregovora biti odgo\u0111ena do sljede\u0107eg izvje\u0161taja Komisije. U slu\u010daju izostanka konkretnih rezultata, postoji rizik od gubitka politi\u010dke podr\u0161ke unutar same Evropske unije. Evropski diplomati nagla\u0161avaju da je odgovornost sada isklju\u010divo na doma\u0107im institucijama i da gra\u0111ani Bosne i Hercegovine imaju pravo o\u010dekivati efikasnu, odgovornu i jasno evropski orijentisanu vlast.<\/p>\n<p>Kao naredni rok do kojeg bi trebalo usvojiti klju\u010dne reformske zakone i imenovati glavnog pregovara\u010da, ako se \u017eeli otvoriti pregovara\u010dki proces, spominje se 19. mart. Na taj datum, kao i dan kasnije, zakazano je naredno zasjedanje Evropskog vije\u0107a. Reformski zakoni trenutno se nalaze u razli\u010ditim oblicima u paralelnim procedurama u oba doma Parlamentarne skup\u0161tine BiH, a ishod tog procesa tek treba biti poznat.<\/p>\n","protected":false},"excerpt":{"rendered":"<p>Uprkos vi\u0161emjese\u010dnim politi\u010dkim razgovorima i obe\u0107anjima doma\u0107ih vlasti, Bosna i Hercegovina nije ispunila sve uslove&hellip;<\/p>\n","protected":false},"author":8,"featured_media":263659,"comment_status":"closed","ping_status":"closed","sticky":false,"template":"","format":"standard","meta":{"_acf_changed":false,"footnotes":""},"categories":[291],"tags":[2985,7443,1357],"acf":[],"yoast_head":"<!-- This site is optimized with the Yoast SEO plugin v23.5 - https:\/\/yoast.com\/wordpress\/plugins\/seo\/ -->\n<title>BiH dobila novi rok za otvaranje pregovora s Evropskom unijom - TuzlaInfo.ba<\/title>\n<meta name=\"robots\" content=\"index, follow, max-snippet:-1, max-image-preview:large, max-video-preview:-1\" \/>\n<link rel=\"canonical\" href=\"https:\/\/tuzlainfo.ba\/index.php\/bosna-i-hercegovina\/item\/291138-bih-dobila-novi-rok-za-otvaranje-pregovora-s-evropskom-unijom\/\" \/>\n<meta property=\"og:locale\" content=\"bs_BA\" \/>\n<meta property=\"og:type\" content=\"article\" \/>\n<meta property=\"og:title\" content=\"BiH dobila novi rok za otvaranje pregovora s Evropskom unijom - TuzlaInfo.ba\" \/>\n<meta property=\"og:description\" content=\"Uprkos vi\u0161emjese\u010dnim politi\u010dkim razgovorima i obe\u0107anjima doma\u0107ih vlasti, Bosna i Hercegovina nije ispunila sve uslove&hellip;\" \/>\n<meta property=\"og:url\" content=\"https:\/\/tuzlainfo.ba\/index.php\/bosna-i-hercegovina\/item\/291138-bih-dobila-novi-rok-za-otvaranje-pregovora-s-evropskom-unijom\/\" \/>\n<meta property=\"og:site_name\" content=\"TuzlaInfo.ba\" \/>\n<meta property=\"article:publisher\" content=\"https:\/\/www.facebook.com\/tuzlainfo.ba\/\" \/>\n<meta property=\"article:published_time\" content=\"2026-01-05T12:27:04+00:00\" \/>\n<meta property=\"article:modified_time\" content=\"2026-01-05T11:02:58+00:00\" \/>\n<meta property=\"og:image\" content=\"https:\/\/tuzlainfo.ba\/wp-content\/uploads\/2025\/02\/2502_vijece_ministara.jpg\" \/>\n\t<meta property=\"og:image:width\" content=\"800\" \/>\n\t<meta property=\"og:image:height\" content=\"413\" \/>\n\t<meta property=\"og:image:type\" content=\"image\/jpeg\" \/>\n<meta name=\"author\" content=\"Admin Tri\" \/>\n<meta name=\"twitter:card\" content=\"summary_large_image\" \/>\n<meta name=\"twitter:label1\" content=\"Written by\" \/>\n\t<meta name=\"twitter:data1\" content=\"Admin Tri\" \/>\n\t<meta name=\"twitter:label2\" content=\"Est. reading time\" \/>\n\t<meta name=\"twitter:data2\" content=\"3 minute\" \/>\n<script type=\"application\/ld+json\" class=\"yoast-schema-graph\">{\"@context\":\"https:\/\/schema.org\",\"@graph\":[{\"@type\":\"Article\",\"@id\":\"https:\/\/tuzlainfo.ba\/index.php\/bosna-i-hercegovina\/item\/291138-bih-dobila-novi-rok-za-otvaranje-pregovora-s-evropskom-unijom\/#article\",\"isPartOf\":{\"@id\":\"https:\/\/tuzlainfo.ba\/index.php\/bosna-i-hercegovina\/item\/291138-bih-dobila-novi-rok-za-otvaranje-pregovora-s-evropskom-unijom\/\"},\"author\":{\"name\":\"Admin Tri\",\"@id\":\"https:\/\/tuzlainfo.ba\/#\/schema\/person\/593e78a2f6378c5ba3e7600ecfa4e63a\"},\"headline\":\"BiH dobila novi rok za otvaranje pregovora s Evropskom unijom\",\"datePublished\":\"2026-01-05T12:27:04+00:00\",\"dateModified\":\"2026-01-05T11:02:58+00:00\",\"mainEntityOfPage\":{\"@id\":\"https:\/\/tuzlainfo.ba\/index.php\/bosna-i-hercegovina\/item\/291138-bih-dobila-novi-rok-za-otvaranje-pregovora-s-evropskom-unijom\/\"},\"wordCount\":491,\"publisher\":{\"@id\":\"https:\/\/tuzlainfo.ba\/#organization\"},\"image\":{\"@id\":\"https:\/\/tuzlainfo.ba\/index.php\/bosna-i-hercegovina\/item\/291138-bih-dobila-novi-rok-za-otvaranje-pregovora-s-evropskom-unijom\/#primaryimage\"},\"thumbnailUrl\":\"https:\/\/tuzlainfo.ba\/wp-content\/uploads\/2025\/02\/2502_vijece_ministara.jpg\",\"keywords\":[\"Evropska unija\",\"reforme\",\"vije\u0107e ministara\"],\"articleSection\":[\"Bosna i Hercegovina\"],\"inLanguage\":\"bs-BA\"},{\"@type\":\"WebPage\",\"@id\":\"https:\/\/tuzlainfo.ba\/index.php\/bosna-i-hercegovina\/item\/291138-bih-dobila-novi-rok-za-otvaranje-pregovora-s-evropskom-unijom\/\",\"url\":\"https:\/\/tuzlainfo.ba\/index.php\/bosna-i-hercegovina\/item\/291138-bih-dobila-novi-rok-za-otvaranje-pregovora-s-evropskom-unijom\/\",\"name\":\"BiH dobila novi rok za otvaranje pregovora s Evropskom unijom - TuzlaInfo.ba\",\"isPartOf\":{\"@id\":\"https:\/\/tuzlainfo.ba\/#website\"},\"primaryImageOfPage\":{\"@id\":\"https:\/\/tuzlainfo.ba\/index.php\/bosna-i-hercegovina\/item\/291138-bih-dobila-novi-rok-za-otvaranje-pregovora-s-evropskom-unijom\/#primaryimage\"},\"image\":{\"@id\":\"https:\/\/tuzlainfo.ba\/index.php\/bosna-i-hercegovina\/item\/291138-bih-dobila-novi-rok-za-otvaranje-pregovora-s-evropskom-unijom\/#primaryimage\"},\"thumbnailUrl\":\"https:\/\/tuzlainfo.ba\/wp-content\/uploads\/2025\/02\/2502_vijece_ministara.jpg\",\"datePublished\":\"2026-01-05T12:27:04+00:00\",\"dateModified\":\"2026-01-05T11:02:58+00:00\",\"breadcrumb\":{\"@id\":\"https:\/\/tuzlainfo.ba\/index.php\/bosna-i-hercegovina\/item\/291138-bih-dobila-novi-rok-za-otvaranje-pregovora-s-evropskom-unijom\/#breadcrumb\"},\"inLanguage\":\"bs-BA\",\"potentialAction\":[{\"@type\":\"ReadAction\",\"target\":[\"https:\/\/tuzlainfo.ba\/index.php\/bosna-i-hercegovina\/item\/291138-bih-dobila-novi-rok-za-otvaranje-pregovora-s-evropskom-unijom\/\"]}]},{\"@type\":\"ImageObject\",\"inLanguage\":\"bs-BA\",\"@id\":\"https:\/\/tuzlainfo.ba\/index.php\/bosna-i-hercegovina\/item\/291138-bih-dobila-novi-rok-za-otvaranje-pregovora-s-evropskom-unijom\/#primaryimage\",\"url\":\"https:\/\/tuzlainfo.ba\/wp-content\/uploads\/2025\/02\/2502_vijece_ministara.jpg\",\"contentUrl\":\"https:\/\/tuzlainfo.ba\/wp-content\/uploads\/2025\/02\/2502_vijece_ministara.jpg\",\"width\":800,\"height\":413},{\"@type\":\"BreadcrumbList\",\"@id\":\"https:\/\/tuzlainfo.ba\/index.php\/bosna-i-hercegovina\/item\/291138-bih-dobila-novi-rok-za-otvaranje-pregovora-s-evropskom-unijom\/#breadcrumb\",\"itemListElement\":[{\"@type\":\"ListItem\",\"position\":1,\"name\":\"Home\",\"item\":\"https:\/\/tuzlainfo.ba\/\"},{\"@type\":\"ListItem\",\"position\":2,\"name\":\"BiH dobila novi rok za otvaranje pregovora s Evropskom unijom\"}]},{\"@type\":\"WebSite\",\"@id\":\"https:\/\/tuzlainfo.ba\/#website\",\"url\":\"https:\/\/tuzlainfo.ba\/\",\"name\":\"TuzlaInfo.ba\",\"description\":\"Tuzla info, gradski informator - Tuzla na dlanu\",\"publisher\":{\"@id\":\"https:\/\/tuzlainfo.ba\/#organization\"},\"potentialAction\":[{\"@type\":\"SearchAction\",\"target\":{\"@type\":\"EntryPoint\",\"urlTemplate\":\"https:\/\/tuzlainfo.ba\/?s={search_term_string}\"},\"query-input\":{\"@type\":\"PropertyValueSpecification\",\"valueRequired\":true,\"valueName\":\"search_term_string\"}}],\"inLanguage\":\"bs-BA\"},{\"@type\":\"Organization\",\"@id\":\"https:\/\/tuzlainfo.ba\/#organization\",\"name\":\"TuzlaInfo.ba\",\"url\":\"https:\/\/tuzlainfo.ba\/\",\"logo\":{\"@type\":\"ImageObject\",\"inLanguage\":\"bs-BA\",\"@id\":\"https:\/\/tuzlainfo.ba\/#\/schema\/logo\/image\/\",\"url\":\"https:\/\/tuzlainfo.ba\/wp-content\/uploads\/2021\/03\/logo-ver-3-1.png\",\"contentUrl\":\"https:\/\/tuzlainfo.ba\/wp-content\/uploads\/2021\/03\/logo-ver-3-1.png\",\"width\":350,\"height\":95,\"caption\":\"TuzlaInfo.ba\"},\"image\":{\"@id\":\"https:\/\/tuzlainfo.ba\/#\/schema\/logo\/image\/\"},\"sameAs\":[\"https:\/\/www.facebook.com\/tuzlainfo.ba\/\"]},{\"@type\":\"Person\",\"@id\":\"https:\/\/tuzlainfo.ba\/#\/schema\/person\/593e78a2f6378c5ba3e7600ecfa4e63a\",\"name\":\"Admin Tri\",\"image\":{\"@type\":\"ImageObject\",\"inLanguage\":\"bs-BA\",\"@id\":\"https:\/\/tuzlainfo.ba\/#\/schema\/person\/image\/\",\"url\":\"https:\/\/tuzlainfo.ba\/wp-content\/litespeed\/avatar\/b7920db4cc34a71ad12497283ad2fe3f.jpg?ver=1777100914\",\"contentUrl\":\"https:\/\/tuzlainfo.ba\/wp-content\/litespeed\/avatar\/b7920db4cc34a71ad12497283ad2fe3f.jpg?ver=1777100914\",\"caption\":\"Admin Tri\"},\"sameAs\":[\"https:\/\/tuzlainfo.ba\"]}]}<\/script>\n<!-- \/ Yoast SEO plugin. -->","yoast_head_json":{"title":"BiH dobila novi rok za otvaranje pregovora s Evropskom unijom - TuzlaInfo.ba","robots":{"index":"index","follow":"follow","max-snippet":"max-snippet:-1","max-image-preview":"max-image-preview:large","max-video-preview":"max-video-preview:-1"},"canonical":"https:\/\/tuzlainfo.ba\/index.php\/bosna-i-hercegovina\/item\/291138-bih-dobila-novi-rok-za-otvaranje-pregovora-s-evropskom-unijom\/","og_locale":"bs_BA","og_type":"article","og_title":"BiH dobila novi rok za otvaranje pregovora s Evropskom unijom - TuzlaInfo.ba","og_description":"Uprkos vi\u0161emjese\u010dnim politi\u010dkim razgovorima i obe\u0107anjima doma\u0107ih vlasti, Bosna i Hercegovina nije ispunila sve uslove&hellip;","og_url":"https:\/\/tuzlainfo.ba\/index.php\/bosna-i-hercegovina\/item\/291138-bih-dobila-novi-rok-za-otvaranje-pregovora-s-evropskom-unijom\/","og_site_name":"TuzlaInfo.ba","article_publisher":"https:\/\/www.facebook.com\/tuzlainfo.ba\/","article_published_time":"2026-01-05T12:27:04+00:00","article_modified_time":"2026-01-05T11:02:58+00:00","og_image":[{"width":800,"height":413,"url":"https:\/\/tuzlainfo.ba\/wp-content\/uploads\/2025\/02\/2502_vijece_ministara.jpg","type":"image\/jpeg"}],"author":"Admin Tri","twitter_card":"summary_large_image","twitter_misc":{"Written by":"Admin Tri","Est. reading time":"3 minute"},"schema":{"@context":"https:\/\/schema.org","@graph":[{"@type":"Article","@id":"https:\/\/tuzlainfo.ba\/index.php\/bosna-i-hercegovina\/item\/291138-bih-dobila-novi-rok-za-otvaranje-pregovora-s-evropskom-unijom\/#article","isPartOf":{"@id":"https:\/\/tuzlainfo.ba\/index.php\/bosna-i-hercegovina\/item\/291138-bih-dobila-novi-rok-za-otvaranje-pregovora-s-evropskom-unijom\/"},"author":{"name":"Admin Tri","@id":"https:\/\/tuzlainfo.ba\/#\/schema\/person\/593e78a2f6378c5ba3e7600ecfa4e63a"},"headline":"BiH dobila novi rok za otvaranje pregovora s Evropskom unijom","datePublished":"2026-01-05T12:27:04+00:00","dateModified":"2026-01-05T11:02:58+00:00","mainEntityOfPage":{"@id":"https:\/\/tuzlainfo.ba\/index.php\/bosna-i-hercegovina\/item\/291138-bih-dobila-novi-rok-za-otvaranje-pregovora-s-evropskom-unijom\/"},"wordCount":491,"publisher":{"@id":"https:\/\/tuzlainfo.ba\/#organization"},"image":{"@id":"https:\/\/tuzlainfo.ba\/index.php\/bosna-i-hercegovina\/item\/291138-bih-dobila-novi-rok-za-otvaranje-pregovora-s-evropskom-unijom\/#primaryimage"},"thumbnailUrl":"https:\/\/tuzlainfo.ba\/wp-content\/uploads\/2025\/02\/2502_vijece_ministara.jpg","keywords":["Evropska unija","reforme","vije\u0107e ministara"],"articleSection":["Bosna i Hercegovina"],"inLanguage":"bs-BA"},{"@type":"WebPage","@id":"https:\/\/tuzlainfo.ba\/index.php\/bosna-i-hercegovina\/item\/291138-bih-dobila-novi-rok-za-otvaranje-pregovora-s-evropskom-unijom\/","url":"https:\/\/tuzlainfo.ba\/index.php\/bosna-i-hercegovina\/item\/291138-bih-dobila-novi-rok-za-otvaranje-pregovora-s-evropskom-unijom\/","name":"BiH dobila novi rok za otvaranje pregovora s Evropskom unijom - TuzlaInfo.ba","isPartOf":{"@id":"https:\/\/tuzlainfo.ba\/#website"},"primaryImageOfPage":{"@id":"https:\/\/tuzlainfo.ba\/index.php\/bosna-i-hercegovina\/item\/291138-bih-dobila-novi-rok-za-otvaranje-pregovora-s-evropskom-unijom\/#primaryimage"},"image":{"@id":"https:\/\/tuzlainfo.ba\/index.php\/bosna-i-hercegovina\/item\/291138-bih-dobila-novi-rok-za-otvaranje-pregovora-s-evropskom-unijom\/#primaryimage"},"thumbnailUrl":"https:\/\/tuzlainfo.ba\/wp-content\/uploads\/2025\/02\/2502_vijece_ministara.jpg","datePublished":"2026-01-05T12:27:04+00:00","dateModified":"2026-01-05T11:02:58+00:00","breadcrumb":{"@id":"https:\/\/tuzlainfo.ba\/index.php\/bosna-i-hercegovina\/item\/291138-bih-dobila-novi-rok-za-otvaranje-pregovora-s-evropskom-unijom\/#breadcrumb"},"inLanguage":"bs-BA","potentialAction":[{"@type":"ReadAction","target":["https:\/\/tuzlainfo.ba\/index.php\/bosna-i-hercegovina\/item\/291138-bih-dobila-novi-rok-za-otvaranje-pregovora-s-evropskom-unijom\/"]}]},{"@type":"ImageObject","inLanguage":"bs-BA","@id":"https:\/\/tuzlainfo.ba\/index.php\/bosna-i-hercegovina\/item\/291138-bih-dobila-novi-rok-za-otvaranje-pregovora-s-evropskom-unijom\/#primaryimage","url":"https:\/\/tuzlainfo.ba\/wp-content\/uploads\/2025\/02\/2502_vijece_ministara.jpg","contentUrl":"https:\/\/tuzlainfo.ba\/wp-content\/uploads\/2025\/02\/2502_vijece_ministara.jpg","width":800,"height":413},{"@type":"BreadcrumbList","@id":"https:\/\/tuzlainfo.ba\/index.php\/bosna-i-hercegovina\/item\/291138-bih-dobila-novi-rok-za-otvaranje-pregovora-s-evropskom-unijom\/#breadcrumb","itemListElement":[{"@type":"ListItem","position":1,"name":"Home","item":"https:\/\/tuzlainfo.ba\/"},{"@type":"ListItem","position":2,"name":"BiH dobila novi rok za otvaranje pregovora s Evropskom unijom"}]},{"@type":"WebSite","@id":"https:\/\/tuzlainfo.ba\/#website","url":"https:\/\/tuzlainfo.ba\/","name":"TuzlaInfo.ba","description":"Tuzla info, gradski informator - Tuzla na dlanu","publisher":{"@id":"https:\/\/tuzlainfo.ba\/#organization"},"potentialAction":[{"@type":"SearchAction","target":{"@type":"EntryPoint","urlTemplate":"https:\/\/tuzlainfo.ba\/?s={search_term_string}"},"query-input":{"@type":"PropertyValueSpecification","valueRequired":true,"valueName":"search_term_string"}}],"inLanguage":"bs-BA"},{"@type":"Organization","@id":"https:\/\/tuzlainfo.ba\/#organization","name":"TuzlaInfo.ba","url":"https:\/\/tuzlainfo.ba\/","logo":{"@type":"ImageObject","inLanguage":"bs-BA","@id":"https:\/\/tuzlainfo.ba\/#\/schema\/logo\/image\/","url":"https:\/\/tuzlainfo.ba\/wp-content\/uploads\/2021\/03\/logo-ver-3-1.png","contentUrl":"https:\/\/tuzlainfo.ba\/wp-content\/uploads\/2021\/03\/logo-ver-3-1.png","width":350,"height":95,"caption":"TuzlaInfo.ba"},"image":{"@id":"https:\/\/tuzlainfo.ba\/#\/schema\/logo\/image\/"},"sameAs":["https:\/\/www.facebook.com\/tuzlainfo.ba\/"]},{"@type":"Person","@id":"https:\/\/tuzlainfo.ba\/#\/schema\/person\/593e78a2f6378c5ba3e7600ecfa4e63a","name":"Admin Tri","image":{"@type":"ImageObject","inLanguage":"bs-BA","@id":"https:\/\/tuzlainfo.ba\/#\/schema\/person\/image\/","url":"https:\/\/tuzlainfo.ba\/wp-content\/litespeed\/avatar\/b7920db4cc34a71ad12497283ad2fe3f.jpg?ver=1777100914","contentUrl":"https:\/\/tuzlainfo.ba\/wp-content\/litespeed\/avatar\/b7920db4cc34a71ad12497283ad2fe3f.jpg?ver=1777100914","caption":"Admin Tri"},"sameAs":["https:\/\/tuzlainfo.ba"]}]}},"_links":{"self":[{"href":"https:\/\/tuzlainfo.ba\/index.php\/wp-json\/wp\/v2\/posts\/291138"}],"collection":[{"href":"https:\/\/tuzlainfo.ba\/index.php\/wp-json\/wp\/v2\/posts"}],"about":[{"href":"https:\/\/tuzlainfo.ba\/index.php\/wp-json\/wp\/v2\/types\/post"}],"author":[{"embeddable":true,"href":"https:\/\/tuzlainfo.ba\/index.php\/wp-json\/wp\/v2\/users\/8"}],"replies":[{"embeddable":true,"href":"https:\/\/tuzlainfo.ba\/index.php\/wp-json\/wp\/v2\/comments?post=291138"}],"version-history":[{"count":1,"href":"https:\/\/tuzlainfo.ba\/index.php\/wp-json\/wp\/v2\/posts\/291138\/revisions"}],"predecessor-version":[{"id":291139,"href":"https:\/\/tuzlainfo.ba\/index.php\/wp-json\/wp\/v2\/posts\/291138\/revisions\/291139"}],"wp:featuredmedia":[{"embeddable":true,"href":"https:\/\/tuzlainfo.ba\/index.php\/wp-json\/wp\/v2\/media\/263659"}],"wp:attachment":[{"href":"https:\/\/tuzlainfo.ba\/index.php\/wp-json\/wp\/v2\/media?parent=291138"}],"wp:term":[{"taxonomy":"category","embeddable":true,"href":"https:\/\/tuzlainfo.ba\/index.php\/wp-json\/wp\/v2\/categories?post=291138"},{"taxonomy":"post_tag","embeddable":true,"href":"https:\/\/tuzlainfo.ba\/index.php\/wp-json\/wp\/v2\/tags?post=291138"}],"curies":[{"name":"wp","href":"https:\/\/api.w.org\/{rel}","templated":true}]}}