{"id":291123,"date":"2026-01-10T18:30:09","date_gmt":"2026-01-10T17:30:09","guid":{"rendered":"https:\/\/tuzlainfo.ba\/?p=291123"},"modified":"2026-01-10T17:58:51","modified_gmt":"2026-01-10T16:58:51","slug":"spremaju-se-izmjene-koje-mijenjaju-nacin-obracuna-penzije","status":"publish","type":"post","link":"https:\/\/tuzlainfo.ba\/index.php\/bosna-i-hercegovina\/item\/291123-spremaju-se-izmjene-koje-mijenjaju-nacin-obracuna-penzije\/","title":{"rendered":"Spremaju se izmjene koje mijenjaju na\u010din obra\u010duna penzije"},"content":{"rendered":"<p>Obra\u010dun penzija u Federaciji Bosne i Hercegovine uskoro bi mogao do\u017eivjeti zna\u010dajne promjene, posebno kada je rije\u010d o minimalnoj penziji. Izmjene i dopune Zakona o penzijskom i invalidskom osiguranju FBiH, koje je nedavno usvojila Vlada Federacije BiH i uputila u parlamentarnu proceduru, predvi\u0111aju da se minimalna penzija ubudu\u0107e obra\u010dunava prema broju godina provedenih u radnom odnosu, a ne po jedinstvenom iznosu za sve.<\/p>\n<p>Ovakav prijedlog rezultat je vi\u0161egodi\u0161njih zahtjeva koje je Ministarstvu rada i socijalne politike FBiH uputio Savez udruga umirovljenika FBiH, upozoravaju\u0107i na brojne zloupotrebe postoje\u0107eg sistema. Prema njihovim navodima, de\u0161avalo se da pojedinci u BiH rade minimalnih 15 godina, potom godinama borave i rade u inostranstvu bez prijave, a po navr\u0161enih 65 godina vra\u0107aju se u zemlju i ostvaruju pravo na najni\u017eu penziju, koja trenutno iznosi oko 600 KM.<\/p>\n<p>Cilj predlo\u017eenih izmjena je da se penzija obra\u010dunava prema stvarno upla\u0107enim doprinosima i du\u017eini radnog sta\u017ea, a ne da svi s minimalnim uslovima dobijaju isti iznos. Ako zakon bude usvojen, minimalna penzija za budu\u0107e penzionere sa 15 godina sta\u017ea, umjesto sada\u0161njih 599 KM, iznosit \u0107e 390 KM.<\/p>\n<p>Nova formula predvi\u0111a i postepeno pove\u0107anje iznosa u zavisnosti od du\u017eine sta\u017ea. Tako bi osiguranici sa 20 do 25 godina sta\u017ea ostvarivali penziju od 423,15 KM, oni sa 25 do 30 godina 455,70 KM, dok bi penzioneri sa 30 do 35 godina sta\u017ea imali 488,25 KM. Za one sa 35 do 40 godina sta\u017ea predvi\u0111en je iznos od 553,35 KM, a za pune 40 godina sta\u017ea uz upla\u0107ivane minimalne doprinose 618,45 KM.<\/p>\n<p>Zakonom je predvi\u0111eno i redovno uskla\u0111ivanje penzija, pa bi tokom 2026. godine do\u0161lo do pove\u0107anja svih penzija za 17 posto. Time bi minimalna penzija za 15 godina sta\u017ea porasla na 456 KM, dok bi penzija za 40 godina sta\u017ea iznosila 723,50 KM.<\/p>\n<p>Va\u017eno je naglasiti da se nova formula odnosi isklju\u010divo na budu\u0107e penzionere. Oni koji su pravo na penziju ostvarili prije stupanja na snagu izmjena Zakona o PIO nastavit \u0107e primati ranije utvr\u0111ene iznose, uve\u0107ane za planirano pove\u0107anje. Tako \u0107e osiguranik koji je tokom 2025. godine oti\u0161ao u penziju sa 15 godina sta\u017ea, nakon pove\u0107anja od 17 posto, primati oko 700 KM, dok \u0107e osoba s istim sta\u017eom koja se penzioni\u0161e nakon usvajanja izmjena imati penziju od 456 KM.<\/p>\n","protected":false},"excerpt":{"rendered":"<p>Obra\u010dun penzija u Federaciji Bosne i Hercegovine uskoro bi mogao do\u017eivjeti zna\u010dajne promjene, posebno kada&hellip;<\/p>\n","protected":false},"author":8,"featured_media":288735,"comment_status":"closed","ping_status":"closed","sticky":false,"template":"","format":"standard","meta":{"_acf_changed":false,"footnotes":""},"categories":[291,304],"tags":[12528,3163,1885],"acf":[],"yoast_head":"<!-- This site is optimized with the Yoast SEO plugin v23.5 - https:\/\/yoast.com\/wordpress\/plugins\/seo\/ -->\n<title>Spremaju se izmjene koje mijenjaju na\u010din obra\u010duna penzije - TuzlaInfo.ba<\/title>\n<meta name=\"robots\" content=\"index, follow, max-snippet:-1, max-image-preview:large, max-video-preview:-1\" \/>\n<link rel=\"canonical\" href=\"https:\/\/tuzlainfo.ba\/index.php\/bosna-i-hercegovina\/item\/291123-spremaju-se-izmjene-koje-mijenjaju-nacin-obracuna-penzije\/\" \/>\n<meta property=\"og:locale\" content=\"bs_BA\" \/>\n<meta property=\"og:type\" content=\"article\" \/>\n<meta property=\"og:title\" content=\"Spremaju se izmjene koje mijenjaju na\u010din obra\u010duna penzije - TuzlaInfo.ba\" \/>\n<meta property=\"og:description\" content=\"Obra\u010dun penzija u Federaciji Bosne i Hercegovine uskoro bi mogao do\u017eivjeti zna\u010dajne promjene, posebno kada&hellip;\" \/>\n<meta property=\"og:url\" content=\"https:\/\/tuzlainfo.ba\/index.php\/bosna-i-hercegovina\/item\/291123-spremaju-se-izmjene-koje-mijenjaju-nacin-obracuna-penzije\/\" \/>\n<meta property=\"og:site_name\" content=\"TuzlaInfo.ba\" \/>\n<meta property=\"article:publisher\" content=\"https:\/\/www.facebook.com\/tuzlainfo.ba\/\" \/>\n<meta property=\"article:published_time\" content=\"2026-01-10T17:30:09+00:00\" \/>\n<meta property=\"article:modified_time\" content=\"2026-01-10T16:58:51+00:00\" \/>\n<meta property=\"og:image\" content=\"https:\/\/tuzlainfo.ba\/wp-content\/uploads\/2025\/12\/novac_pare_novcanice.jpg\" \/>\n\t<meta property=\"og:image:width\" content=\"1600\" \/>\n\t<meta property=\"og:image:height\" content=\"1205\" \/>\n\t<meta property=\"og:image:type\" content=\"image\/jpeg\" \/>\n<meta name=\"author\" content=\"Admin Tri\" \/>\n<meta name=\"twitter:card\" content=\"summary_large_image\" \/>\n<meta name=\"twitter:label1\" content=\"Written by\" \/>\n\t<meta name=\"twitter:data1\" content=\"Admin Tri\" \/>\n\t<meta name=\"twitter:label2\" content=\"Est. reading time\" \/>\n\t<meta name=\"twitter:data2\" content=\"3 minute\" \/>\n<script type=\"application\/ld+json\" class=\"yoast-schema-graph\">{\"@context\":\"https:\/\/schema.org\",\"@graph\":[{\"@type\":\"Article\",\"@id\":\"https:\/\/tuzlainfo.ba\/index.php\/bosna-i-hercegovina\/item\/291123-spremaju-se-izmjene-koje-mijenjaju-nacin-obracuna-penzije\/#article\",\"isPartOf\":{\"@id\":\"https:\/\/tuzlainfo.ba\/index.php\/bosna-i-hercegovina\/item\/291123-spremaju-se-izmjene-koje-mijenjaju-nacin-obracuna-penzije\/\"},\"author\":{\"name\":\"Admin Tri\",\"@id\":\"https:\/\/tuzlainfo.ba\/#\/schema\/person\/593e78a2f6378c5ba3e7600ecfa4e63a\"},\"headline\":\"Spremaju se izmjene koje mijenjaju na\u010din obra\u010duna penzije\",\"datePublished\":\"2026-01-10T17:30:09+00:00\",\"dateModified\":\"2026-01-10T16:58:51+00:00\",\"mainEntityOfPage\":{\"@id\":\"https:\/\/tuzlainfo.ba\/index.php\/bosna-i-hercegovina\/item\/291123-spremaju-se-izmjene-koje-mijenjaju-nacin-obracuna-penzije\/\"},\"wordCount\":398,\"publisher\":{\"@id\":\"https:\/\/tuzlainfo.ba\/#organization\"},\"image\":{\"@id\":\"https:\/\/tuzlainfo.ba\/index.php\/bosna-i-hercegovina\/item\/291123-spremaju-se-izmjene-koje-mijenjaju-nacin-obracuna-penzije\/#primaryimage\"},\"thumbnailUrl\":\"https:\/\/tuzlainfo.ba\/wp-content\/uploads\/2025\/12\/novac_pare_novcanice.jpg\",\"keywords\":[\"obra\u010dun\",\"penzija\",\"penzioneri\"],\"articleSection\":[\"Bosna i Hercegovina\",\"Istaknuto\"],\"inLanguage\":\"bs-BA\"},{\"@type\":\"WebPage\",\"@id\":\"https:\/\/tuzlainfo.ba\/index.php\/bosna-i-hercegovina\/item\/291123-spremaju-se-izmjene-koje-mijenjaju-nacin-obracuna-penzije\/\",\"url\":\"https:\/\/tuzlainfo.ba\/index.php\/bosna-i-hercegovina\/item\/291123-spremaju-se-izmjene-koje-mijenjaju-nacin-obracuna-penzije\/\",\"name\":\"Spremaju se izmjene koje mijenjaju na\u010din obra\u010duna penzije - TuzlaInfo.ba\",\"isPartOf\":{\"@id\":\"https:\/\/tuzlainfo.ba\/#website\"},\"primaryImageOfPage\":{\"@id\":\"https:\/\/tuzlainfo.ba\/index.php\/bosna-i-hercegovina\/item\/291123-spremaju-se-izmjene-koje-mijenjaju-nacin-obracuna-penzije\/#primaryimage\"},\"image\":{\"@id\":\"https:\/\/tuzlainfo.ba\/index.php\/bosna-i-hercegovina\/item\/291123-spremaju-se-izmjene-koje-mijenjaju-nacin-obracuna-penzije\/#primaryimage\"},\"thumbnailUrl\":\"https:\/\/tuzlainfo.ba\/wp-content\/uploads\/2025\/12\/novac_pare_novcanice.jpg\",\"datePublished\":\"2026-01-10T17:30:09+00:00\",\"dateModified\":\"2026-01-10T16:58:51+00:00\",\"breadcrumb\":{\"@id\":\"https:\/\/tuzlainfo.ba\/index.php\/bosna-i-hercegovina\/item\/291123-spremaju-se-izmjene-koje-mijenjaju-nacin-obracuna-penzije\/#breadcrumb\"},\"inLanguage\":\"bs-BA\",\"potentialAction\":[{\"@type\":\"ReadAction\",\"target\":[\"https:\/\/tuzlainfo.ba\/index.php\/bosna-i-hercegovina\/item\/291123-spremaju-se-izmjene-koje-mijenjaju-nacin-obracuna-penzije\/\"]}]},{\"@type\":\"ImageObject\",\"inLanguage\":\"bs-BA\",\"@id\":\"https:\/\/tuzlainfo.ba\/index.php\/bosna-i-hercegovina\/item\/291123-spremaju-se-izmjene-koje-mijenjaju-nacin-obracuna-penzije\/#primaryimage\",\"url\":\"https:\/\/tuzlainfo.ba\/wp-content\/uploads\/2025\/12\/novac_pare_novcanice.jpg\",\"contentUrl\":\"https:\/\/tuzlainfo.ba\/wp-content\/uploads\/2025\/12\/novac_pare_novcanice.jpg\",\"width\":1600,\"height\":1205},{\"@type\":\"BreadcrumbList\",\"@id\":\"https:\/\/tuzlainfo.ba\/index.php\/bosna-i-hercegovina\/item\/291123-spremaju-se-izmjene-koje-mijenjaju-nacin-obracuna-penzije\/#breadcrumb\",\"itemListElement\":[{\"@type\":\"ListItem\",\"position\":1,\"name\":\"Home\",\"item\":\"https:\/\/tuzlainfo.ba\/\"},{\"@type\":\"ListItem\",\"position\":2,\"name\":\"Spremaju se izmjene koje mijenjaju na\u010din obra\u010duna penzije\"}]},{\"@type\":\"WebSite\",\"@id\":\"https:\/\/tuzlainfo.ba\/#website\",\"url\":\"https:\/\/tuzlainfo.ba\/\",\"name\":\"TuzlaInfo.ba\",\"description\":\"Tuzla info, gradski informator - Tuzla na dlanu\",\"publisher\":{\"@id\":\"https:\/\/tuzlainfo.ba\/#organization\"},\"potentialAction\":[{\"@type\":\"SearchAction\",\"target\":{\"@type\":\"EntryPoint\",\"urlTemplate\":\"https:\/\/tuzlainfo.ba\/?s={search_term_string}\"},\"query-input\":{\"@type\":\"PropertyValueSpecification\",\"valueRequired\":true,\"valueName\":\"search_term_string\"}}],\"inLanguage\":\"bs-BA\"},{\"@type\":\"Organization\",\"@id\":\"https:\/\/tuzlainfo.ba\/#organization\",\"name\":\"TuzlaInfo.ba\",\"url\":\"https:\/\/tuzlainfo.ba\/\",\"logo\":{\"@type\":\"ImageObject\",\"inLanguage\":\"bs-BA\",\"@id\":\"https:\/\/tuzlainfo.ba\/#\/schema\/logo\/image\/\",\"url\":\"https:\/\/tuzlainfo.ba\/wp-content\/uploads\/2021\/03\/logo-ver-3-1.png\",\"contentUrl\":\"https:\/\/tuzlainfo.ba\/wp-content\/uploads\/2021\/03\/logo-ver-3-1.png\",\"width\":350,\"height\":95,\"caption\":\"TuzlaInfo.ba\"},\"image\":{\"@id\":\"https:\/\/tuzlainfo.ba\/#\/schema\/logo\/image\/\"},\"sameAs\":[\"https:\/\/www.facebook.com\/tuzlainfo.ba\/\"]},{\"@type\":\"Person\",\"@id\":\"https:\/\/tuzlainfo.ba\/#\/schema\/person\/593e78a2f6378c5ba3e7600ecfa4e63a\",\"name\":\"Admin Tri\",\"image\":{\"@type\":\"ImageObject\",\"inLanguage\":\"bs-BA\",\"@id\":\"https:\/\/tuzlainfo.ba\/#\/schema\/person\/image\/\",\"url\":\"https:\/\/tuzlainfo.ba\/wp-content\/litespeed\/avatar\/b7920db4cc34a71ad12497283ad2fe3f.jpg?ver=1777100914\",\"contentUrl\":\"https:\/\/tuzlainfo.ba\/wp-content\/litespeed\/avatar\/b7920db4cc34a71ad12497283ad2fe3f.jpg?ver=1777100914\",\"caption\":\"Admin Tri\"},\"sameAs\":[\"https:\/\/tuzlainfo.ba\"]}]}<\/script>\n<!-- \/ Yoast SEO plugin. -->","yoast_head_json":{"title":"Spremaju se izmjene koje mijenjaju na\u010din obra\u010duna penzije - TuzlaInfo.ba","robots":{"index":"index","follow":"follow","max-snippet":"max-snippet:-1","max-image-preview":"max-image-preview:large","max-video-preview":"max-video-preview:-1"},"canonical":"https:\/\/tuzlainfo.ba\/index.php\/bosna-i-hercegovina\/item\/291123-spremaju-se-izmjene-koje-mijenjaju-nacin-obracuna-penzije\/","og_locale":"bs_BA","og_type":"article","og_title":"Spremaju se izmjene koje mijenjaju na\u010din obra\u010duna penzije - TuzlaInfo.ba","og_description":"Obra\u010dun penzija u Federaciji Bosne i Hercegovine uskoro bi mogao do\u017eivjeti zna\u010dajne promjene, posebno kada&hellip;","og_url":"https:\/\/tuzlainfo.ba\/index.php\/bosna-i-hercegovina\/item\/291123-spremaju-se-izmjene-koje-mijenjaju-nacin-obracuna-penzije\/","og_site_name":"TuzlaInfo.ba","article_publisher":"https:\/\/www.facebook.com\/tuzlainfo.ba\/","article_published_time":"2026-01-10T17:30:09+00:00","article_modified_time":"2026-01-10T16:58:51+00:00","og_image":[{"width":1600,"height":1205,"url":"https:\/\/tuzlainfo.ba\/wp-content\/uploads\/2025\/12\/novac_pare_novcanice.jpg","type":"image\/jpeg"}],"author":"Admin Tri","twitter_card":"summary_large_image","twitter_misc":{"Written by":"Admin Tri","Est. reading time":"3 minute"},"schema":{"@context":"https:\/\/schema.org","@graph":[{"@type":"Article","@id":"https:\/\/tuzlainfo.ba\/index.php\/bosna-i-hercegovina\/item\/291123-spremaju-se-izmjene-koje-mijenjaju-nacin-obracuna-penzije\/#article","isPartOf":{"@id":"https:\/\/tuzlainfo.ba\/index.php\/bosna-i-hercegovina\/item\/291123-spremaju-se-izmjene-koje-mijenjaju-nacin-obracuna-penzije\/"},"author":{"name":"Admin Tri","@id":"https:\/\/tuzlainfo.ba\/#\/schema\/person\/593e78a2f6378c5ba3e7600ecfa4e63a"},"headline":"Spremaju se izmjene koje mijenjaju na\u010din obra\u010duna penzije","datePublished":"2026-01-10T17:30:09+00:00","dateModified":"2026-01-10T16:58:51+00:00","mainEntityOfPage":{"@id":"https:\/\/tuzlainfo.ba\/index.php\/bosna-i-hercegovina\/item\/291123-spremaju-se-izmjene-koje-mijenjaju-nacin-obracuna-penzije\/"},"wordCount":398,"publisher":{"@id":"https:\/\/tuzlainfo.ba\/#organization"},"image":{"@id":"https:\/\/tuzlainfo.ba\/index.php\/bosna-i-hercegovina\/item\/291123-spremaju-se-izmjene-koje-mijenjaju-nacin-obracuna-penzije\/#primaryimage"},"thumbnailUrl":"https:\/\/tuzlainfo.ba\/wp-content\/uploads\/2025\/12\/novac_pare_novcanice.jpg","keywords":["obra\u010dun","penzija","penzioneri"],"articleSection":["Bosna i Hercegovina","Istaknuto"],"inLanguage":"bs-BA"},{"@type":"WebPage","@id":"https:\/\/tuzlainfo.ba\/index.php\/bosna-i-hercegovina\/item\/291123-spremaju-se-izmjene-koje-mijenjaju-nacin-obracuna-penzije\/","url":"https:\/\/tuzlainfo.ba\/index.php\/bosna-i-hercegovina\/item\/291123-spremaju-se-izmjene-koje-mijenjaju-nacin-obracuna-penzije\/","name":"Spremaju se izmjene koje mijenjaju na\u010din obra\u010duna penzije - TuzlaInfo.ba","isPartOf":{"@id":"https:\/\/tuzlainfo.ba\/#website"},"primaryImageOfPage":{"@id":"https:\/\/tuzlainfo.ba\/index.php\/bosna-i-hercegovina\/item\/291123-spremaju-se-izmjene-koje-mijenjaju-nacin-obracuna-penzije\/#primaryimage"},"image":{"@id":"https:\/\/tuzlainfo.ba\/index.php\/bosna-i-hercegovina\/item\/291123-spremaju-se-izmjene-koje-mijenjaju-nacin-obracuna-penzije\/#primaryimage"},"thumbnailUrl":"https:\/\/tuzlainfo.ba\/wp-content\/uploads\/2025\/12\/novac_pare_novcanice.jpg","datePublished":"2026-01-10T17:30:09+00:00","dateModified":"2026-01-10T16:58:51+00:00","breadcrumb":{"@id":"https:\/\/tuzlainfo.ba\/index.php\/bosna-i-hercegovina\/item\/291123-spremaju-se-izmjene-koje-mijenjaju-nacin-obracuna-penzije\/#breadcrumb"},"inLanguage":"bs-BA","potentialAction":[{"@type":"ReadAction","target":["https:\/\/tuzlainfo.ba\/index.php\/bosna-i-hercegovina\/item\/291123-spremaju-se-izmjene-koje-mijenjaju-nacin-obracuna-penzije\/"]}]},{"@type":"ImageObject","inLanguage":"bs-BA","@id":"https:\/\/tuzlainfo.ba\/index.php\/bosna-i-hercegovina\/item\/291123-spremaju-se-izmjene-koje-mijenjaju-nacin-obracuna-penzije\/#primaryimage","url":"https:\/\/tuzlainfo.ba\/wp-content\/uploads\/2025\/12\/novac_pare_novcanice.jpg","contentUrl":"https:\/\/tuzlainfo.ba\/wp-content\/uploads\/2025\/12\/novac_pare_novcanice.jpg","width":1600,"height":1205},{"@type":"BreadcrumbList","@id":"https:\/\/tuzlainfo.ba\/index.php\/bosna-i-hercegovina\/item\/291123-spremaju-se-izmjene-koje-mijenjaju-nacin-obracuna-penzije\/#breadcrumb","itemListElement":[{"@type":"ListItem","position":1,"name":"Home","item":"https:\/\/tuzlainfo.ba\/"},{"@type":"ListItem","position":2,"name":"Spremaju se izmjene koje mijenjaju na\u010din obra\u010duna penzije"}]},{"@type":"WebSite","@id":"https:\/\/tuzlainfo.ba\/#website","url":"https:\/\/tuzlainfo.ba\/","name":"TuzlaInfo.ba","description":"Tuzla info, gradski informator - Tuzla na dlanu","publisher":{"@id":"https:\/\/tuzlainfo.ba\/#organization"},"potentialAction":[{"@type":"SearchAction","target":{"@type":"EntryPoint","urlTemplate":"https:\/\/tuzlainfo.ba\/?s={search_term_string}"},"query-input":{"@type":"PropertyValueSpecification","valueRequired":true,"valueName":"search_term_string"}}],"inLanguage":"bs-BA"},{"@type":"Organization","@id":"https:\/\/tuzlainfo.ba\/#organization","name":"TuzlaInfo.ba","url":"https:\/\/tuzlainfo.ba\/","logo":{"@type":"ImageObject","inLanguage":"bs-BA","@id":"https:\/\/tuzlainfo.ba\/#\/schema\/logo\/image\/","url":"https:\/\/tuzlainfo.ba\/wp-content\/uploads\/2021\/03\/logo-ver-3-1.png","contentUrl":"https:\/\/tuzlainfo.ba\/wp-content\/uploads\/2021\/03\/logo-ver-3-1.png","width":350,"height":95,"caption":"TuzlaInfo.ba"},"image":{"@id":"https:\/\/tuzlainfo.ba\/#\/schema\/logo\/image\/"},"sameAs":["https:\/\/www.facebook.com\/tuzlainfo.ba\/"]},{"@type":"Person","@id":"https:\/\/tuzlainfo.ba\/#\/schema\/person\/593e78a2f6378c5ba3e7600ecfa4e63a","name":"Admin Tri","image":{"@type":"ImageObject","inLanguage":"bs-BA","@id":"https:\/\/tuzlainfo.ba\/#\/schema\/person\/image\/","url":"https:\/\/tuzlainfo.ba\/wp-content\/litespeed\/avatar\/b7920db4cc34a71ad12497283ad2fe3f.jpg?ver=1777100914","contentUrl":"https:\/\/tuzlainfo.ba\/wp-content\/litespeed\/avatar\/b7920db4cc34a71ad12497283ad2fe3f.jpg?ver=1777100914","caption":"Admin Tri"},"sameAs":["https:\/\/tuzlainfo.ba"]}]}},"_links":{"self":[{"href":"https:\/\/tuzlainfo.ba\/index.php\/wp-json\/wp\/v2\/posts\/291123"}],"collection":[{"href":"https:\/\/tuzlainfo.ba\/index.php\/wp-json\/wp\/v2\/posts"}],"about":[{"href":"https:\/\/tuzlainfo.ba\/index.php\/wp-json\/wp\/v2\/types\/post"}],"author":[{"embeddable":true,"href":"https:\/\/tuzlainfo.ba\/index.php\/wp-json\/wp\/v2\/users\/8"}],"replies":[{"embeddable":true,"href":"https:\/\/tuzlainfo.ba\/index.php\/wp-json\/wp\/v2\/comments?post=291123"}],"version-history":[{"count":1,"href":"https:\/\/tuzlainfo.ba\/index.php\/wp-json\/wp\/v2\/posts\/291123\/revisions"}],"predecessor-version":[{"id":291125,"href":"https:\/\/tuzlainfo.ba\/index.php\/wp-json\/wp\/v2\/posts\/291123\/revisions\/291125"}],"wp:featuredmedia":[{"embeddable":true,"href":"https:\/\/tuzlainfo.ba\/index.php\/wp-json\/wp\/v2\/media\/288735"}],"wp:attachment":[{"href":"https:\/\/tuzlainfo.ba\/index.php\/wp-json\/wp\/v2\/media?parent=291123"}],"wp:term":[{"taxonomy":"category","embeddable":true,"href":"https:\/\/tuzlainfo.ba\/index.php\/wp-json\/wp\/v2\/categories?post=291123"},{"taxonomy":"post_tag","embeddable":true,"href":"https:\/\/tuzlainfo.ba\/index.php\/wp-json\/wp\/v2\/tags?post=291123"}],"curies":[{"name":"wp","href":"https:\/\/api.w.org\/{rel}","templated":true}]}}