{"id":291064,"date":"2026-01-04T14:06:29","date_gmt":"2026-01-04T13:06:29","guid":{"rendered":"https:\/\/tuzlainfo.ba\/?p=291064"},"modified":"2026-01-04T20:37:50","modified_gmt":"2026-01-04T19:37:50","slug":"vec-veceras-nagla-promjena-vremena-u-bih-neki-ce-se-oprostiti-sa-snijegom-druge-ceka-poledica","status":"publish","type":"post","link":"https:\/\/tuzlainfo.ba\/index.php\/bosna-i-hercegovina\/item\/291064-vec-veceras-nagla-promjena-vremena-u-bih-neki-ce-se-oprostiti-sa-snijegom-druge-ceka-poledica\/","title":{"rendered":"Ve\u0107 ve\u010deras nagla promjena vremena u BiH: Neki \u0107e se oprostiti sa snijegom, druge \u010deka poledica"},"content":{"rendered":"<p data-start=\"99\" data-end=\"429\">Prema najnovijoj prognozi stranice BH Meteo.ba, Bosnu i Hercegovinu od ve\u010deras o\u010dekuju promjene vremenskih prilika, koje \u0107e biti izra\u017eenije tokom no\u0107i na ponedjeljak i u ponedjeljak, 5. januara. Sa juga \u0107e u vi\u0161im slojevima atmosfere prodirati topliji zrak, \u0161to \u0107e u pojedinim dijelovima zemlje dovesti do promjene vrste padavina.<\/p>\n<p data-start=\"431\" data-end=\"755\">U centralnim, isto\u010dnim i sjeveroisto\u010dnim krajevima Bosne tokom ponedjeljka o\u010dekuje se prelazak snijega u ki\u0161u ili susnje\u017eicu. Zbog niskih temperatura pri tlu, posebno u centralnoj i isto\u010dnoj Bosni, postoji opasnost od le\u0111enja ki\u0161e u dodiru s podlogom, pa se voza\u010dima i pje\u0161acima savjetuje poja\u010dan oprez zbog mogu\u0107e poledice.<\/p>\n<p data-start=\"757\" data-end=\"997\">Za razliku od tih podru\u010dja, na sjeverozapadu i u ve\u0107em dijelu sjeverne Bosne zadr\u017ea\u0107e se hladniji zrak. U tim krajevima i tokom ponedjeljka o\u010dekuje se slab do umjeren snijeg, uz dodatno pove\u0107anje snje\u017enog pokriva\u010da od pet do 15 centimetara.<\/p>\n<p data-start=\"999\" data-end=\"1385\">Hercegovinu i jugozapad Bosne tokom ponedjeljka zahvati\u0107e obilnije ki\u0161ne padavine. Prema prognozama, u tim krajevima moglo bi pasti izme\u0111u 20 i 40 milimetara ki\u0161e, dok su na jugu Hercegovine lokalno mogu\u0107e i znatno ve\u0107e koli\u010dine, do oko 80 milimetara. U ostatku zemlje tokom ponedjeljka ne o\u010dekuju se obilne padavine, a najmanje ih je prognozirano za centralne i isto\u010dne dijelove Bosne.<\/p>\n<p data-start=\"999\" data-end=\"1385\"><iframe style=\"border: none; overflow: hidden;\" src=\"https:\/\/www.facebook.com\/plugins\/post.php?href=https%3A%2F%2Fwww.facebook.com%2Fbhmeteo.ba%2Fposts%2Fpfbid02pbm5CKn1cESWCu1u5ahn9eY9FRwtX1XXNALY9RdMdynPYPMQxNX7oh2C9oNxNfrLl&amp;show_text=true&amp;width=500\" width=\"500\" height=\"616\" frameborder=\"0\" scrolling=\"no\" allowfullscreen=\"allowfullscreen\"><\/iframe><\/p>\n<p data-start=\"1387\" data-end=\"1787\">Obilne snje\u017ene padavine koje su danas zahvatile ve\u0107i dio Bosne potraja\u0107e do no\u0107i na ponedjeljak. U pojedinim podru\u010djima palo je, ili \u0107e pasti, izme\u0111u 10 i 30 centimetara snijega, dok se lokalno, prema navodima BH Meteo.ba, bilje\u017ee i koli\u010dine do pola metra snje\u017enog pokriva\u010da. Tokom poslijepodnevnih i ve\u010dernjih sati danas, susnje\u017eice i snijega prolazno mo\u017ee biti i u sjevernim dijelovima Hercegovine.<\/p>\n<p data-start=\"1789\" data-end=\"1971\" data-is-last-node=\"\" data-is-only-node=\"\">Gra\u0111anima se savjetuje da prate vremenske prognoze i upozorenja nadle\u017enih slu\u017ebi, te da vo\u017enju i kretanje prilagode uslovima na terenu, posebno u podru\u010djima gdje se o\u010dekuje poledica.<\/p>\n","protected":false},"excerpt":{"rendered":"<p>Prema najnovijoj prognozi stranice BH Meteo.ba, Bosnu i Hercegovinu od ve\u010deras o\u010dekuju promjene vremenskih prilika, koje \u0107e biti izra\u017eenije tokom no\u0107i na ponedjeljak i u ponedjeljak, 5. januara. Sa juga \u0107e u vi\u0161im slojevima atmosfere prodirati topliji zrak, \u0161to \u0107e u pojedinim dijelovima zemlje dovesti do promjene vrste padavina. U centralnim, isto\u010dnim i sjeveroisto\u010dnim krajevima [&hellip;]<\/p>\n","protected":false},"author":2,"featured_media":228015,"comment_status":"closed","ping_status":"closed","sticky":false,"template":"","format":"standard","meta":{"footnotes":""},"categories":[291,304,306],"tags":[1501,1042,324,312],"class_list":["post-291064","post","type-post","status-publish","format-standard","has-post-thumbnail","hentry","category-bosna-i-hercegovina","category-istaknuto","category-preporucujemo","tag-bosna-i-hercegovina","tag-prognoza","tag-snijeg","tag-vrijeme"],"yoast_head":"<!-- This site is optimized with the Yoast SEO plugin v28.3 - https:\/\/yoast.com\/product\/yoast-seo-wordpress\/ -->\n<title>Ve\u0107 ve\u010deras nagla promjena vremena u BiH: Neki \u0107e se oprostiti sa snijegom, druge \u010deka poledica<\/title>\n<meta name=\"robots\" content=\"index, follow, max-snippet:-1, max-image-preview:large, max-video-preview:-1\" \/>\n<link rel=\"canonical\" href=\"https:\/\/tuzlainfo.ba\/index.php\/bosna-i-hercegovina\/item\/291064-vec-veceras-nagla-promjena-vremena-u-bih-neki-ce-se-oprostiti-sa-snijegom-druge-ceka-poledica\/\" \/>\n<meta property=\"og:locale\" content=\"bs_BA\" \/>\n<meta property=\"og:type\" content=\"article\" \/>\n<meta property=\"og:title\" content=\"Ve\u0107 ve\u010deras nagla promjena vremena u BiH: Neki \u0107e se oprostiti sa snijegom, druge \u010deka poledica\" \/>\n<meta property=\"og:description\" content=\"Prema najnovijoj prognozi stranice BH Meteo.ba, Bosnu i Hercegovinu od ve\u010deras o\u010dekuju promjene vremenskih prilika, koje \u0107e biti izra\u017eenije tokom no\u0107i na ponedjeljak i u ponedjeljak, 5. januara. Sa juga \u0107e u vi\u0161im slojevima atmosfere prodirati topliji zrak, \u0161to \u0107e u pojedinim dijelovima zemlje dovesti do promjene vrste padavina. U centralnim, isto\u010dnim i sjeveroisto\u010dnim krajevima [&hellip;]\" \/>\n<meta property=\"og:url\" content=\"https:\/\/tuzlainfo.ba\/index.php\/bosna-i-hercegovina\/item\/291064-vec-veceras-nagla-promjena-vremena-u-bih-neki-ce-se-oprostiti-sa-snijegom-druge-ceka-poledica\/\" \/>\n<meta property=\"og:site_name\" content=\"TuzlaInfo.ba\" \/>\n<meta property=\"article:publisher\" content=\"https:\/\/www.facebook.com\/tuzlainfo.ba\/\" \/>\n<meta property=\"article:published_time\" content=\"2026-01-04T13:06:29+00:00\" \/>\n<meta property=\"article:modified_time\" content=\"2026-01-04T19:37:50+00:00\" \/>\n<meta property=\"og:image\" content=\"https:\/\/tuzlainfo.ba\/wp-content\/uploads\/2024\/01\/2001_snijeg_stepenice.jpg\" \/>\n\t<meta property=\"og:image:width\" content=\"800\" \/>\n\t<meta property=\"og:image:height\" content=\"583\" \/>\n\t<meta property=\"og:image:type\" content=\"image\/jpeg\" \/>\n<meta name=\"author\" content=\"nedim\" \/>\n<meta name=\"twitter:card\" content=\"summary_large_image\" \/>\n<meta name=\"twitter:label1\" content=\"Written by\" \/>\n\t<meta name=\"twitter:data1\" content=\"nedim\" \/>\n\t<meta name=\"twitter:label2\" content=\"Est. reading time\" \/>\n\t<meta name=\"twitter:data2\" content=\"2 minute\" \/>\n<script type=\"application\/ld+json\" class=\"yoast-schema-graph\">{\"@context\":\"https:\\\/\\\/schema.org\",\"@graph\":[{\"@type\":\"Article\",\"@id\":\"https:\\\/\\\/tuzlainfo.ba\\\/index.php\\\/bosna-i-hercegovina\\\/item\\\/291064-vec-veceras-nagla-promjena-vremena-u-bih-neki-ce-se-oprostiti-sa-snijegom-druge-ceka-poledica\\\/#article\",\"isPartOf\":{\"@id\":\"https:\\\/\\\/tuzlainfo.ba\\\/index.php\\\/bosna-i-hercegovina\\\/item\\\/291064-vec-veceras-nagla-promjena-vremena-u-bih-neki-ce-se-oprostiti-sa-snijegom-druge-ceka-poledica\\\/\"},\"author\":{\"name\":\"nedim\",\"@id\":\"https:\\\/\\\/tuzlainfo.ba\\\/#\\\/schema\\\/person\\\/f434e20dc27ea133923aab08451b7f7f\"},\"headline\":\"Ve\u0107 ve\u010deras nagla promjena vremena u BiH: Neki \u0107e se oprostiti sa snijegom, druge \u010deka poledica\",\"datePublished\":\"2026-01-04T13:06:29+00:00\",\"dateModified\":\"2026-01-04T19:37:50+00:00\",\"mainEntityOfPage\":{\"@id\":\"https:\\\/\\\/tuzlainfo.ba\\\/index.php\\\/bosna-i-hercegovina\\\/item\\\/291064-vec-veceras-nagla-promjena-vremena-u-bih-neki-ce-se-oprostiti-sa-snijegom-druge-ceka-poledica\\\/\"},\"wordCount\":349,\"publisher\":{\"@id\":\"https:\\\/\\\/tuzlainfo.ba\\\/#organization\"},\"image\":{\"@id\":\"https:\\\/\\\/tuzlainfo.ba\\\/index.php\\\/bosna-i-hercegovina\\\/item\\\/291064-vec-veceras-nagla-promjena-vremena-u-bih-neki-ce-se-oprostiti-sa-snijegom-druge-ceka-poledica\\\/#primaryimage\"},\"thumbnailUrl\":\"https:\\\/\\\/tuzlainfo.ba\\\/wp-content\\\/uploads\\\/2024\\\/01\\\/2001_snijeg_stepenice.jpg\",\"keywords\":[\"bosna i hercegovina\",\"prognoza\",\"snijeg\",\"vrijeme\"],\"articleSection\":[\"Bosna i Hercegovina\",\"Istaknuto\",\"Preporu\u010dujemo\"],\"inLanguage\":\"bs-BA\",\"copyrightYear\":\"2026\",\"copyrightHolder\":{\"@id\":\"https:\\\/\\\/tuzlainfo.ba\\\/#organization\"}},{\"@type\":\"WebPage\",\"@id\":\"https:\\\/\\\/tuzlainfo.ba\\\/index.php\\\/bosna-i-hercegovina\\\/item\\\/291064-vec-veceras-nagla-promjena-vremena-u-bih-neki-ce-se-oprostiti-sa-snijegom-druge-ceka-poledica\\\/\",\"url\":\"https:\\\/\\\/tuzlainfo.ba\\\/index.php\\\/bosna-i-hercegovina\\\/item\\\/291064-vec-veceras-nagla-promjena-vremena-u-bih-neki-ce-se-oprostiti-sa-snijegom-druge-ceka-poledica\\\/\",\"name\":\"Ve\u0107 ve\u010deras nagla promjena vremena u BiH: Neki \u0107e se oprostiti sa snijegom, druge \u010deka poledica\",\"isPartOf\":{\"@id\":\"https:\\\/\\\/tuzlainfo.ba\\\/#website\"},\"primaryImageOfPage\":{\"@id\":\"https:\\\/\\\/tuzlainfo.ba\\\/index.php\\\/bosna-i-hercegovina\\\/item\\\/291064-vec-veceras-nagla-promjena-vremena-u-bih-neki-ce-se-oprostiti-sa-snijegom-druge-ceka-poledica\\\/#primaryimage\"},\"image\":{\"@id\":\"https:\\\/\\\/tuzlainfo.ba\\\/index.php\\\/bosna-i-hercegovina\\\/item\\\/291064-vec-veceras-nagla-promjena-vremena-u-bih-neki-ce-se-oprostiti-sa-snijegom-druge-ceka-poledica\\\/#primaryimage\"},\"thumbnailUrl\":\"https:\\\/\\\/tuzlainfo.ba\\\/wp-content\\\/uploads\\\/2024\\\/01\\\/2001_snijeg_stepenice.jpg\",\"datePublished\":\"2026-01-04T13:06:29+00:00\",\"dateModified\":\"2026-01-04T19:37:50+00:00\",\"breadcrumb\":{\"@id\":\"https:\\\/\\\/tuzlainfo.ba\\\/index.php\\\/bosna-i-hercegovina\\\/item\\\/291064-vec-veceras-nagla-promjena-vremena-u-bih-neki-ce-se-oprostiti-sa-snijegom-druge-ceka-poledica\\\/#breadcrumb\"},\"inLanguage\":\"bs-BA\",\"potentialAction\":[{\"@type\":\"ReadAction\",\"target\":[\"https:\\\/\\\/tuzlainfo.ba\\\/index.php\\\/bosna-i-hercegovina\\\/item\\\/291064-vec-veceras-nagla-promjena-vremena-u-bih-neki-ce-se-oprostiti-sa-snijegom-druge-ceka-poledica\\\/\"]}]},{\"@type\":\"ImageObject\",\"inLanguage\":\"bs-BA\",\"@id\":\"https:\\\/\\\/tuzlainfo.ba\\\/index.php\\\/bosna-i-hercegovina\\\/item\\\/291064-vec-veceras-nagla-promjena-vremena-u-bih-neki-ce-se-oprostiti-sa-snijegom-druge-ceka-poledica\\\/#primaryimage\",\"url\":\"https:\\\/\\\/tuzlainfo.ba\\\/wp-content\\\/uploads\\\/2024\\\/01\\\/2001_snijeg_stepenice.jpg\",\"contentUrl\":\"https:\\\/\\\/tuzlainfo.ba\\\/wp-content\\\/uploads\\\/2024\\\/01\\\/2001_snijeg_stepenice.jpg\",\"width\":800,\"height\":583},{\"@type\":\"BreadcrumbList\",\"@id\":\"https:\\\/\\\/tuzlainfo.ba\\\/index.php\\\/bosna-i-hercegovina\\\/item\\\/291064-vec-veceras-nagla-promjena-vremena-u-bih-neki-ce-se-oprostiti-sa-snijegom-druge-ceka-poledica\\\/#breadcrumb\",\"itemListElement\":[{\"@type\":\"ListItem\",\"position\":1,\"name\":\"Home\",\"item\":\"https:\\\/\\\/tuzlainfo.ba\\\/\"},{\"@type\":\"ListItem\",\"position\":2,\"name\":\"Ve\u0107 ve\u010deras nagla promjena vremena u BiH: Neki \u0107e se oprostiti sa snijegom, druge \u010deka poledica\"}]},{\"@type\":\"WebSite\",\"@id\":\"https:\\\/\\\/tuzlainfo.ba\\\/#website\",\"url\":\"https:\\\/\\\/tuzlainfo.ba\\\/\",\"name\":\"TuzlaInfo.ba\",\"description\":\"Tuzla info, gradski informator - Tuzla na dlanu\",\"publisher\":{\"@id\":\"https:\\\/\\\/tuzlainfo.ba\\\/#organization\"},\"potentialAction\":[{\"@type\":\"SearchAction\",\"target\":{\"@type\":\"EntryPoint\",\"urlTemplate\":\"https:\\\/\\\/tuzlainfo.ba\\\/?s={search_term_string}\"},\"query-input\":{\"@type\":\"PropertyValueSpecification\",\"valueRequired\":true,\"valueName\":\"search_term_string\"}}],\"inLanguage\":\"bs-BA\"},{\"@type\":\"Organization\",\"@id\":\"https:\\\/\\\/tuzlainfo.ba\\\/#organization\",\"name\":\"TuzlaInfo.ba\",\"url\":\"https:\\\/\\\/tuzlainfo.ba\\\/\",\"logo\":{\"@type\":\"ImageObject\",\"inLanguage\":\"bs-BA\",\"@id\":\"https:\\\/\\\/tuzlainfo.ba\\\/#\\\/schema\\\/logo\\\/image\\\/\",\"url\":\"https:\\\/\\\/tuzlainfo.ba\\\/wp-content\\\/uploads\\\/2021\\\/03\\\/logo-ver-3-1.png\",\"contentUrl\":\"https:\\\/\\\/tuzlainfo.ba\\\/wp-content\\\/uploads\\\/2021\\\/03\\\/logo-ver-3-1.png\",\"width\":350,\"height\":95,\"caption\":\"TuzlaInfo.ba\"},\"image\":{\"@id\":\"https:\\\/\\\/tuzlainfo.ba\\\/#\\\/schema\\\/logo\\\/image\\\/\"},\"sameAs\":[\"https:\\\/\\\/www.facebook.com\\\/tuzlainfo.ba\\\/\"]},{\"@type\":\"Person\",\"@id\":\"https:\\\/\\\/tuzlainfo.ba\\\/#\\\/schema\\\/person\\\/f434e20dc27ea133923aab08451b7f7f\",\"name\":\"nedim\",\"image\":{\"@type\":\"ImageObject\",\"inLanguage\":\"bs-BA\",\"@id\":\"https:\\\/\\\/secure.gravatar.com\\\/avatar\\\/5b928a2e7e70a54208d2eb6c1edcb75a5350d6ae97d5f0a701203d456823f6f3?s=96&d=mm&r=g\",\"url\":\"https:\\\/\\\/secure.gravatar.com\\\/avatar\\\/5b928a2e7e70a54208d2eb6c1edcb75a5350d6ae97d5f0a701203d456823f6f3?s=96&d=mm&r=g\",\"contentUrl\":\"https:\\\/\\\/secure.gravatar.com\\\/avatar\\\/5b928a2e7e70a54208d2eb6c1edcb75a5350d6ae97d5f0a701203d456823f6f3?s=96&d=mm&r=g\",\"caption\":\"nedim\"},\"description\":\"Tuzlainfo.ba pratite na dru\u0161tvenim mre\u017eama: Facebook, Instagram i Youtube. Svoje pri\u010de, upite i fotografije \u0161aljite na na\u0161u e-mail adresu.\"}]}<\/script>\n<!-- \/ Yoast SEO plugin. -->","yoast_head_json":{"title":"Ve\u0107 ve\u010deras nagla promjena vremena u BiH: Neki \u0107e se oprostiti sa snijegom, druge \u010deka poledica","robots":{"index":"index","follow":"follow","max-snippet":"max-snippet:-1","max-image-preview":"max-image-preview:large","max-video-preview":"max-video-preview:-1"},"canonical":"https:\/\/tuzlainfo.ba\/index.php\/bosna-i-hercegovina\/item\/291064-vec-veceras-nagla-promjena-vremena-u-bih-neki-ce-se-oprostiti-sa-snijegom-druge-ceka-poledica\/","og_locale":"bs_BA","og_type":"article","og_title":"Ve\u0107 ve\u010deras nagla promjena vremena u BiH: Neki \u0107e se oprostiti sa snijegom, druge \u010deka poledica","og_description":"Prema najnovijoj prognozi stranice BH Meteo.ba, Bosnu i Hercegovinu od ve\u010deras o\u010dekuju promjene vremenskih prilika, koje \u0107e biti izra\u017eenije tokom no\u0107i na ponedjeljak i u ponedjeljak, 5. januara. Sa juga \u0107e u vi\u0161im slojevima atmosfere prodirati topliji zrak, \u0161to \u0107e u pojedinim dijelovima zemlje dovesti do promjene vrste padavina. U centralnim, isto\u010dnim i sjeveroisto\u010dnim krajevima [&hellip;]","og_url":"https:\/\/tuzlainfo.ba\/index.php\/bosna-i-hercegovina\/item\/291064-vec-veceras-nagla-promjena-vremena-u-bih-neki-ce-se-oprostiti-sa-snijegom-druge-ceka-poledica\/","og_site_name":"TuzlaInfo.ba","article_publisher":"https:\/\/www.facebook.com\/tuzlainfo.ba\/","article_published_time":"2026-01-04T13:06:29+00:00","article_modified_time":"2026-01-04T19:37:50+00:00","og_image":[{"width":800,"height":583,"url":"https:\/\/tuzlainfo.ba\/wp-content\/uploads\/2024\/01\/2001_snijeg_stepenice.jpg","type":"image\/jpeg"}],"author":"nedim","twitter_card":"summary_large_image","twitter_misc":{"Written by":"nedim","Est. reading time":"2 minute"},"schema":{"@context":"https:\/\/schema.org","@graph":[{"@type":"Article","@id":"https:\/\/tuzlainfo.ba\/index.php\/bosna-i-hercegovina\/item\/291064-vec-veceras-nagla-promjena-vremena-u-bih-neki-ce-se-oprostiti-sa-snijegom-druge-ceka-poledica\/#article","isPartOf":{"@id":"https:\/\/tuzlainfo.ba\/index.php\/bosna-i-hercegovina\/item\/291064-vec-veceras-nagla-promjena-vremena-u-bih-neki-ce-se-oprostiti-sa-snijegom-druge-ceka-poledica\/"},"author":{"name":"nedim","@id":"https:\/\/tuzlainfo.ba\/#\/schema\/person\/f434e20dc27ea133923aab08451b7f7f"},"headline":"Ve\u0107 ve\u010deras nagla promjena vremena u BiH: Neki \u0107e se oprostiti sa snijegom, druge \u010deka poledica","datePublished":"2026-01-04T13:06:29+00:00","dateModified":"2026-01-04T19:37:50+00:00","mainEntityOfPage":{"@id":"https:\/\/tuzlainfo.ba\/index.php\/bosna-i-hercegovina\/item\/291064-vec-veceras-nagla-promjena-vremena-u-bih-neki-ce-se-oprostiti-sa-snijegom-druge-ceka-poledica\/"},"wordCount":349,"publisher":{"@id":"https:\/\/tuzlainfo.ba\/#organization"},"image":{"@id":"https:\/\/tuzlainfo.ba\/index.php\/bosna-i-hercegovina\/item\/291064-vec-veceras-nagla-promjena-vremena-u-bih-neki-ce-se-oprostiti-sa-snijegom-druge-ceka-poledica\/#primaryimage"},"thumbnailUrl":"https:\/\/tuzlainfo.ba\/wp-content\/uploads\/2024\/01\/2001_snijeg_stepenice.jpg","keywords":["bosna i hercegovina","prognoza","snijeg","vrijeme"],"articleSection":["Bosna i Hercegovina","Istaknuto","Preporu\u010dujemo"],"inLanguage":"bs-BA","copyrightYear":"2026","copyrightHolder":{"@id":"https:\/\/tuzlainfo.ba\/#organization"}},{"@type":"WebPage","@id":"https:\/\/tuzlainfo.ba\/index.php\/bosna-i-hercegovina\/item\/291064-vec-veceras-nagla-promjena-vremena-u-bih-neki-ce-se-oprostiti-sa-snijegom-druge-ceka-poledica\/","url":"https:\/\/tuzlainfo.ba\/index.php\/bosna-i-hercegovina\/item\/291064-vec-veceras-nagla-promjena-vremena-u-bih-neki-ce-se-oprostiti-sa-snijegom-druge-ceka-poledica\/","name":"Ve\u0107 ve\u010deras nagla promjena vremena u BiH: Neki \u0107e se oprostiti sa snijegom, druge \u010deka poledica","isPartOf":{"@id":"https:\/\/tuzlainfo.ba\/#website"},"primaryImageOfPage":{"@id":"https:\/\/tuzlainfo.ba\/index.php\/bosna-i-hercegovina\/item\/291064-vec-veceras-nagla-promjena-vremena-u-bih-neki-ce-se-oprostiti-sa-snijegom-druge-ceka-poledica\/#primaryimage"},"image":{"@id":"https:\/\/tuzlainfo.ba\/index.php\/bosna-i-hercegovina\/item\/291064-vec-veceras-nagla-promjena-vremena-u-bih-neki-ce-se-oprostiti-sa-snijegom-druge-ceka-poledica\/#primaryimage"},"thumbnailUrl":"https:\/\/tuzlainfo.ba\/wp-content\/uploads\/2024\/01\/2001_snijeg_stepenice.jpg","datePublished":"2026-01-04T13:06:29+00:00","dateModified":"2026-01-04T19:37:50+00:00","breadcrumb":{"@id":"https:\/\/tuzlainfo.ba\/index.php\/bosna-i-hercegovina\/item\/291064-vec-veceras-nagla-promjena-vremena-u-bih-neki-ce-se-oprostiti-sa-snijegom-druge-ceka-poledica\/#breadcrumb"},"inLanguage":"bs-BA","potentialAction":[{"@type":"ReadAction","target":["https:\/\/tuzlainfo.ba\/index.php\/bosna-i-hercegovina\/item\/291064-vec-veceras-nagla-promjena-vremena-u-bih-neki-ce-se-oprostiti-sa-snijegom-druge-ceka-poledica\/"]}]},{"@type":"ImageObject","inLanguage":"bs-BA","@id":"https:\/\/tuzlainfo.ba\/index.php\/bosna-i-hercegovina\/item\/291064-vec-veceras-nagla-promjena-vremena-u-bih-neki-ce-se-oprostiti-sa-snijegom-druge-ceka-poledica\/#primaryimage","url":"https:\/\/tuzlainfo.ba\/wp-content\/uploads\/2024\/01\/2001_snijeg_stepenice.jpg","contentUrl":"https:\/\/tuzlainfo.ba\/wp-content\/uploads\/2024\/01\/2001_snijeg_stepenice.jpg","width":800,"height":583},{"@type":"BreadcrumbList","@id":"https:\/\/tuzlainfo.ba\/index.php\/bosna-i-hercegovina\/item\/291064-vec-veceras-nagla-promjena-vremena-u-bih-neki-ce-se-oprostiti-sa-snijegom-druge-ceka-poledica\/#breadcrumb","itemListElement":[{"@type":"ListItem","position":1,"name":"Home","item":"https:\/\/tuzlainfo.ba\/"},{"@type":"ListItem","position":2,"name":"Ve\u0107 ve\u010deras nagla promjena vremena u BiH: Neki \u0107e se oprostiti sa snijegom, druge \u010deka poledica"}]},{"@type":"WebSite","@id":"https:\/\/tuzlainfo.ba\/#website","url":"https:\/\/tuzlainfo.ba\/","name":"TuzlaInfo.ba","description":"Tuzla info, gradski informator - Tuzla na dlanu","publisher":{"@id":"https:\/\/tuzlainfo.ba\/#organization"},"potentialAction":[{"@type":"SearchAction","target":{"@type":"EntryPoint","urlTemplate":"https:\/\/tuzlainfo.ba\/?s={search_term_string}"},"query-input":{"@type":"PropertyValueSpecification","valueRequired":true,"valueName":"search_term_string"}}],"inLanguage":"bs-BA"},{"@type":"Organization","@id":"https:\/\/tuzlainfo.ba\/#organization","name":"TuzlaInfo.ba","url":"https:\/\/tuzlainfo.ba\/","logo":{"@type":"ImageObject","inLanguage":"bs-BA","@id":"https:\/\/tuzlainfo.ba\/#\/schema\/logo\/image\/","url":"https:\/\/tuzlainfo.ba\/wp-content\/uploads\/2021\/03\/logo-ver-3-1.png","contentUrl":"https:\/\/tuzlainfo.ba\/wp-content\/uploads\/2021\/03\/logo-ver-3-1.png","width":350,"height":95,"caption":"TuzlaInfo.ba"},"image":{"@id":"https:\/\/tuzlainfo.ba\/#\/schema\/logo\/image\/"},"sameAs":["https:\/\/www.facebook.com\/tuzlainfo.ba\/"]},{"@type":"Person","@id":"https:\/\/tuzlainfo.ba\/#\/schema\/person\/f434e20dc27ea133923aab08451b7f7f","name":"nedim","image":{"@type":"ImageObject","inLanguage":"bs-BA","@id":"https:\/\/secure.gravatar.com\/avatar\/5b928a2e7e70a54208d2eb6c1edcb75a5350d6ae97d5f0a701203d456823f6f3?s=96&d=mm&r=g","url":"https:\/\/secure.gravatar.com\/avatar\/5b928a2e7e70a54208d2eb6c1edcb75a5350d6ae97d5f0a701203d456823f6f3?s=96&d=mm&r=g","contentUrl":"https:\/\/secure.gravatar.com\/avatar\/5b928a2e7e70a54208d2eb6c1edcb75a5350d6ae97d5f0a701203d456823f6f3?s=96&d=mm&r=g","caption":"nedim"},"description":"Tuzlainfo.ba pratite na dru\u0161tvenim mre\u017eama: Facebook, Instagram i Youtube. Svoje pri\u010de, upite i fotografije \u0161aljite na na\u0161u e-mail adresu."}]}},"_links":{"self":[{"href":"https:\/\/tuzlainfo.ba\/index.php\/wp-json\/wp\/v2\/posts\/291064","targetHints":{"allow":["GET"]}}],"collection":[{"href":"https:\/\/tuzlainfo.ba\/index.php\/wp-json\/wp\/v2\/posts"}],"about":[{"href":"https:\/\/tuzlainfo.ba\/index.php\/wp-json\/wp\/v2\/types\/post"}],"author":[{"embeddable":true,"href":"https:\/\/tuzlainfo.ba\/index.php\/wp-json\/wp\/v2\/users\/2"}],"replies":[{"embeddable":true,"href":"https:\/\/tuzlainfo.ba\/index.php\/wp-json\/wp\/v2\/comments?post=291064"}],"version-history":[{"count":1,"href":"https:\/\/tuzlainfo.ba\/index.php\/wp-json\/wp\/v2\/posts\/291064\/revisions"}],"predecessor-version":[{"id":291065,"href":"https:\/\/tuzlainfo.ba\/index.php\/wp-json\/wp\/v2\/posts\/291064\/revisions\/291065"}],"wp:featuredmedia":[{"embeddable":true,"href":"https:\/\/tuzlainfo.ba\/index.php\/wp-json\/wp\/v2\/media\/228015"}],"wp:attachment":[{"href":"https:\/\/tuzlainfo.ba\/index.php\/wp-json\/wp\/v2\/media?parent=291064"}],"wp:term":[{"taxonomy":"category","embeddable":true,"href":"https:\/\/tuzlainfo.ba\/index.php\/wp-json\/wp\/v2\/categories?post=291064"},{"taxonomy":"post_tag","embeddable":true,"href":"https:\/\/tuzlainfo.ba\/index.php\/wp-json\/wp\/v2\/tags?post=291064"}],"curies":[{"name":"wp","href":"https:\/\/api.w.org\/{rel}","templated":true}]}}