{"id":290763,"date":"2026-01-04T17:01:53","date_gmt":"2026-01-04T16:01:53","guid":{"rendered":"https:\/\/tuzlainfo.ba\/?p=290763"},"modified":"2026-01-04T13:52:50","modified_gmt":"2026-01-04T12:52:50","slug":"federacija-bih-mijenja-pravila-zaposljavanja-stranaca-zbog-nedostatka-radne-snage","status":"publish","type":"post","link":"https:\/\/tuzlainfo.ba\/index.php\/bosna-i-hercegovina\/item\/290763-federacija-bih-mijenja-pravila-zaposljavanja-stranaca-zbog-nedostatka-radne-snage\/","title":{"rendered":"Federacija BiH mijenja pravila zapo\u0161ljavanja stranaca zbog nedostatka radne snage"},"content":{"rendered":"<p>Na narednoj sjednici Zastupni\u010dkog doma Parlamenta Federacije BiH pred zastupnicima bi se trebao na\u0107i novi, izmijenjeni i dopunjeni Zakon o zapo\u0161ljavanju stranaca u Federaciji BiH, \u010diji je cilj unaprijediti prava stranih radnika, ali i olak\u0161ati poslovanje poslodavcima koji se suo\u010davaju s nedostatkom radne snage.<\/p>\n<p>Direktorica Federalnog zavoda za zapo\u0161ljavanje Helena Lon\u010dar izjavila je da bi primjena zakona, ukoliko dobije podr\u0161ku u oba doma Parlamenta Federacije BiH, trebala doprinijeti efikasnijem zapo\u0161ljavanju stranaca, ali i prevazila\u017eenju problema s kojima se dio poslodavaca u Federaciji BiH trenutno suo\u010dava.<\/p>\n<p>Kako je pojasnila, u izradi izmjena zakona, \u010diji je predlaga\u010d Federalno ministarstvo rada i socijalne politike, aktivno su u\u010destvovali Federalni zavod za zapo\u0161ljavanje i kantonalne slu\u017ebe za zapo\u0161ljavanje. Izmjenama se detaljnije ure\u0111uju uslovi, na\u010din i postupak zapo\u0161ljavanja stranih dr\u017eavljana i osoba bez dr\u017eavljanstva, uklju\u010duju\u0107i izdavanje radnih dozvola, izuzetke od obaveze njihovog pribavljanja, vo\u0111enje evidencija i druga pitanja od zna\u010daja za zakonito zapo\u0161ljavanje stranaca.<\/p>\n<p>Zakon se primjenjuje u povezanosti sa Zakonom o strancima Bosne i Hercegovine, koji reguli\u0161e ulazak, boravak i kretanje stranih dr\u017eavljana, dok Federalni zavod za zapo\u0161ljavanje i kantonalne slu\u017ebe imaju operativnu ulogu u postupku izdavanja radnih dozvola. Lon\u010dar je pojasnila da strani dr\u017eavljanin ne mo\u017ee zapo\u010deti rad prije nego \u0161to mu bude odobren privremeni boravak, osim u zakonom propisanim izuzecima, niti mo\u017ee raditi kod drugog poslodavca osim onog za kojeg je dozvola izdata. Privremeni boravak po osnovu rada odobrava se na period va\u017eenja radne dozvole, uz dodatnih 30 dana, ali najdu\u017ee do jedne godine.<\/p>\n<p>Izmjenama zakona precizirani su i rokovi za podno\u0161enje zahtjeva i izdavanje radnih dozvola, pa je propisano da nadle\u017ena kantonalna slu\u017eba rje\u0161enje o radnoj dozvoli izdaje u roku od 30 dana od dana podno\u0161enja zahtjeva, \u010dime bi se trebala smanjiti neujedna\u010dena praksa i osigurati efikasnije postupanje institucija.<\/p>\n<p>Novim \u010dlanom zakona uvodi se i odluka o deficitarnim zanimanjima na podru\u010dju Federacije BiH, koja \u0107e se donositi na osnovu procjene stanja i potreba na tr\u017ei\u0161tu rada po kantonima, uzimaju\u0107i u obzir strukturu nezaposlenih, potrebe privrede, kao i strate\u0161ke i investicione projekte. Za zanimanja koja budu progla\u0161ena deficitarnim ne\u0107e se provoditi provjera evidencije nezaposlenih prilikom izdavanja radne dozvole strancima, \u0161to bi trebalo ubrzati zapo\u0161ljavanje u sektorima u kojima doma\u0107e tr\u017ei\u0161te rada nema dovoljno raspolo\u017eive radne snage.<\/p>\n<p>Tokom pro\u0161le godine najvi\u0161e radnih dozvola izdano je u gra\u0111evinarstvu, prera\u0111iva\u010dkoj industriji, uslu\u017enim djelatnostima, hotelijerstvu i ugostiteljstvu te trgovini i popravci motornih vozila, a najvi\u0161e dozvola dobili su dr\u017eavljani Turske, Nepala, Srbije, Indije i Banglade\u0161a. Ukupna kvota radnih dozvola u Bosni i Hercegovini za 2025. godinu iznosi 7.229 i pove\u0107ana je u odnosu na pro\u0161lu godinu, pri \u010demu se 4.490 dozvola odnosi na Federaciju BiH, 2.000 na Republiku Srpsku i 739 na Distrikt Br\u010dko.<\/p>\n","protected":false},"excerpt":{"rendered":"<p>Na narednoj sjednici Zastupni\u010dkog doma Parlamenta Federacije BiH pred zastupnicima bi se trebao na\u0107i novi, izmijenjeni i dopunjeni Zakon o zapo\u0161ljavanju stranaca u Federaciji BiH, \u010diji je cilj unaprijediti prava stranih radnika, ali i olak\u0161ati poslovanje poslodavcima koji se suo\u010davaju s nedostatkom radne snage. Direktorica Federalnog zavoda za zapo\u0161ljavanje Helena Lon\u010dar izjavila je da bi [&hellip;]<\/p>\n","protected":false},"author":8,"featured_media":80928,"comment_status":"closed","ping_status":"closed","sticky":false,"template":"","format":"standard","meta":{"footnotes":""},"categories":[291],"tags":[8116,5944,711],"class_list":["post-290763","post","type-post","status-publish","format-standard","has-post-thumbnail","hentry","category-bosna-i-hercegovina","tag-radne-dozvole","tag-stranci","tag-zakon"],"yoast_head":"<!-- This site is optimized with the Yoast SEO plugin v28.4 - https:\/\/yoast.com\/product\/yoast-seo-wordpress\/ -->\n<title>Federacija BiH mijenja pravila zapo\u0161ljavanja stranaca zbog nedostatka radne snage<\/title>\n<meta name=\"robots\" content=\"index, follow, max-snippet:-1, max-image-preview:large, max-video-preview:-1\" \/>\n<link rel=\"canonical\" href=\"https:\/\/tuzlainfo.ba\/index.php\/bosna-i-hercegovina\/item\/290763-federacija-bih-mijenja-pravila-zaposljavanja-stranaca-zbog-nedostatka-radne-snage\/\" \/>\n<meta property=\"og:locale\" content=\"bs_BA\" \/>\n<meta property=\"og:type\" content=\"article\" \/>\n<meta property=\"og:title\" content=\"Federacija BiH mijenja pravila zapo\u0161ljavanja stranaca zbog nedostatka radne snage\" \/>\n<meta property=\"og:description\" content=\"Na narednoj sjednici Zastupni\u010dkog doma Parlamenta Federacije BiH pred zastupnicima bi se trebao na\u0107i novi, izmijenjeni i dopunjeni Zakon o zapo\u0161ljavanju stranaca u Federaciji BiH, \u010diji je cilj unaprijediti prava stranih radnika, ali i olak\u0161ati poslovanje poslodavcima koji se suo\u010davaju s nedostatkom radne snage. Direktorica Federalnog zavoda za zapo\u0161ljavanje Helena Lon\u010dar izjavila je da bi [&hellip;]\" \/>\n<meta property=\"og:url\" content=\"https:\/\/tuzlainfo.ba\/index.php\/bosna-i-hercegovina\/item\/290763-federacija-bih-mijenja-pravila-zaposljavanja-stranaca-zbog-nedostatka-radne-snage\/\" \/>\n<meta property=\"og:site_name\" content=\"TuzlaInfo.ba\" \/>\n<meta property=\"article:publisher\" content=\"https:\/\/www.facebook.com\/tuzlainfo.ba\/\" \/>\n<meta property=\"article:published_time\" content=\"2026-01-04T16:01:53+00:00\" \/>\n<meta property=\"og:image\" content=\"https:\/\/tuzlainfo.ba\/wp-content\/uploads\/2020\/07\/sadrzaj_2020_20200701_1307_gradjevinci.jpg\" \/>\n\t<meta property=\"og:image:width\" content=\"770\" \/>\n\t<meta property=\"og:image:height\" content=\"535\" \/>\n\t<meta property=\"og:image:type\" content=\"image\/jpeg\" \/>\n<meta name=\"author\" content=\"Admin Tri\" \/>\n<meta name=\"twitter:card\" content=\"summary_large_image\" \/>\n<meta name=\"twitter:label1\" content=\"Written by\" \/>\n\t<meta name=\"twitter:data1\" content=\"Admin Tri\" \/>\n\t<meta name=\"twitter:label2\" content=\"Est. reading time\" \/>\n\t<meta name=\"twitter:data2\" content=\"3 minute\" \/>\n<script type=\"application\/ld+json\" class=\"yoast-schema-graph\">{\"@context\":\"https:\\\/\\\/schema.org\",\"@graph\":[{\"@type\":\"Article\",\"@id\":\"https:\\\/\\\/tuzlainfo.ba\\\/index.php\\\/bosna-i-hercegovina\\\/item\\\/290763-federacija-bih-mijenja-pravila-zaposljavanja-stranaca-zbog-nedostatka-radne-snage\\\/#article\",\"isPartOf\":{\"@id\":\"https:\\\/\\\/tuzlainfo.ba\\\/index.php\\\/bosna-i-hercegovina\\\/item\\\/290763-federacija-bih-mijenja-pravila-zaposljavanja-stranaca-zbog-nedostatka-radne-snage\\\/\"},\"author\":{\"name\":\"Admin Tri\",\"@id\":\"https:\\\/\\\/tuzlainfo.ba\\\/#\\\/schema\\\/person\\\/593e78a2f6378c5ba3e7600ecfa4e63a\"},\"headline\":\"Federacija BiH mijenja pravila zapo\u0161ljavanja stranaca zbog nedostatka radne snage\",\"datePublished\":\"2026-01-04T16:01:53+00:00\",\"mainEntityOfPage\":{\"@id\":\"https:\\\/\\\/tuzlainfo.ba\\\/index.php\\\/bosna-i-hercegovina\\\/item\\\/290763-federacija-bih-mijenja-pravila-zaposljavanja-stranaca-zbog-nedostatka-radne-snage\\\/\"},\"wordCount\":507,\"publisher\":{\"@id\":\"https:\\\/\\\/tuzlainfo.ba\\\/#organization\"},\"image\":{\"@id\":\"https:\\\/\\\/tuzlainfo.ba\\\/index.php\\\/bosna-i-hercegovina\\\/item\\\/290763-federacija-bih-mijenja-pravila-zaposljavanja-stranaca-zbog-nedostatka-radne-snage\\\/#primaryimage\"},\"thumbnailUrl\":\"https:\\\/\\\/tuzlainfo.ba\\\/wp-content\\\/uploads\\\/2020\\\/07\\\/sadrzaj_2020_20200701_1307_gradjevinci.jpg\",\"keywords\":[\"radne dozvole\",\"stranci\",\"zakon\"],\"articleSection\":[\"Bosna i Hercegovina\"],\"inLanguage\":\"bs-BA\",\"copyrightYear\":\"2026\",\"copyrightHolder\":{\"@id\":\"https:\\\/\\\/tuzlainfo.ba\\\/#organization\"}},{\"@type\":\"WebPage\",\"@id\":\"https:\\\/\\\/tuzlainfo.ba\\\/index.php\\\/bosna-i-hercegovina\\\/item\\\/290763-federacija-bih-mijenja-pravila-zaposljavanja-stranaca-zbog-nedostatka-radne-snage\\\/\",\"url\":\"https:\\\/\\\/tuzlainfo.ba\\\/index.php\\\/bosna-i-hercegovina\\\/item\\\/290763-federacija-bih-mijenja-pravila-zaposljavanja-stranaca-zbog-nedostatka-radne-snage\\\/\",\"name\":\"Federacija BiH mijenja pravila zapo\u0161ljavanja stranaca zbog nedostatka radne snage\",\"isPartOf\":{\"@id\":\"https:\\\/\\\/tuzlainfo.ba\\\/#website\"},\"primaryImageOfPage\":{\"@id\":\"https:\\\/\\\/tuzlainfo.ba\\\/index.php\\\/bosna-i-hercegovina\\\/item\\\/290763-federacija-bih-mijenja-pravila-zaposljavanja-stranaca-zbog-nedostatka-radne-snage\\\/#primaryimage\"},\"image\":{\"@id\":\"https:\\\/\\\/tuzlainfo.ba\\\/index.php\\\/bosna-i-hercegovina\\\/item\\\/290763-federacija-bih-mijenja-pravila-zaposljavanja-stranaca-zbog-nedostatka-radne-snage\\\/#primaryimage\"},\"thumbnailUrl\":\"https:\\\/\\\/tuzlainfo.ba\\\/wp-content\\\/uploads\\\/2020\\\/07\\\/sadrzaj_2020_20200701_1307_gradjevinci.jpg\",\"datePublished\":\"2026-01-04T16:01:53+00:00\",\"breadcrumb\":{\"@id\":\"https:\\\/\\\/tuzlainfo.ba\\\/index.php\\\/bosna-i-hercegovina\\\/item\\\/290763-federacija-bih-mijenja-pravila-zaposljavanja-stranaca-zbog-nedostatka-radne-snage\\\/#breadcrumb\"},\"inLanguage\":\"bs-BA\",\"potentialAction\":[{\"@type\":\"ReadAction\",\"target\":[\"https:\\\/\\\/tuzlainfo.ba\\\/index.php\\\/bosna-i-hercegovina\\\/item\\\/290763-federacija-bih-mijenja-pravila-zaposljavanja-stranaca-zbog-nedostatka-radne-snage\\\/\"]}]},{\"@type\":\"ImageObject\",\"inLanguage\":\"bs-BA\",\"@id\":\"https:\\\/\\\/tuzlainfo.ba\\\/index.php\\\/bosna-i-hercegovina\\\/item\\\/290763-federacija-bih-mijenja-pravila-zaposljavanja-stranaca-zbog-nedostatka-radne-snage\\\/#primaryimage\",\"url\":\"https:\\\/\\\/tuzlainfo.ba\\\/wp-content\\\/uploads\\\/2020\\\/07\\\/sadrzaj_2020_20200701_1307_gradjevinci.jpg\",\"contentUrl\":\"https:\\\/\\\/tuzlainfo.ba\\\/wp-content\\\/uploads\\\/2020\\\/07\\\/sadrzaj_2020_20200701_1307_gradjevinci.jpg\",\"width\":770,\"height\":535,\"caption\":\"1307 gradjevinci\"},{\"@type\":\"BreadcrumbList\",\"@id\":\"https:\\\/\\\/tuzlainfo.ba\\\/index.php\\\/bosna-i-hercegovina\\\/item\\\/290763-federacija-bih-mijenja-pravila-zaposljavanja-stranaca-zbog-nedostatka-radne-snage\\\/#breadcrumb\",\"itemListElement\":[{\"@type\":\"ListItem\",\"position\":1,\"name\":\"Home\",\"item\":\"https:\\\/\\\/tuzlainfo.ba\\\/\"},{\"@type\":\"ListItem\",\"position\":2,\"name\":\"Federacija BiH mijenja pravila zapo\u0161ljavanja stranaca zbog nedostatka radne snage\"}]},{\"@type\":\"WebSite\",\"@id\":\"https:\\\/\\\/tuzlainfo.ba\\\/#website\",\"url\":\"https:\\\/\\\/tuzlainfo.ba\\\/\",\"name\":\"TuzlaInfo.ba\",\"description\":\"Tuzla info, gradski informator - Tuzla na dlanu\",\"publisher\":{\"@id\":\"https:\\\/\\\/tuzlainfo.ba\\\/#organization\"},\"potentialAction\":[{\"@type\":\"SearchAction\",\"target\":{\"@type\":\"EntryPoint\",\"urlTemplate\":\"https:\\\/\\\/tuzlainfo.ba\\\/?s={search_term_string}\"},\"query-input\":{\"@type\":\"PropertyValueSpecification\",\"valueRequired\":true,\"valueName\":\"search_term_string\"}}],\"inLanguage\":\"bs-BA\"},{\"@type\":\"Organization\",\"@id\":\"https:\\\/\\\/tuzlainfo.ba\\\/#organization\",\"name\":\"TuzlaInfo.ba\",\"url\":\"https:\\\/\\\/tuzlainfo.ba\\\/\",\"logo\":{\"@type\":\"ImageObject\",\"inLanguage\":\"bs-BA\",\"@id\":\"https:\\\/\\\/tuzlainfo.ba\\\/#\\\/schema\\\/logo\\\/image\\\/\",\"url\":\"https:\\\/\\\/tuzlainfo.ba\\\/wp-content\\\/uploads\\\/2021\\\/03\\\/logo-ver-3-1.png\",\"contentUrl\":\"https:\\\/\\\/tuzlainfo.ba\\\/wp-content\\\/uploads\\\/2021\\\/03\\\/logo-ver-3-1.png\",\"width\":350,\"height\":95,\"caption\":\"TuzlaInfo.ba\"},\"image\":{\"@id\":\"https:\\\/\\\/tuzlainfo.ba\\\/#\\\/schema\\\/logo\\\/image\\\/\"},\"sameAs\":[\"https:\\\/\\\/www.facebook.com\\\/tuzlainfo.ba\\\/\"]},{\"@type\":\"Person\",\"@id\":\"https:\\\/\\\/tuzlainfo.ba\\\/#\\\/schema\\\/person\\\/593e78a2f6378c5ba3e7600ecfa4e63a\",\"name\":\"Admin Tri\",\"image\":{\"@type\":\"ImageObject\",\"inLanguage\":\"bs-BA\",\"@id\":\"https:\\\/\\\/secure.gravatar.com\\\/avatar\\\/b53a7f47acc7a09467757d8b2234cc38fa334b13599376e53104c0036b528ca1?s=96&d=mm&r=g\",\"url\":\"https:\\\/\\\/secure.gravatar.com\\\/avatar\\\/b53a7f47acc7a09467757d8b2234cc38fa334b13599376e53104c0036b528ca1?s=96&d=mm&r=g\",\"contentUrl\":\"https:\\\/\\\/secure.gravatar.com\\\/avatar\\\/b53a7f47acc7a09467757d8b2234cc38fa334b13599376e53104c0036b528ca1?s=96&d=mm&r=g\",\"caption\":\"Admin Tri\"},\"sameAs\":[\"https:\\\/\\\/tuzlainfo.ba\"]}]}<\/script>\n<!-- \/ Yoast SEO plugin. -->","yoast_head_json":{"title":"Federacija BiH mijenja pravila zapo\u0161ljavanja stranaca zbog nedostatka radne snage","robots":{"index":"index","follow":"follow","max-snippet":"max-snippet:-1","max-image-preview":"max-image-preview:large","max-video-preview":"max-video-preview:-1"},"canonical":"https:\/\/tuzlainfo.ba\/index.php\/bosna-i-hercegovina\/item\/290763-federacija-bih-mijenja-pravila-zaposljavanja-stranaca-zbog-nedostatka-radne-snage\/","og_locale":"bs_BA","og_type":"article","og_title":"Federacija BiH mijenja pravila zapo\u0161ljavanja stranaca zbog nedostatka radne snage","og_description":"Na narednoj sjednici Zastupni\u010dkog doma Parlamenta Federacije BiH pred zastupnicima bi se trebao na\u0107i novi, izmijenjeni i dopunjeni Zakon o zapo\u0161ljavanju stranaca u Federaciji BiH, \u010diji je cilj unaprijediti prava stranih radnika, ali i olak\u0161ati poslovanje poslodavcima koji se suo\u010davaju s nedostatkom radne snage. Direktorica Federalnog zavoda za zapo\u0161ljavanje Helena Lon\u010dar izjavila je da bi [&hellip;]","og_url":"https:\/\/tuzlainfo.ba\/index.php\/bosna-i-hercegovina\/item\/290763-federacija-bih-mijenja-pravila-zaposljavanja-stranaca-zbog-nedostatka-radne-snage\/","og_site_name":"TuzlaInfo.ba","article_publisher":"https:\/\/www.facebook.com\/tuzlainfo.ba\/","article_published_time":"2026-01-04T16:01:53+00:00","og_image":[{"width":770,"height":535,"url":"https:\/\/tuzlainfo.ba\/wp-content\/uploads\/2020\/07\/sadrzaj_2020_20200701_1307_gradjevinci.jpg","type":"image\/jpeg"}],"author":"Admin Tri","twitter_card":"summary_large_image","twitter_misc":{"Written by":"Admin Tri","Est. reading time":"3 minute"},"schema":{"@context":"https:\/\/schema.org","@graph":[{"@type":"Article","@id":"https:\/\/tuzlainfo.ba\/index.php\/bosna-i-hercegovina\/item\/290763-federacija-bih-mijenja-pravila-zaposljavanja-stranaca-zbog-nedostatka-radne-snage\/#article","isPartOf":{"@id":"https:\/\/tuzlainfo.ba\/index.php\/bosna-i-hercegovina\/item\/290763-federacija-bih-mijenja-pravila-zaposljavanja-stranaca-zbog-nedostatka-radne-snage\/"},"author":{"name":"Admin Tri","@id":"https:\/\/tuzlainfo.ba\/#\/schema\/person\/593e78a2f6378c5ba3e7600ecfa4e63a"},"headline":"Federacija BiH mijenja pravila zapo\u0161ljavanja stranaca zbog nedostatka radne snage","datePublished":"2026-01-04T16:01:53+00:00","mainEntityOfPage":{"@id":"https:\/\/tuzlainfo.ba\/index.php\/bosna-i-hercegovina\/item\/290763-federacija-bih-mijenja-pravila-zaposljavanja-stranaca-zbog-nedostatka-radne-snage\/"},"wordCount":507,"publisher":{"@id":"https:\/\/tuzlainfo.ba\/#organization"},"image":{"@id":"https:\/\/tuzlainfo.ba\/index.php\/bosna-i-hercegovina\/item\/290763-federacija-bih-mijenja-pravila-zaposljavanja-stranaca-zbog-nedostatka-radne-snage\/#primaryimage"},"thumbnailUrl":"https:\/\/tuzlainfo.ba\/wp-content\/uploads\/2020\/07\/sadrzaj_2020_20200701_1307_gradjevinci.jpg","keywords":["radne dozvole","stranci","zakon"],"articleSection":["Bosna i Hercegovina"],"inLanguage":"bs-BA","copyrightYear":"2026","copyrightHolder":{"@id":"https:\/\/tuzlainfo.ba\/#organization"}},{"@type":"WebPage","@id":"https:\/\/tuzlainfo.ba\/index.php\/bosna-i-hercegovina\/item\/290763-federacija-bih-mijenja-pravila-zaposljavanja-stranaca-zbog-nedostatka-radne-snage\/","url":"https:\/\/tuzlainfo.ba\/index.php\/bosna-i-hercegovina\/item\/290763-federacija-bih-mijenja-pravila-zaposljavanja-stranaca-zbog-nedostatka-radne-snage\/","name":"Federacija BiH mijenja pravila zapo\u0161ljavanja stranaca zbog nedostatka radne snage","isPartOf":{"@id":"https:\/\/tuzlainfo.ba\/#website"},"primaryImageOfPage":{"@id":"https:\/\/tuzlainfo.ba\/index.php\/bosna-i-hercegovina\/item\/290763-federacija-bih-mijenja-pravila-zaposljavanja-stranaca-zbog-nedostatka-radne-snage\/#primaryimage"},"image":{"@id":"https:\/\/tuzlainfo.ba\/index.php\/bosna-i-hercegovina\/item\/290763-federacija-bih-mijenja-pravila-zaposljavanja-stranaca-zbog-nedostatka-radne-snage\/#primaryimage"},"thumbnailUrl":"https:\/\/tuzlainfo.ba\/wp-content\/uploads\/2020\/07\/sadrzaj_2020_20200701_1307_gradjevinci.jpg","datePublished":"2026-01-04T16:01:53+00:00","breadcrumb":{"@id":"https:\/\/tuzlainfo.ba\/index.php\/bosna-i-hercegovina\/item\/290763-federacija-bih-mijenja-pravila-zaposljavanja-stranaca-zbog-nedostatka-radne-snage\/#breadcrumb"},"inLanguage":"bs-BA","potentialAction":[{"@type":"ReadAction","target":["https:\/\/tuzlainfo.ba\/index.php\/bosna-i-hercegovina\/item\/290763-federacija-bih-mijenja-pravila-zaposljavanja-stranaca-zbog-nedostatka-radne-snage\/"]}]},{"@type":"ImageObject","inLanguage":"bs-BA","@id":"https:\/\/tuzlainfo.ba\/index.php\/bosna-i-hercegovina\/item\/290763-federacija-bih-mijenja-pravila-zaposljavanja-stranaca-zbog-nedostatka-radne-snage\/#primaryimage","url":"https:\/\/tuzlainfo.ba\/wp-content\/uploads\/2020\/07\/sadrzaj_2020_20200701_1307_gradjevinci.jpg","contentUrl":"https:\/\/tuzlainfo.ba\/wp-content\/uploads\/2020\/07\/sadrzaj_2020_20200701_1307_gradjevinci.jpg","width":770,"height":535,"caption":"1307 gradjevinci"},{"@type":"BreadcrumbList","@id":"https:\/\/tuzlainfo.ba\/index.php\/bosna-i-hercegovina\/item\/290763-federacija-bih-mijenja-pravila-zaposljavanja-stranaca-zbog-nedostatka-radne-snage\/#breadcrumb","itemListElement":[{"@type":"ListItem","position":1,"name":"Home","item":"https:\/\/tuzlainfo.ba\/"},{"@type":"ListItem","position":2,"name":"Federacija BiH mijenja pravila zapo\u0161ljavanja stranaca zbog nedostatka radne snage"}]},{"@type":"WebSite","@id":"https:\/\/tuzlainfo.ba\/#website","url":"https:\/\/tuzlainfo.ba\/","name":"TuzlaInfo.ba","description":"Tuzla info, gradski informator - Tuzla na dlanu","publisher":{"@id":"https:\/\/tuzlainfo.ba\/#organization"},"potentialAction":[{"@type":"SearchAction","target":{"@type":"EntryPoint","urlTemplate":"https:\/\/tuzlainfo.ba\/?s={search_term_string}"},"query-input":{"@type":"PropertyValueSpecification","valueRequired":true,"valueName":"search_term_string"}}],"inLanguage":"bs-BA"},{"@type":"Organization","@id":"https:\/\/tuzlainfo.ba\/#organization","name":"TuzlaInfo.ba","url":"https:\/\/tuzlainfo.ba\/","logo":{"@type":"ImageObject","inLanguage":"bs-BA","@id":"https:\/\/tuzlainfo.ba\/#\/schema\/logo\/image\/","url":"https:\/\/tuzlainfo.ba\/wp-content\/uploads\/2021\/03\/logo-ver-3-1.png","contentUrl":"https:\/\/tuzlainfo.ba\/wp-content\/uploads\/2021\/03\/logo-ver-3-1.png","width":350,"height":95,"caption":"TuzlaInfo.ba"},"image":{"@id":"https:\/\/tuzlainfo.ba\/#\/schema\/logo\/image\/"},"sameAs":["https:\/\/www.facebook.com\/tuzlainfo.ba\/"]},{"@type":"Person","@id":"https:\/\/tuzlainfo.ba\/#\/schema\/person\/593e78a2f6378c5ba3e7600ecfa4e63a","name":"Admin Tri","image":{"@type":"ImageObject","inLanguage":"bs-BA","@id":"https:\/\/secure.gravatar.com\/avatar\/b53a7f47acc7a09467757d8b2234cc38fa334b13599376e53104c0036b528ca1?s=96&d=mm&r=g","url":"https:\/\/secure.gravatar.com\/avatar\/b53a7f47acc7a09467757d8b2234cc38fa334b13599376e53104c0036b528ca1?s=96&d=mm&r=g","contentUrl":"https:\/\/secure.gravatar.com\/avatar\/b53a7f47acc7a09467757d8b2234cc38fa334b13599376e53104c0036b528ca1?s=96&d=mm&r=g","caption":"Admin Tri"},"sameAs":["https:\/\/tuzlainfo.ba"]}]}},"_links":{"self":[{"href":"https:\/\/tuzlainfo.ba\/index.php\/wp-json\/wp\/v2\/posts\/290763","targetHints":{"allow":["GET"]}}],"collection":[{"href":"https:\/\/tuzlainfo.ba\/index.php\/wp-json\/wp\/v2\/posts"}],"about":[{"href":"https:\/\/tuzlainfo.ba\/index.php\/wp-json\/wp\/v2\/types\/post"}],"author":[{"embeddable":true,"href":"https:\/\/tuzlainfo.ba\/index.php\/wp-json\/wp\/v2\/users\/8"}],"replies":[{"embeddable":true,"href":"https:\/\/tuzlainfo.ba\/index.php\/wp-json\/wp\/v2\/comments?post=290763"}],"version-history":[{"count":1,"href":"https:\/\/tuzlainfo.ba\/index.php\/wp-json\/wp\/v2\/posts\/290763\/revisions"}],"predecessor-version":[{"id":290764,"href":"https:\/\/tuzlainfo.ba\/index.php\/wp-json\/wp\/v2\/posts\/290763\/revisions\/290764"}],"wp:featuredmedia":[{"embeddable":true,"href":"https:\/\/tuzlainfo.ba\/index.php\/wp-json\/wp\/v2\/media\/80928"}],"wp:attachment":[{"href":"https:\/\/tuzlainfo.ba\/index.php\/wp-json\/wp\/v2\/media?parent=290763"}],"wp:term":[{"taxonomy":"category","embeddable":true,"href":"https:\/\/tuzlainfo.ba\/index.php\/wp-json\/wp\/v2\/categories?post=290763"},{"taxonomy":"post_tag","embeddable":true,"href":"https:\/\/tuzlainfo.ba\/index.php\/wp-json\/wp\/v2\/tags?post=290763"}],"curies":[{"name":"wp","href":"https:\/\/api.w.org\/{rel}","templated":true}]}}