{"id":290753,"date":"2025-12-30T15:05:51","date_gmt":"2025-12-30T14:05:51","guid":{"rendered":"https:\/\/tuzlainfo.ba\/?p=290753"},"modified":"2025-12-30T13:57:28","modified_gmt":"2025-12-30T12:57:28","slug":"tuzla-povecan-broj-zena-i-djece-u-sigurnoj-kuci-udruzenja-vive-zene","status":"publish","type":"post","link":"https:\/\/tuzlainfo.ba\/index.php\/novosti\/item\/290753-tuzla-povecan-broj-zena-i-djece-u-sigurnoj-kuci-udruzenja-vive-zene\/","title":{"rendered":"Tuzla: Pove\u0107an broj \u017eena i djece u Sigurnoj ku\u0107i Udru\u017eenja \u201eVive \u017dene\u201c"},"content":{"rendered":"<p>Vlada Tuzlanskog kantona je na dana\u0161njoj sjednici prihvatila Informaciju o realiziranim aktivnostima psihosocijalnog tretmana u Sigurnoj ku\u0107i za \u017eene i djecu \u017ertve nasilja u porodici Udru\u017eenja gra\u0111ana \u201eVive \u017dene\u201c Tuzla.<\/p>\n<p>Kako se u Informaciji navodi, od januara do polovine decembra ove godine, u Sigurnoj ku\u0107i bilo je smje\u0161teno 145 osoba, \u0161to je 28 vi\u0161e u odnosu na prethodnu godinu. Od ukupnog broja smje\u0161tenih, 71 je \u017eena, a 74 su djeca.<\/p>\n<p>Zabilje\u017eeni su i posebno te\u0161ki slu\u010dajevi, uklju\u010duju\u0107i smje\u0161taj maloljetnih djevoj\u010dica bez pratnje odrasle osobe. Tokom 2025. godine posebna pa\u017enja posve\u0107ena je unapre\u0111enju institucionalnog postupanja u slu\u010dajevima nasilja u porodici, kroz uvo\u0111enje obrazaca za procjenu rizika i plan mjera, razvijenih u saradnji s Ministarstvom unutra\u0161njih poslova TK i centrima za socijalni rad.<\/p>\n<p>U cilju ja\u010danja kapaciteta nadle\u017enih institucija, zavr\u0161ena je dvogodi\u0161nja edukacija policijskih slu\u017ebenika i socijalnih radnika, a u saradnji s Misijom OSCE-a i MUP-om TK odr\u017eani su okrugli stolovi o primjeni novog Zakona o za\u0161titi od nasilja u porodici i nasilja prema \u017eenama FBiH.<\/p>\n<p>Vlada Tuzlanskog kantona kontinuirano podr\u017eava aktivnosti usmjerene na za\u0161titu \u017ertava nasilja u porodici, ja\u010danje me\u0111usektorske saradnje i dosljednu primjenu novog zakonskog okvira.<\/p>\n","protected":false},"excerpt":{"rendered":"<p>Vlada Tuzlanskog kantona je na dana\u0161njoj sjednici prihvatila Informaciju o realiziranim aktivnostima psihosocijalnog tretmana u&hellip;<\/p>\n","protected":false},"author":4,"featured_media":208038,"comment_status":"closed","ping_status":"closed","sticky":false,"template":"","format":"standard","meta":{"_acf_changed":false,"footnotes":""},"categories":[304,12],"tags":[7259,6041,336],"acf":[],"yoast_head":"<!-- This site is optimized with the Yoast SEO plugin v23.5 - https:\/\/yoast.com\/wordpress\/plugins\/seo\/ -->\n<title>Tuzla: Pove\u0107an broj \u017eena i djece u Sigurnoj ku\u0107i Udru\u017eenja \u201eVive \u017dene\u201c - TuzlaInfo.ba<\/title>\n<meta name=\"robots\" content=\"index, follow, max-snippet:-1, max-image-preview:large, max-video-preview:-1\" \/>\n<link rel=\"canonical\" href=\"https:\/\/tuzlainfo.ba\/index.php\/novosti\/item\/290753-tuzla-povecan-broj-zena-i-djece-u-sigurnoj-kuci-udruzenja-vive-zene\/\" \/>\n<meta property=\"og:locale\" content=\"bs_BA\" \/>\n<meta property=\"og:type\" content=\"article\" \/>\n<meta property=\"og:title\" content=\"Tuzla: Pove\u0107an broj \u017eena i djece u Sigurnoj ku\u0107i Udru\u017eenja \u201eVive \u017dene\u201c - TuzlaInfo.ba\" \/>\n<meta property=\"og:description\" content=\"Vlada Tuzlanskog kantona je na dana\u0161njoj sjednici prihvatila Informaciju o realiziranim aktivnostima psihosocijalnog tretmana u&hellip;\" \/>\n<meta property=\"og:url\" content=\"https:\/\/tuzlainfo.ba\/index.php\/novosti\/item\/290753-tuzla-povecan-broj-zena-i-djece-u-sigurnoj-kuci-udruzenja-vive-zene\/\" \/>\n<meta property=\"og:site_name\" content=\"TuzlaInfo.ba\" \/>\n<meta property=\"article:publisher\" content=\"https:\/\/www.facebook.com\/tuzlainfo.ba\/\" \/>\n<meta property=\"article:published_time\" content=\"2025-12-30T14:05:51+00:00\" \/>\n<meta property=\"article:modified_time\" content=\"2025-12-30T12:57:28+00:00\" \/>\n<meta property=\"og:image\" content=\"https:\/\/tuzlainfo.ba\/wp-content\/uploads\/2023\/06\/nasilje-u-porodici-zlostavljanje-crna-hronika-ilustracija-1.jpg\" \/>\n\t<meta property=\"og:image:width\" content=\"800\" \/>\n\t<meta property=\"og:image:height\" content=\"512\" \/>\n\t<meta property=\"og:image:type\" content=\"image\/jpeg\" \/>\n<meta name=\"author\" content=\"Tuzla Info\" \/>\n<meta name=\"twitter:card\" content=\"summary_large_image\" \/>\n<meta name=\"twitter:label1\" content=\"Written by\" \/>\n\t<meta name=\"twitter:data1\" content=\"Tuzla Info\" \/>\n\t<meta name=\"twitter:label2\" content=\"Est. reading time\" \/>\n\t<meta name=\"twitter:data2\" content=\"2 minute\" \/>\n<script type=\"application\/ld+json\" class=\"yoast-schema-graph\">{\"@context\":\"https:\/\/schema.org\",\"@graph\":[{\"@type\":\"Article\",\"@id\":\"https:\/\/tuzlainfo.ba\/index.php\/novosti\/item\/290753-tuzla-povecan-broj-zena-i-djece-u-sigurnoj-kuci-udruzenja-vive-zene\/#article\",\"isPartOf\":{\"@id\":\"https:\/\/tuzlainfo.ba\/index.php\/novosti\/item\/290753-tuzla-povecan-broj-zena-i-djece-u-sigurnoj-kuci-udruzenja-vive-zene\/\"},\"author\":{\"name\":\"Tuzla Info\",\"@id\":\"https:\/\/tuzlainfo.ba\/#\/schema\/person\/46cad4c57790cbc50781edd14870825a\"},\"headline\":\"Tuzla: Pove\u0107an broj \u017eena i djece u Sigurnoj ku\u0107i Udru\u017eenja \u201eVive \u017dene\u201c\",\"datePublished\":\"2025-12-30T14:05:51+00:00\",\"dateModified\":\"2025-12-30T12:57:28+00:00\",\"mainEntityOfPage\":{\"@id\":\"https:\/\/tuzlainfo.ba\/index.php\/novosti\/item\/290753-tuzla-povecan-broj-zena-i-djece-u-sigurnoj-kuci-udruzenja-vive-zene\/\"},\"wordCount\":228,\"publisher\":{\"@id\":\"https:\/\/tuzlainfo.ba\/#organization\"},\"image\":{\"@id\":\"https:\/\/tuzlainfo.ba\/index.php\/novosti\/item\/290753-tuzla-povecan-broj-zena-i-djece-u-sigurnoj-kuci-udruzenja-vive-zene\/#primaryimage\"},\"thumbnailUrl\":\"https:\/\/tuzlainfo.ba\/wp-content\/uploads\/2023\/06\/nasilje-u-porodici-zlostavljanje-crna-hronika-ilustracija-1.jpg\",\"keywords\":[\"nasilje\",\"Sigurna ku\u0107a\",\"vlada tk\"],\"articleSection\":[\"Istaknuto\",\"Novosti\"],\"inLanguage\":\"bs-BA\"},{\"@type\":\"WebPage\",\"@id\":\"https:\/\/tuzlainfo.ba\/index.php\/novosti\/item\/290753-tuzla-povecan-broj-zena-i-djece-u-sigurnoj-kuci-udruzenja-vive-zene\/\",\"url\":\"https:\/\/tuzlainfo.ba\/index.php\/novosti\/item\/290753-tuzla-povecan-broj-zena-i-djece-u-sigurnoj-kuci-udruzenja-vive-zene\/\",\"name\":\"Tuzla: Pove\u0107an broj \u017eena i djece u Sigurnoj ku\u0107i Udru\u017eenja \u201eVive \u017dene\u201c - TuzlaInfo.ba\",\"isPartOf\":{\"@id\":\"https:\/\/tuzlainfo.ba\/#website\"},\"primaryImageOfPage\":{\"@id\":\"https:\/\/tuzlainfo.ba\/index.php\/novosti\/item\/290753-tuzla-povecan-broj-zena-i-djece-u-sigurnoj-kuci-udruzenja-vive-zene\/#primaryimage\"},\"image\":{\"@id\":\"https:\/\/tuzlainfo.ba\/index.php\/novosti\/item\/290753-tuzla-povecan-broj-zena-i-djece-u-sigurnoj-kuci-udruzenja-vive-zene\/#primaryimage\"},\"thumbnailUrl\":\"https:\/\/tuzlainfo.ba\/wp-content\/uploads\/2023\/06\/nasilje-u-porodici-zlostavljanje-crna-hronika-ilustracija-1.jpg\",\"datePublished\":\"2025-12-30T14:05:51+00:00\",\"dateModified\":\"2025-12-30T12:57:28+00:00\",\"breadcrumb\":{\"@id\":\"https:\/\/tuzlainfo.ba\/index.php\/novosti\/item\/290753-tuzla-povecan-broj-zena-i-djece-u-sigurnoj-kuci-udruzenja-vive-zene\/#breadcrumb\"},\"inLanguage\":\"bs-BA\",\"potentialAction\":[{\"@type\":\"ReadAction\",\"target\":[\"https:\/\/tuzlainfo.ba\/index.php\/novosti\/item\/290753-tuzla-povecan-broj-zena-i-djece-u-sigurnoj-kuci-udruzenja-vive-zene\/\"]}]},{\"@type\":\"ImageObject\",\"inLanguage\":\"bs-BA\",\"@id\":\"https:\/\/tuzlainfo.ba\/index.php\/novosti\/item\/290753-tuzla-povecan-broj-zena-i-djece-u-sigurnoj-kuci-udruzenja-vive-zene\/#primaryimage\",\"url\":\"https:\/\/tuzlainfo.ba\/wp-content\/uploads\/2023\/06\/nasilje-u-porodici-zlostavljanje-crna-hronika-ilustracija-1.jpg\",\"contentUrl\":\"https:\/\/tuzlainfo.ba\/wp-content\/uploads\/2023\/06\/nasilje-u-porodici-zlostavljanje-crna-hronika-ilustracija-1.jpg\",\"width\":800,\"height\":512},{\"@type\":\"BreadcrumbList\",\"@id\":\"https:\/\/tuzlainfo.ba\/index.php\/novosti\/item\/290753-tuzla-povecan-broj-zena-i-djece-u-sigurnoj-kuci-udruzenja-vive-zene\/#breadcrumb\",\"itemListElement\":[{\"@type\":\"ListItem\",\"position\":1,\"name\":\"Home\",\"item\":\"https:\/\/tuzlainfo.ba\/\"},{\"@type\":\"ListItem\",\"position\":2,\"name\":\"Tuzla: Pove\u0107an broj \u017eena i djece u Sigurnoj ku\u0107i Udru\u017eenja \u201eVive \u017dene\u201c\"}]},{\"@type\":\"WebSite\",\"@id\":\"https:\/\/tuzlainfo.ba\/#website\",\"url\":\"https:\/\/tuzlainfo.ba\/\",\"name\":\"TuzlaInfo.ba\",\"description\":\"Tuzla info, gradski informator - Tuzla na dlanu\",\"publisher\":{\"@id\":\"https:\/\/tuzlainfo.ba\/#organization\"},\"potentialAction\":[{\"@type\":\"SearchAction\",\"target\":{\"@type\":\"EntryPoint\",\"urlTemplate\":\"https:\/\/tuzlainfo.ba\/?s={search_term_string}\"},\"query-input\":{\"@type\":\"PropertyValueSpecification\",\"valueRequired\":true,\"valueName\":\"search_term_string\"}}],\"inLanguage\":\"bs-BA\"},{\"@type\":\"Organization\",\"@id\":\"https:\/\/tuzlainfo.ba\/#organization\",\"name\":\"TuzlaInfo.ba\",\"url\":\"https:\/\/tuzlainfo.ba\/\",\"logo\":{\"@type\":\"ImageObject\",\"inLanguage\":\"bs-BA\",\"@id\":\"https:\/\/tuzlainfo.ba\/#\/schema\/logo\/image\/\",\"url\":\"https:\/\/tuzlainfo.ba\/wp-content\/uploads\/2021\/03\/logo-ver-3-1.png\",\"contentUrl\":\"https:\/\/tuzlainfo.ba\/wp-content\/uploads\/2021\/03\/logo-ver-3-1.png\",\"width\":350,\"height\":95,\"caption\":\"TuzlaInfo.ba\"},\"image\":{\"@id\":\"https:\/\/tuzlainfo.ba\/#\/schema\/logo\/image\/\"},\"sameAs\":[\"https:\/\/www.facebook.com\/tuzlainfo.ba\/\"]},{\"@type\":\"Person\",\"@id\":\"https:\/\/tuzlainfo.ba\/#\/schema\/person\/46cad4c57790cbc50781edd14870825a\",\"name\":\"Tuzla Info\",\"image\":{\"@type\":\"ImageObject\",\"inLanguage\":\"bs-BA\",\"@id\":\"https:\/\/tuzlainfo.ba\/#\/schema\/person\/image\/\",\"url\":\"https:\/\/tuzlainfo.ba\/wp-content\/litespeed\/avatar\/b6c453a6c38e3654f2e4416c643fc25c.jpg?ver=1777656712\",\"contentUrl\":\"https:\/\/tuzlainfo.ba\/wp-content\/litespeed\/avatar\/b6c453a6c38e3654f2e4416c643fc25c.jpg?ver=1777656712\",\"caption\":\"Tuzla Info\"}}]}<\/script>\n<!-- \/ Yoast SEO plugin. -->","yoast_head_json":{"title":"Tuzla: Pove\u0107an broj \u017eena i djece u Sigurnoj ku\u0107i Udru\u017eenja \u201eVive \u017dene\u201c - TuzlaInfo.ba","robots":{"index":"index","follow":"follow","max-snippet":"max-snippet:-1","max-image-preview":"max-image-preview:large","max-video-preview":"max-video-preview:-1"},"canonical":"https:\/\/tuzlainfo.ba\/index.php\/novosti\/item\/290753-tuzla-povecan-broj-zena-i-djece-u-sigurnoj-kuci-udruzenja-vive-zene\/","og_locale":"bs_BA","og_type":"article","og_title":"Tuzla: Pove\u0107an broj \u017eena i djece u Sigurnoj ku\u0107i Udru\u017eenja \u201eVive \u017dene\u201c - TuzlaInfo.ba","og_description":"Vlada Tuzlanskog kantona je na dana\u0161njoj sjednici prihvatila Informaciju o realiziranim aktivnostima psihosocijalnog tretmana u&hellip;","og_url":"https:\/\/tuzlainfo.ba\/index.php\/novosti\/item\/290753-tuzla-povecan-broj-zena-i-djece-u-sigurnoj-kuci-udruzenja-vive-zene\/","og_site_name":"TuzlaInfo.ba","article_publisher":"https:\/\/www.facebook.com\/tuzlainfo.ba\/","article_published_time":"2025-12-30T14:05:51+00:00","article_modified_time":"2025-12-30T12:57:28+00:00","og_image":[{"width":800,"height":512,"url":"https:\/\/tuzlainfo.ba\/wp-content\/uploads\/2023\/06\/nasilje-u-porodici-zlostavljanje-crna-hronika-ilustracija-1.jpg","type":"image\/jpeg"}],"author":"Tuzla Info","twitter_card":"summary_large_image","twitter_misc":{"Written by":"Tuzla Info","Est. reading time":"2 minute"},"schema":{"@context":"https:\/\/schema.org","@graph":[{"@type":"Article","@id":"https:\/\/tuzlainfo.ba\/index.php\/novosti\/item\/290753-tuzla-povecan-broj-zena-i-djece-u-sigurnoj-kuci-udruzenja-vive-zene\/#article","isPartOf":{"@id":"https:\/\/tuzlainfo.ba\/index.php\/novosti\/item\/290753-tuzla-povecan-broj-zena-i-djece-u-sigurnoj-kuci-udruzenja-vive-zene\/"},"author":{"name":"Tuzla Info","@id":"https:\/\/tuzlainfo.ba\/#\/schema\/person\/46cad4c57790cbc50781edd14870825a"},"headline":"Tuzla: Pove\u0107an broj \u017eena i djece u Sigurnoj ku\u0107i Udru\u017eenja \u201eVive \u017dene\u201c","datePublished":"2025-12-30T14:05:51+00:00","dateModified":"2025-12-30T12:57:28+00:00","mainEntityOfPage":{"@id":"https:\/\/tuzlainfo.ba\/index.php\/novosti\/item\/290753-tuzla-povecan-broj-zena-i-djece-u-sigurnoj-kuci-udruzenja-vive-zene\/"},"wordCount":228,"publisher":{"@id":"https:\/\/tuzlainfo.ba\/#organization"},"image":{"@id":"https:\/\/tuzlainfo.ba\/index.php\/novosti\/item\/290753-tuzla-povecan-broj-zena-i-djece-u-sigurnoj-kuci-udruzenja-vive-zene\/#primaryimage"},"thumbnailUrl":"https:\/\/tuzlainfo.ba\/wp-content\/uploads\/2023\/06\/nasilje-u-porodici-zlostavljanje-crna-hronika-ilustracija-1.jpg","keywords":["nasilje","Sigurna ku\u0107a","vlada tk"],"articleSection":["Istaknuto","Novosti"],"inLanguage":"bs-BA"},{"@type":"WebPage","@id":"https:\/\/tuzlainfo.ba\/index.php\/novosti\/item\/290753-tuzla-povecan-broj-zena-i-djece-u-sigurnoj-kuci-udruzenja-vive-zene\/","url":"https:\/\/tuzlainfo.ba\/index.php\/novosti\/item\/290753-tuzla-povecan-broj-zena-i-djece-u-sigurnoj-kuci-udruzenja-vive-zene\/","name":"Tuzla: Pove\u0107an broj \u017eena i djece u Sigurnoj ku\u0107i Udru\u017eenja \u201eVive \u017dene\u201c - TuzlaInfo.ba","isPartOf":{"@id":"https:\/\/tuzlainfo.ba\/#website"},"primaryImageOfPage":{"@id":"https:\/\/tuzlainfo.ba\/index.php\/novosti\/item\/290753-tuzla-povecan-broj-zena-i-djece-u-sigurnoj-kuci-udruzenja-vive-zene\/#primaryimage"},"image":{"@id":"https:\/\/tuzlainfo.ba\/index.php\/novosti\/item\/290753-tuzla-povecan-broj-zena-i-djece-u-sigurnoj-kuci-udruzenja-vive-zene\/#primaryimage"},"thumbnailUrl":"https:\/\/tuzlainfo.ba\/wp-content\/uploads\/2023\/06\/nasilje-u-porodici-zlostavljanje-crna-hronika-ilustracija-1.jpg","datePublished":"2025-12-30T14:05:51+00:00","dateModified":"2025-12-30T12:57:28+00:00","breadcrumb":{"@id":"https:\/\/tuzlainfo.ba\/index.php\/novosti\/item\/290753-tuzla-povecan-broj-zena-i-djece-u-sigurnoj-kuci-udruzenja-vive-zene\/#breadcrumb"},"inLanguage":"bs-BA","potentialAction":[{"@type":"ReadAction","target":["https:\/\/tuzlainfo.ba\/index.php\/novosti\/item\/290753-tuzla-povecan-broj-zena-i-djece-u-sigurnoj-kuci-udruzenja-vive-zene\/"]}]},{"@type":"ImageObject","inLanguage":"bs-BA","@id":"https:\/\/tuzlainfo.ba\/index.php\/novosti\/item\/290753-tuzla-povecan-broj-zena-i-djece-u-sigurnoj-kuci-udruzenja-vive-zene\/#primaryimage","url":"https:\/\/tuzlainfo.ba\/wp-content\/uploads\/2023\/06\/nasilje-u-porodici-zlostavljanje-crna-hronika-ilustracija-1.jpg","contentUrl":"https:\/\/tuzlainfo.ba\/wp-content\/uploads\/2023\/06\/nasilje-u-porodici-zlostavljanje-crna-hronika-ilustracija-1.jpg","width":800,"height":512},{"@type":"BreadcrumbList","@id":"https:\/\/tuzlainfo.ba\/index.php\/novosti\/item\/290753-tuzla-povecan-broj-zena-i-djece-u-sigurnoj-kuci-udruzenja-vive-zene\/#breadcrumb","itemListElement":[{"@type":"ListItem","position":1,"name":"Home","item":"https:\/\/tuzlainfo.ba\/"},{"@type":"ListItem","position":2,"name":"Tuzla: Pove\u0107an broj \u017eena i djece u Sigurnoj ku\u0107i Udru\u017eenja \u201eVive \u017dene\u201c"}]},{"@type":"WebSite","@id":"https:\/\/tuzlainfo.ba\/#website","url":"https:\/\/tuzlainfo.ba\/","name":"TuzlaInfo.ba","description":"Tuzla info, gradski informator - Tuzla na dlanu","publisher":{"@id":"https:\/\/tuzlainfo.ba\/#organization"},"potentialAction":[{"@type":"SearchAction","target":{"@type":"EntryPoint","urlTemplate":"https:\/\/tuzlainfo.ba\/?s={search_term_string}"},"query-input":{"@type":"PropertyValueSpecification","valueRequired":true,"valueName":"search_term_string"}}],"inLanguage":"bs-BA"},{"@type":"Organization","@id":"https:\/\/tuzlainfo.ba\/#organization","name":"TuzlaInfo.ba","url":"https:\/\/tuzlainfo.ba\/","logo":{"@type":"ImageObject","inLanguage":"bs-BA","@id":"https:\/\/tuzlainfo.ba\/#\/schema\/logo\/image\/","url":"https:\/\/tuzlainfo.ba\/wp-content\/uploads\/2021\/03\/logo-ver-3-1.png","contentUrl":"https:\/\/tuzlainfo.ba\/wp-content\/uploads\/2021\/03\/logo-ver-3-1.png","width":350,"height":95,"caption":"TuzlaInfo.ba"},"image":{"@id":"https:\/\/tuzlainfo.ba\/#\/schema\/logo\/image\/"},"sameAs":["https:\/\/www.facebook.com\/tuzlainfo.ba\/"]},{"@type":"Person","@id":"https:\/\/tuzlainfo.ba\/#\/schema\/person\/46cad4c57790cbc50781edd14870825a","name":"Tuzla Info","image":{"@type":"ImageObject","inLanguage":"bs-BA","@id":"https:\/\/tuzlainfo.ba\/#\/schema\/person\/image\/","url":"https:\/\/tuzlainfo.ba\/wp-content\/litespeed\/avatar\/b6c453a6c38e3654f2e4416c643fc25c.jpg?ver=1777656712","contentUrl":"https:\/\/tuzlainfo.ba\/wp-content\/litespeed\/avatar\/b6c453a6c38e3654f2e4416c643fc25c.jpg?ver=1777656712","caption":"Tuzla Info"}}]}},"_links":{"self":[{"href":"https:\/\/tuzlainfo.ba\/index.php\/wp-json\/wp\/v2\/posts\/290753"}],"collection":[{"href":"https:\/\/tuzlainfo.ba\/index.php\/wp-json\/wp\/v2\/posts"}],"about":[{"href":"https:\/\/tuzlainfo.ba\/index.php\/wp-json\/wp\/v2\/types\/post"}],"author":[{"embeddable":true,"href":"https:\/\/tuzlainfo.ba\/index.php\/wp-json\/wp\/v2\/users\/4"}],"replies":[{"embeddable":true,"href":"https:\/\/tuzlainfo.ba\/index.php\/wp-json\/wp\/v2\/comments?post=290753"}],"version-history":[{"count":1,"href":"https:\/\/tuzlainfo.ba\/index.php\/wp-json\/wp\/v2\/posts\/290753\/revisions"}],"predecessor-version":[{"id":290754,"href":"https:\/\/tuzlainfo.ba\/index.php\/wp-json\/wp\/v2\/posts\/290753\/revisions\/290754"}],"wp:featuredmedia":[{"embeddable":true,"href":"https:\/\/tuzlainfo.ba\/index.php\/wp-json\/wp\/v2\/media\/208038"}],"wp:attachment":[{"href":"https:\/\/tuzlainfo.ba\/index.php\/wp-json\/wp\/v2\/media?parent=290753"}],"wp:term":[{"taxonomy":"category","embeddable":true,"href":"https:\/\/tuzlainfo.ba\/index.php\/wp-json\/wp\/v2\/categories?post=290753"},{"taxonomy":"post_tag","embeddable":true,"href":"https:\/\/tuzlainfo.ba\/index.php\/wp-json\/wp\/v2\/tags?post=290753"}],"curies":[{"name":"wp","href":"https:\/\/api.w.org\/{rel}","templated":true}]}}