{"id":290749,"date":"2025-12-30T20:42:42","date_gmt":"2025-12-30T19:42:42","guid":{"rendered":"https:\/\/tuzlainfo.ba\/?p=290749"},"modified":"2025-12-30T20:44:36","modified_gmt":"2025-12-30T19:44:36","slug":"fine-food-podijelio-poklone-malisanima-u-roditeljskoj-kuci-u-tuzli","status":"publish","type":"post","link":"https:\/\/tuzlainfo.ba\/index.php\/novosti\/item\/290749-fine-food-podijelio-poklone-malisanima-u-roditeljskoj-kuci-u-tuzli\/","title":{"rendered":"Fine Food podijelio poklone mali\u0161anima u Roditeljskoj ku\u0107i u Tuzli"},"content":{"rendered":"<p data-start=\"73\" data-end=\"281\">Kompanija Fine Food i ove je godine zavr\u0161etak poslovne godine obilje\u017eila posjetom Udru\u017eenju \u201eSrce za djecu oboljelu od raka\u201c, daruju\u0107i novogodi\u0161nje paketi\u0107e djeci koja se lije\u010de od malignih oboljenja.<\/p>\n<p data-start=\"283\" data-end=\"481\">Paketi\u0107i su obezbije\u0111eni za korisnike Roditeljskih ku\u0107a u Sarajevu i Tuzli, kao i za djecu koja se trenutno nalaze na bolni\u010dkim odjeljenjima, s ciljem da im se praznici u\u010dine ljep\u0161im i toplijim.<\/p>\n<p data-start=\"483\" data-end=\"730\">Donaciju je u ime kompanije Fine Food uru\u010dila Elma Sulejmanovi\u0107, marketing manager, isti\u010du\u0107i da je rije\u010d o jednom od najemotivnijih trenutaka u radu kompanije, te da su snaga i osmijesi ove djece sna\u017ean podsjetnik na prave \u017eivotne vrijednosti.<\/p>\n<p data-start=\"732\" data-end=\"909\">U ime Udru\u017eenja \u201eSrce za djecu oboljelu od raka\u201c donaciju je preuzeo Fikret Kubat, predsjednik udru\u017eenja, koji se zahvalio Fine Foodu na dugogodi\u0161njoj podr\u0161ci i partnerstvu.<\/p>\n<p data-start=\"911\" data-end=\"1086\" data-is-last-node=\"\" data-is-only-node=\"\">Iz Udru\u017eenja su saop\u0107ili da \u0107e Fine Food i u narednoj godini nastaviti podr\u017eavati rad Roditeljskih ku\u0107a, s ciljem stvaranja ljep\u0161eg i bezbri\u017enijeg djetinjstva za ove mali\u0161ane.<\/p>\n","protected":false},"excerpt":{"rendered":"<p>Kompanija Fine Food i ove je godine zavr\u0161etak poslovne godine obilje\u017eila posjetom Udru\u017eenju \u201eSrce za&hellip;<\/p>\n","protected":false},"author":4,"featured_media":290750,"comment_status":"closed","ping_status":"closed","sticky":false,"template":"","format":"standard","meta":{"_acf_changed":false,"footnotes":""},"categories":[304,12],"tags":[13230,3515],"acf":[],"yoast_head":"<!-- This site is optimized with the Yoast SEO plugin v23.5 - https:\/\/yoast.com\/wordpress\/plugins\/seo\/ -->\n<title>Fine Food podijelio poklone mali\u0161anima u Roditeljskoj ku\u0107i u Tuzli - TuzlaInfo.ba<\/title>\n<meta name=\"robots\" content=\"index, follow, max-snippet:-1, max-image-preview:large, max-video-preview:-1\" \/>\n<link rel=\"canonical\" href=\"https:\/\/tuzlainfo.ba\/index.php\/novosti\/item\/290749-fine-food-podijelio-poklone-malisanima-u-roditeljskoj-kuci-u-tuzli\/\" \/>\n<meta property=\"og:locale\" content=\"bs_BA\" \/>\n<meta property=\"og:type\" content=\"article\" \/>\n<meta property=\"og:title\" content=\"Fine Food podijelio poklone mali\u0161anima u Roditeljskoj ku\u0107i u Tuzli - TuzlaInfo.ba\" \/>\n<meta property=\"og:description\" content=\"Kompanija Fine Food i ove je godine zavr\u0161etak poslovne godine obilje\u017eila posjetom Udru\u017eenju \u201eSrce za&hellip;\" \/>\n<meta property=\"og:url\" content=\"https:\/\/tuzlainfo.ba\/index.php\/novosti\/item\/290749-fine-food-podijelio-poklone-malisanima-u-roditeljskoj-kuci-u-tuzli\/\" \/>\n<meta property=\"og:site_name\" content=\"TuzlaInfo.ba\" \/>\n<meta property=\"article:publisher\" content=\"https:\/\/www.facebook.com\/tuzlainfo.ba\/\" \/>\n<meta property=\"article:published_time\" content=\"2025-12-30T19:42:42+00:00\" \/>\n<meta property=\"article:modified_time\" content=\"2025-12-30T19:44:36+00:00\" \/>\n<meta property=\"og:image\" content=\"https:\/\/tuzlainfo.ba\/wp-content\/uploads\/2025\/12\/fine-food-roditeljska-kuca.jpg\" \/>\n\t<meta property=\"og:image:width\" content=\"1024\" \/>\n\t<meta property=\"og:image:height\" content=\"683\" \/>\n\t<meta property=\"og:image:type\" content=\"image\/jpeg\" \/>\n<meta name=\"author\" content=\"Tuzla Info\" \/>\n<meta name=\"twitter:card\" content=\"summary_large_image\" \/>\n<meta name=\"twitter:label1\" content=\"Written by\" \/>\n\t<meta name=\"twitter:data1\" content=\"Tuzla Info\" \/>\n\t<meta name=\"twitter:label2\" content=\"Est. reading time\" \/>\n\t<meta name=\"twitter:data2\" content=\"2 minute\" \/>\n<script type=\"application\/ld+json\" class=\"yoast-schema-graph\">{\"@context\":\"https:\/\/schema.org\",\"@graph\":[{\"@type\":\"Article\",\"@id\":\"https:\/\/tuzlainfo.ba\/index.php\/novosti\/item\/290749-fine-food-podijelio-poklone-malisanima-u-roditeljskoj-kuci-u-tuzli\/#article\",\"isPartOf\":{\"@id\":\"https:\/\/tuzlainfo.ba\/index.php\/novosti\/item\/290749-fine-food-podijelio-poklone-malisanima-u-roditeljskoj-kuci-u-tuzli\/\"},\"author\":{\"name\":\"Tuzla Info\",\"@id\":\"https:\/\/tuzlainfo.ba\/#\/schema\/person\/46cad4c57790cbc50781edd14870825a\"},\"headline\":\"Fine Food podijelio poklone mali\u0161anima u Roditeljskoj ku\u0107i u Tuzli\",\"datePublished\":\"2025-12-30T19:42:42+00:00\",\"dateModified\":\"2025-12-30T19:44:36+00:00\",\"mainEntityOfPage\":{\"@id\":\"https:\/\/tuzlainfo.ba\/index.php\/novosti\/item\/290749-fine-food-podijelio-poklone-malisanima-u-roditeljskoj-kuci-u-tuzli\/\"},\"wordCount\":192,\"publisher\":{\"@id\":\"https:\/\/tuzlainfo.ba\/#organization\"},\"image\":{\"@id\":\"https:\/\/tuzlainfo.ba\/index.php\/novosti\/item\/290749-fine-food-podijelio-poklone-malisanima-u-roditeljskoj-kuci-u-tuzli\/#primaryimage\"},\"thumbnailUrl\":\"https:\/\/tuzlainfo.ba\/wp-content\/uploads\/2025\/12\/fine-food-roditeljska-kuca.jpg\",\"keywords\":[\"fine food\",\"Roditeljska ku\u0107a\"],\"articleSection\":[\"Istaknuto\",\"Novosti\"],\"inLanguage\":\"bs-BA\"},{\"@type\":\"WebPage\",\"@id\":\"https:\/\/tuzlainfo.ba\/index.php\/novosti\/item\/290749-fine-food-podijelio-poklone-malisanima-u-roditeljskoj-kuci-u-tuzli\/\",\"url\":\"https:\/\/tuzlainfo.ba\/index.php\/novosti\/item\/290749-fine-food-podijelio-poklone-malisanima-u-roditeljskoj-kuci-u-tuzli\/\",\"name\":\"Fine Food podijelio poklone mali\u0161anima u Roditeljskoj ku\u0107i u Tuzli - TuzlaInfo.ba\",\"isPartOf\":{\"@id\":\"https:\/\/tuzlainfo.ba\/#website\"},\"primaryImageOfPage\":{\"@id\":\"https:\/\/tuzlainfo.ba\/index.php\/novosti\/item\/290749-fine-food-podijelio-poklone-malisanima-u-roditeljskoj-kuci-u-tuzli\/#primaryimage\"},\"image\":{\"@id\":\"https:\/\/tuzlainfo.ba\/index.php\/novosti\/item\/290749-fine-food-podijelio-poklone-malisanima-u-roditeljskoj-kuci-u-tuzli\/#primaryimage\"},\"thumbnailUrl\":\"https:\/\/tuzlainfo.ba\/wp-content\/uploads\/2025\/12\/fine-food-roditeljska-kuca.jpg\",\"datePublished\":\"2025-12-30T19:42:42+00:00\",\"dateModified\":\"2025-12-30T19:44:36+00:00\",\"breadcrumb\":{\"@id\":\"https:\/\/tuzlainfo.ba\/index.php\/novosti\/item\/290749-fine-food-podijelio-poklone-malisanima-u-roditeljskoj-kuci-u-tuzli\/#breadcrumb\"},\"inLanguage\":\"bs-BA\",\"potentialAction\":[{\"@type\":\"ReadAction\",\"target\":[\"https:\/\/tuzlainfo.ba\/index.php\/novosti\/item\/290749-fine-food-podijelio-poklone-malisanima-u-roditeljskoj-kuci-u-tuzli\/\"]}]},{\"@type\":\"ImageObject\",\"inLanguage\":\"bs-BA\",\"@id\":\"https:\/\/tuzlainfo.ba\/index.php\/novosti\/item\/290749-fine-food-podijelio-poklone-malisanima-u-roditeljskoj-kuci-u-tuzli\/#primaryimage\",\"url\":\"https:\/\/tuzlainfo.ba\/wp-content\/uploads\/2025\/12\/fine-food-roditeljska-kuca.jpg\",\"contentUrl\":\"https:\/\/tuzlainfo.ba\/wp-content\/uploads\/2025\/12\/fine-food-roditeljska-kuca.jpg\",\"width\":1024,\"height\":683},{\"@type\":\"BreadcrumbList\",\"@id\":\"https:\/\/tuzlainfo.ba\/index.php\/novosti\/item\/290749-fine-food-podijelio-poklone-malisanima-u-roditeljskoj-kuci-u-tuzli\/#breadcrumb\",\"itemListElement\":[{\"@type\":\"ListItem\",\"position\":1,\"name\":\"Home\",\"item\":\"https:\/\/tuzlainfo.ba\/\"},{\"@type\":\"ListItem\",\"position\":2,\"name\":\"Fine Food podijelio poklone mali\u0161anima u Roditeljskoj ku\u0107i u Tuzli\"}]},{\"@type\":\"WebSite\",\"@id\":\"https:\/\/tuzlainfo.ba\/#website\",\"url\":\"https:\/\/tuzlainfo.ba\/\",\"name\":\"TuzlaInfo.ba\",\"description\":\"Tuzla info, gradski informator - Tuzla na dlanu\",\"publisher\":{\"@id\":\"https:\/\/tuzlainfo.ba\/#organization\"},\"potentialAction\":[{\"@type\":\"SearchAction\",\"target\":{\"@type\":\"EntryPoint\",\"urlTemplate\":\"https:\/\/tuzlainfo.ba\/?s={search_term_string}\"},\"query-input\":{\"@type\":\"PropertyValueSpecification\",\"valueRequired\":true,\"valueName\":\"search_term_string\"}}],\"inLanguage\":\"bs-BA\"},{\"@type\":\"Organization\",\"@id\":\"https:\/\/tuzlainfo.ba\/#organization\",\"name\":\"TuzlaInfo.ba\",\"url\":\"https:\/\/tuzlainfo.ba\/\",\"logo\":{\"@type\":\"ImageObject\",\"inLanguage\":\"bs-BA\",\"@id\":\"https:\/\/tuzlainfo.ba\/#\/schema\/logo\/image\/\",\"url\":\"https:\/\/tuzlainfo.ba\/wp-content\/uploads\/2021\/03\/logo-ver-3-1.png\",\"contentUrl\":\"https:\/\/tuzlainfo.ba\/wp-content\/uploads\/2021\/03\/logo-ver-3-1.png\",\"width\":350,\"height\":95,\"caption\":\"TuzlaInfo.ba\"},\"image\":{\"@id\":\"https:\/\/tuzlainfo.ba\/#\/schema\/logo\/image\/\"},\"sameAs\":[\"https:\/\/www.facebook.com\/tuzlainfo.ba\/\"]},{\"@type\":\"Person\",\"@id\":\"https:\/\/tuzlainfo.ba\/#\/schema\/person\/46cad4c57790cbc50781edd14870825a\",\"name\":\"Tuzla Info\",\"image\":{\"@type\":\"ImageObject\",\"inLanguage\":\"bs-BA\",\"@id\":\"https:\/\/tuzlainfo.ba\/#\/schema\/person\/image\/\",\"url\":\"https:\/\/tuzlainfo.ba\/wp-content\/litespeed\/avatar\/b6c453a6c38e3654f2e4416c643fc25c.jpg?ver=1777656712\",\"contentUrl\":\"https:\/\/tuzlainfo.ba\/wp-content\/litespeed\/avatar\/b6c453a6c38e3654f2e4416c643fc25c.jpg?ver=1777656712\",\"caption\":\"Tuzla Info\"}}]}<\/script>\n<!-- \/ Yoast SEO plugin. -->","yoast_head_json":{"title":"Fine Food podijelio poklone mali\u0161anima u Roditeljskoj ku\u0107i u Tuzli - TuzlaInfo.ba","robots":{"index":"index","follow":"follow","max-snippet":"max-snippet:-1","max-image-preview":"max-image-preview:large","max-video-preview":"max-video-preview:-1"},"canonical":"https:\/\/tuzlainfo.ba\/index.php\/novosti\/item\/290749-fine-food-podijelio-poklone-malisanima-u-roditeljskoj-kuci-u-tuzli\/","og_locale":"bs_BA","og_type":"article","og_title":"Fine Food podijelio poklone mali\u0161anima u Roditeljskoj ku\u0107i u Tuzli - TuzlaInfo.ba","og_description":"Kompanija Fine Food i ove je godine zavr\u0161etak poslovne godine obilje\u017eila posjetom Udru\u017eenju \u201eSrce za&hellip;","og_url":"https:\/\/tuzlainfo.ba\/index.php\/novosti\/item\/290749-fine-food-podijelio-poklone-malisanima-u-roditeljskoj-kuci-u-tuzli\/","og_site_name":"TuzlaInfo.ba","article_publisher":"https:\/\/www.facebook.com\/tuzlainfo.ba\/","article_published_time":"2025-12-30T19:42:42+00:00","article_modified_time":"2025-12-30T19:44:36+00:00","og_image":[{"width":1024,"height":683,"url":"https:\/\/tuzlainfo.ba\/wp-content\/uploads\/2025\/12\/fine-food-roditeljska-kuca.jpg","type":"image\/jpeg"}],"author":"Tuzla Info","twitter_card":"summary_large_image","twitter_misc":{"Written by":"Tuzla Info","Est. reading time":"2 minute"},"schema":{"@context":"https:\/\/schema.org","@graph":[{"@type":"Article","@id":"https:\/\/tuzlainfo.ba\/index.php\/novosti\/item\/290749-fine-food-podijelio-poklone-malisanima-u-roditeljskoj-kuci-u-tuzli\/#article","isPartOf":{"@id":"https:\/\/tuzlainfo.ba\/index.php\/novosti\/item\/290749-fine-food-podijelio-poklone-malisanima-u-roditeljskoj-kuci-u-tuzli\/"},"author":{"name":"Tuzla Info","@id":"https:\/\/tuzlainfo.ba\/#\/schema\/person\/46cad4c57790cbc50781edd14870825a"},"headline":"Fine Food podijelio poklone mali\u0161anima u Roditeljskoj ku\u0107i u Tuzli","datePublished":"2025-12-30T19:42:42+00:00","dateModified":"2025-12-30T19:44:36+00:00","mainEntityOfPage":{"@id":"https:\/\/tuzlainfo.ba\/index.php\/novosti\/item\/290749-fine-food-podijelio-poklone-malisanima-u-roditeljskoj-kuci-u-tuzli\/"},"wordCount":192,"publisher":{"@id":"https:\/\/tuzlainfo.ba\/#organization"},"image":{"@id":"https:\/\/tuzlainfo.ba\/index.php\/novosti\/item\/290749-fine-food-podijelio-poklone-malisanima-u-roditeljskoj-kuci-u-tuzli\/#primaryimage"},"thumbnailUrl":"https:\/\/tuzlainfo.ba\/wp-content\/uploads\/2025\/12\/fine-food-roditeljska-kuca.jpg","keywords":["fine food","Roditeljska ku\u0107a"],"articleSection":["Istaknuto","Novosti"],"inLanguage":"bs-BA"},{"@type":"WebPage","@id":"https:\/\/tuzlainfo.ba\/index.php\/novosti\/item\/290749-fine-food-podijelio-poklone-malisanima-u-roditeljskoj-kuci-u-tuzli\/","url":"https:\/\/tuzlainfo.ba\/index.php\/novosti\/item\/290749-fine-food-podijelio-poklone-malisanima-u-roditeljskoj-kuci-u-tuzli\/","name":"Fine Food podijelio poklone mali\u0161anima u Roditeljskoj ku\u0107i u Tuzli - TuzlaInfo.ba","isPartOf":{"@id":"https:\/\/tuzlainfo.ba\/#website"},"primaryImageOfPage":{"@id":"https:\/\/tuzlainfo.ba\/index.php\/novosti\/item\/290749-fine-food-podijelio-poklone-malisanima-u-roditeljskoj-kuci-u-tuzli\/#primaryimage"},"image":{"@id":"https:\/\/tuzlainfo.ba\/index.php\/novosti\/item\/290749-fine-food-podijelio-poklone-malisanima-u-roditeljskoj-kuci-u-tuzli\/#primaryimage"},"thumbnailUrl":"https:\/\/tuzlainfo.ba\/wp-content\/uploads\/2025\/12\/fine-food-roditeljska-kuca.jpg","datePublished":"2025-12-30T19:42:42+00:00","dateModified":"2025-12-30T19:44:36+00:00","breadcrumb":{"@id":"https:\/\/tuzlainfo.ba\/index.php\/novosti\/item\/290749-fine-food-podijelio-poklone-malisanima-u-roditeljskoj-kuci-u-tuzli\/#breadcrumb"},"inLanguage":"bs-BA","potentialAction":[{"@type":"ReadAction","target":["https:\/\/tuzlainfo.ba\/index.php\/novosti\/item\/290749-fine-food-podijelio-poklone-malisanima-u-roditeljskoj-kuci-u-tuzli\/"]}]},{"@type":"ImageObject","inLanguage":"bs-BA","@id":"https:\/\/tuzlainfo.ba\/index.php\/novosti\/item\/290749-fine-food-podijelio-poklone-malisanima-u-roditeljskoj-kuci-u-tuzli\/#primaryimage","url":"https:\/\/tuzlainfo.ba\/wp-content\/uploads\/2025\/12\/fine-food-roditeljska-kuca.jpg","contentUrl":"https:\/\/tuzlainfo.ba\/wp-content\/uploads\/2025\/12\/fine-food-roditeljska-kuca.jpg","width":1024,"height":683},{"@type":"BreadcrumbList","@id":"https:\/\/tuzlainfo.ba\/index.php\/novosti\/item\/290749-fine-food-podijelio-poklone-malisanima-u-roditeljskoj-kuci-u-tuzli\/#breadcrumb","itemListElement":[{"@type":"ListItem","position":1,"name":"Home","item":"https:\/\/tuzlainfo.ba\/"},{"@type":"ListItem","position":2,"name":"Fine Food podijelio poklone mali\u0161anima u Roditeljskoj ku\u0107i u Tuzli"}]},{"@type":"WebSite","@id":"https:\/\/tuzlainfo.ba\/#website","url":"https:\/\/tuzlainfo.ba\/","name":"TuzlaInfo.ba","description":"Tuzla info, gradski informator - Tuzla na dlanu","publisher":{"@id":"https:\/\/tuzlainfo.ba\/#organization"},"potentialAction":[{"@type":"SearchAction","target":{"@type":"EntryPoint","urlTemplate":"https:\/\/tuzlainfo.ba\/?s={search_term_string}"},"query-input":{"@type":"PropertyValueSpecification","valueRequired":true,"valueName":"search_term_string"}}],"inLanguage":"bs-BA"},{"@type":"Organization","@id":"https:\/\/tuzlainfo.ba\/#organization","name":"TuzlaInfo.ba","url":"https:\/\/tuzlainfo.ba\/","logo":{"@type":"ImageObject","inLanguage":"bs-BA","@id":"https:\/\/tuzlainfo.ba\/#\/schema\/logo\/image\/","url":"https:\/\/tuzlainfo.ba\/wp-content\/uploads\/2021\/03\/logo-ver-3-1.png","contentUrl":"https:\/\/tuzlainfo.ba\/wp-content\/uploads\/2021\/03\/logo-ver-3-1.png","width":350,"height":95,"caption":"TuzlaInfo.ba"},"image":{"@id":"https:\/\/tuzlainfo.ba\/#\/schema\/logo\/image\/"},"sameAs":["https:\/\/www.facebook.com\/tuzlainfo.ba\/"]},{"@type":"Person","@id":"https:\/\/tuzlainfo.ba\/#\/schema\/person\/46cad4c57790cbc50781edd14870825a","name":"Tuzla Info","image":{"@type":"ImageObject","inLanguage":"bs-BA","@id":"https:\/\/tuzlainfo.ba\/#\/schema\/person\/image\/","url":"https:\/\/tuzlainfo.ba\/wp-content\/litespeed\/avatar\/b6c453a6c38e3654f2e4416c643fc25c.jpg?ver=1777656712","contentUrl":"https:\/\/tuzlainfo.ba\/wp-content\/litespeed\/avatar\/b6c453a6c38e3654f2e4416c643fc25c.jpg?ver=1777656712","caption":"Tuzla Info"}}]}},"_links":{"self":[{"href":"https:\/\/tuzlainfo.ba\/index.php\/wp-json\/wp\/v2\/posts\/290749"}],"collection":[{"href":"https:\/\/tuzlainfo.ba\/index.php\/wp-json\/wp\/v2\/posts"}],"about":[{"href":"https:\/\/tuzlainfo.ba\/index.php\/wp-json\/wp\/v2\/types\/post"}],"author":[{"embeddable":true,"href":"https:\/\/tuzlainfo.ba\/index.php\/wp-json\/wp\/v2\/users\/4"}],"replies":[{"embeddable":true,"href":"https:\/\/tuzlainfo.ba\/index.php\/wp-json\/wp\/v2\/comments?post=290749"}],"version-history":[{"count":1,"href":"https:\/\/tuzlainfo.ba\/index.php\/wp-json\/wp\/v2\/posts\/290749\/revisions"}],"predecessor-version":[{"id":290751,"href":"https:\/\/tuzlainfo.ba\/index.php\/wp-json\/wp\/v2\/posts\/290749\/revisions\/290751"}],"wp:featuredmedia":[{"embeddable":true,"href":"https:\/\/tuzlainfo.ba\/index.php\/wp-json\/wp\/v2\/media\/290750"}],"wp:attachment":[{"href":"https:\/\/tuzlainfo.ba\/index.php\/wp-json\/wp\/v2\/media?parent=290749"}],"wp:term":[{"taxonomy":"category","embeddable":true,"href":"https:\/\/tuzlainfo.ba\/index.php\/wp-json\/wp\/v2\/categories?post=290749"},{"taxonomy":"post_tag","embeddable":true,"href":"https:\/\/tuzlainfo.ba\/index.php\/wp-json\/wp\/v2\/tags?post=290749"}],"curies":[{"name":"wp","href":"https:\/\/api.w.org\/{rel}","templated":true}]}}