{"id":290689,"date":"2025-12-29T19:56:19","date_gmt":"2025-12-29T18:56:19","guid":{"rendered":"https:\/\/tuzlainfo.ba\/?p=290689"},"modified":"2025-12-29T19:56:19","modified_gmt":"2025-12-29T18:56:19","slug":"tk-promovisano-138-najuspjesnijih-ucenika-u-protekloj-skolskoj-godini","status":"publish","type":"post","link":"https:\/\/tuzlainfo.ba\/index.php\/novosti\/item\/290689-tk-promovisano-138-najuspjesnijih-ucenika-u-protekloj-skolskoj-godini\/","title":{"rendered":"TK: Promovisano 138 najuspje\u0161nijih u\u010denika u protekloj \u0161kolskoj godini"},"content":{"rendered":"<p>U organizaciji Ministarstva obrazovanja i nauke Tuzlanskog kantona i Pedago\u0161kog zavoda TK danas je promovisano 138 najuspje\u0161nijih u\u010denika koji su na kantonalnim, federalnim i dr\u017eavnim takmi\u010denjima iz razli\u010ditih oblasti ostvarili zapa\u017eene rezultate.<\/p>\n<p>\u010cestitav\u0161i na uspjehu koji su postigli, ministar obrazovanja i nauke TK Ahmed Omerovi\u0107 je istaknuo da je dana\u0161nja aktivnost svojevrsno priznanje za izvrsnost za sve rezultate koji su ovi u\u010denici postigli na brojnim takmi\u010denjima.<\/p>\n<p>\u201eVa\u017eno je naglasiti da takmi\u010denja nisu sama po sebi svrha. Kroz takmi\u010denja u\u010denici razvijaju razli\u010dite vje\u0161tine a sti\u010du i nova znanja. Upravo to takmi\u010denje \u0107e kod njih da razvije, izme\u0111u ostalog, i osje\u0107aj da budu korisni ovom dru\u0161tvu \u0161to je nama veoma va\u017eno i da poka\u017eu da na\u0161i ljudi mogu postizati velike rezultate\u201c, rekao je ovom prilikom ministar Omerovi\u0107 te podsjetio da su ovi u\u010denici i dobitnici stipendija za nadarene u\u010denike koje Ministarstvo obrazovanja i nauke TK dodjeljuje kao jedan od vidova podr\u0161ke u\u010denicima.<\/p>\n<p>Me\u0111u 50 osnovaca sa koji su u protekloj \u0161kolskoj godini ostvarili zapa\u017eene rezultate na takmi\u010denjima je i Haris Top\u010di\u0107. Sada ve\u0107 u\u010denik prvog razreda Srednje medicinske \u0161kole u Tuzli Haris je predstavljao Osnovnu \u0161kolu \u201eNovi Grad\u201c u Tuzli na kantonalnom takmi\u010denju iz vjeronauke.<\/p>\n<p><img fetchpriority=\"high\" decoding=\"async\" class=\"alignnone size-full wp-image-290690\" src=\"https:\/\/tuzlainfo.ba\/wp-content\/uploads\/2025\/12\/2312_promocija_ucenika-1.jpg\" alt=\"\" width=\"1000\" height=\"666\" srcset=\"https:\/\/tuzlainfo.ba\/wp-content\/uploads\/2025\/12\/2312_promocija_ucenika-1.jpg 1000w, https:\/\/tuzlainfo.ba\/wp-content\/uploads\/2025\/12\/2312_promocija_ucenika-1-300x200.jpg 300w, https:\/\/tuzlainfo.ba\/wp-content\/uploads\/2025\/12\/2312_promocija_ucenika-1-768x511.jpg 768w, https:\/\/tuzlainfo.ba\/wp-content\/uploads\/2025\/12\/2312_promocija_ucenika-1-585x390.jpg 585w, https:\/\/tuzlainfo.ba\/wp-content\/uploads\/2025\/12\/2312_promocija_ucenika-1-263x175.jpg 263w, https:\/\/tuzlainfo.ba\/wp-content\/uploads\/2025\/12\/2312_promocija_ucenika-1-150x100.jpg 150w, https:\/\/tuzlainfo.ba\/wp-content\/uploads\/2025\/12\/2312_promocija_ucenika-1-500x333.jpg 500w, https:\/\/tuzlainfo.ba\/wp-content\/uploads\/2025\/12\/2312_promocija_ucenika-1-120x80.jpg 120w\" sizes=\"(max-width: 1000px) 100vw, 1000px\" \/><\/p>\n<p>U\u010denica\u00a0 Gimnazije \u201cIsmet Mujezinovi\u0107\u201d u Tuzli Edita Ahmetovi\u0107 ve\u0107 tre\u0107u godinu zaredom dobija plaketu. \u201eDanas sam dobila bronzanu plaketu za prvo mjesto na dr\u017eavnom takmi\u010denju iz njema\u010dkog jezika\u201c, ka\u017ee Edita.<\/p>\n<p>Neki od 88 danas nagra\u0111enih srednjo\u0161kolaca priznanja su dobili za postignu\u0107a na vi\u0161e polja i interesovanja. U\u010denik 4. razreda Gimnazije \u201cMe\u0161a Selimovi\u0107\u201d u Tuzli Danis D\u017eaferagi\u0107 nabraja:<\/p>\n<p>\u201ePrethodne \u0161kolske godine sam osvojio prvo mjesto na kantonalnom takmi\u010denju iz engleskog jezika, 3. mjesto na kantonalnom iz matematike a iz bio- sigurnosti i bio-za\u0161tite sam osvojio prvo mjesto na kantonalnom takmi\u010denju, prvo na dr\u017eavnom i 2. i srebrnu medalju na me\u0111unarodnom takmi\u010denju u Osijeku.\u201c<\/p>\n<p>\u201eOvo je jako bitna manifestacija u smislu motivacije i stimulacije u\u010denika za dalje u\u010denje i eventualno studiranje. Ono \u0161to bismo \u017eeljeli, a govorim i kao direktor i kao roditelj, da poslije zavr\u0161enog \u0161kolovanja svoju budu\u0107nost na\u0111u ovdje u Bosni i Hercegovini\u201c, rekao je direktor Pedago\u0161kog zavoda TK Izet Numanovi\u0107 uvjeren da \u0107e \u201eovo biti jedan od jakih motiva da ovi u\u010denici ostanu u BiH i da se oslonimo na njih kao na\u0161u budu\u0107nost\u201c.<\/p>\n","protected":false},"excerpt":{"rendered":"<p>U organizaciji Ministarstva obrazovanja i nauke Tuzlanskog kantona i Pedago\u0161kog zavoda TK danas je promovisano&hellip;<\/p>\n","protected":false},"author":2,"featured_media":290691,"comment_status":"closed","ping_status":"closed","sticky":false,"template":"","format":"standard","meta":{"_acf_changed":false,"footnotes":""},"categories":[304,12],"tags":[13216],"acf":[],"yoast_head":"<!-- This site is optimized with the Yoast SEO plugin v23.5 - https:\/\/yoast.com\/wordpress\/plugins\/seo\/ -->\n<title>TK: Promovisano 138 najuspje\u0161nijih u\u010denika u protekloj \u0161kolskoj godini - TuzlaInfo.ba<\/title>\n<meta name=\"robots\" content=\"index, follow, max-snippet:-1, max-image-preview:large, max-video-preview:-1\" \/>\n<link rel=\"canonical\" href=\"https:\/\/tuzlainfo.ba\/index.php\/novosti\/item\/290689-tk-promovisano-138-najuspjesnijih-ucenika-u-protekloj-skolskoj-godini\/\" \/>\n<meta property=\"og:locale\" content=\"bs_BA\" \/>\n<meta property=\"og:type\" content=\"article\" \/>\n<meta property=\"og:title\" content=\"TK: Promovisano 138 najuspje\u0161nijih u\u010denika u protekloj \u0161kolskoj godini - TuzlaInfo.ba\" \/>\n<meta property=\"og:description\" content=\"U organizaciji Ministarstva obrazovanja i nauke Tuzlanskog kantona i Pedago\u0161kog zavoda TK danas je promovisano&hellip;\" \/>\n<meta property=\"og:url\" content=\"https:\/\/tuzlainfo.ba\/index.php\/novosti\/item\/290689-tk-promovisano-138-najuspjesnijih-ucenika-u-protekloj-skolskoj-godini\/\" \/>\n<meta property=\"og:site_name\" content=\"TuzlaInfo.ba\" \/>\n<meta property=\"article:publisher\" content=\"https:\/\/www.facebook.com\/tuzlainfo.ba\/\" \/>\n<meta property=\"article:published_time\" content=\"2025-12-29T18:56:19+00:00\" \/>\n<meta property=\"og:image\" content=\"https:\/\/tuzlainfo.ba\/wp-content\/uploads\/2025\/12\/2312_promocija_ucenika-2.jpg\" \/>\n\t<meta property=\"og:image:width\" content=\"1000\" \/>\n\t<meta property=\"og:image:height\" content=\"666\" \/>\n\t<meta property=\"og:image:type\" content=\"image\/jpeg\" \/>\n<meta name=\"author\" content=\"nedim\" \/>\n<meta name=\"twitter:card\" content=\"summary_large_image\" \/>\n<meta name=\"twitter:label1\" content=\"Written by\" \/>\n\t<meta name=\"twitter:data1\" content=\"nedim\" \/>\n\t<meta name=\"twitter:label2\" content=\"Est. reading time\" \/>\n\t<meta name=\"twitter:data2\" content=\"3 minute\" \/>\n<script type=\"application\/ld+json\" class=\"yoast-schema-graph\">{\"@context\":\"https:\/\/schema.org\",\"@graph\":[{\"@type\":\"Article\",\"@id\":\"https:\/\/tuzlainfo.ba\/index.php\/novosti\/item\/290689-tk-promovisano-138-najuspjesnijih-ucenika-u-protekloj-skolskoj-godini\/#article\",\"isPartOf\":{\"@id\":\"https:\/\/tuzlainfo.ba\/index.php\/novosti\/item\/290689-tk-promovisano-138-najuspjesnijih-ucenika-u-protekloj-skolskoj-godini\/\"},\"author\":{\"name\":\"nedim\",\"@id\":\"https:\/\/tuzlainfo.ba\/#\/schema\/person\/f434e20dc27ea133923aab08451b7f7f\"},\"headline\":\"TK: Promovisano 138 najuspje\u0161nijih u\u010denika u protekloj \u0161kolskoj godini\",\"datePublished\":\"2025-12-29T18:56:19+00:00\",\"dateModified\":\"2025-12-29T18:56:19+00:00\",\"mainEntityOfPage\":{\"@id\":\"https:\/\/tuzlainfo.ba\/index.php\/novosti\/item\/290689-tk-promovisano-138-najuspjesnijih-ucenika-u-protekloj-skolskoj-godini\/\"},\"wordCount\":435,\"publisher\":{\"@id\":\"https:\/\/tuzlainfo.ba\/#organization\"},\"image\":{\"@id\":\"https:\/\/tuzlainfo.ba\/index.php\/novosti\/item\/290689-tk-promovisano-138-najuspjesnijih-ucenika-u-protekloj-skolskoj-godini\/#primaryimage\"},\"thumbnailUrl\":\"https:\/\/tuzlainfo.ba\/wp-content\/uploads\/2025\/12\/2312_promocija_ucenika-2.jpg\",\"keywords\":[\"promocija u\u010denika\"],\"articleSection\":[\"Istaknuto\",\"Novosti\"],\"inLanguage\":\"bs-BA\"},{\"@type\":\"WebPage\",\"@id\":\"https:\/\/tuzlainfo.ba\/index.php\/novosti\/item\/290689-tk-promovisano-138-najuspjesnijih-ucenika-u-protekloj-skolskoj-godini\/\",\"url\":\"https:\/\/tuzlainfo.ba\/index.php\/novosti\/item\/290689-tk-promovisano-138-najuspjesnijih-ucenika-u-protekloj-skolskoj-godini\/\",\"name\":\"TK: Promovisano 138 najuspje\u0161nijih u\u010denika u protekloj \u0161kolskoj godini - TuzlaInfo.ba\",\"isPartOf\":{\"@id\":\"https:\/\/tuzlainfo.ba\/#website\"},\"primaryImageOfPage\":{\"@id\":\"https:\/\/tuzlainfo.ba\/index.php\/novosti\/item\/290689-tk-promovisano-138-najuspjesnijih-ucenika-u-protekloj-skolskoj-godini\/#primaryimage\"},\"image\":{\"@id\":\"https:\/\/tuzlainfo.ba\/index.php\/novosti\/item\/290689-tk-promovisano-138-najuspjesnijih-ucenika-u-protekloj-skolskoj-godini\/#primaryimage\"},\"thumbnailUrl\":\"https:\/\/tuzlainfo.ba\/wp-content\/uploads\/2025\/12\/2312_promocija_ucenika-2.jpg\",\"datePublished\":\"2025-12-29T18:56:19+00:00\",\"dateModified\":\"2025-12-29T18:56:19+00:00\",\"breadcrumb\":{\"@id\":\"https:\/\/tuzlainfo.ba\/index.php\/novosti\/item\/290689-tk-promovisano-138-najuspjesnijih-ucenika-u-protekloj-skolskoj-godini\/#breadcrumb\"},\"inLanguage\":\"bs-BA\",\"potentialAction\":[{\"@type\":\"ReadAction\",\"target\":[\"https:\/\/tuzlainfo.ba\/index.php\/novosti\/item\/290689-tk-promovisano-138-najuspjesnijih-ucenika-u-protekloj-skolskoj-godini\/\"]}]},{\"@type\":\"ImageObject\",\"inLanguage\":\"bs-BA\",\"@id\":\"https:\/\/tuzlainfo.ba\/index.php\/novosti\/item\/290689-tk-promovisano-138-najuspjesnijih-ucenika-u-protekloj-skolskoj-godini\/#primaryimage\",\"url\":\"https:\/\/tuzlainfo.ba\/wp-content\/uploads\/2025\/12\/2312_promocija_ucenika-2.jpg\",\"contentUrl\":\"https:\/\/tuzlainfo.ba\/wp-content\/uploads\/2025\/12\/2312_promocija_ucenika-2.jpg\",\"width\":1000,\"height\":666},{\"@type\":\"BreadcrumbList\",\"@id\":\"https:\/\/tuzlainfo.ba\/index.php\/novosti\/item\/290689-tk-promovisano-138-najuspjesnijih-ucenika-u-protekloj-skolskoj-godini\/#breadcrumb\",\"itemListElement\":[{\"@type\":\"ListItem\",\"position\":1,\"name\":\"Home\",\"item\":\"https:\/\/tuzlainfo.ba\/\"},{\"@type\":\"ListItem\",\"position\":2,\"name\":\"TK: Promovisano 138 najuspje\u0161nijih u\u010denika u protekloj \u0161kolskoj godini\"}]},{\"@type\":\"WebSite\",\"@id\":\"https:\/\/tuzlainfo.ba\/#website\",\"url\":\"https:\/\/tuzlainfo.ba\/\",\"name\":\"TuzlaInfo.ba\",\"description\":\"Tuzla info, gradski informator - Tuzla na dlanu\",\"publisher\":{\"@id\":\"https:\/\/tuzlainfo.ba\/#organization\"},\"potentialAction\":[{\"@type\":\"SearchAction\",\"target\":{\"@type\":\"EntryPoint\",\"urlTemplate\":\"https:\/\/tuzlainfo.ba\/?s={search_term_string}\"},\"query-input\":{\"@type\":\"PropertyValueSpecification\",\"valueRequired\":true,\"valueName\":\"search_term_string\"}}],\"inLanguage\":\"bs-BA\"},{\"@type\":\"Organization\",\"@id\":\"https:\/\/tuzlainfo.ba\/#organization\",\"name\":\"TuzlaInfo.ba\",\"url\":\"https:\/\/tuzlainfo.ba\/\",\"logo\":{\"@type\":\"ImageObject\",\"inLanguage\":\"bs-BA\",\"@id\":\"https:\/\/tuzlainfo.ba\/#\/schema\/logo\/image\/\",\"url\":\"https:\/\/tuzlainfo.ba\/wp-content\/uploads\/2021\/03\/logo-ver-3-1.png\",\"contentUrl\":\"https:\/\/tuzlainfo.ba\/wp-content\/uploads\/2021\/03\/logo-ver-3-1.png\",\"width\":350,\"height\":95,\"caption\":\"TuzlaInfo.ba\"},\"image\":{\"@id\":\"https:\/\/tuzlainfo.ba\/#\/schema\/logo\/image\/\"},\"sameAs\":[\"https:\/\/www.facebook.com\/tuzlainfo.ba\/\"]},{\"@type\":\"Person\",\"@id\":\"https:\/\/tuzlainfo.ba\/#\/schema\/person\/f434e20dc27ea133923aab08451b7f7f\",\"name\":\"nedim\",\"image\":{\"@type\":\"ImageObject\",\"inLanguage\":\"bs-BA\",\"@id\":\"https:\/\/tuzlainfo.ba\/#\/schema\/person\/image\/\",\"url\":\"https:\/\/tuzlainfo.ba\/wp-content\/litespeed\/avatar\/aabad687af24844af817603ac1cbdc4f.jpg?ver=1777306975\",\"contentUrl\":\"https:\/\/tuzlainfo.ba\/wp-content\/litespeed\/avatar\/aabad687af24844af817603ac1cbdc4f.jpg?ver=1777306975\",\"caption\":\"nedim\"},\"description\":\"Tuzlainfo.ba pratite na dru\u0161tvenim mre\u017eama: Facebook, Instagram i Youtube. Svoje pri\u010de, upite i fotografije \u0161aljite na na\u0161u e-mail adresu.\"}]}<\/script>\n<!-- \/ Yoast SEO plugin. -->","yoast_head_json":{"title":"TK: Promovisano 138 najuspje\u0161nijih u\u010denika u protekloj \u0161kolskoj godini - TuzlaInfo.ba","robots":{"index":"index","follow":"follow","max-snippet":"max-snippet:-1","max-image-preview":"max-image-preview:large","max-video-preview":"max-video-preview:-1"},"canonical":"https:\/\/tuzlainfo.ba\/index.php\/novosti\/item\/290689-tk-promovisano-138-najuspjesnijih-ucenika-u-protekloj-skolskoj-godini\/","og_locale":"bs_BA","og_type":"article","og_title":"TK: Promovisano 138 najuspje\u0161nijih u\u010denika u protekloj \u0161kolskoj godini - TuzlaInfo.ba","og_description":"U organizaciji Ministarstva obrazovanja i nauke Tuzlanskog kantona i Pedago\u0161kog zavoda TK danas je promovisano&hellip;","og_url":"https:\/\/tuzlainfo.ba\/index.php\/novosti\/item\/290689-tk-promovisano-138-najuspjesnijih-ucenika-u-protekloj-skolskoj-godini\/","og_site_name":"TuzlaInfo.ba","article_publisher":"https:\/\/www.facebook.com\/tuzlainfo.ba\/","article_published_time":"2025-12-29T18:56:19+00:00","og_image":[{"width":1000,"height":666,"url":"https:\/\/tuzlainfo.ba\/wp-content\/uploads\/2025\/12\/2312_promocija_ucenika-2.jpg","type":"image\/jpeg"}],"author":"nedim","twitter_card":"summary_large_image","twitter_misc":{"Written by":"nedim","Est. reading time":"3 minute"},"schema":{"@context":"https:\/\/schema.org","@graph":[{"@type":"Article","@id":"https:\/\/tuzlainfo.ba\/index.php\/novosti\/item\/290689-tk-promovisano-138-najuspjesnijih-ucenika-u-protekloj-skolskoj-godini\/#article","isPartOf":{"@id":"https:\/\/tuzlainfo.ba\/index.php\/novosti\/item\/290689-tk-promovisano-138-najuspjesnijih-ucenika-u-protekloj-skolskoj-godini\/"},"author":{"name":"nedim","@id":"https:\/\/tuzlainfo.ba\/#\/schema\/person\/f434e20dc27ea133923aab08451b7f7f"},"headline":"TK: Promovisano 138 najuspje\u0161nijih u\u010denika u protekloj \u0161kolskoj godini","datePublished":"2025-12-29T18:56:19+00:00","dateModified":"2025-12-29T18:56:19+00:00","mainEntityOfPage":{"@id":"https:\/\/tuzlainfo.ba\/index.php\/novosti\/item\/290689-tk-promovisano-138-najuspjesnijih-ucenika-u-protekloj-skolskoj-godini\/"},"wordCount":435,"publisher":{"@id":"https:\/\/tuzlainfo.ba\/#organization"},"image":{"@id":"https:\/\/tuzlainfo.ba\/index.php\/novosti\/item\/290689-tk-promovisano-138-najuspjesnijih-ucenika-u-protekloj-skolskoj-godini\/#primaryimage"},"thumbnailUrl":"https:\/\/tuzlainfo.ba\/wp-content\/uploads\/2025\/12\/2312_promocija_ucenika-2.jpg","keywords":["promocija u\u010denika"],"articleSection":["Istaknuto","Novosti"],"inLanguage":"bs-BA"},{"@type":"WebPage","@id":"https:\/\/tuzlainfo.ba\/index.php\/novosti\/item\/290689-tk-promovisano-138-najuspjesnijih-ucenika-u-protekloj-skolskoj-godini\/","url":"https:\/\/tuzlainfo.ba\/index.php\/novosti\/item\/290689-tk-promovisano-138-najuspjesnijih-ucenika-u-protekloj-skolskoj-godini\/","name":"TK: Promovisano 138 najuspje\u0161nijih u\u010denika u protekloj \u0161kolskoj godini - TuzlaInfo.ba","isPartOf":{"@id":"https:\/\/tuzlainfo.ba\/#website"},"primaryImageOfPage":{"@id":"https:\/\/tuzlainfo.ba\/index.php\/novosti\/item\/290689-tk-promovisano-138-najuspjesnijih-ucenika-u-protekloj-skolskoj-godini\/#primaryimage"},"image":{"@id":"https:\/\/tuzlainfo.ba\/index.php\/novosti\/item\/290689-tk-promovisano-138-najuspjesnijih-ucenika-u-protekloj-skolskoj-godini\/#primaryimage"},"thumbnailUrl":"https:\/\/tuzlainfo.ba\/wp-content\/uploads\/2025\/12\/2312_promocija_ucenika-2.jpg","datePublished":"2025-12-29T18:56:19+00:00","dateModified":"2025-12-29T18:56:19+00:00","breadcrumb":{"@id":"https:\/\/tuzlainfo.ba\/index.php\/novosti\/item\/290689-tk-promovisano-138-najuspjesnijih-ucenika-u-protekloj-skolskoj-godini\/#breadcrumb"},"inLanguage":"bs-BA","potentialAction":[{"@type":"ReadAction","target":["https:\/\/tuzlainfo.ba\/index.php\/novosti\/item\/290689-tk-promovisano-138-najuspjesnijih-ucenika-u-protekloj-skolskoj-godini\/"]}]},{"@type":"ImageObject","inLanguage":"bs-BA","@id":"https:\/\/tuzlainfo.ba\/index.php\/novosti\/item\/290689-tk-promovisano-138-najuspjesnijih-ucenika-u-protekloj-skolskoj-godini\/#primaryimage","url":"https:\/\/tuzlainfo.ba\/wp-content\/uploads\/2025\/12\/2312_promocija_ucenika-2.jpg","contentUrl":"https:\/\/tuzlainfo.ba\/wp-content\/uploads\/2025\/12\/2312_promocija_ucenika-2.jpg","width":1000,"height":666},{"@type":"BreadcrumbList","@id":"https:\/\/tuzlainfo.ba\/index.php\/novosti\/item\/290689-tk-promovisano-138-najuspjesnijih-ucenika-u-protekloj-skolskoj-godini\/#breadcrumb","itemListElement":[{"@type":"ListItem","position":1,"name":"Home","item":"https:\/\/tuzlainfo.ba\/"},{"@type":"ListItem","position":2,"name":"TK: Promovisano 138 najuspje\u0161nijih u\u010denika u protekloj \u0161kolskoj godini"}]},{"@type":"WebSite","@id":"https:\/\/tuzlainfo.ba\/#website","url":"https:\/\/tuzlainfo.ba\/","name":"TuzlaInfo.ba","description":"Tuzla info, gradski informator - Tuzla na dlanu","publisher":{"@id":"https:\/\/tuzlainfo.ba\/#organization"},"potentialAction":[{"@type":"SearchAction","target":{"@type":"EntryPoint","urlTemplate":"https:\/\/tuzlainfo.ba\/?s={search_term_string}"},"query-input":{"@type":"PropertyValueSpecification","valueRequired":true,"valueName":"search_term_string"}}],"inLanguage":"bs-BA"},{"@type":"Organization","@id":"https:\/\/tuzlainfo.ba\/#organization","name":"TuzlaInfo.ba","url":"https:\/\/tuzlainfo.ba\/","logo":{"@type":"ImageObject","inLanguage":"bs-BA","@id":"https:\/\/tuzlainfo.ba\/#\/schema\/logo\/image\/","url":"https:\/\/tuzlainfo.ba\/wp-content\/uploads\/2021\/03\/logo-ver-3-1.png","contentUrl":"https:\/\/tuzlainfo.ba\/wp-content\/uploads\/2021\/03\/logo-ver-3-1.png","width":350,"height":95,"caption":"TuzlaInfo.ba"},"image":{"@id":"https:\/\/tuzlainfo.ba\/#\/schema\/logo\/image\/"},"sameAs":["https:\/\/www.facebook.com\/tuzlainfo.ba\/"]},{"@type":"Person","@id":"https:\/\/tuzlainfo.ba\/#\/schema\/person\/f434e20dc27ea133923aab08451b7f7f","name":"nedim","image":{"@type":"ImageObject","inLanguage":"bs-BA","@id":"https:\/\/tuzlainfo.ba\/#\/schema\/person\/image\/","url":"https:\/\/tuzlainfo.ba\/wp-content\/litespeed\/avatar\/aabad687af24844af817603ac1cbdc4f.jpg?ver=1777306975","contentUrl":"https:\/\/tuzlainfo.ba\/wp-content\/litespeed\/avatar\/aabad687af24844af817603ac1cbdc4f.jpg?ver=1777306975","caption":"nedim"},"description":"Tuzlainfo.ba pratite na dru\u0161tvenim mre\u017eama: Facebook, Instagram i Youtube. Svoje pri\u010de, upite i fotografije \u0161aljite na na\u0161u e-mail adresu."}]}},"_links":{"self":[{"href":"https:\/\/tuzlainfo.ba\/index.php\/wp-json\/wp\/v2\/posts\/290689"}],"collection":[{"href":"https:\/\/tuzlainfo.ba\/index.php\/wp-json\/wp\/v2\/posts"}],"about":[{"href":"https:\/\/tuzlainfo.ba\/index.php\/wp-json\/wp\/v2\/types\/post"}],"author":[{"embeddable":true,"href":"https:\/\/tuzlainfo.ba\/index.php\/wp-json\/wp\/v2\/users\/2"}],"replies":[{"embeddable":true,"href":"https:\/\/tuzlainfo.ba\/index.php\/wp-json\/wp\/v2\/comments?post=290689"}],"version-history":[{"count":1,"href":"https:\/\/tuzlainfo.ba\/index.php\/wp-json\/wp\/v2\/posts\/290689\/revisions"}],"predecessor-version":[{"id":290692,"href":"https:\/\/tuzlainfo.ba\/index.php\/wp-json\/wp\/v2\/posts\/290689\/revisions\/290692"}],"wp:featuredmedia":[{"embeddable":true,"href":"https:\/\/tuzlainfo.ba\/index.php\/wp-json\/wp\/v2\/media\/290691"}],"wp:attachment":[{"href":"https:\/\/tuzlainfo.ba\/index.php\/wp-json\/wp\/v2\/media?parent=290689"}],"wp:term":[{"taxonomy":"category","embeddable":true,"href":"https:\/\/tuzlainfo.ba\/index.php\/wp-json\/wp\/v2\/categories?post=290689"},{"taxonomy":"post_tag","embeddable":true,"href":"https:\/\/tuzlainfo.ba\/index.php\/wp-json\/wp\/v2\/tags?post=290689"}],"curies":[{"name":"wp","href":"https:\/\/api.w.org\/{rel}","templated":true}]}}