{"id":290488,"date":"2025-12-27T10:38:26","date_gmt":"2025-12-27T09:38:26","guid":{"rendered":"https:\/\/tuzlainfo.ba\/?p=290488"},"modified":"2025-12-27T10:38:26","modified_gmt":"2025-12-27T09:38:26","slug":"izetbegovic-ne-mozete-drzavu-prepustiti-pocetnicima-poceli-smo-da-tonemo","status":"publish","type":"post","link":"https:\/\/tuzlainfo.ba\/index.php\/bosna-i-hercegovina\/item\/290488-izetbegovic-ne-mozete-drzavu-prepustiti-pocetnicima-poceli-smo-da-tonemo\/","title":{"rendered":"Izetbegovi\u0107: &#8220;Ne mo\u017eete dr\u017eavu prepustiti po\u010detnicima, po\u010deli smo da tonemo&#8221;"},"content":{"rendered":"<p><strong>Izetbegovi\u0107<\/strong>\u00a0je u uvodu obra\u0107anja kazao da SDA u Sanskom Mostu nikada nije izgubila. Naro\u010dito je izdvojio pobjedu na posljednjim Lokalnim izborima, kada su u ovoj op\u0107ini kori\u0161tene moderne izborne tehnologije i kada je SDA popravila svoj rezultat:<\/p>\n<p>&#8220;Ovo \u0161to ste vi ovdje do\u017eivjeli je sudbina SDA. To je dio udara na SDA, koji je po\u010deo odmah nakon rata. Krenuo je veliki napad na nas. Stvorio se \u010ditav sistem koji za cilj ima kreiranje udara na SDA. Ni\u0161ta dobro o braniocima BiH, komandantima, SDA i Aliji niste mogli pro\u010ditati godinama. To je taj specijalni rat koji se vodio protiv nas. Jer trebalo je otopiti santu, gromadu povjerenja koje je ova stranka zaslu\u017eila kod naroda, a koje niko drugi nema.&#8221;<\/p>\n<h4>\u00a0<strong>&#8220;Moramo pobijediti&#8221;<\/strong><\/h4>\n<p>U tom kontekstu je ukazao na \u010dinjenicu da\u00a0<strong>u BiH ima oko 200 stranaka<\/strong>, me\u0111u kojima su ve\u0107ina one koje se deklari\u0161u kao bo\u0161nja\u010dke ili bosanskohercegova\u010dke, \u0161to je posljedica poku\u0161aja slabljenja politi\u010dkog kapaciteta bo\u0161nja\u010dkog naroda i bosanskohercegova\u010dkih patriota:<\/p>\n<p>&#8220;<strong>Sve se to me\u0111usobno ujeda i sva\u0111a. Mi se tome trebamo suprotstaviti<\/strong>. Ne smijemo dopustiti da se te podjele nastave, da se zamrzimo, da se nastavi atomizacija.\u00a0<strong>Ali moramo pobijediti. Mora se znati lider<\/strong>&#8220;, poru\u010dio je predsjednik SDA.<\/p>\n<p>Podsjetio je na u\u010destale susrete sa predstavnicima me\u0111unarodne zajednice, \u0161to svjedo\u010di i promjeni odnosa prema SDA i sticanja svijeti o va\u017enosti te stranke za stabilnost BiH: &#8220;<strong>Shvatili su, vjerovatno, da ne\u0107e na dobro<\/strong>, da je projekat sa Trojkom propao i da sve ide u kolaps, te da je vrijeme da se procesi oslone na pravi motor. Ovo \u0161to sada \u017eivimo je zastoj. Zastoj si ne mogu priu\u0161titi ni uspje\u0161ne i izgra\u0111ene zapadne zemlje, a pogotovo jedna zemlja koja jo\u0161 uvijek nije izgradila svoje ceste, svoj energetski sistem, koja nije zaposlila dovoljno ljudi, u kojoj se te\u017ee \u017eivi, koju ljudi napu\u0161taju. Ona bi trebala svake godine, kao u vrijeme Fadila Novali\u0107a, da ja\u010da, da se ubrzano grade ceste i energetska infrastruktura, da susti\u017eemo, a ne da nam padaju parametri. Po\u010deli smo da tonemo. Izgubili smo vi\u0161e od osam hiljada radnih mjesta ove godine.&#8221;<\/p>\n<p><strong>Osvrnuo se predsjednik SDA i na, kako je kazao, ljutnju Trojke<\/strong>\u00a0jer ih optu\u017euju za izdaje: &#8220;Ali za ono \u0161to su uradili nema druge rije\u010di. Dopustili su da se Ustav suspenduje na jedan dan, da na takav na\u010din uvrijede zemlju u kojoj \u017eive da bi oni sjeli u fotelje. To se ne radi. Dopustiti da im Dodik ka\u017ee da \u0107e &#8216;Srbi i Hrvati odlu\u010diti ko \u0107e od muslimana u vlast&#8217;, a vi \u010dekate da se oni smiluju. Te su stvari oni dopustili da bi njih trojica zasjeli u vlast i da bi upropa\u0161tavali dr\u017eavu, da bi je doveli u ovakvu stagnaciju. Zadu\u017euju nas, stagniramo.\u00a0<strong>Obe\u0107avali su evropski put, a sada ga vi\u0161e ne spominju<\/strong>.&#8221;<\/p>\n<p>Podsjetio je na obe\u0107anja Trojke o meritokratiji, te na kr\u0161enje tih obe\u0107anja imenovanjima nesposobnih kadrova.<\/p>\n<p>&#8220;Ne mo\u017eete dr\u017eavu prepustiti po\u010detnicima.\u00a0<strong>U Elektroprivredu doveli direktora komunalnog preduze\u0107a<\/strong>, koja sada godi\u0161nje pravi stotine miliona KM duga. U Novali\u0107evo vrijeme je poslovala pozitivno. Obe\u0107ali su i nultu stopu tolerancije za korupciju. A onda su dokumentovane veze sa narko kartelima. Ti kriminalci pi\u0161u da nisu uspjeli pro\u0107i kod SDA. Ja ne slu\u0161am narko kartele ve\u0107 slu\u0161am vas, svoj narod. Onda smo imali hap\u0161enja ministara u Kantonu Sarajevo, pa privo\u0111enja zvani\u010dnika na nivou FBiH, pa obustavu finansiranja izgradnje autoceste na Koridoru Vc. Autoceste FBiH su predali HDZ-u da bi imenovali direktora FUP-a koji \u0107e po njihovom nalogu &#8216;spengavati&#8217;.\u00a0<strong>Misle &#8216;spengavanjima&#8217; pokriti sramotu koju su napravili<\/strong>&#8220;, izjavio je Izetbegovi\u0107.<\/p>\n<p>Ustvrdio je Izetbegovi\u0107 na\u00a0<strong>enormno zadu\u017eivanje Vlade FBiH predvi\u0111eno u narednoj izbornoj godini, kojim \u0107e se poku\u0161ati kupovati glasovi<\/strong>, a koje \u0107e vra\u0107ati gra\u0111ani u narednim mandatima. Govorio je i o SDA-ovom prijedlogu izmjena Izbornog zakona, koji za cilj ima omogu\u0107avanje primjene novih tehnologija u izbornom procesu: &#8220;I tu nam se Trojka izmi\u010de. Mi iz opozicije smo predlo\u017eili taj Zakon i progurat \u0107emo ga. Ovo \u0161to se de\u0161avalo u RS-u \u0107e nam pomo\u0107i u tome.&#8221;<\/p>\n<h4><strong>&#8220;Di\u0107i \u0107e ruku, mada im je mrsko&#8221;<\/strong><\/h4>\n<p>Kada su trenutni prioriteti SDA u pitanju, Izetbegovi\u0107 je izdvojio nekoliko zakonskih rje\u0161enja i projekata: &#8220;Ju\u017ena interkonekcija \u0107e pro\u0107i. Na\u0107i \u0107emo na\u010din da to pro\u0111e. SDA je predlo\u017eila taj Zakon, koji je i usvojen.\u00a0<strong>Na\u0107i \u0107emo na\u010din da ruku dignu i oni koji nas ne vole<\/strong>, i za Izborni zakon i i za Zakon o proporcionalnoj zastupljenosti, kao \u0161to smo na\u0161li za Ju\u017enu interkonekciju. Di\u0107i \u0107e ruku, mada im je mrsko. Ne smiju se izma\u0107i zbog naroda.&#8221;<\/p>\n<p>Prisutnima na tribini su se tako\u0111er obratili zastupnica u Skup\u0161tini USK Zinajda Had\u017ei\u0107, predsjednik KO SDA USK Jasmin Musi\u0107, na\u010delnik Op\u0107ine Sanski Most Mensur Seferovi\u0107 i zastupnik u Predstavni\u010dkom domu Parlamenta FBiH Asim Kamber.<\/p>\n","protected":false},"excerpt":{"rendered":"<p>Izetbegovi\u0107\u00a0je u uvodu obra\u0107anja kazao da SDA u Sanskom Mostu nikada nije izgubila. Naro\u010dito je&hellip;<\/p>\n","protected":false},"author":2,"featured_media":219804,"comment_status":"closed","ping_status":"closed","sticky":false,"template":"","format":"standard","meta":{"_acf_changed":false,"footnotes":""},"categories":[291],"tags":[1370],"acf":[],"yoast_head":"<!-- This site is optimized with the Yoast SEO plugin v23.5 - https:\/\/yoast.com\/wordpress\/plugins\/seo\/ -->\n<title>Izetbegovi\u0107: &quot;Ne mo\u017eete dr\u017eavu prepustiti po\u010detnicima, po\u010deli smo da tonemo&quot; - TuzlaInfo.ba<\/title>\n<meta name=\"robots\" content=\"index, follow, max-snippet:-1, max-image-preview:large, max-video-preview:-1\" \/>\n<link rel=\"canonical\" href=\"https:\/\/tuzlainfo.ba\/index.php\/bosna-i-hercegovina\/item\/290488-izetbegovic-ne-mozete-drzavu-prepustiti-pocetnicima-poceli-smo-da-tonemo\/\" \/>\n<meta property=\"og:locale\" content=\"bs_BA\" \/>\n<meta property=\"og:type\" content=\"article\" \/>\n<meta property=\"og:title\" content=\"Izetbegovi\u0107: &quot;Ne mo\u017eete dr\u017eavu prepustiti po\u010detnicima, po\u010deli smo da tonemo&quot; - TuzlaInfo.ba\" \/>\n<meta property=\"og:description\" content=\"Izetbegovi\u0107\u00a0je u uvodu obra\u0107anja kazao da SDA u Sanskom Mostu nikada nije izgubila. Naro\u010dito je&hellip;\" \/>\n<meta property=\"og:url\" content=\"https:\/\/tuzlainfo.ba\/index.php\/bosna-i-hercegovina\/item\/290488-izetbegovic-ne-mozete-drzavu-prepustiti-pocetnicima-poceli-smo-da-tonemo\/\" \/>\n<meta property=\"og:site_name\" content=\"TuzlaInfo.ba\" \/>\n<meta property=\"article:publisher\" content=\"https:\/\/www.facebook.com\/tuzlainfo.ba\/\" \/>\n<meta property=\"article:published_time\" content=\"2025-12-27T09:38:26+00:00\" \/>\n<meta property=\"og:image\" content=\"https:\/\/tuzlainfo.ba\/wp-content\/uploads\/2023\/10\/1410_bakir_izetbegovic.jpg\" \/>\n\t<meta property=\"og:image:width\" content=\"960\" \/>\n\t<meta property=\"og:image:height\" content=\"641\" \/>\n\t<meta property=\"og:image:type\" content=\"image\/jpeg\" \/>\n<meta name=\"author\" content=\"nedim\" \/>\n<meta name=\"twitter:card\" content=\"summary_large_image\" \/>\n<meta name=\"twitter:label1\" content=\"Written by\" \/>\n\t<meta name=\"twitter:data1\" content=\"nedim\" \/>\n\t<meta name=\"twitter:label2\" content=\"Est. reading time\" \/>\n\t<meta name=\"twitter:data2\" content=\"5 minuta\" \/>\n<script type=\"application\/ld+json\" class=\"yoast-schema-graph\">{\"@context\":\"https:\/\/schema.org\",\"@graph\":[{\"@type\":\"Article\",\"@id\":\"https:\/\/tuzlainfo.ba\/index.php\/bosna-i-hercegovina\/item\/290488-izetbegovic-ne-mozete-drzavu-prepustiti-pocetnicima-poceli-smo-da-tonemo\/#article\",\"isPartOf\":{\"@id\":\"https:\/\/tuzlainfo.ba\/index.php\/bosna-i-hercegovina\/item\/290488-izetbegovic-ne-mozete-drzavu-prepustiti-pocetnicima-poceli-smo-da-tonemo\/\"},\"author\":{\"name\":\"nedim\",\"@id\":\"https:\/\/tuzlainfo.ba\/#\/schema\/person\/f434e20dc27ea133923aab08451b7f7f\"},\"headline\":\"Izetbegovi\u0107: &#8220;Ne mo\u017eete dr\u017eavu prepustiti po\u010detnicima, po\u010deli smo da tonemo&#8221;\",\"datePublished\":\"2025-12-27T09:38:26+00:00\",\"dateModified\":\"2025-12-27T09:38:26+00:00\",\"mainEntityOfPage\":{\"@id\":\"https:\/\/tuzlainfo.ba\/index.php\/bosna-i-hercegovina\/item\/290488-izetbegovic-ne-mozete-drzavu-prepustiti-pocetnicima-poceli-smo-da-tonemo\/\"},\"wordCount\":877,\"publisher\":{\"@id\":\"https:\/\/tuzlainfo.ba\/#organization\"},\"image\":{\"@id\":\"https:\/\/tuzlainfo.ba\/index.php\/bosna-i-hercegovina\/item\/290488-izetbegovic-ne-mozete-drzavu-prepustiti-pocetnicima-poceli-smo-da-tonemo\/#primaryimage\"},\"thumbnailUrl\":\"https:\/\/tuzlainfo.ba\/wp-content\/uploads\/2023\/10\/1410_bakir_izetbegovic.jpg\",\"keywords\":[\"bakir izetbegovi\u0107\"],\"articleSection\":[\"Bosna i Hercegovina\"],\"inLanguage\":\"bs-BA\"},{\"@type\":\"WebPage\",\"@id\":\"https:\/\/tuzlainfo.ba\/index.php\/bosna-i-hercegovina\/item\/290488-izetbegovic-ne-mozete-drzavu-prepustiti-pocetnicima-poceli-smo-da-tonemo\/\",\"url\":\"https:\/\/tuzlainfo.ba\/index.php\/bosna-i-hercegovina\/item\/290488-izetbegovic-ne-mozete-drzavu-prepustiti-pocetnicima-poceli-smo-da-tonemo\/\",\"name\":\"Izetbegovi\u0107: \\\"Ne mo\u017eete dr\u017eavu prepustiti po\u010detnicima, po\u010deli smo da tonemo\\\" - TuzlaInfo.ba\",\"isPartOf\":{\"@id\":\"https:\/\/tuzlainfo.ba\/#website\"},\"primaryImageOfPage\":{\"@id\":\"https:\/\/tuzlainfo.ba\/index.php\/bosna-i-hercegovina\/item\/290488-izetbegovic-ne-mozete-drzavu-prepustiti-pocetnicima-poceli-smo-da-tonemo\/#primaryimage\"},\"image\":{\"@id\":\"https:\/\/tuzlainfo.ba\/index.php\/bosna-i-hercegovina\/item\/290488-izetbegovic-ne-mozete-drzavu-prepustiti-pocetnicima-poceli-smo-da-tonemo\/#primaryimage\"},\"thumbnailUrl\":\"https:\/\/tuzlainfo.ba\/wp-content\/uploads\/2023\/10\/1410_bakir_izetbegovic.jpg\",\"datePublished\":\"2025-12-27T09:38:26+00:00\",\"dateModified\":\"2025-12-27T09:38:26+00:00\",\"breadcrumb\":{\"@id\":\"https:\/\/tuzlainfo.ba\/index.php\/bosna-i-hercegovina\/item\/290488-izetbegovic-ne-mozete-drzavu-prepustiti-pocetnicima-poceli-smo-da-tonemo\/#breadcrumb\"},\"inLanguage\":\"bs-BA\",\"potentialAction\":[{\"@type\":\"ReadAction\",\"target\":[\"https:\/\/tuzlainfo.ba\/index.php\/bosna-i-hercegovina\/item\/290488-izetbegovic-ne-mozete-drzavu-prepustiti-pocetnicima-poceli-smo-da-tonemo\/\"]}]},{\"@type\":\"ImageObject\",\"inLanguage\":\"bs-BA\",\"@id\":\"https:\/\/tuzlainfo.ba\/index.php\/bosna-i-hercegovina\/item\/290488-izetbegovic-ne-mozete-drzavu-prepustiti-pocetnicima-poceli-smo-da-tonemo\/#primaryimage\",\"url\":\"https:\/\/tuzlainfo.ba\/wp-content\/uploads\/2023\/10\/1410_bakir_izetbegovic.jpg\",\"contentUrl\":\"https:\/\/tuzlainfo.ba\/wp-content\/uploads\/2023\/10\/1410_bakir_izetbegovic.jpg\",\"width\":960,\"height\":641},{\"@type\":\"BreadcrumbList\",\"@id\":\"https:\/\/tuzlainfo.ba\/index.php\/bosna-i-hercegovina\/item\/290488-izetbegovic-ne-mozete-drzavu-prepustiti-pocetnicima-poceli-smo-da-tonemo\/#breadcrumb\",\"itemListElement\":[{\"@type\":\"ListItem\",\"position\":1,\"name\":\"Home\",\"item\":\"https:\/\/tuzlainfo.ba\/\"},{\"@type\":\"ListItem\",\"position\":2,\"name\":\"Izetbegovi\u0107: &#8220;Ne mo\u017eete dr\u017eavu prepustiti po\u010detnicima, po\u010deli smo da tonemo&#8221;\"}]},{\"@type\":\"WebSite\",\"@id\":\"https:\/\/tuzlainfo.ba\/#website\",\"url\":\"https:\/\/tuzlainfo.ba\/\",\"name\":\"TuzlaInfo.ba\",\"description\":\"Tuzla info, gradski informator - Tuzla na dlanu\",\"publisher\":{\"@id\":\"https:\/\/tuzlainfo.ba\/#organization\"},\"potentialAction\":[{\"@type\":\"SearchAction\",\"target\":{\"@type\":\"EntryPoint\",\"urlTemplate\":\"https:\/\/tuzlainfo.ba\/?s={search_term_string}\"},\"query-input\":{\"@type\":\"PropertyValueSpecification\",\"valueRequired\":true,\"valueName\":\"search_term_string\"}}],\"inLanguage\":\"bs-BA\"},{\"@type\":\"Organization\",\"@id\":\"https:\/\/tuzlainfo.ba\/#organization\",\"name\":\"TuzlaInfo.ba\",\"url\":\"https:\/\/tuzlainfo.ba\/\",\"logo\":{\"@type\":\"ImageObject\",\"inLanguage\":\"bs-BA\",\"@id\":\"https:\/\/tuzlainfo.ba\/#\/schema\/logo\/image\/\",\"url\":\"https:\/\/tuzlainfo.ba\/wp-content\/uploads\/2021\/03\/logo-ver-3-1.png\",\"contentUrl\":\"https:\/\/tuzlainfo.ba\/wp-content\/uploads\/2021\/03\/logo-ver-3-1.png\",\"width\":350,\"height\":95,\"caption\":\"TuzlaInfo.ba\"},\"image\":{\"@id\":\"https:\/\/tuzlainfo.ba\/#\/schema\/logo\/image\/\"},\"sameAs\":[\"https:\/\/www.facebook.com\/tuzlainfo.ba\/\"]},{\"@type\":\"Person\",\"@id\":\"https:\/\/tuzlainfo.ba\/#\/schema\/person\/f434e20dc27ea133923aab08451b7f7f\",\"name\":\"nedim\",\"image\":{\"@type\":\"ImageObject\",\"inLanguage\":\"bs-BA\",\"@id\":\"https:\/\/tuzlainfo.ba\/#\/schema\/person\/image\/\",\"url\":\"https:\/\/tuzlainfo.ba\/wp-content\/litespeed\/avatar\/aabad687af24844af817603ac1cbdc4f.jpg?ver=1777306975\",\"contentUrl\":\"https:\/\/tuzlainfo.ba\/wp-content\/litespeed\/avatar\/aabad687af24844af817603ac1cbdc4f.jpg?ver=1777306975\",\"caption\":\"nedim\"},\"description\":\"Tuzlainfo.ba pratite na dru\u0161tvenim mre\u017eama: Facebook, Instagram i Youtube. Svoje pri\u010de, upite i fotografije \u0161aljite na na\u0161u e-mail adresu.\"}]}<\/script>\n<!-- \/ Yoast SEO plugin. -->","yoast_head_json":{"title":"Izetbegovi\u0107: \"Ne mo\u017eete dr\u017eavu prepustiti po\u010detnicima, po\u010deli smo da tonemo\" - TuzlaInfo.ba","robots":{"index":"index","follow":"follow","max-snippet":"max-snippet:-1","max-image-preview":"max-image-preview:large","max-video-preview":"max-video-preview:-1"},"canonical":"https:\/\/tuzlainfo.ba\/index.php\/bosna-i-hercegovina\/item\/290488-izetbegovic-ne-mozete-drzavu-prepustiti-pocetnicima-poceli-smo-da-tonemo\/","og_locale":"bs_BA","og_type":"article","og_title":"Izetbegovi\u0107: \"Ne mo\u017eete dr\u017eavu prepustiti po\u010detnicima, po\u010deli smo da tonemo\" - TuzlaInfo.ba","og_description":"Izetbegovi\u0107\u00a0je u uvodu obra\u0107anja kazao da SDA u Sanskom Mostu nikada nije izgubila. Naro\u010dito je&hellip;","og_url":"https:\/\/tuzlainfo.ba\/index.php\/bosna-i-hercegovina\/item\/290488-izetbegovic-ne-mozete-drzavu-prepustiti-pocetnicima-poceli-smo-da-tonemo\/","og_site_name":"TuzlaInfo.ba","article_publisher":"https:\/\/www.facebook.com\/tuzlainfo.ba\/","article_published_time":"2025-12-27T09:38:26+00:00","og_image":[{"width":960,"height":641,"url":"https:\/\/tuzlainfo.ba\/wp-content\/uploads\/2023\/10\/1410_bakir_izetbegovic.jpg","type":"image\/jpeg"}],"author":"nedim","twitter_card":"summary_large_image","twitter_misc":{"Written by":"nedim","Est. reading time":"5 minuta"},"schema":{"@context":"https:\/\/schema.org","@graph":[{"@type":"Article","@id":"https:\/\/tuzlainfo.ba\/index.php\/bosna-i-hercegovina\/item\/290488-izetbegovic-ne-mozete-drzavu-prepustiti-pocetnicima-poceli-smo-da-tonemo\/#article","isPartOf":{"@id":"https:\/\/tuzlainfo.ba\/index.php\/bosna-i-hercegovina\/item\/290488-izetbegovic-ne-mozete-drzavu-prepustiti-pocetnicima-poceli-smo-da-tonemo\/"},"author":{"name":"nedim","@id":"https:\/\/tuzlainfo.ba\/#\/schema\/person\/f434e20dc27ea133923aab08451b7f7f"},"headline":"Izetbegovi\u0107: &#8220;Ne mo\u017eete dr\u017eavu prepustiti po\u010detnicima, po\u010deli smo da tonemo&#8221;","datePublished":"2025-12-27T09:38:26+00:00","dateModified":"2025-12-27T09:38:26+00:00","mainEntityOfPage":{"@id":"https:\/\/tuzlainfo.ba\/index.php\/bosna-i-hercegovina\/item\/290488-izetbegovic-ne-mozete-drzavu-prepustiti-pocetnicima-poceli-smo-da-tonemo\/"},"wordCount":877,"publisher":{"@id":"https:\/\/tuzlainfo.ba\/#organization"},"image":{"@id":"https:\/\/tuzlainfo.ba\/index.php\/bosna-i-hercegovina\/item\/290488-izetbegovic-ne-mozete-drzavu-prepustiti-pocetnicima-poceli-smo-da-tonemo\/#primaryimage"},"thumbnailUrl":"https:\/\/tuzlainfo.ba\/wp-content\/uploads\/2023\/10\/1410_bakir_izetbegovic.jpg","keywords":["bakir izetbegovi\u0107"],"articleSection":["Bosna i Hercegovina"],"inLanguage":"bs-BA"},{"@type":"WebPage","@id":"https:\/\/tuzlainfo.ba\/index.php\/bosna-i-hercegovina\/item\/290488-izetbegovic-ne-mozete-drzavu-prepustiti-pocetnicima-poceli-smo-da-tonemo\/","url":"https:\/\/tuzlainfo.ba\/index.php\/bosna-i-hercegovina\/item\/290488-izetbegovic-ne-mozete-drzavu-prepustiti-pocetnicima-poceli-smo-da-tonemo\/","name":"Izetbegovi\u0107: \"Ne mo\u017eete dr\u017eavu prepustiti po\u010detnicima, po\u010deli smo da tonemo\" - TuzlaInfo.ba","isPartOf":{"@id":"https:\/\/tuzlainfo.ba\/#website"},"primaryImageOfPage":{"@id":"https:\/\/tuzlainfo.ba\/index.php\/bosna-i-hercegovina\/item\/290488-izetbegovic-ne-mozete-drzavu-prepustiti-pocetnicima-poceli-smo-da-tonemo\/#primaryimage"},"image":{"@id":"https:\/\/tuzlainfo.ba\/index.php\/bosna-i-hercegovina\/item\/290488-izetbegovic-ne-mozete-drzavu-prepustiti-pocetnicima-poceli-smo-da-tonemo\/#primaryimage"},"thumbnailUrl":"https:\/\/tuzlainfo.ba\/wp-content\/uploads\/2023\/10\/1410_bakir_izetbegovic.jpg","datePublished":"2025-12-27T09:38:26+00:00","dateModified":"2025-12-27T09:38:26+00:00","breadcrumb":{"@id":"https:\/\/tuzlainfo.ba\/index.php\/bosna-i-hercegovina\/item\/290488-izetbegovic-ne-mozete-drzavu-prepustiti-pocetnicima-poceli-smo-da-tonemo\/#breadcrumb"},"inLanguage":"bs-BA","potentialAction":[{"@type":"ReadAction","target":["https:\/\/tuzlainfo.ba\/index.php\/bosna-i-hercegovina\/item\/290488-izetbegovic-ne-mozete-drzavu-prepustiti-pocetnicima-poceli-smo-da-tonemo\/"]}]},{"@type":"ImageObject","inLanguage":"bs-BA","@id":"https:\/\/tuzlainfo.ba\/index.php\/bosna-i-hercegovina\/item\/290488-izetbegovic-ne-mozete-drzavu-prepustiti-pocetnicima-poceli-smo-da-tonemo\/#primaryimage","url":"https:\/\/tuzlainfo.ba\/wp-content\/uploads\/2023\/10\/1410_bakir_izetbegovic.jpg","contentUrl":"https:\/\/tuzlainfo.ba\/wp-content\/uploads\/2023\/10\/1410_bakir_izetbegovic.jpg","width":960,"height":641},{"@type":"BreadcrumbList","@id":"https:\/\/tuzlainfo.ba\/index.php\/bosna-i-hercegovina\/item\/290488-izetbegovic-ne-mozete-drzavu-prepustiti-pocetnicima-poceli-smo-da-tonemo\/#breadcrumb","itemListElement":[{"@type":"ListItem","position":1,"name":"Home","item":"https:\/\/tuzlainfo.ba\/"},{"@type":"ListItem","position":2,"name":"Izetbegovi\u0107: &#8220;Ne mo\u017eete dr\u017eavu prepustiti po\u010detnicima, po\u010deli smo da tonemo&#8221;"}]},{"@type":"WebSite","@id":"https:\/\/tuzlainfo.ba\/#website","url":"https:\/\/tuzlainfo.ba\/","name":"TuzlaInfo.ba","description":"Tuzla info, gradski informator - Tuzla na dlanu","publisher":{"@id":"https:\/\/tuzlainfo.ba\/#organization"},"potentialAction":[{"@type":"SearchAction","target":{"@type":"EntryPoint","urlTemplate":"https:\/\/tuzlainfo.ba\/?s={search_term_string}"},"query-input":{"@type":"PropertyValueSpecification","valueRequired":true,"valueName":"search_term_string"}}],"inLanguage":"bs-BA"},{"@type":"Organization","@id":"https:\/\/tuzlainfo.ba\/#organization","name":"TuzlaInfo.ba","url":"https:\/\/tuzlainfo.ba\/","logo":{"@type":"ImageObject","inLanguage":"bs-BA","@id":"https:\/\/tuzlainfo.ba\/#\/schema\/logo\/image\/","url":"https:\/\/tuzlainfo.ba\/wp-content\/uploads\/2021\/03\/logo-ver-3-1.png","contentUrl":"https:\/\/tuzlainfo.ba\/wp-content\/uploads\/2021\/03\/logo-ver-3-1.png","width":350,"height":95,"caption":"TuzlaInfo.ba"},"image":{"@id":"https:\/\/tuzlainfo.ba\/#\/schema\/logo\/image\/"},"sameAs":["https:\/\/www.facebook.com\/tuzlainfo.ba\/"]},{"@type":"Person","@id":"https:\/\/tuzlainfo.ba\/#\/schema\/person\/f434e20dc27ea133923aab08451b7f7f","name":"nedim","image":{"@type":"ImageObject","inLanguage":"bs-BA","@id":"https:\/\/tuzlainfo.ba\/#\/schema\/person\/image\/","url":"https:\/\/tuzlainfo.ba\/wp-content\/litespeed\/avatar\/aabad687af24844af817603ac1cbdc4f.jpg?ver=1777306975","contentUrl":"https:\/\/tuzlainfo.ba\/wp-content\/litespeed\/avatar\/aabad687af24844af817603ac1cbdc4f.jpg?ver=1777306975","caption":"nedim"},"description":"Tuzlainfo.ba pratite na dru\u0161tvenim mre\u017eama: Facebook, Instagram i Youtube. Svoje pri\u010de, upite i fotografije \u0161aljite na na\u0161u e-mail adresu."}]}},"_links":{"self":[{"href":"https:\/\/tuzlainfo.ba\/index.php\/wp-json\/wp\/v2\/posts\/290488"}],"collection":[{"href":"https:\/\/tuzlainfo.ba\/index.php\/wp-json\/wp\/v2\/posts"}],"about":[{"href":"https:\/\/tuzlainfo.ba\/index.php\/wp-json\/wp\/v2\/types\/post"}],"author":[{"embeddable":true,"href":"https:\/\/tuzlainfo.ba\/index.php\/wp-json\/wp\/v2\/users\/2"}],"replies":[{"embeddable":true,"href":"https:\/\/tuzlainfo.ba\/index.php\/wp-json\/wp\/v2\/comments?post=290488"}],"version-history":[{"count":1,"href":"https:\/\/tuzlainfo.ba\/index.php\/wp-json\/wp\/v2\/posts\/290488\/revisions"}],"predecessor-version":[{"id":290489,"href":"https:\/\/tuzlainfo.ba\/index.php\/wp-json\/wp\/v2\/posts\/290488\/revisions\/290489"}],"wp:featuredmedia":[{"embeddable":true,"href":"https:\/\/tuzlainfo.ba\/index.php\/wp-json\/wp\/v2\/media\/219804"}],"wp:attachment":[{"href":"https:\/\/tuzlainfo.ba\/index.php\/wp-json\/wp\/v2\/media?parent=290488"}],"wp:term":[{"taxonomy":"category","embeddable":true,"href":"https:\/\/tuzlainfo.ba\/index.php\/wp-json\/wp\/v2\/categories?post=290488"},{"taxonomy":"post_tag","embeddable":true,"href":"https:\/\/tuzlainfo.ba\/index.php\/wp-json\/wp\/v2\/tags?post=290488"}],"curies":[{"name":"wp","href":"https:\/\/api.w.org\/{rel}","templated":true}]}}