{"id":290424,"date":"2025-12-26T12:44:10","date_gmt":"2025-12-26T11:44:10","guid":{"rendered":"https:\/\/tuzlainfo.ba\/?p=290424"},"modified":"2025-12-26T12:44:10","modified_gmt":"2025-12-26T11:44:10","slug":"poslanica-ujedinjene-srpske-napadaju-me-jer-vodim-racuna-o-svom-izgledu","status":"publish","type":"post","link":"https:\/\/tuzlainfo.ba\/index.php\/bosna-i-hercegovina\/item\/290424-poslanica-ujedinjene-srpske-napadaju-me-jer-vodim-racuna-o-svom-izgledu\/","title":{"rendered":"Poslanica Ujedinjene Srpske: Napadaju me jer vodim ra\u010duna o svom izgledu"},"content":{"rendered":"<p>Poslanica Ujedinjene Srpske Nikolina \u0160ljivi\u0107 saop\u0107ila je da je sedmicama izlo\u017eena, kako navodi, koordiniranoj medijskoj kampanji koja nema utemeljenje u \u010dinjenicama, profesionalnim standardima ni osnovnom ljudskom dostojanstvu. U javnom obra\u0107anju poru\u010dila je da se ogla\u0161ava posljednji put, isti\u010du\u0107i da su napadi po\u010deli nakon problematiziranja njenog imenovanja za vr\u0161iteljicu du\u017enosti zamjenice direktora Republi\u010dke uprave za geodetske i imovinsko-pravne poslove.<\/p>\n<p>Kako navodi, potom su uslijedili poku\u0161aji etiketiranja i degradacije zasnovani na rodnim stereotipima. Posebno je naglasila da je bila izlo\u017eena omalova\u017eavanju zbog toga \u0161to je \u017eena, vlasnica salona ljepote i osoba koja vodi ra\u010duna o svom izgledu, \u0161to smatra napadom ne samo na nju li\u010dno ve\u0107 i na dostojanstvo tog zanimanja. \u201eTo nije napad samo na mene, ve\u0107 i na sve \u017eene koje se profesionalno bave tim poslom\u201c, poru\u010dila je \u0160ljivi\u0107.<\/p>\n<p>U saop\u0107enju je odbacila i tvrdnje da je fakultet zavr\u0161ila za \u010detiri mjeseca, navode\u0107i da je rije\u010d o \u201epotpunoj neistini\u201c. Istakla je da nikada nije studirala na fakultetu koji su pojedini mediji dovodili u vezu s njenim obrazovanjem, te da je diplomirala na drugoj visoko\u0161kolskoj ustanovi, \u010diji je pravni sljednik danas Univerzitet MB. Dodala je i da je polo\u017eila stru\u010dni upravni ispit, nagla\u0161avaju\u0107i da \u201eto nije mogu\u0107e bez va\u017ee\u0107e diplome i propisanog pripravni\u010dkog sta\u017ea\u201c.<\/p>\n<p>Podsje\u0107amo, Centralna izborna komisija Bosne i Hercegovine je na hitnoj sjednici pokrenula postupak u predmetu Nikoline \u0160ljivi\u0107 radi ispitivanja da li su funkcije koje obavlja me\u0111usobno nespojive. \u0160ljivi\u0107 je istovremeno poslanica u Narodna skup\u0161tina Republike Srpske i vr\u0161iteljica du\u017enosti zamjenice direktora Republi\u010dke uprave za geodetske i imovinsko-pravne poslove.<\/p>\n<p>CIK je jednoglasno odlu\u010dio da ispita eventualnu nespojivost tih funkcija u skladu s Izbornim zakonom BiH, uz najavu da \u0107e u postupku biti utvr\u0111ene sve relevantne \u010dinjenice i predlo\u017eena odgovaraju\u0107a rje\u0161enja. Prijavu nadle\u017enim institucijama podnio je Transparency International zbog sumnje na sukob interesa.<\/p>\n<p>Osim zakonskih dilema, dio opozicije u Republici Srpskoj doveo je u pitanje i kvalifikacije Nikoline \u0160ljivi\u0107, tvrde\u0107i da nije adekvatno obrazovana za funkciju na koju je imenovana.<\/p>\n","protected":false},"excerpt":{"rendered":"<p>Poslanica Ujedinjene Srpske Nikolina \u0160ljivi\u0107 saop\u0107ila je da je sedmicama izlo\u017eena, kako navodi, koordiniranoj medijskoj&hellip;<\/p>\n","protected":false},"author":8,"featured_media":290426,"comment_status":"closed","ping_status":"closed","sticky":false,"template":"","format":"standard","meta":{"_acf_changed":false,"footnotes":""},"categories":[291],"tags":[13208,13209],"acf":[],"yoast_head":"<!-- This site is optimized with the Yoast SEO plugin v23.5 - https:\/\/yoast.com\/wordpress\/plugins\/seo\/ -->\n<title>Poslanica Ujedinjene Srpske: Napadaju me jer vodim ra\u010duna o svom izgledu - TuzlaInfo.ba<\/title>\n<meta name=\"robots\" content=\"index, follow, max-snippet:-1, max-image-preview:large, max-video-preview:-1\" \/>\n<link rel=\"canonical\" href=\"https:\/\/tuzlainfo.ba\/index.php\/bosna-i-hercegovina\/item\/290424-poslanica-ujedinjene-srpske-napadaju-me-jer-vodim-racuna-o-svom-izgledu\/\" \/>\n<meta property=\"og:locale\" content=\"bs_BA\" \/>\n<meta property=\"og:type\" content=\"article\" \/>\n<meta property=\"og:title\" content=\"Poslanica Ujedinjene Srpske: Napadaju me jer vodim ra\u010duna o svom izgledu - TuzlaInfo.ba\" \/>\n<meta property=\"og:description\" content=\"Poslanica Ujedinjene Srpske Nikolina \u0160ljivi\u0107 saop\u0107ila je da je sedmicama izlo\u017eena, kako navodi, koordiniranoj medijskoj&hellip;\" \/>\n<meta property=\"og:url\" content=\"https:\/\/tuzlainfo.ba\/index.php\/bosna-i-hercegovina\/item\/290424-poslanica-ujedinjene-srpske-napadaju-me-jer-vodim-racuna-o-svom-izgledu\/\" \/>\n<meta property=\"og:site_name\" content=\"TuzlaInfo.ba\" \/>\n<meta property=\"article:publisher\" content=\"https:\/\/www.facebook.com\/tuzlainfo.ba\/\" \/>\n<meta property=\"article:published_time\" content=\"2025-12-26T11:44:10+00:00\" \/>\n<meta property=\"og:image\" content=\"https:\/\/tuzlainfo.ba\/wp-content\/uploads\/2025\/12\/2612_nikolina-sljivic.jpg\" \/>\n\t<meta property=\"og:image:width\" content=\"1375\" \/>\n\t<meta property=\"og:image:height\" content=\"873\" \/>\n\t<meta property=\"og:image:type\" content=\"image\/jpeg\" \/>\n<meta name=\"author\" content=\"Admin Tri\" \/>\n<meta name=\"twitter:card\" content=\"summary_large_image\" \/>\n<meta name=\"twitter:label1\" content=\"Written by\" \/>\n\t<meta name=\"twitter:data1\" content=\"Admin Tri\" \/>\n\t<meta name=\"twitter:label2\" content=\"Est. reading time\" \/>\n\t<meta name=\"twitter:data2\" content=\"2 minute\" \/>\n<script type=\"application\/ld+json\" class=\"yoast-schema-graph\">{\"@context\":\"https:\/\/schema.org\",\"@graph\":[{\"@type\":\"Article\",\"@id\":\"https:\/\/tuzlainfo.ba\/index.php\/bosna-i-hercegovina\/item\/290424-poslanica-ujedinjene-srpske-napadaju-me-jer-vodim-racuna-o-svom-izgledu\/#article\",\"isPartOf\":{\"@id\":\"https:\/\/tuzlainfo.ba\/index.php\/bosna-i-hercegovina\/item\/290424-poslanica-ujedinjene-srpske-napadaju-me-jer-vodim-racuna-o-svom-izgledu\/\"},\"author\":{\"name\":\"Admin Tri\",\"@id\":\"https:\/\/tuzlainfo.ba\/#\/schema\/person\/593e78a2f6378c5ba3e7600ecfa4e63a\"},\"headline\":\"Poslanica Ujedinjene Srpske: Napadaju me jer vodim ra\u010duna o svom izgledu\",\"datePublished\":\"2025-12-26T11:44:10+00:00\",\"dateModified\":\"2025-12-26T11:44:10+00:00\",\"mainEntityOfPage\":{\"@id\":\"https:\/\/tuzlainfo.ba\/index.php\/bosna-i-hercegovina\/item\/290424-poslanica-ujedinjene-srpske-napadaju-me-jer-vodim-racuna-o-svom-izgledu\/\"},\"wordCount\":376,\"publisher\":{\"@id\":\"https:\/\/tuzlainfo.ba\/#organization\"},\"image\":{\"@id\":\"https:\/\/tuzlainfo.ba\/index.php\/bosna-i-hercegovina\/item\/290424-poslanica-ujedinjene-srpske-napadaju-me-jer-vodim-racuna-o-svom-izgledu\/#primaryimage\"},\"thumbnailUrl\":\"https:\/\/tuzlainfo.ba\/wp-content\/uploads\/2025\/12\/2612_nikolina-sljivic.jpg\",\"keywords\":[\"nikolina \u0161ljivi\u0107\",\"ujedinjena srpska\"],\"articleSection\":[\"Bosna i Hercegovina\"],\"inLanguage\":\"bs-BA\"},{\"@type\":\"WebPage\",\"@id\":\"https:\/\/tuzlainfo.ba\/index.php\/bosna-i-hercegovina\/item\/290424-poslanica-ujedinjene-srpske-napadaju-me-jer-vodim-racuna-o-svom-izgledu\/\",\"url\":\"https:\/\/tuzlainfo.ba\/index.php\/bosna-i-hercegovina\/item\/290424-poslanica-ujedinjene-srpske-napadaju-me-jer-vodim-racuna-o-svom-izgledu\/\",\"name\":\"Poslanica Ujedinjene Srpske: Napadaju me jer vodim ra\u010duna o svom izgledu - TuzlaInfo.ba\",\"isPartOf\":{\"@id\":\"https:\/\/tuzlainfo.ba\/#website\"},\"primaryImageOfPage\":{\"@id\":\"https:\/\/tuzlainfo.ba\/index.php\/bosna-i-hercegovina\/item\/290424-poslanica-ujedinjene-srpske-napadaju-me-jer-vodim-racuna-o-svom-izgledu\/#primaryimage\"},\"image\":{\"@id\":\"https:\/\/tuzlainfo.ba\/index.php\/bosna-i-hercegovina\/item\/290424-poslanica-ujedinjene-srpske-napadaju-me-jer-vodim-racuna-o-svom-izgledu\/#primaryimage\"},\"thumbnailUrl\":\"https:\/\/tuzlainfo.ba\/wp-content\/uploads\/2025\/12\/2612_nikolina-sljivic.jpg\",\"datePublished\":\"2025-12-26T11:44:10+00:00\",\"dateModified\":\"2025-12-26T11:44:10+00:00\",\"breadcrumb\":{\"@id\":\"https:\/\/tuzlainfo.ba\/index.php\/bosna-i-hercegovina\/item\/290424-poslanica-ujedinjene-srpske-napadaju-me-jer-vodim-racuna-o-svom-izgledu\/#breadcrumb\"},\"inLanguage\":\"bs-BA\",\"potentialAction\":[{\"@type\":\"ReadAction\",\"target\":[\"https:\/\/tuzlainfo.ba\/index.php\/bosna-i-hercegovina\/item\/290424-poslanica-ujedinjene-srpske-napadaju-me-jer-vodim-racuna-o-svom-izgledu\/\"]}]},{\"@type\":\"ImageObject\",\"inLanguage\":\"bs-BA\",\"@id\":\"https:\/\/tuzlainfo.ba\/index.php\/bosna-i-hercegovina\/item\/290424-poslanica-ujedinjene-srpske-napadaju-me-jer-vodim-racuna-o-svom-izgledu\/#primaryimage\",\"url\":\"https:\/\/tuzlainfo.ba\/wp-content\/uploads\/2025\/12\/2612_nikolina-sljivic.jpg\",\"contentUrl\":\"https:\/\/tuzlainfo.ba\/wp-content\/uploads\/2025\/12\/2612_nikolina-sljivic.jpg\",\"width\":1375,\"height\":873},{\"@type\":\"BreadcrumbList\",\"@id\":\"https:\/\/tuzlainfo.ba\/index.php\/bosna-i-hercegovina\/item\/290424-poslanica-ujedinjene-srpske-napadaju-me-jer-vodim-racuna-o-svom-izgledu\/#breadcrumb\",\"itemListElement\":[{\"@type\":\"ListItem\",\"position\":1,\"name\":\"Home\",\"item\":\"https:\/\/tuzlainfo.ba\/\"},{\"@type\":\"ListItem\",\"position\":2,\"name\":\"Poslanica Ujedinjene Srpske: Napadaju me jer vodim ra\u010duna o svom izgledu\"}]},{\"@type\":\"WebSite\",\"@id\":\"https:\/\/tuzlainfo.ba\/#website\",\"url\":\"https:\/\/tuzlainfo.ba\/\",\"name\":\"TuzlaInfo.ba\",\"description\":\"Tuzla info, gradski informator - Tuzla na dlanu\",\"publisher\":{\"@id\":\"https:\/\/tuzlainfo.ba\/#organization\"},\"potentialAction\":[{\"@type\":\"SearchAction\",\"target\":{\"@type\":\"EntryPoint\",\"urlTemplate\":\"https:\/\/tuzlainfo.ba\/?s={search_term_string}\"},\"query-input\":{\"@type\":\"PropertyValueSpecification\",\"valueRequired\":true,\"valueName\":\"search_term_string\"}}],\"inLanguage\":\"bs-BA\"},{\"@type\":\"Organization\",\"@id\":\"https:\/\/tuzlainfo.ba\/#organization\",\"name\":\"TuzlaInfo.ba\",\"url\":\"https:\/\/tuzlainfo.ba\/\",\"logo\":{\"@type\":\"ImageObject\",\"inLanguage\":\"bs-BA\",\"@id\":\"https:\/\/tuzlainfo.ba\/#\/schema\/logo\/image\/\",\"url\":\"https:\/\/tuzlainfo.ba\/wp-content\/uploads\/2021\/03\/logo-ver-3-1.png\",\"contentUrl\":\"https:\/\/tuzlainfo.ba\/wp-content\/uploads\/2021\/03\/logo-ver-3-1.png\",\"width\":350,\"height\":95,\"caption\":\"TuzlaInfo.ba\"},\"image\":{\"@id\":\"https:\/\/tuzlainfo.ba\/#\/schema\/logo\/image\/\"},\"sameAs\":[\"https:\/\/www.facebook.com\/tuzlainfo.ba\/\"]},{\"@type\":\"Person\",\"@id\":\"https:\/\/tuzlainfo.ba\/#\/schema\/person\/593e78a2f6378c5ba3e7600ecfa4e63a\",\"name\":\"Admin Tri\",\"image\":{\"@type\":\"ImageObject\",\"inLanguage\":\"bs-BA\",\"@id\":\"https:\/\/tuzlainfo.ba\/#\/schema\/person\/image\/\",\"url\":\"https:\/\/tuzlainfo.ba\/wp-content\/litespeed\/avatar\/b7920db4cc34a71ad12497283ad2fe3f.jpg?ver=1777100914\",\"contentUrl\":\"https:\/\/tuzlainfo.ba\/wp-content\/litespeed\/avatar\/b7920db4cc34a71ad12497283ad2fe3f.jpg?ver=1777100914\",\"caption\":\"Admin Tri\"},\"sameAs\":[\"https:\/\/tuzlainfo.ba\"]}]}<\/script>\n<!-- \/ Yoast SEO plugin. -->","yoast_head_json":{"title":"Poslanica Ujedinjene Srpske: Napadaju me jer vodim ra\u010duna o svom izgledu - TuzlaInfo.ba","robots":{"index":"index","follow":"follow","max-snippet":"max-snippet:-1","max-image-preview":"max-image-preview:large","max-video-preview":"max-video-preview:-1"},"canonical":"https:\/\/tuzlainfo.ba\/index.php\/bosna-i-hercegovina\/item\/290424-poslanica-ujedinjene-srpske-napadaju-me-jer-vodim-racuna-o-svom-izgledu\/","og_locale":"bs_BA","og_type":"article","og_title":"Poslanica Ujedinjene Srpske: Napadaju me jer vodim ra\u010duna o svom izgledu - TuzlaInfo.ba","og_description":"Poslanica Ujedinjene Srpske Nikolina \u0160ljivi\u0107 saop\u0107ila je da je sedmicama izlo\u017eena, kako navodi, koordiniranoj medijskoj&hellip;","og_url":"https:\/\/tuzlainfo.ba\/index.php\/bosna-i-hercegovina\/item\/290424-poslanica-ujedinjene-srpske-napadaju-me-jer-vodim-racuna-o-svom-izgledu\/","og_site_name":"TuzlaInfo.ba","article_publisher":"https:\/\/www.facebook.com\/tuzlainfo.ba\/","article_published_time":"2025-12-26T11:44:10+00:00","og_image":[{"width":1375,"height":873,"url":"https:\/\/tuzlainfo.ba\/wp-content\/uploads\/2025\/12\/2612_nikolina-sljivic.jpg","type":"image\/jpeg"}],"author":"Admin Tri","twitter_card":"summary_large_image","twitter_misc":{"Written by":"Admin Tri","Est. reading time":"2 minute"},"schema":{"@context":"https:\/\/schema.org","@graph":[{"@type":"Article","@id":"https:\/\/tuzlainfo.ba\/index.php\/bosna-i-hercegovina\/item\/290424-poslanica-ujedinjene-srpske-napadaju-me-jer-vodim-racuna-o-svom-izgledu\/#article","isPartOf":{"@id":"https:\/\/tuzlainfo.ba\/index.php\/bosna-i-hercegovina\/item\/290424-poslanica-ujedinjene-srpske-napadaju-me-jer-vodim-racuna-o-svom-izgledu\/"},"author":{"name":"Admin Tri","@id":"https:\/\/tuzlainfo.ba\/#\/schema\/person\/593e78a2f6378c5ba3e7600ecfa4e63a"},"headline":"Poslanica Ujedinjene Srpske: Napadaju me jer vodim ra\u010duna o svom izgledu","datePublished":"2025-12-26T11:44:10+00:00","dateModified":"2025-12-26T11:44:10+00:00","mainEntityOfPage":{"@id":"https:\/\/tuzlainfo.ba\/index.php\/bosna-i-hercegovina\/item\/290424-poslanica-ujedinjene-srpske-napadaju-me-jer-vodim-racuna-o-svom-izgledu\/"},"wordCount":376,"publisher":{"@id":"https:\/\/tuzlainfo.ba\/#organization"},"image":{"@id":"https:\/\/tuzlainfo.ba\/index.php\/bosna-i-hercegovina\/item\/290424-poslanica-ujedinjene-srpske-napadaju-me-jer-vodim-racuna-o-svom-izgledu\/#primaryimage"},"thumbnailUrl":"https:\/\/tuzlainfo.ba\/wp-content\/uploads\/2025\/12\/2612_nikolina-sljivic.jpg","keywords":["nikolina \u0161ljivi\u0107","ujedinjena srpska"],"articleSection":["Bosna i Hercegovina"],"inLanguage":"bs-BA"},{"@type":"WebPage","@id":"https:\/\/tuzlainfo.ba\/index.php\/bosna-i-hercegovina\/item\/290424-poslanica-ujedinjene-srpske-napadaju-me-jer-vodim-racuna-o-svom-izgledu\/","url":"https:\/\/tuzlainfo.ba\/index.php\/bosna-i-hercegovina\/item\/290424-poslanica-ujedinjene-srpske-napadaju-me-jer-vodim-racuna-o-svom-izgledu\/","name":"Poslanica Ujedinjene Srpske: Napadaju me jer vodim ra\u010duna o svom izgledu - TuzlaInfo.ba","isPartOf":{"@id":"https:\/\/tuzlainfo.ba\/#website"},"primaryImageOfPage":{"@id":"https:\/\/tuzlainfo.ba\/index.php\/bosna-i-hercegovina\/item\/290424-poslanica-ujedinjene-srpske-napadaju-me-jer-vodim-racuna-o-svom-izgledu\/#primaryimage"},"image":{"@id":"https:\/\/tuzlainfo.ba\/index.php\/bosna-i-hercegovina\/item\/290424-poslanica-ujedinjene-srpske-napadaju-me-jer-vodim-racuna-o-svom-izgledu\/#primaryimage"},"thumbnailUrl":"https:\/\/tuzlainfo.ba\/wp-content\/uploads\/2025\/12\/2612_nikolina-sljivic.jpg","datePublished":"2025-12-26T11:44:10+00:00","dateModified":"2025-12-26T11:44:10+00:00","breadcrumb":{"@id":"https:\/\/tuzlainfo.ba\/index.php\/bosna-i-hercegovina\/item\/290424-poslanica-ujedinjene-srpske-napadaju-me-jer-vodim-racuna-o-svom-izgledu\/#breadcrumb"},"inLanguage":"bs-BA","potentialAction":[{"@type":"ReadAction","target":["https:\/\/tuzlainfo.ba\/index.php\/bosna-i-hercegovina\/item\/290424-poslanica-ujedinjene-srpske-napadaju-me-jer-vodim-racuna-o-svom-izgledu\/"]}]},{"@type":"ImageObject","inLanguage":"bs-BA","@id":"https:\/\/tuzlainfo.ba\/index.php\/bosna-i-hercegovina\/item\/290424-poslanica-ujedinjene-srpske-napadaju-me-jer-vodim-racuna-o-svom-izgledu\/#primaryimage","url":"https:\/\/tuzlainfo.ba\/wp-content\/uploads\/2025\/12\/2612_nikolina-sljivic.jpg","contentUrl":"https:\/\/tuzlainfo.ba\/wp-content\/uploads\/2025\/12\/2612_nikolina-sljivic.jpg","width":1375,"height":873},{"@type":"BreadcrumbList","@id":"https:\/\/tuzlainfo.ba\/index.php\/bosna-i-hercegovina\/item\/290424-poslanica-ujedinjene-srpske-napadaju-me-jer-vodim-racuna-o-svom-izgledu\/#breadcrumb","itemListElement":[{"@type":"ListItem","position":1,"name":"Home","item":"https:\/\/tuzlainfo.ba\/"},{"@type":"ListItem","position":2,"name":"Poslanica Ujedinjene Srpske: Napadaju me jer vodim ra\u010duna o svom izgledu"}]},{"@type":"WebSite","@id":"https:\/\/tuzlainfo.ba\/#website","url":"https:\/\/tuzlainfo.ba\/","name":"TuzlaInfo.ba","description":"Tuzla info, gradski informator - Tuzla na dlanu","publisher":{"@id":"https:\/\/tuzlainfo.ba\/#organization"},"potentialAction":[{"@type":"SearchAction","target":{"@type":"EntryPoint","urlTemplate":"https:\/\/tuzlainfo.ba\/?s={search_term_string}"},"query-input":{"@type":"PropertyValueSpecification","valueRequired":true,"valueName":"search_term_string"}}],"inLanguage":"bs-BA"},{"@type":"Organization","@id":"https:\/\/tuzlainfo.ba\/#organization","name":"TuzlaInfo.ba","url":"https:\/\/tuzlainfo.ba\/","logo":{"@type":"ImageObject","inLanguage":"bs-BA","@id":"https:\/\/tuzlainfo.ba\/#\/schema\/logo\/image\/","url":"https:\/\/tuzlainfo.ba\/wp-content\/uploads\/2021\/03\/logo-ver-3-1.png","contentUrl":"https:\/\/tuzlainfo.ba\/wp-content\/uploads\/2021\/03\/logo-ver-3-1.png","width":350,"height":95,"caption":"TuzlaInfo.ba"},"image":{"@id":"https:\/\/tuzlainfo.ba\/#\/schema\/logo\/image\/"},"sameAs":["https:\/\/www.facebook.com\/tuzlainfo.ba\/"]},{"@type":"Person","@id":"https:\/\/tuzlainfo.ba\/#\/schema\/person\/593e78a2f6378c5ba3e7600ecfa4e63a","name":"Admin Tri","image":{"@type":"ImageObject","inLanguage":"bs-BA","@id":"https:\/\/tuzlainfo.ba\/#\/schema\/person\/image\/","url":"https:\/\/tuzlainfo.ba\/wp-content\/litespeed\/avatar\/b7920db4cc34a71ad12497283ad2fe3f.jpg?ver=1777100914","contentUrl":"https:\/\/tuzlainfo.ba\/wp-content\/litespeed\/avatar\/b7920db4cc34a71ad12497283ad2fe3f.jpg?ver=1777100914","caption":"Admin Tri"},"sameAs":["https:\/\/tuzlainfo.ba"]}]}},"_links":{"self":[{"href":"https:\/\/tuzlainfo.ba\/index.php\/wp-json\/wp\/v2\/posts\/290424"}],"collection":[{"href":"https:\/\/tuzlainfo.ba\/index.php\/wp-json\/wp\/v2\/posts"}],"about":[{"href":"https:\/\/tuzlainfo.ba\/index.php\/wp-json\/wp\/v2\/types\/post"}],"author":[{"embeddable":true,"href":"https:\/\/tuzlainfo.ba\/index.php\/wp-json\/wp\/v2\/users\/8"}],"replies":[{"embeddable":true,"href":"https:\/\/tuzlainfo.ba\/index.php\/wp-json\/wp\/v2\/comments?post=290424"}],"version-history":[{"count":1,"href":"https:\/\/tuzlainfo.ba\/index.php\/wp-json\/wp\/v2\/posts\/290424\/revisions"}],"predecessor-version":[{"id":290427,"href":"https:\/\/tuzlainfo.ba\/index.php\/wp-json\/wp\/v2\/posts\/290424\/revisions\/290427"}],"wp:featuredmedia":[{"embeddable":true,"href":"https:\/\/tuzlainfo.ba\/index.php\/wp-json\/wp\/v2\/media\/290426"}],"wp:attachment":[{"href":"https:\/\/tuzlainfo.ba\/index.php\/wp-json\/wp\/v2\/media?parent=290424"}],"wp:term":[{"taxonomy":"category","embeddable":true,"href":"https:\/\/tuzlainfo.ba\/index.php\/wp-json\/wp\/v2\/categories?post=290424"},{"taxonomy":"post_tag","embeddable":true,"href":"https:\/\/tuzlainfo.ba\/index.php\/wp-json\/wp\/v2\/tags?post=290424"}],"curies":[{"name":"wp","href":"https:\/\/api.w.org\/{rel}","templated":true}]}}