{"id":290337,"date":"2025-12-25T16:23:55","date_gmt":"2025-12-25T15:23:55","guid":{"rendered":"https:\/\/tuzlainfo.ba\/?p=290337"},"modified":"2025-12-25T15:14:16","modified_gmt":"2025-12-25T14:14:16","slug":"ademovic-svaki-pokusaj-smjene-spirica-zaustavljen-obaranjem-kvoruma-i-blokadom-doma-naroda","status":"publish","type":"post","link":"https:\/\/tuzlainfo.ba\/index.php\/bosna-i-hercegovina\/item\/290337-ademovic-svaki-pokusaj-smjene-spirica-zaustavljen-obaranjem-kvoruma-i-blokadom-doma-naroda\/","title":{"rendered":"Ademovi\u0107: Svaki poku\u0161aj smjene \u0160piri\u0107a zaustavljen obaranjem kvoruma i blokadom Doma naroda"},"content":{"rendered":"<p>Predsjedavaju\u0107i Doma naroda Parlamentarne skup\u0161tine BiH Kemal Ademovi\u0107 pojasnio je da je njegovo nastojanje da na posljednjoj sjednici usaglasi stavove s ostalim \u010dlanovima Kolegija bilo motivisano isklju\u010divo evropskim zakonima, prije svega onima koji se odnose na VSTV i Sud BiH. Kako je naveo, problem vidi u \u010dinjenici da su pojedini prijedlozi zakona u proceduru upu\u0107eni bez ikakvih konsultacija sa strukom, ali i bez prethodnog dogovora unutar politi\u010dkih partnera, \u0161to je, prema njegovim rije\u010dima, ozbiljan propust u tako osjetljivom zakonodavnom procesu.<\/p>\n<p>Ademovi\u0107 isti\u010de da su upravo predstavnici pravne struke, kao oni koji te zakone trebaju provoditi, upozorili da su ponu\u0111ena rje\u0161enja lo\u0161a i potencijalno \u0161tetna, \u0161to su javno i obrazlo\u017eili. Posebno nagla\u0161ava da Prijedlog zakona o Sudu BiH nije dobio podr\u0161ku ni u Ustavnopravnoj komisiji, te da sadr\u017ei odredbe koje bi mogle dovesti do blokade rada Suda, poput izostanka kontinuiteta sudija Apelacionog odjeljenja i prijedloga da sjedi\u0161te Suda bude na Palama. Suprotno tome, u prijedlogu koji je do\u0161ao iz Ministarstva pravde, a koji je razmatran u Domu naroda, takva rje\u0161enja ne postoje i predvi\u0111ena je stabilnost rada institucije.<\/p>\n<p>Govore\u0107i o politi\u010dkim odnosima, Ademovi\u0107 navodi da Dom naroda ve\u0107 du\u017ee vrijeme fakti\u010dki nema stabilnu ve\u0107inu, \u0161to je rezultiralo \u010destim prekidima sjednica zbog nedostatka kvoruma. Podsje\u0107a da su poku\u0161aji smjene Nikole \u0160piri\u0107a iz Kolegija Doma redovno zaustavljani obaranjem kvoruma od strane delegata SNSD-a i HDZ-a, zbog \u010dega je zakonodavni rad mjesecima bio blokiran, a vi\u0161e od 30 zakona ostalo na \u010dekanju. Prema njegovim rije\u010dima, sjednice su mogle biti okon\u010dane samo onda kada na dnevnom redu nije bilo ta\u010daka o smjenama.<\/p>\n<p>Osvr\u0107u\u0107i se na spekulacije o navodnom novom politi\u010dkom savezu koji bi isklju\u010divao SNSD i HDZ, Ademovi\u0107 poja\u0161njava da u Domu naroda ne postoji \u010dvrsta i trajna koalicija, ve\u0107 skup razli\u010ditih stranaka koje od ta\u010dke do ta\u010dke zauzimaju razli\u010dite stavove. Kao primjer navodi zakon o regulatoru elektri\u010dne energije, oko kojeg su postojala potpuno suprotna mi\u0161ljenja o tome koji prijedlog uop\u0107e treba razmatrati.<\/p>\n<p>Komentari\u0161u\u0107i tvrdnje da njegovo usagla\u0161avanje stavova o evropskim zakonima zna\u010di povratak saradnji sa SNSD-om i HDZ-om, Ademovi\u0107 nagla\u0161ava da je evropski put BiH bio temelj postizborne koalicije i da oko tog cilja postoji \u0161irok politi\u010dki konsenzus. Smatra da poku\u0161aji da se unaprijede evropski procesi, ali uz istovremeno spre\u010davanje \u0161tetnih zakonskih rje\u0161enja, ne mogu biti tuma\u010deni kao novo koaliranje. Zaklju\u010duje da su optu\u017ebe o njegovom politi\u010dkom svrstavanja zamjena teza, dok su neka druga glasanja na nivou Vije\u0107a ministara i Parlamenta ostala bez ozbiljne javne rasprave.<\/p>\n","protected":false},"excerpt":{"rendered":"<p>Predsjedavaju\u0107i Doma naroda Parlamentarne skup\u0161tine BiH Kemal Ademovi\u0107 pojasnio je da je njegovo nastojanje da&hellip;<\/p>\n","protected":false},"author":8,"featured_media":197471,"comment_status":"closed","ping_status":"closed","sticky":false,"template":"","format":"standard","meta":{"_acf_changed":false,"footnotes":""},"categories":[291],"tags":[6298],"acf":[],"yoast_head":"<!-- This site is optimized with the Yoast SEO plugin v23.5 - https:\/\/yoast.com\/wordpress\/plugins\/seo\/ -->\n<title>Ademovi\u0107: Svaki poku\u0161aj smjene \u0160piri\u0107a zaustavljen obaranjem kvoruma i blokadom Doma naroda - TuzlaInfo.ba<\/title>\n<meta name=\"robots\" content=\"index, follow, max-snippet:-1, max-image-preview:large, max-video-preview:-1\" \/>\n<link rel=\"canonical\" href=\"https:\/\/tuzlainfo.ba\/index.php\/bosna-i-hercegovina\/item\/290337-ademovic-svaki-pokusaj-smjene-spirica-zaustavljen-obaranjem-kvoruma-i-blokadom-doma-naroda\/\" \/>\n<meta property=\"og:locale\" content=\"bs_BA\" \/>\n<meta property=\"og:type\" content=\"article\" \/>\n<meta property=\"og:title\" content=\"Ademovi\u0107: Svaki poku\u0161aj smjene \u0160piri\u0107a zaustavljen obaranjem kvoruma i blokadom Doma naroda - TuzlaInfo.ba\" \/>\n<meta property=\"og:description\" content=\"Predsjedavaju\u0107i Doma naroda Parlamentarne skup\u0161tine BiH Kemal Ademovi\u0107 pojasnio je da je njegovo nastojanje da&hellip;\" \/>\n<meta property=\"og:url\" content=\"https:\/\/tuzlainfo.ba\/index.php\/bosna-i-hercegovina\/item\/290337-ademovic-svaki-pokusaj-smjene-spirica-zaustavljen-obaranjem-kvoruma-i-blokadom-doma-naroda\/\" \/>\n<meta property=\"og:site_name\" content=\"TuzlaInfo.ba\" \/>\n<meta property=\"article:publisher\" content=\"https:\/\/www.facebook.com\/tuzlainfo.ba\/\" \/>\n<meta property=\"article:published_time\" content=\"2025-12-25T15:23:55+00:00\" \/>\n<meta property=\"article:modified_time\" content=\"2025-12-25T14:14:16+00:00\" \/>\n<meta property=\"og:image\" content=\"https:\/\/tuzlainfo.ba\/wp-content\/uploads\/2023\/02\/1602_kemal_ademovic.jpg\" \/>\n\t<meta property=\"og:image:width\" content=\"800\" \/>\n\t<meta property=\"og:image:height\" content=\"493\" \/>\n\t<meta property=\"og:image:type\" content=\"image\/jpeg\" \/>\n<meta name=\"author\" content=\"Admin Tri\" \/>\n<meta name=\"twitter:card\" content=\"summary_large_image\" \/>\n<meta name=\"twitter:label1\" content=\"Written by\" \/>\n\t<meta name=\"twitter:data1\" content=\"Admin Tri\" \/>\n\t<meta name=\"twitter:label2\" content=\"Est. reading time\" \/>\n\t<meta name=\"twitter:data2\" content=\"3 minute\" \/>\n<script type=\"application\/ld+json\" class=\"yoast-schema-graph\">{\"@context\":\"https:\/\/schema.org\",\"@graph\":[{\"@type\":\"Article\",\"@id\":\"https:\/\/tuzlainfo.ba\/index.php\/bosna-i-hercegovina\/item\/290337-ademovic-svaki-pokusaj-smjene-spirica-zaustavljen-obaranjem-kvoruma-i-blokadom-doma-naroda\/#article\",\"isPartOf\":{\"@id\":\"https:\/\/tuzlainfo.ba\/index.php\/bosna-i-hercegovina\/item\/290337-ademovic-svaki-pokusaj-smjene-spirica-zaustavljen-obaranjem-kvoruma-i-blokadom-doma-naroda\/\"},\"author\":{\"name\":\"Admin Tri\",\"@id\":\"https:\/\/tuzlainfo.ba\/#\/schema\/person\/593e78a2f6378c5ba3e7600ecfa4e63a\"},\"headline\":\"Ademovi\u0107: Svaki poku\u0161aj smjene \u0160piri\u0107a zaustavljen obaranjem kvoruma i blokadom Doma naroda\",\"datePublished\":\"2025-12-25T15:23:55+00:00\",\"dateModified\":\"2025-12-25T14:14:16+00:00\",\"mainEntityOfPage\":{\"@id\":\"https:\/\/tuzlainfo.ba\/index.php\/bosna-i-hercegovina\/item\/290337-ademovic-svaki-pokusaj-smjene-spirica-zaustavljen-obaranjem-kvoruma-i-blokadom-doma-naroda\/\"},\"wordCount\":471,\"publisher\":{\"@id\":\"https:\/\/tuzlainfo.ba\/#organization\"},\"image\":{\"@id\":\"https:\/\/tuzlainfo.ba\/index.php\/bosna-i-hercegovina\/item\/290337-ademovic-svaki-pokusaj-smjene-spirica-zaustavljen-obaranjem-kvoruma-i-blokadom-doma-naroda\/#primaryimage\"},\"thumbnailUrl\":\"https:\/\/tuzlainfo.ba\/wp-content\/uploads\/2023\/02\/1602_kemal_ademovic.jpg\",\"keywords\":[\"Kemal Ademovi\u0107\"],\"articleSection\":[\"Bosna i Hercegovina\"],\"inLanguage\":\"bs-BA\"},{\"@type\":\"WebPage\",\"@id\":\"https:\/\/tuzlainfo.ba\/index.php\/bosna-i-hercegovina\/item\/290337-ademovic-svaki-pokusaj-smjene-spirica-zaustavljen-obaranjem-kvoruma-i-blokadom-doma-naroda\/\",\"url\":\"https:\/\/tuzlainfo.ba\/index.php\/bosna-i-hercegovina\/item\/290337-ademovic-svaki-pokusaj-smjene-spirica-zaustavljen-obaranjem-kvoruma-i-blokadom-doma-naroda\/\",\"name\":\"Ademovi\u0107: Svaki poku\u0161aj smjene \u0160piri\u0107a zaustavljen obaranjem kvoruma i blokadom Doma naroda - TuzlaInfo.ba\",\"isPartOf\":{\"@id\":\"https:\/\/tuzlainfo.ba\/#website\"},\"primaryImageOfPage\":{\"@id\":\"https:\/\/tuzlainfo.ba\/index.php\/bosna-i-hercegovina\/item\/290337-ademovic-svaki-pokusaj-smjene-spirica-zaustavljen-obaranjem-kvoruma-i-blokadom-doma-naroda\/#primaryimage\"},\"image\":{\"@id\":\"https:\/\/tuzlainfo.ba\/index.php\/bosna-i-hercegovina\/item\/290337-ademovic-svaki-pokusaj-smjene-spirica-zaustavljen-obaranjem-kvoruma-i-blokadom-doma-naroda\/#primaryimage\"},\"thumbnailUrl\":\"https:\/\/tuzlainfo.ba\/wp-content\/uploads\/2023\/02\/1602_kemal_ademovic.jpg\",\"datePublished\":\"2025-12-25T15:23:55+00:00\",\"dateModified\":\"2025-12-25T14:14:16+00:00\",\"breadcrumb\":{\"@id\":\"https:\/\/tuzlainfo.ba\/index.php\/bosna-i-hercegovina\/item\/290337-ademovic-svaki-pokusaj-smjene-spirica-zaustavljen-obaranjem-kvoruma-i-blokadom-doma-naroda\/#breadcrumb\"},\"inLanguage\":\"bs-BA\",\"potentialAction\":[{\"@type\":\"ReadAction\",\"target\":[\"https:\/\/tuzlainfo.ba\/index.php\/bosna-i-hercegovina\/item\/290337-ademovic-svaki-pokusaj-smjene-spirica-zaustavljen-obaranjem-kvoruma-i-blokadom-doma-naroda\/\"]}]},{\"@type\":\"ImageObject\",\"inLanguage\":\"bs-BA\",\"@id\":\"https:\/\/tuzlainfo.ba\/index.php\/bosna-i-hercegovina\/item\/290337-ademovic-svaki-pokusaj-smjene-spirica-zaustavljen-obaranjem-kvoruma-i-blokadom-doma-naroda\/#primaryimage\",\"url\":\"https:\/\/tuzlainfo.ba\/wp-content\/uploads\/2023\/02\/1602_kemal_ademovic.jpg\",\"contentUrl\":\"https:\/\/tuzlainfo.ba\/wp-content\/uploads\/2023\/02\/1602_kemal_ademovic.jpg\",\"width\":800,\"height\":493},{\"@type\":\"BreadcrumbList\",\"@id\":\"https:\/\/tuzlainfo.ba\/index.php\/bosna-i-hercegovina\/item\/290337-ademovic-svaki-pokusaj-smjene-spirica-zaustavljen-obaranjem-kvoruma-i-blokadom-doma-naroda\/#breadcrumb\",\"itemListElement\":[{\"@type\":\"ListItem\",\"position\":1,\"name\":\"Home\",\"item\":\"https:\/\/tuzlainfo.ba\/\"},{\"@type\":\"ListItem\",\"position\":2,\"name\":\"Ademovi\u0107: Svaki poku\u0161aj smjene \u0160piri\u0107a zaustavljen obaranjem kvoruma i blokadom Doma naroda\"}]},{\"@type\":\"WebSite\",\"@id\":\"https:\/\/tuzlainfo.ba\/#website\",\"url\":\"https:\/\/tuzlainfo.ba\/\",\"name\":\"TuzlaInfo.ba\",\"description\":\"Tuzla info, gradski informator - Tuzla na dlanu\",\"publisher\":{\"@id\":\"https:\/\/tuzlainfo.ba\/#organization\"},\"potentialAction\":[{\"@type\":\"SearchAction\",\"target\":{\"@type\":\"EntryPoint\",\"urlTemplate\":\"https:\/\/tuzlainfo.ba\/?s={search_term_string}\"},\"query-input\":{\"@type\":\"PropertyValueSpecification\",\"valueRequired\":true,\"valueName\":\"search_term_string\"}}],\"inLanguage\":\"bs-BA\"},{\"@type\":\"Organization\",\"@id\":\"https:\/\/tuzlainfo.ba\/#organization\",\"name\":\"TuzlaInfo.ba\",\"url\":\"https:\/\/tuzlainfo.ba\/\",\"logo\":{\"@type\":\"ImageObject\",\"inLanguage\":\"bs-BA\",\"@id\":\"https:\/\/tuzlainfo.ba\/#\/schema\/logo\/image\/\",\"url\":\"https:\/\/tuzlainfo.ba\/wp-content\/uploads\/2021\/03\/logo-ver-3-1.png\",\"contentUrl\":\"https:\/\/tuzlainfo.ba\/wp-content\/uploads\/2021\/03\/logo-ver-3-1.png\",\"width\":350,\"height\":95,\"caption\":\"TuzlaInfo.ba\"},\"image\":{\"@id\":\"https:\/\/tuzlainfo.ba\/#\/schema\/logo\/image\/\"},\"sameAs\":[\"https:\/\/www.facebook.com\/tuzlainfo.ba\/\"]},{\"@type\":\"Person\",\"@id\":\"https:\/\/tuzlainfo.ba\/#\/schema\/person\/593e78a2f6378c5ba3e7600ecfa4e63a\",\"name\":\"Admin Tri\",\"image\":{\"@type\":\"ImageObject\",\"inLanguage\":\"bs-BA\",\"@id\":\"https:\/\/tuzlainfo.ba\/#\/schema\/person\/image\/\",\"url\":\"https:\/\/tuzlainfo.ba\/wp-content\/litespeed\/avatar\/b7920db4cc34a71ad12497283ad2fe3f.jpg?ver=1777100914\",\"contentUrl\":\"https:\/\/tuzlainfo.ba\/wp-content\/litespeed\/avatar\/b7920db4cc34a71ad12497283ad2fe3f.jpg?ver=1777100914\",\"caption\":\"Admin Tri\"},\"sameAs\":[\"https:\/\/tuzlainfo.ba\"]}]}<\/script>\n<!-- \/ Yoast SEO plugin. -->","yoast_head_json":{"title":"Ademovi\u0107: Svaki poku\u0161aj smjene \u0160piri\u0107a zaustavljen obaranjem kvoruma i blokadom Doma naroda - TuzlaInfo.ba","robots":{"index":"index","follow":"follow","max-snippet":"max-snippet:-1","max-image-preview":"max-image-preview:large","max-video-preview":"max-video-preview:-1"},"canonical":"https:\/\/tuzlainfo.ba\/index.php\/bosna-i-hercegovina\/item\/290337-ademovic-svaki-pokusaj-smjene-spirica-zaustavljen-obaranjem-kvoruma-i-blokadom-doma-naroda\/","og_locale":"bs_BA","og_type":"article","og_title":"Ademovi\u0107: Svaki poku\u0161aj smjene \u0160piri\u0107a zaustavljen obaranjem kvoruma i blokadom Doma naroda - TuzlaInfo.ba","og_description":"Predsjedavaju\u0107i Doma naroda Parlamentarne skup\u0161tine BiH Kemal Ademovi\u0107 pojasnio je da je njegovo nastojanje da&hellip;","og_url":"https:\/\/tuzlainfo.ba\/index.php\/bosna-i-hercegovina\/item\/290337-ademovic-svaki-pokusaj-smjene-spirica-zaustavljen-obaranjem-kvoruma-i-blokadom-doma-naroda\/","og_site_name":"TuzlaInfo.ba","article_publisher":"https:\/\/www.facebook.com\/tuzlainfo.ba\/","article_published_time":"2025-12-25T15:23:55+00:00","article_modified_time":"2025-12-25T14:14:16+00:00","og_image":[{"width":800,"height":493,"url":"https:\/\/tuzlainfo.ba\/wp-content\/uploads\/2023\/02\/1602_kemal_ademovic.jpg","type":"image\/jpeg"}],"author":"Admin Tri","twitter_card":"summary_large_image","twitter_misc":{"Written by":"Admin Tri","Est. reading time":"3 minute"},"schema":{"@context":"https:\/\/schema.org","@graph":[{"@type":"Article","@id":"https:\/\/tuzlainfo.ba\/index.php\/bosna-i-hercegovina\/item\/290337-ademovic-svaki-pokusaj-smjene-spirica-zaustavljen-obaranjem-kvoruma-i-blokadom-doma-naroda\/#article","isPartOf":{"@id":"https:\/\/tuzlainfo.ba\/index.php\/bosna-i-hercegovina\/item\/290337-ademovic-svaki-pokusaj-smjene-spirica-zaustavljen-obaranjem-kvoruma-i-blokadom-doma-naroda\/"},"author":{"name":"Admin Tri","@id":"https:\/\/tuzlainfo.ba\/#\/schema\/person\/593e78a2f6378c5ba3e7600ecfa4e63a"},"headline":"Ademovi\u0107: Svaki poku\u0161aj smjene \u0160piri\u0107a zaustavljen obaranjem kvoruma i blokadom Doma naroda","datePublished":"2025-12-25T15:23:55+00:00","dateModified":"2025-12-25T14:14:16+00:00","mainEntityOfPage":{"@id":"https:\/\/tuzlainfo.ba\/index.php\/bosna-i-hercegovina\/item\/290337-ademovic-svaki-pokusaj-smjene-spirica-zaustavljen-obaranjem-kvoruma-i-blokadom-doma-naroda\/"},"wordCount":471,"publisher":{"@id":"https:\/\/tuzlainfo.ba\/#organization"},"image":{"@id":"https:\/\/tuzlainfo.ba\/index.php\/bosna-i-hercegovina\/item\/290337-ademovic-svaki-pokusaj-smjene-spirica-zaustavljen-obaranjem-kvoruma-i-blokadom-doma-naroda\/#primaryimage"},"thumbnailUrl":"https:\/\/tuzlainfo.ba\/wp-content\/uploads\/2023\/02\/1602_kemal_ademovic.jpg","keywords":["Kemal Ademovi\u0107"],"articleSection":["Bosna i Hercegovina"],"inLanguage":"bs-BA"},{"@type":"WebPage","@id":"https:\/\/tuzlainfo.ba\/index.php\/bosna-i-hercegovina\/item\/290337-ademovic-svaki-pokusaj-smjene-spirica-zaustavljen-obaranjem-kvoruma-i-blokadom-doma-naroda\/","url":"https:\/\/tuzlainfo.ba\/index.php\/bosna-i-hercegovina\/item\/290337-ademovic-svaki-pokusaj-smjene-spirica-zaustavljen-obaranjem-kvoruma-i-blokadom-doma-naroda\/","name":"Ademovi\u0107: Svaki poku\u0161aj smjene \u0160piri\u0107a zaustavljen obaranjem kvoruma i blokadom Doma naroda - TuzlaInfo.ba","isPartOf":{"@id":"https:\/\/tuzlainfo.ba\/#website"},"primaryImageOfPage":{"@id":"https:\/\/tuzlainfo.ba\/index.php\/bosna-i-hercegovina\/item\/290337-ademovic-svaki-pokusaj-smjene-spirica-zaustavljen-obaranjem-kvoruma-i-blokadom-doma-naroda\/#primaryimage"},"image":{"@id":"https:\/\/tuzlainfo.ba\/index.php\/bosna-i-hercegovina\/item\/290337-ademovic-svaki-pokusaj-smjene-spirica-zaustavljen-obaranjem-kvoruma-i-blokadom-doma-naroda\/#primaryimage"},"thumbnailUrl":"https:\/\/tuzlainfo.ba\/wp-content\/uploads\/2023\/02\/1602_kemal_ademovic.jpg","datePublished":"2025-12-25T15:23:55+00:00","dateModified":"2025-12-25T14:14:16+00:00","breadcrumb":{"@id":"https:\/\/tuzlainfo.ba\/index.php\/bosna-i-hercegovina\/item\/290337-ademovic-svaki-pokusaj-smjene-spirica-zaustavljen-obaranjem-kvoruma-i-blokadom-doma-naroda\/#breadcrumb"},"inLanguage":"bs-BA","potentialAction":[{"@type":"ReadAction","target":["https:\/\/tuzlainfo.ba\/index.php\/bosna-i-hercegovina\/item\/290337-ademovic-svaki-pokusaj-smjene-spirica-zaustavljen-obaranjem-kvoruma-i-blokadom-doma-naroda\/"]}]},{"@type":"ImageObject","inLanguage":"bs-BA","@id":"https:\/\/tuzlainfo.ba\/index.php\/bosna-i-hercegovina\/item\/290337-ademovic-svaki-pokusaj-smjene-spirica-zaustavljen-obaranjem-kvoruma-i-blokadom-doma-naroda\/#primaryimage","url":"https:\/\/tuzlainfo.ba\/wp-content\/uploads\/2023\/02\/1602_kemal_ademovic.jpg","contentUrl":"https:\/\/tuzlainfo.ba\/wp-content\/uploads\/2023\/02\/1602_kemal_ademovic.jpg","width":800,"height":493},{"@type":"BreadcrumbList","@id":"https:\/\/tuzlainfo.ba\/index.php\/bosna-i-hercegovina\/item\/290337-ademovic-svaki-pokusaj-smjene-spirica-zaustavljen-obaranjem-kvoruma-i-blokadom-doma-naroda\/#breadcrumb","itemListElement":[{"@type":"ListItem","position":1,"name":"Home","item":"https:\/\/tuzlainfo.ba\/"},{"@type":"ListItem","position":2,"name":"Ademovi\u0107: Svaki poku\u0161aj smjene \u0160piri\u0107a zaustavljen obaranjem kvoruma i blokadom Doma naroda"}]},{"@type":"WebSite","@id":"https:\/\/tuzlainfo.ba\/#website","url":"https:\/\/tuzlainfo.ba\/","name":"TuzlaInfo.ba","description":"Tuzla info, gradski informator - Tuzla na dlanu","publisher":{"@id":"https:\/\/tuzlainfo.ba\/#organization"},"potentialAction":[{"@type":"SearchAction","target":{"@type":"EntryPoint","urlTemplate":"https:\/\/tuzlainfo.ba\/?s={search_term_string}"},"query-input":{"@type":"PropertyValueSpecification","valueRequired":true,"valueName":"search_term_string"}}],"inLanguage":"bs-BA"},{"@type":"Organization","@id":"https:\/\/tuzlainfo.ba\/#organization","name":"TuzlaInfo.ba","url":"https:\/\/tuzlainfo.ba\/","logo":{"@type":"ImageObject","inLanguage":"bs-BA","@id":"https:\/\/tuzlainfo.ba\/#\/schema\/logo\/image\/","url":"https:\/\/tuzlainfo.ba\/wp-content\/uploads\/2021\/03\/logo-ver-3-1.png","contentUrl":"https:\/\/tuzlainfo.ba\/wp-content\/uploads\/2021\/03\/logo-ver-3-1.png","width":350,"height":95,"caption":"TuzlaInfo.ba"},"image":{"@id":"https:\/\/tuzlainfo.ba\/#\/schema\/logo\/image\/"},"sameAs":["https:\/\/www.facebook.com\/tuzlainfo.ba\/"]},{"@type":"Person","@id":"https:\/\/tuzlainfo.ba\/#\/schema\/person\/593e78a2f6378c5ba3e7600ecfa4e63a","name":"Admin Tri","image":{"@type":"ImageObject","inLanguage":"bs-BA","@id":"https:\/\/tuzlainfo.ba\/#\/schema\/person\/image\/","url":"https:\/\/tuzlainfo.ba\/wp-content\/litespeed\/avatar\/b7920db4cc34a71ad12497283ad2fe3f.jpg?ver=1777100914","contentUrl":"https:\/\/tuzlainfo.ba\/wp-content\/litespeed\/avatar\/b7920db4cc34a71ad12497283ad2fe3f.jpg?ver=1777100914","caption":"Admin Tri"},"sameAs":["https:\/\/tuzlainfo.ba"]}]}},"_links":{"self":[{"href":"https:\/\/tuzlainfo.ba\/index.php\/wp-json\/wp\/v2\/posts\/290337"}],"collection":[{"href":"https:\/\/tuzlainfo.ba\/index.php\/wp-json\/wp\/v2\/posts"}],"about":[{"href":"https:\/\/tuzlainfo.ba\/index.php\/wp-json\/wp\/v2\/types\/post"}],"author":[{"embeddable":true,"href":"https:\/\/tuzlainfo.ba\/index.php\/wp-json\/wp\/v2\/users\/8"}],"replies":[{"embeddable":true,"href":"https:\/\/tuzlainfo.ba\/index.php\/wp-json\/wp\/v2\/comments?post=290337"}],"version-history":[{"count":1,"href":"https:\/\/tuzlainfo.ba\/index.php\/wp-json\/wp\/v2\/posts\/290337\/revisions"}],"predecessor-version":[{"id":290338,"href":"https:\/\/tuzlainfo.ba\/index.php\/wp-json\/wp\/v2\/posts\/290337\/revisions\/290338"}],"wp:featuredmedia":[{"embeddable":true,"href":"https:\/\/tuzlainfo.ba\/index.php\/wp-json\/wp\/v2\/media\/197471"}],"wp:attachment":[{"href":"https:\/\/tuzlainfo.ba\/index.php\/wp-json\/wp\/v2\/media?parent=290337"}],"wp:term":[{"taxonomy":"category","embeddable":true,"href":"https:\/\/tuzlainfo.ba\/index.php\/wp-json\/wp\/v2\/categories?post=290337"},{"taxonomy":"post_tag","embeddable":true,"href":"https:\/\/tuzlainfo.ba\/index.php\/wp-json\/wp\/v2\/tags?post=290337"}],"curies":[{"name":"wp","href":"https:\/\/api.w.org\/{rel}","templated":true}]}}