{"id":290235,"date":"2025-12-24T17:07:24","date_gmt":"2025-12-24T16:07:24","guid":{"rendered":"https:\/\/tuzlainfo.ba\/?p=290235"},"modified":"2025-12-24T14:43:12","modified_gmt":"2025-12-24T13:43:12","slug":"motomrazevi-tuzla-2025-karavan-radosti-za-najmladje","status":"publish","type":"post","link":"https:\/\/tuzlainfo.ba\/index.php\/najava-dogadaja-2\/item\/290235-motomrazevi-tuzla-2025-karavan-radosti-za-najmladje\/","title":{"rendered":"MotoMrazevi Tuzla 2025: Karavan radosti za najmla\u0111e"},"content":{"rendered":"<p data-start=\"77\" data-end=\"342\">Moto klub \u201eTuzla\u201c, uz podr\u0161ku bratskog Moto kluba Osijek, koji je ujedno i za\u010detnik ove humane i prepoznatljive akcije na na\u0161im prostorima, te uz nesebi\u010dnu pomo\u0107 glavnog sponzora NIPEX d.o.o. Tuzla, i ove godine nastavlja tradiciju organizacije MotoMrazeva Tuzla.<\/p>\n<p data-start=\"344\" data-end=\"539\">Dvanaesti po redu Tuzlanski MotoMrazevi bit \u0107e odr\u017eani u nedjelju, 28. decembra 2025. godine, a cilj akcije i ove godine je unijeti prazni\u010dnu radost, osmijehe i toplinu me\u0111u najmla\u0111e sugra\u0111ane.<\/p>\n<p data-start=\"541\" data-end=\"835\">Prema planiranom rasporedu, MotoMrazevi \u0107e u 10:45 sati krenuti ispred kluba prema Domu za djecu bez roditeljskog staranja u Slavinovi\u0107ima, gdje je u 11:00 sati planirana podjela novogodi\u0161njih paketi\u0107a i dru\u017eenje s djecom, uz mogu\u0107nost vo\u017enje na motorima, ukoliko vremenski uslovi to dozvole.<\/p>\n<p data-start=\"837\" data-end=\"1152\">U 11:45 sati kolona \u0107e nastaviti prema Osnovnoj \u0161koli Pazar, gdje \u0107e u 12:00 sati, na stadionu \u0161kole, biti uprili\u010deno dru\u017eenje i podjela paketi\u0107a mali\u0161anima iz udru\u017eenja Hrabro srce i Duga, koja okupljaju djecu sa posebnim potrebama i smetnjama u razvoju. Planirano je i zajedni\u010dko fotografisanje s MotoMrazevima.<\/p>\n<p data-start=\"1154\" data-end=\"1415\">Nakon toga, u 12:30 sati, slijedi polazak prema Trgu slobode, a dolazak je planiran u 12:40 sati, gdje \u0107e, u organizaciji Grada Tuzla i Turisti\u010dke zajednice, biti odr\u017eana proslava Dje\u010dije Nove godine, uz podjelu slatki\u0161a, dru\u017eenje, ples i prazni\u010dnu atmosferu.<\/p>\n<p data-start=\"1417\" data-end=\"1636\">MotoMrazevima \u0107e se i ove godine pridru\u017eiti i Djed Mraz u organizaciji Dobrovoljnog vatrogasnog dru\u0161tva, koji \u0107e, umjesto sobova, sti\u0107i u saonicama i na kvadu, dodatno oboga\u0107uju\u0107i ovaj nesvakida\u0161nji prazni\u010dni doga\u0111aj.<\/p>\n<p data-start=\"1638\" data-end=\"1743\">MotoMrazevi Tuzla i ove godine \u0161alju jasnu poruku zajedni\u0161tva i humanosti \u2013 <strong data-start=\"1714\" data-end=\"1741\">Sve za dje\u010diji osmijeh.\/<\/strong><em data-start=\"1745\" data-end=\"1759\">Tuzlainfo.ba\/<\/em><\/p>\n","protected":false},"excerpt":{"rendered":"<p>Moto klub \u201eTuzla\u201c, uz podr\u0161ku bratskog Moto kluba Osijek, koji je ujedno i za\u010detnik ove&hellip;<\/p>\n","protected":false},"author":4,"featured_media":224223,"comment_status":"closed","ping_status":"closed","sticky":false,"template":"","format":"standard","meta":{"_acf_changed":false,"footnotes":""},"categories":[304,11],"tags":[3755],"acf":[],"yoast_head":"<!-- This site is optimized with the Yoast SEO plugin v23.5 - https:\/\/yoast.com\/wordpress\/plugins\/seo\/ -->\n<title>MotoMrazevi Tuzla 2025: Karavan radosti za najmla\u0111e - TuzlaInfo.ba<\/title>\n<meta name=\"robots\" content=\"index, follow, max-snippet:-1, max-image-preview:large, max-video-preview:-1\" \/>\n<link rel=\"canonical\" href=\"https:\/\/tuzlainfo.ba\/index.php\/najava-dogadaja-2\/item\/290235-motomrazevi-tuzla-2025-karavan-radosti-za-najmladje\/\" \/>\n<meta property=\"og:locale\" content=\"bs_BA\" \/>\n<meta property=\"og:type\" content=\"article\" \/>\n<meta property=\"og:title\" content=\"MotoMrazevi Tuzla 2025: Karavan radosti za najmla\u0111e - TuzlaInfo.ba\" \/>\n<meta property=\"og:description\" content=\"Moto klub \u201eTuzla\u201c, uz podr\u0161ku bratskog Moto kluba Osijek, koji je ujedno i za\u010detnik ove&hellip;\" \/>\n<meta property=\"og:url\" content=\"https:\/\/tuzlainfo.ba\/index.php\/najava-dogadaja-2\/item\/290235-motomrazevi-tuzla-2025-karavan-radosti-za-najmladje\/\" \/>\n<meta property=\"og:site_name\" content=\"TuzlaInfo.ba\" \/>\n<meta property=\"article:publisher\" content=\"https:\/\/www.facebook.com\/tuzlainfo.ba\/\" \/>\n<meta property=\"article:published_time\" content=\"2025-12-24T16:07:24+00:00\" \/>\n<meta property=\"article:modified_time\" content=\"2025-12-24T13:43:12+00:00\" \/>\n<meta property=\"og:image\" content=\"https:\/\/tuzlainfo.ba\/wp-content\/uploads\/2023\/12\/0312_motomrazevi.jpg\" \/>\n\t<meta property=\"og:image:width\" content=\"1000\" \/>\n\t<meta property=\"og:image:height\" content=\"631\" \/>\n\t<meta property=\"og:image:type\" content=\"image\/jpeg\" \/>\n<meta name=\"author\" content=\"Tuzla Info\" \/>\n<meta name=\"twitter:card\" content=\"summary_large_image\" \/>\n<meta name=\"twitter:label1\" content=\"Written by\" \/>\n\t<meta name=\"twitter:data1\" content=\"Tuzla Info\" \/>\n\t<meta name=\"twitter:label2\" content=\"Est. reading time\" \/>\n\t<meta name=\"twitter:data2\" content=\"2 minute\" \/>\n<script type=\"application\/ld+json\" class=\"yoast-schema-graph\">{\"@context\":\"https:\/\/schema.org\",\"@graph\":[{\"@type\":\"Article\",\"@id\":\"https:\/\/tuzlainfo.ba\/index.php\/najava-dogadaja-2\/item\/290235-motomrazevi-tuzla-2025-karavan-radosti-za-najmladje\/#article\",\"isPartOf\":{\"@id\":\"https:\/\/tuzlainfo.ba\/index.php\/najava-dogadaja-2\/item\/290235-motomrazevi-tuzla-2025-karavan-radosti-za-najmladje\/\"},\"author\":{\"name\":\"Tuzla Info\",\"@id\":\"https:\/\/tuzlainfo.ba\/#\/schema\/person\/46cad4c57790cbc50781edd14870825a\"},\"headline\":\"MotoMrazevi Tuzla 2025: Karavan radosti za najmla\u0111e\",\"datePublished\":\"2025-12-24T16:07:24+00:00\",\"dateModified\":\"2025-12-24T13:43:12+00:00\",\"mainEntityOfPage\":{\"@id\":\"https:\/\/tuzlainfo.ba\/index.php\/najava-dogadaja-2\/item\/290235-motomrazevi-tuzla-2025-karavan-radosti-za-najmladje\/\"},\"wordCount\":286,\"publisher\":{\"@id\":\"https:\/\/tuzlainfo.ba\/#organization\"},\"image\":{\"@id\":\"https:\/\/tuzlainfo.ba\/index.php\/najava-dogadaja-2\/item\/290235-motomrazevi-tuzla-2025-karavan-radosti-za-najmladje\/#primaryimage\"},\"thumbnailUrl\":\"https:\/\/tuzlainfo.ba\/wp-content\/uploads\/2023\/12\/0312_motomrazevi.jpg\",\"keywords\":[\"motomrazevi\"],\"articleSection\":[\"Istaknuto\",\"Najave i doga\u0111aji\"],\"inLanguage\":\"bs-BA\"},{\"@type\":\"WebPage\",\"@id\":\"https:\/\/tuzlainfo.ba\/index.php\/najava-dogadaja-2\/item\/290235-motomrazevi-tuzla-2025-karavan-radosti-za-najmladje\/\",\"url\":\"https:\/\/tuzlainfo.ba\/index.php\/najava-dogadaja-2\/item\/290235-motomrazevi-tuzla-2025-karavan-radosti-za-najmladje\/\",\"name\":\"MotoMrazevi Tuzla 2025: Karavan radosti za najmla\u0111e - TuzlaInfo.ba\",\"isPartOf\":{\"@id\":\"https:\/\/tuzlainfo.ba\/#website\"},\"primaryImageOfPage\":{\"@id\":\"https:\/\/tuzlainfo.ba\/index.php\/najava-dogadaja-2\/item\/290235-motomrazevi-tuzla-2025-karavan-radosti-za-najmladje\/#primaryimage\"},\"image\":{\"@id\":\"https:\/\/tuzlainfo.ba\/index.php\/najava-dogadaja-2\/item\/290235-motomrazevi-tuzla-2025-karavan-radosti-za-najmladje\/#primaryimage\"},\"thumbnailUrl\":\"https:\/\/tuzlainfo.ba\/wp-content\/uploads\/2023\/12\/0312_motomrazevi.jpg\",\"datePublished\":\"2025-12-24T16:07:24+00:00\",\"dateModified\":\"2025-12-24T13:43:12+00:00\",\"breadcrumb\":{\"@id\":\"https:\/\/tuzlainfo.ba\/index.php\/najava-dogadaja-2\/item\/290235-motomrazevi-tuzla-2025-karavan-radosti-za-najmladje\/#breadcrumb\"},\"inLanguage\":\"bs-BA\",\"potentialAction\":[{\"@type\":\"ReadAction\",\"target\":[\"https:\/\/tuzlainfo.ba\/index.php\/najava-dogadaja-2\/item\/290235-motomrazevi-tuzla-2025-karavan-radosti-za-najmladje\/\"]}]},{\"@type\":\"ImageObject\",\"inLanguage\":\"bs-BA\",\"@id\":\"https:\/\/tuzlainfo.ba\/index.php\/najava-dogadaja-2\/item\/290235-motomrazevi-tuzla-2025-karavan-radosti-za-najmladje\/#primaryimage\",\"url\":\"https:\/\/tuzlainfo.ba\/wp-content\/uploads\/2023\/12\/0312_motomrazevi.jpg\",\"contentUrl\":\"https:\/\/tuzlainfo.ba\/wp-content\/uploads\/2023\/12\/0312_motomrazevi.jpg\",\"width\":1000,\"height\":631},{\"@type\":\"BreadcrumbList\",\"@id\":\"https:\/\/tuzlainfo.ba\/index.php\/najava-dogadaja-2\/item\/290235-motomrazevi-tuzla-2025-karavan-radosti-za-najmladje\/#breadcrumb\",\"itemListElement\":[{\"@type\":\"ListItem\",\"position\":1,\"name\":\"Home\",\"item\":\"https:\/\/tuzlainfo.ba\/\"},{\"@type\":\"ListItem\",\"position\":2,\"name\":\"MotoMrazevi Tuzla 2025: Karavan radosti za najmla\u0111e\"}]},{\"@type\":\"WebSite\",\"@id\":\"https:\/\/tuzlainfo.ba\/#website\",\"url\":\"https:\/\/tuzlainfo.ba\/\",\"name\":\"TuzlaInfo.ba\",\"description\":\"Tuzla info, gradski informator - Tuzla na dlanu\",\"publisher\":{\"@id\":\"https:\/\/tuzlainfo.ba\/#organization\"},\"potentialAction\":[{\"@type\":\"SearchAction\",\"target\":{\"@type\":\"EntryPoint\",\"urlTemplate\":\"https:\/\/tuzlainfo.ba\/?s={search_term_string}\"},\"query-input\":{\"@type\":\"PropertyValueSpecification\",\"valueRequired\":true,\"valueName\":\"search_term_string\"}}],\"inLanguage\":\"bs-BA\"},{\"@type\":\"Organization\",\"@id\":\"https:\/\/tuzlainfo.ba\/#organization\",\"name\":\"TuzlaInfo.ba\",\"url\":\"https:\/\/tuzlainfo.ba\/\",\"logo\":{\"@type\":\"ImageObject\",\"inLanguage\":\"bs-BA\",\"@id\":\"https:\/\/tuzlainfo.ba\/#\/schema\/logo\/image\/\",\"url\":\"https:\/\/tuzlainfo.ba\/wp-content\/uploads\/2021\/03\/logo-ver-3-1.png\",\"contentUrl\":\"https:\/\/tuzlainfo.ba\/wp-content\/uploads\/2021\/03\/logo-ver-3-1.png\",\"width\":350,\"height\":95,\"caption\":\"TuzlaInfo.ba\"},\"image\":{\"@id\":\"https:\/\/tuzlainfo.ba\/#\/schema\/logo\/image\/\"},\"sameAs\":[\"https:\/\/www.facebook.com\/tuzlainfo.ba\/\"]},{\"@type\":\"Person\",\"@id\":\"https:\/\/tuzlainfo.ba\/#\/schema\/person\/46cad4c57790cbc50781edd14870825a\",\"name\":\"Tuzla Info\",\"image\":{\"@type\":\"ImageObject\",\"inLanguage\":\"bs-BA\",\"@id\":\"https:\/\/tuzlainfo.ba\/#\/schema\/person\/image\/\",\"url\":\"https:\/\/tuzlainfo.ba\/wp-content\/litespeed\/avatar\/b6c453a6c38e3654f2e4416c643fc25c.jpg?ver=1777051911\",\"contentUrl\":\"https:\/\/tuzlainfo.ba\/wp-content\/litespeed\/avatar\/b6c453a6c38e3654f2e4416c643fc25c.jpg?ver=1777051911\",\"caption\":\"Tuzla Info\"}}]}<\/script>\n<!-- \/ Yoast SEO plugin. -->","yoast_head_json":{"title":"MotoMrazevi Tuzla 2025: Karavan radosti za najmla\u0111e - TuzlaInfo.ba","robots":{"index":"index","follow":"follow","max-snippet":"max-snippet:-1","max-image-preview":"max-image-preview:large","max-video-preview":"max-video-preview:-1"},"canonical":"https:\/\/tuzlainfo.ba\/index.php\/najava-dogadaja-2\/item\/290235-motomrazevi-tuzla-2025-karavan-radosti-za-najmladje\/","og_locale":"bs_BA","og_type":"article","og_title":"MotoMrazevi Tuzla 2025: Karavan radosti za najmla\u0111e - TuzlaInfo.ba","og_description":"Moto klub \u201eTuzla\u201c, uz podr\u0161ku bratskog Moto kluba Osijek, koji je ujedno i za\u010detnik ove&hellip;","og_url":"https:\/\/tuzlainfo.ba\/index.php\/najava-dogadaja-2\/item\/290235-motomrazevi-tuzla-2025-karavan-radosti-za-najmladje\/","og_site_name":"TuzlaInfo.ba","article_publisher":"https:\/\/www.facebook.com\/tuzlainfo.ba\/","article_published_time":"2025-12-24T16:07:24+00:00","article_modified_time":"2025-12-24T13:43:12+00:00","og_image":[{"width":1000,"height":631,"url":"https:\/\/tuzlainfo.ba\/wp-content\/uploads\/2023\/12\/0312_motomrazevi.jpg","type":"image\/jpeg"}],"author":"Tuzla Info","twitter_card":"summary_large_image","twitter_misc":{"Written by":"Tuzla Info","Est. reading time":"2 minute"},"schema":{"@context":"https:\/\/schema.org","@graph":[{"@type":"Article","@id":"https:\/\/tuzlainfo.ba\/index.php\/najava-dogadaja-2\/item\/290235-motomrazevi-tuzla-2025-karavan-radosti-za-najmladje\/#article","isPartOf":{"@id":"https:\/\/tuzlainfo.ba\/index.php\/najava-dogadaja-2\/item\/290235-motomrazevi-tuzla-2025-karavan-radosti-za-najmladje\/"},"author":{"name":"Tuzla Info","@id":"https:\/\/tuzlainfo.ba\/#\/schema\/person\/46cad4c57790cbc50781edd14870825a"},"headline":"MotoMrazevi Tuzla 2025: Karavan radosti za najmla\u0111e","datePublished":"2025-12-24T16:07:24+00:00","dateModified":"2025-12-24T13:43:12+00:00","mainEntityOfPage":{"@id":"https:\/\/tuzlainfo.ba\/index.php\/najava-dogadaja-2\/item\/290235-motomrazevi-tuzla-2025-karavan-radosti-za-najmladje\/"},"wordCount":286,"publisher":{"@id":"https:\/\/tuzlainfo.ba\/#organization"},"image":{"@id":"https:\/\/tuzlainfo.ba\/index.php\/najava-dogadaja-2\/item\/290235-motomrazevi-tuzla-2025-karavan-radosti-za-najmladje\/#primaryimage"},"thumbnailUrl":"https:\/\/tuzlainfo.ba\/wp-content\/uploads\/2023\/12\/0312_motomrazevi.jpg","keywords":["motomrazevi"],"articleSection":["Istaknuto","Najave i doga\u0111aji"],"inLanguage":"bs-BA"},{"@type":"WebPage","@id":"https:\/\/tuzlainfo.ba\/index.php\/najava-dogadaja-2\/item\/290235-motomrazevi-tuzla-2025-karavan-radosti-za-najmladje\/","url":"https:\/\/tuzlainfo.ba\/index.php\/najava-dogadaja-2\/item\/290235-motomrazevi-tuzla-2025-karavan-radosti-za-najmladje\/","name":"MotoMrazevi Tuzla 2025: Karavan radosti za najmla\u0111e - TuzlaInfo.ba","isPartOf":{"@id":"https:\/\/tuzlainfo.ba\/#website"},"primaryImageOfPage":{"@id":"https:\/\/tuzlainfo.ba\/index.php\/najava-dogadaja-2\/item\/290235-motomrazevi-tuzla-2025-karavan-radosti-za-najmladje\/#primaryimage"},"image":{"@id":"https:\/\/tuzlainfo.ba\/index.php\/najava-dogadaja-2\/item\/290235-motomrazevi-tuzla-2025-karavan-radosti-za-najmladje\/#primaryimage"},"thumbnailUrl":"https:\/\/tuzlainfo.ba\/wp-content\/uploads\/2023\/12\/0312_motomrazevi.jpg","datePublished":"2025-12-24T16:07:24+00:00","dateModified":"2025-12-24T13:43:12+00:00","breadcrumb":{"@id":"https:\/\/tuzlainfo.ba\/index.php\/najava-dogadaja-2\/item\/290235-motomrazevi-tuzla-2025-karavan-radosti-za-najmladje\/#breadcrumb"},"inLanguage":"bs-BA","potentialAction":[{"@type":"ReadAction","target":["https:\/\/tuzlainfo.ba\/index.php\/najava-dogadaja-2\/item\/290235-motomrazevi-tuzla-2025-karavan-radosti-za-najmladje\/"]}]},{"@type":"ImageObject","inLanguage":"bs-BA","@id":"https:\/\/tuzlainfo.ba\/index.php\/najava-dogadaja-2\/item\/290235-motomrazevi-tuzla-2025-karavan-radosti-za-najmladje\/#primaryimage","url":"https:\/\/tuzlainfo.ba\/wp-content\/uploads\/2023\/12\/0312_motomrazevi.jpg","contentUrl":"https:\/\/tuzlainfo.ba\/wp-content\/uploads\/2023\/12\/0312_motomrazevi.jpg","width":1000,"height":631},{"@type":"BreadcrumbList","@id":"https:\/\/tuzlainfo.ba\/index.php\/najava-dogadaja-2\/item\/290235-motomrazevi-tuzla-2025-karavan-radosti-za-najmladje\/#breadcrumb","itemListElement":[{"@type":"ListItem","position":1,"name":"Home","item":"https:\/\/tuzlainfo.ba\/"},{"@type":"ListItem","position":2,"name":"MotoMrazevi Tuzla 2025: Karavan radosti za najmla\u0111e"}]},{"@type":"WebSite","@id":"https:\/\/tuzlainfo.ba\/#website","url":"https:\/\/tuzlainfo.ba\/","name":"TuzlaInfo.ba","description":"Tuzla info, gradski informator - Tuzla na dlanu","publisher":{"@id":"https:\/\/tuzlainfo.ba\/#organization"},"potentialAction":[{"@type":"SearchAction","target":{"@type":"EntryPoint","urlTemplate":"https:\/\/tuzlainfo.ba\/?s={search_term_string}"},"query-input":{"@type":"PropertyValueSpecification","valueRequired":true,"valueName":"search_term_string"}}],"inLanguage":"bs-BA"},{"@type":"Organization","@id":"https:\/\/tuzlainfo.ba\/#organization","name":"TuzlaInfo.ba","url":"https:\/\/tuzlainfo.ba\/","logo":{"@type":"ImageObject","inLanguage":"bs-BA","@id":"https:\/\/tuzlainfo.ba\/#\/schema\/logo\/image\/","url":"https:\/\/tuzlainfo.ba\/wp-content\/uploads\/2021\/03\/logo-ver-3-1.png","contentUrl":"https:\/\/tuzlainfo.ba\/wp-content\/uploads\/2021\/03\/logo-ver-3-1.png","width":350,"height":95,"caption":"TuzlaInfo.ba"},"image":{"@id":"https:\/\/tuzlainfo.ba\/#\/schema\/logo\/image\/"},"sameAs":["https:\/\/www.facebook.com\/tuzlainfo.ba\/"]},{"@type":"Person","@id":"https:\/\/tuzlainfo.ba\/#\/schema\/person\/46cad4c57790cbc50781edd14870825a","name":"Tuzla Info","image":{"@type":"ImageObject","inLanguage":"bs-BA","@id":"https:\/\/tuzlainfo.ba\/#\/schema\/person\/image\/","url":"https:\/\/tuzlainfo.ba\/wp-content\/litespeed\/avatar\/b6c453a6c38e3654f2e4416c643fc25c.jpg?ver=1777051911","contentUrl":"https:\/\/tuzlainfo.ba\/wp-content\/litespeed\/avatar\/b6c453a6c38e3654f2e4416c643fc25c.jpg?ver=1777051911","caption":"Tuzla Info"}}]}},"_links":{"self":[{"href":"https:\/\/tuzlainfo.ba\/index.php\/wp-json\/wp\/v2\/posts\/290235"}],"collection":[{"href":"https:\/\/tuzlainfo.ba\/index.php\/wp-json\/wp\/v2\/posts"}],"about":[{"href":"https:\/\/tuzlainfo.ba\/index.php\/wp-json\/wp\/v2\/types\/post"}],"author":[{"embeddable":true,"href":"https:\/\/tuzlainfo.ba\/index.php\/wp-json\/wp\/v2\/users\/4"}],"replies":[{"embeddable":true,"href":"https:\/\/tuzlainfo.ba\/index.php\/wp-json\/wp\/v2\/comments?post=290235"}],"version-history":[{"count":1,"href":"https:\/\/tuzlainfo.ba\/index.php\/wp-json\/wp\/v2\/posts\/290235\/revisions"}],"predecessor-version":[{"id":290236,"href":"https:\/\/tuzlainfo.ba\/index.php\/wp-json\/wp\/v2\/posts\/290235\/revisions\/290236"}],"wp:featuredmedia":[{"embeddable":true,"href":"https:\/\/tuzlainfo.ba\/index.php\/wp-json\/wp\/v2\/media\/224223"}],"wp:attachment":[{"href":"https:\/\/tuzlainfo.ba\/index.php\/wp-json\/wp\/v2\/media?parent=290235"}],"wp:term":[{"taxonomy":"category","embeddable":true,"href":"https:\/\/tuzlainfo.ba\/index.php\/wp-json\/wp\/v2\/categories?post=290235"},{"taxonomy":"post_tag","embeddable":true,"href":"https:\/\/tuzlainfo.ba\/index.php\/wp-json\/wp\/v2\/tags?post=290235"}],"curies":[{"name":"wp","href":"https:\/\/api.w.org\/{rel}","templated":true}]}}