{"id":290166,"date":"2025-12-24T09:27:56","date_gmt":"2025-12-24T08:27:56","guid":{"rendered":"https:\/\/tuzlainfo.ba\/?p=290166"},"modified":"2025-12-24T08:30:09","modified_gmt":"2025-12-24T07:30:09","slug":"minic-porucio-da-se-neustavni-dan-rs-a-obiljezava-bez-obzira-na-odluke-ustavnog-suda-bih","status":"publish","type":"post","link":"https:\/\/tuzlainfo.ba\/index.php\/bosna-i-hercegovina\/item\/290166-minic-porucio-da-se-neustavni-dan-rs-a-obiljezava-bez-obzira-na-odluke-ustavnog-suda-bih\/","title":{"rendered":"Mini\u0107 poru\u010dio da se neustavni Dan RS-a obilje\u017eava bez obzira na odluke Ustavnog suda BiH"},"content":{"rendered":"<p>Premijer Republike Srpske Savo Mini\u0107 izjavio je da su tvrdnje o tome kako neustavni Dan RS-a ove godine ne\u0107e biti obilje\u017een neutemeljene, navode\u0107i da su pripreme za obilje\u017eavanje u zavr\u0161noj fazi i da se aktivnosti odvijaju prema planu.<\/p>\n<p>Mini\u0107 je naglasio da \u0107e 9. januar, uprkos ranijim odlukama Ustavnog suda BiH, biti obilje\u017een nizom doga\u0111aja \u0161irom tog bh. entiteta, a program po\u010dinje ve\u0107 5. januara. Kako je naveo, tog dana planirano je otvaranje nove bolnice u Trebinju, dok su za 8. januar predvi\u0111eni otkrivanje Spomenika poginulim borcima Vojske Republike Srpske, sve\u010dana akademija u Sportskoj dvorani Borik u Banjoj Luci, kao i prijem u Vladi RS-a.<\/p>\n<p>Centralni doga\u0111aj, prema njegovim rije\u010dima, zakazan je za 9. januar, kada \u0107e u Banjoj Luci biti organiziran sve\u010dani defile, dok je za 10. januar planirano obilje\u017eavanje Dana RS-a i na podru\u010dju Br\u010dkog.<\/p>\n<p>\u201eNije mi jasno odakle dolaze spekulacije da se Dan Republike ne\u0107e obilje\u017eiti, pripreme su u punom jeku\u201c, poru\u010dio je Mini\u0107, dodaju\u0107i da \u0107e sve aktivnosti biti provedene, kako ka\u017ee, dostojanstveno i u skladu s tradicijom, uz u\u010de\u0161\u0107e institucija Republike Srpske.<\/p>\n<p>Podsje\u0107amo, Ustavni sud Bosne i Hercegovine je u vi\u0161e navrata utvrdio da je obilje\u017eavanje 9. januara kao Dana RS neustavno jer diskriminira Bo\u0161njake i Hrvate, s obzirom na to da je rije\u010d o datumu koji ima vjerski zna\u010daj isklju\u010divo za jedan narod u tom entitetu. Odluke Ustavnog suda su kona\u010dne i obavezuju\u0107e na cijelom teritoriju Bosne i Hercegovine, uklju\u010duju\u0107i i entitete.<\/p>\n<p>U tom kontekstu, ranije se ogla\u0161avao i visoki predstavnik u BiH Christian Schmidt, upozoravaju\u0107i da ignoriranje odluka Ustavnog suda predstavlja ozbiljno kr\u0161enje ustavnog poretka i da mo\u017ee imati pravne posljedice za one koji u\u010destvuju u organizaciji obilje\u017eavanja. Schmidt je posebno ukazivao na odgovornost policijskih i pravosudnih institucija, nagla\u0161avaju\u0107i da se neprovo\u0111enje odluka najvi\u0161eg suda u dr\u017eavi tretira kao krivi\u010dno djelo.<\/p>\n<p>Nakon najava iz Vlade Republike Srpske o nastavku priprema, ponovo se otvara pitanje ho\u0107e li i na koji na\u010din visoki predstavnik reagirati na obilje\u017eavanje neustavnog 9. januara.<\/p>\n","protected":false},"excerpt":{"rendered":"<p>Premijer Republike Srpske Savo Mini\u0107 izjavio je da su tvrdnje o tome kako neustavni Dan&hellip;<\/p>\n","protected":false},"author":8,"featured_media":280066,"comment_status":"closed","ping_status":"closed","sticky":false,"template":"","format":"standard","meta":{"_acf_changed":false,"footnotes":""},"categories":[291],"tags":[12643],"acf":[],"yoast_head":"<!-- This site is optimized with the Yoast SEO plugin v23.5 - https:\/\/yoast.com\/wordpress\/plugins\/seo\/ -->\n<title>Mini\u0107 poru\u010dio da se neustavni Dan RS-a obilje\u017eava bez obzira na odluke Ustavnog suda BiH - TuzlaInfo.ba<\/title>\n<meta name=\"robots\" content=\"index, follow, max-snippet:-1, max-image-preview:large, max-video-preview:-1\" \/>\n<link rel=\"canonical\" href=\"https:\/\/tuzlainfo.ba\/index.php\/bosna-i-hercegovina\/item\/290166-minic-porucio-da-se-neustavni-dan-rs-a-obiljezava-bez-obzira-na-odluke-ustavnog-suda-bih\/\" \/>\n<meta property=\"og:locale\" content=\"bs_BA\" \/>\n<meta property=\"og:type\" content=\"article\" \/>\n<meta property=\"og:title\" content=\"Mini\u0107 poru\u010dio da se neustavni Dan RS-a obilje\u017eava bez obzira na odluke Ustavnog suda BiH - TuzlaInfo.ba\" \/>\n<meta property=\"og:description\" content=\"Premijer Republike Srpske Savo Mini\u0107 izjavio je da su tvrdnje o tome kako neustavni Dan&hellip;\" \/>\n<meta property=\"og:url\" content=\"https:\/\/tuzlainfo.ba\/index.php\/bosna-i-hercegovina\/item\/290166-minic-porucio-da-se-neustavni-dan-rs-a-obiljezava-bez-obzira-na-odluke-ustavnog-suda-bih\/\" \/>\n<meta property=\"og:site_name\" content=\"TuzlaInfo.ba\" \/>\n<meta property=\"article:publisher\" content=\"https:\/\/www.facebook.com\/tuzlainfo.ba\/\" \/>\n<meta property=\"article:published_time\" content=\"2025-12-24T08:27:56+00:00\" \/>\n<meta property=\"article:modified_time\" content=\"2025-12-24T07:30:09+00:00\" \/>\n<meta property=\"og:image\" content=\"https:\/\/tuzlainfo.ba\/wp-content\/uploads\/2025\/09\/0909_savo-minic.jpg\" \/>\n\t<meta property=\"og:image:width\" content=\"768\" \/>\n\t<meta property=\"og:image:height\" content=\"480\" \/>\n\t<meta property=\"og:image:type\" content=\"image\/jpeg\" \/>\n<meta name=\"author\" content=\"Admin Tri\" \/>\n<meta name=\"twitter:card\" content=\"summary_large_image\" \/>\n<meta name=\"twitter:label1\" content=\"Written by\" \/>\n\t<meta name=\"twitter:data1\" content=\"Admin Tri\" \/>\n\t<meta name=\"twitter:label2\" content=\"Est. reading time\" \/>\n\t<meta name=\"twitter:data2\" content=\"2 minute\" \/>\n<script type=\"application\/ld+json\" class=\"yoast-schema-graph\">{\"@context\":\"https:\/\/schema.org\",\"@graph\":[{\"@type\":\"Article\",\"@id\":\"https:\/\/tuzlainfo.ba\/index.php\/bosna-i-hercegovina\/item\/290166-minic-porucio-da-se-neustavni-dan-rs-a-obiljezava-bez-obzira-na-odluke-ustavnog-suda-bih\/#article\",\"isPartOf\":{\"@id\":\"https:\/\/tuzlainfo.ba\/index.php\/bosna-i-hercegovina\/item\/290166-minic-porucio-da-se-neustavni-dan-rs-a-obiljezava-bez-obzira-na-odluke-ustavnog-suda-bih\/\"},\"author\":{\"name\":\"Admin Tri\",\"@id\":\"https:\/\/tuzlainfo.ba\/#\/schema\/person\/593e78a2f6378c5ba3e7600ecfa4e63a\"},\"headline\":\"Mini\u0107 poru\u010dio da se neustavni Dan RS-a obilje\u017eava bez obzira na odluke Ustavnog suda BiH\",\"datePublished\":\"2025-12-24T08:27:56+00:00\",\"dateModified\":\"2025-12-24T07:30:09+00:00\",\"mainEntityOfPage\":{\"@id\":\"https:\/\/tuzlainfo.ba\/index.php\/bosna-i-hercegovina\/item\/290166-minic-porucio-da-se-neustavni-dan-rs-a-obiljezava-bez-obzira-na-odluke-ustavnog-suda-bih\/\"},\"wordCount\":383,\"publisher\":{\"@id\":\"https:\/\/tuzlainfo.ba\/#organization\"},\"image\":{\"@id\":\"https:\/\/tuzlainfo.ba\/index.php\/bosna-i-hercegovina\/item\/290166-minic-porucio-da-se-neustavni-dan-rs-a-obiljezava-bez-obzira-na-odluke-ustavnog-suda-bih\/#primaryimage\"},\"thumbnailUrl\":\"https:\/\/tuzlainfo.ba\/wp-content\/uploads\/2025\/09\/0909_savo-minic.jpg\",\"keywords\":[\"savo mini\u0107\"],\"articleSection\":[\"Bosna i Hercegovina\"],\"inLanguage\":\"bs-BA\"},{\"@type\":\"WebPage\",\"@id\":\"https:\/\/tuzlainfo.ba\/index.php\/bosna-i-hercegovina\/item\/290166-minic-porucio-da-se-neustavni-dan-rs-a-obiljezava-bez-obzira-na-odluke-ustavnog-suda-bih\/\",\"url\":\"https:\/\/tuzlainfo.ba\/index.php\/bosna-i-hercegovina\/item\/290166-minic-porucio-da-se-neustavni-dan-rs-a-obiljezava-bez-obzira-na-odluke-ustavnog-suda-bih\/\",\"name\":\"Mini\u0107 poru\u010dio da se neustavni Dan RS-a obilje\u017eava bez obzira na odluke Ustavnog suda BiH - TuzlaInfo.ba\",\"isPartOf\":{\"@id\":\"https:\/\/tuzlainfo.ba\/#website\"},\"primaryImageOfPage\":{\"@id\":\"https:\/\/tuzlainfo.ba\/index.php\/bosna-i-hercegovina\/item\/290166-minic-porucio-da-se-neustavni-dan-rs-a-obiljezava-bez-obzira-na-odluke-ustavnog-suda-bih\/#primaryimage\"},\"image\":{\"@id\":\"https:\/\/tuzlainfo.ba\/index.php\/bosna-i-hercegovina\/item\/290166-minic-porucio-da-se-neustavni-dan-rs-a-obiljezava-bez-obzira-na-odluke-ustavnog-suda-bih\/#primaryimage\"},\"thumbnailUrl\":\"https:\/\/tuzlainfo.ba\/wp-content\/uploads\/2025\/09\/0909_savo-minic.jpg\",\"datePublished\":\"2025-12-24T08:27:56+00:00\",\"dateModified\":\"2025-12-24T07:30:09+00:00\",\"breadcrumb\":{\"@id\":\"https:\/\/tuzlainfo.ba\/index.php\/bosna-i-hercegovina\/item\/290166-minic-porucio-da-se-neustavni-dan-rs-a-obiljezava-bez-obzira-na-odluke-ustavnog-suda-bih\/#breadcrumb\"},\"inLanguage\":\"bs-BA\",\"potentialAction\":[{\"@type\":\"ReadAction\",\"target\":[\"https:\/\/tuzlainfo.ba\/index.php\/bosna-i-hercegovina\/item\/290166-minic-porucio-da-se-neustavni-dan-rs-a-obiljezava-bez-obzira-na-odluke-ustavnog-suda-bih\/\"]}]},{\"@type\":\"ImageObject\",\"inLanguage\":\"bs-BA\",\"@id\":\"https:\/\/tuzlainfo.ba\/index.php\/bosna-i-hercegovina\/item\/290166-minic-porucio-da-se-neustavni-dan-rs-a-obiljezava-bez-obzira-na-odluke-ustavnog-suda-bih\/#primaryimage\",\"url\":\"https:\/\/tuzlainfo.ba\/wp-content\/uploads\/2025\/09\/0909_savo-minic.jpg\",\"contentUrl\":\"https:\/\/tuzlainfo.ba\/wp-content\/uploads\/2025\/09\/0909_savo-minic.jpg\",\"width\":768,\"height\":480},{\"@type\":\"BreadcrumbList\",\"@id\":\"https:\/\/tuzlainfo.ba\/index.php\/bosna-i-hercegovina\/item\/290166-minic-porucio-da-se-neustavni-dan-rs-a-obiljezava-bez-obzira-na-odluke-ustavnog-suda-bih\/#breadcrumb\",\"itemListElement\":[{\"@type\":\"ListItem\",\"position\":1,\"name\":\"Home\",\"item\":\"https:\/\/tuzlainfo.ba\/\"},{\"@type\":\"ListItem\",\"position\":2,\"name\":\"Mini\u0107 poru\u010dio da se neustavni Dan RS-a obilje\u017eava bez obzira na odluke Ustavnog suda BiH\"}]},{\"@type\":\"WebSite\",\"@id\":\"https:\/\/tuzlainfo.ba\/#website\",\"url\":\"https:\/\/tuzlainfo.ba\/\",\"name\":\"TuzlaInfo.ba\",\"description\":\"Tuzla info, gradski informator - Tuzla na dlanu\",\"publisher\":{\"@id\":\"https:\/\/tuzlainfo.ba\/#organization\"},\"potentialAction\":[{\"@type\":\"SearchAction\",\"target\":{\"@type\":\"EntryPoint\",\"urlTemplate\":\"https:\/\/tuzlainfo.ba\/?s={search_term_string}\"},\"query-input\":{\"@type\":\"PropertyValueSpecification\",\"valueRequired\":true,\"valueName\":\"search_term_string\"}}],\"inLanguage\":\"bs-BA\"},{\"@type\":\"Organization\",\"@id\":\"https:\/\/tuzlainfo.ba\/#organization\",\"name\":\"TuzlaInfo.ba\",\"url\":\"https:\/\/tuzlainfo.ba\/\",\"logo\":{\"@type\":\"ImageObject\",\"inLanguage\":\"bs-BA\",\"@id\":\"https:\/\/tuzlainfo.ba\/#\/schema\/logo\/image\/\",\"url\":\"https:\/\/tuzlainfo.ba\/wp-content\/uploads\/2021\/03\/logo-ver-3-1.png\",\"contentUrl\":\"https:\/\/tuzlainfo.ba\/wp-content\/uploads\/2021\/03\/logo-ver-3-1.png\",\"width\":350,\"height\":95,\"caption\":\"TuzlaInfo.ba\"},\"image\":{\"@id\":\"https:\/\/tuzlainfo.ba\/#\/schema\/logo\/image\/\"},\"sameAs\":[\"https:\/\/www.facebook.com\/tuzlainfo.ba\/\"]},{\"@type\":\"Person\",\"@id\":\"https:\/\/tuzlainfo.ba\/#\/schema\/person\/593e78a2f6378c5ba3e7600ecfa4e63a\",\"name\":\"Admin Tri\",\"image\":{\"@type\":\"ImageObject\",\"inLanguage\":\"bs-BA\",\"@id\":\"https:\/\/tuzlainfo.ba\/#\/schema\/person\/image\/\",\"url\":\"https:\/\/tuzlainfo.ba\/wp-content\/litespeed\/avatar\/b7920db4cc34a71ad12497283ad2fe3f.jpg?ver=1777100914\",\"contentUrl\":\"https:\/\/tuzlainfo.ba\/wp-content\/litespeed\/avatar\/b7920db4cc34a71ad12497283ad2fe3f.jpg?ver=1777100914\",\"caption\":\"Admin Tri\"},\"sameAs\":[\"https:\/\/tuzlainfo.ba\"]}]}<\/script>\n<!-- \/ Yoast SEO plugin. -->","yoast_head_json":{"title":"Mini\u0107 poru\u010dio da se neustavni Dan RS-a obilje\u017eava bez obzira na odluke Ustavnog suda BiH - TuzlaInfo.ba","robots":{"index":"index","follow":"follow","max-snippet":"max-snippet:-1","max-image-preview":"max-image-preview:large","max-video-preview":"max-video-preview:-1"},"canonical":"https:\/\/tuzlainfo.ba\/index.php\/bosna-i-hercegovina\/item\/290166-minic-porucio-da-se-neustavni-dan-rs-a-obiljezava-bez-obzira-na-odluke-ustavnog-suda-bih\/","og_locale":"bs_BA","og_type":"article","og_title":"Mini\u0107 poru\u010dio da se neustavni Dan RS-a obilje\u017eava bez obzira na odluke Ustavnog suda BiH - TuzlaInfo.ba","og_description":"Premijer Republike Srpske Savo Mini\u0107 izjavio je da su tvrdnje o tome kako neustavni Dan&hellip;","og_url":"https:\/\/tuzlainfo.ba\/index.php\/bosna-i-hercegovina\/item\/290166-minic-porucio-da-se-neustavni-dan-rs-a-obiljezava-bez-obzira-na-odluke-ustavnog-suda-bih\/","og_site_name":"TuzlaInfo.ba","article_publisher":"https:\/\/www.facebook.com\/tuzlainfo.ba\/","article_published_time":"2025-12-24T08:27:56+00:00","article_modified_time":"2025-12-24T07:30:09+00:00","og_image":[{"width":768,"height":480,"url":"https:\/\/tuzlainfo.ba\/wp-content\/uploads\/2025\/09\/0909_savo-minic.jpg","type":"image\/jpeg"}],"author":"Admin Tri","twitter_card":"summary_large_image","twitter_misc":{"Written by":"Admin Tri","Est. reading time":"2 minute"},"schema":{"@context":"https:\/\/schema.org","@graph":[{"@type":"Article","@id":"https:\/\/tuzlainfo.ba\/index.php\/bosna-i-hercegovina\/item\/290166-minic-porucio-da-se-neustavni-dan-rs-a-obiljezava-bez-obzira-na-odluke-ustavnog-suda-bih\/#article","isPartOf":{"@id":"https:\/\/tuzlainfo.ba\/index.php\/bosna-i-hercegovina\/item\/290166-minic-porucio-da-se-neustavni-dan-rs-a-obiljezava-bez-obzira-na-odluke-ustavnog-suda-bih\/"},"author":{"name":"Admin Tri","@id":"https:\/\/tuzlainfo.ba\/#\/schema\/person\/593e78a2f6378c5ba3e7600ecfa4e63a"},"headline":"Mini\u0107 poru\u010dio da se neustavni Dan RS-a obilje\u017eava bez obzira na odluke Ustavnog suda BiH","datePublished":"2025-12-24T08:27:56+00:00","dateModified":"2025-12-24T07:30:09+00:00","mainEntityOfPage":{"@id":"https:\/\/tuzlainfo.ba\/index.php\/bosna-i-hercegovina\/item\/290166-minic-porucio-da-se-neustavni-dan-rs-a-obiljezava-bez-obzira-na-odluke-ustavnog-suda-bih\/"},"wordCount":383,"publisher":{"@id":"https:\/\/tuzlainfo.ba\/#organization"},"image":{"@id":"https:\/\/tuzlainfo.ba\/index.php\/bosna-i-hercegovina\/item\/290166-minic-porucio-da-se-neustavni-dan-rs-a-obiljezava-bez-obzira-na-odluke-ustavnog-suda-bih\/#primaryimage"},"thumbnailUrl":"https:\/\/tuzlainfo.ba\/wp-content\/uploads\/2025\/09\/0909_savo-minic.jpg","keywords":["savo mini\u0107"],"articleSection":["Bosna i Hercegovina"],"inLanguage":"bs-BA"},{"@type":"WebPage","@id":"https:\/\/tuzlainfo.ba\/index.php\/bosna-i-hercegovina\/item\/290166-minic-porucio-da-se-neustavni-dan-rs-a-obiljezava-bez-obzira-na-odluke-ustavnog-suda-bih\/","url":"https:\/\/tuzlainfo.ba\/index.php\/bosna-i-hercegovina\/item\/290166-minic-porucio-da-se-neustavni-dan-rs-a-obiljezava-bez-obzira-na-odluke-ustavnog-suda-bih\/","name":"Mini\u0107 poru\u010dio da se neustavni Dan RS-a obilje\u017eava bez obzira na odluke Ustavnog suda BiH - TuzlaInfo.ba","isPartOf":{"@id":"https:\/\/tuzlainfo.ba\/#website"},"primaryImageOfPage":{"@id":"https:\/\/tuzlainfo.ba\/index.php\/bosna-i-hercegovina\/item\/290166-minic-porucio-da-se-neustavni-dan-rs-a-obiljezava-bez-obzira-na-odluke-ustavnog-suda-bih\/#primaryimage"},"image":{"@id":"https:\/\/tuzlainfo.ba\/index.php\/bosna-i-hercegovina\/item\/290166-minic-porucio-da-se-neustavni-dan-rs-a-obiljezava-bez-obzira-na-odluke-ustavnog-suda-bih\/#primaryimage"},"thumbnailUrl":"https:\/\/tuzlainfo.ba\/wp-content\/uploads\/2025\/09\/0909_savo-minic.jpg","datePublished":"2025-12-24T08:27:56+00:00","dateModified":"2025-12-24T07:30:09+00:00","breadcrumb":{"@id":"https:\/\/tuzlainfo.ba\/index.php\/bosna-i-hercegovina\/item\/290166-minic-porucio-da-se-neustavni-dan-rs-a-obiljezava-bez-obzira-na-odluke-ustavnog-suda-bih\/#breadcrumb"},"inLanguage":"bs-BA","potentialAction":[{"@type":"ReadAction","target":["https:\/\/tuzlainfo.ba\/index.php\/bosna-i-hercegovina\/item\/290166-minic-porucio-da-se-neustavni-dan-rs-a-obiljezava-bez-obzira-na-odluke-ustavnog-suda-bih\/"]}]},{"@type":"ImageObject","inLanguage":"bs-BA","@id":"https:\/\/tuzlainfo.ba\/index.php\/bosna-i-hercegovina\/item\/290166-minic-porucio-da-se-neustavni-dan-rs-a-obiljezava-bez-obzira-na-odluke-ustavnog-suda-bih\/#primaryimage","url":"https:\/\/tuzlainfo.ba\/wp-content\/uploads\/2025\/09\/0909_savo-minic.jpg","contentUrl":"https:\/\/tuzlainfo.ba\/wp-content\/uploads\/2025\/09\/0909_savo-minic.jpg","width":768,"height":480},{"@type":"BreadcrumbList","@id":"https:\/\/tuzlainfo.ba\/index.php\/bosna-i-hercegovina\/item\/290166-minic-porucio-da-se-neustavni-dan-rs-a-obiljezava-bez-obzira-na-odluke-ustavnog-suda-bih\/#breadcrumb","itemListElement":[{"@type":"ListItem","position":1,"name":"Home","item":"https:\/\/tuzlainfo.ba\/"},{"@type":"ListItem","position":2,"name":"Mini\u0107 poru\u010dio da se neustavni Dan RS-a obilje\u017eava bez obzira na odluke Ustavnog suda BiH"}]},{"@type":"WebSite","@id":"https:\/\/tuzlainfo.ba\/#website","url":"https:\/\/tuzlainfo.ba\/","name":"TuzlaInfo.ba","description":"Tuzla info, gradski informator - Tuzla na dlanu","publisher":{"@id":"https:\/\/tuzlainfo.ba\/#organization"},"potentialAction":[{"@type":"SearchAction","target":{"@type":"EntryPoint","urlTemplate":"https:\/\/tuzlainfo.ba\/?s={search_term_string}"},"query-input":{"@type":"PropertyValueSpecification","valueRequired":true,"valueName":"search_term_string"}}],"inLanguage":"bs-BA"},{"@type":"Organization","@id":"https:\/\/tuzlainfo.ba\/#organization","name":"TuzlaInfo.ba","url":"https:\/\/tuzlainfo.ba\/","logo":{"@type":"ImageObject","inLanguage":"bs-BA","@id":"https:\/\/tuzlainfo.ba\/#\/schema\/logo\/image\/","url":"https:\/\/tuzlainfo.ba\/wp-content\/uploads\/2021\/03\/logo-ver-3-1.png","contentUrl":"https:\/\/tuzlainfo.ba\/wp-content\/uploads\/2021\/03\/logo-ver-3-1.png","width":350,"height":95,"caption":"TuzlaInfo.ba"},"image":{"@id":"https:\/\/tuzlainfo.ba\/#\/schema\/logo\/image\/"},"sameAs":["https:\/\/www.facebook.com\/tuzlainfo.ba\/"]},{"@type":"Person","@id":"https:\/\/tuzlainfo.ba\/#\/schema\/person\/593e78a2f6378c5ba3e7600ecfa4e63a","name":"Admin Tri","image":{"@type":"ImageObject","inLanguage":"bs-BA","@id":"https:\/\/tuzlainfo.ba\/#\/schema\/person\/image\/","url":"https:\/\/tuzlainfo.ba\/wp-content\/litespeed\/avatar\/b7920db4cc34a71ad12497283ad2fe3f.jpg?ver=1777100914","contentUrl":"https:\/\/tuzlainfo.ba\/wp-content\/litespeed\/avatar\/b7920db4cc34a71ad12497283ad2fe3f.jpg?ver=1777100914","caption":"Admin Tri"},"sameAs":["https:\/\/tuzlainfo.ba"]}]}},"_links":{"self":[{"href":"https:\/\/tuzlainfo.ba\/index.php\/wp-json\/wp\/v2\/posts\/290166"}],"collection":[{"href":"https:\/\/tuzlainfo.ba\/index.php\/wp-json\/wp\/v2\/posts"}],"about":[{"href":"https:\/\/tuzlainfo.ba\/index.php\/wp-json\/wp\/v2\/types\/post"}],"author":[{"embeddable":true,"href":"https:\/\/tuzlainfo.ba\/index.php\/wp-json\/wp\/v2\/users\/8"}],"replies":[{"embeddable":true,"href":"https:\/\/tuzlainfo.ba\/index.php\/wp-json\/wp\/v2\/comments?post=290166"}],"version-history":[{"count":1,"href":"https:\/\/tuzlainfo.ba\/index.php\/wp-json\/wp\/v2\/posts\/290166\/revisions"}],"predecessor-version":[{"id":290167,"href":"https:\/\/tuzlainfo.ba\/index.php\/wp-json\/wp\/v2\/posts\/290166\/revisions\/290167"}],"wp:featuredmedia":[{"embeddable":true,"href":"https:\/\/tuzlainfo.ba\/index.php\/wp-json\/wp\/v2\/media\/280066"}],"wp:attachment":[{"href":"https:\/\/tuzlainfo.ba\/index.php\/wp-json\/wp\/v2\/media?parent=290166"}],"wp:term":[{"taxonomy":"category","embeddable":true,"href":"https:\/\/tuzlainfo.ba\/index.php\/wp-json\/wp\/v2\/categories?post=290166"},{"taxonomy":"post_tag","embeddable":true,"href":"https:\/\/tuzlainfo.ba\/index.php\/wp-json\/wp\/v2\/tags?post=290166"}],"curies":[{"name":"wp","href":"https:\/\/api.w.org\/{rel}","templated":true}]}}