{"id":289893,"date":"2025-12-22T14:08:49","date_gmt":"2025-12-22T13:08:49","guid":{"rendered":"https:\/\/tuzlainfo.ba\/?p=289893"},"modified":"2025-12-22T13:02:30","modified_gmt":"2025-12-22T12:02:30","slug":"plakete-knjige-i-stipendije-sutra-promocija-118-ucenika-generacije-iz-skola-u-tuzlanskom-kantonu","status":"publish","type":"post","link":"https:\/\/tuzlainfo.ba\/index.php\/novosti\/item\/289893-plakete-knjige-i-stipendije-sutra-promocija-118-ucenika-generacije-iz-skola-u-tuzlanskom-kantonu\/","title":{"rendered":"Plakete, knjige i stipendije: Sutra promocija 118 u\u010denika generacije iz \u0161kola u Tuzlanskom kantonu"},"content":{"rendered":"<p data-start=\"75\" data-end=\"303\">Ministarstvo obrazovanja i nauke Tuzlanskog kantona organizuje promociju u\u010denika generacije za \u0161kolsku 2024\/2025. godinu, koja \u0107e biti odr\u017eana u utorak, 23. decembra 2025. godine, u Narodnom pozori\u0161tu Tuzla s po\u010detkom u 11 sati.<\/p>\n<p data-start=\"305\" data-end=\"514\">Ova manifestacija posve\u0107ena je najboljim u\u010denicima osnovnih i srednjih \u0161kola s podru\u010dja Tuzlanskog kantona, koji su tokom \u0161kolovanja ostvarili izuzetne rezultate u u\u010denju, vladanju i vannastavnim aktivnostima.<\/p>\n<p data-start=\"516\" data-end=\"789\">Na promociji \u0107e biti predstavljeno ukupno 118 u\u010denika generacije, od \u010dega 88 u\u010denika iz osnovnih \u0161kola i 30 u\u010denika iz srednjih \u0161kola. Time Ministarstvo obrazovanja i nauke TK \u017eeli dodatno afirmirati znanje, rad i zalaganje mladih ljudi koji su se istakli u svojim \u0161kolama.<\/p>\n<p data-start=\"791\" data-end=\"956\">U\u010denicima generacije ovom prilikom bit \u0107e uru\u010dene plakete i prigodne poklon-knjige, kao simbol priznanja za njihov dosada\u0161nji trud i postignu\u0107a u obrazovnom procesu.<\/p>\n<p data-start=\"958\" data-end=\"1186\" data-is-last-node=\"\" data-is-only-node=\"\">Pored toga, za sve promovirane u\u010denike osigurane su i jednokratne stipendije, koje \u0107e biti ispla\u0107ene direktno na njihove bankovne ra\u010dune, \u010dime se nastavlja praksa institucionalne podr\u0161ke najboljim u\u010denicima u Tuzlanskom kantonu.<\/p>\n","protected":false},"excerpt":{"rendered":"<p>Ministarstvo obrazovanja i nauke Tuzlanskog kantona organizuje promociju u\u010denika generacije za \u0161kolsku 2024\/2025. godinu, koja&hellip;<\/p>\n","protected":false},"author":2,"featured_media":225183,"comment_status":"closed","ping_status":"closed","sticky":false,"template":"","format":"standard","meta":{"_acf_changed":false,"footnotes":""},"categories":[304,12],"tags":[360,13187],"acf":[],"yoast_head":"<!-- This site is optimized with the Yoast SEO plugin v23.5 - https:\/\/yoast.com\/wordpress\/plugins\/seo\/ -->\n<title>Plakete, knjige i stipendije: Sutra promocija 118 u\u010denika generacije iz \u0161kola u Tuzlanskom kantonu - TuzlaInfo.ba<\/title>\n<meta name=\"robots\" content=\"index, follow, max-snippet:-1, max-image-preview:large, max-video-preview:-1\" \/>\n<link rel=\"canonical\" href=\"https:\/\/tuzlainfo.ba\/index.php\/novosti\/item\/289893-plakete-knjige-i-stipendije-sutra-promocija-118-ucenika-generacije-iz-skola-u-tuzlanskom-kantonu\/\" \/>\n<meta property=\"og:locale\" content=\"bs_BA\" \/>\n<meta property=\"og:type\" content=\"article\" \/>\n<meta property=\"og:title\" content=\"Plakete, knjige i stipendije: Sutra promocija 118 u\u010denika generacije iz \u0161kola u Tuzlanskom kantonu - TuzlaInfo.ba\" \/>\n<meta property=\"og:description\" content=\"Ministarstvo obrazovanja i nauke Tuzlanskog kantona organizuje promociju u\u010denika generacije za \u0161kolsku 2024\/2025. godinu, koja&hellip;\" \/>\n<meta property=\"og:url\" content=\"https:\/\/tuzlainfo.ba\/index.php\/novosti\/item\/289893-plakete-knjige-i-stipendije-sutra-promocija-118-ucenika-generacije-iz-skola-u-tuzlanskom-kantonu\/\" \/>\n<meta property=\"og:site_name\" content=\"TuzlaInfo.ba\" \/>\n<meta property=\"article:publisher\" content=\"https:\/\/www.facebook.com\/tuzlainfo.ba\/\" \/>\n<meta property=\"article:published_time\" content=\"2025-12-22T13:08:49+00:00\" \/>\n<meta property=\"article:modified_time\" content=\"2025-12-22T12:02:30+00:00\" \/>\n<meta property=\"og:image\" content=\"https:\/\/tuzlainfo.ba\/wp-content\/uploads\/2023\/12\/promocija_ucenika-1.jpg\" \/>\n\t<meta property=\"og:image:width\" content=\"1000\" \/>\n\t<meta property=\"og:image:height\" content=\"683\" \/>\n\t<meta property=\"og:image:type\" content=\"image\/jpeg\" \/>\n<meta name=\"author\" content=\"nedim\" \/>\n<meta name=\"twitter:card\" content=\"summary_large_image\" \/>\n<meta name=\"twitter:label1\" content=\"Written by\" \/>\n\t<meta name=\"twitter:data1\" content=\"nedim\" \/>\n\t<meta name=\"twitter:label2\" content=\"Est. reading time\" \/>\n\t<meta name=\"twitter:data2\" content=\"2 minute\" \/>\n<script type=\"application\/ld+json\" class=\"yoast-schema-graph\">{\"@context\":\"https:\/\/schema.org\",\"@graph\":[{\"@type\":\"Article\",\"@id\":\"https:\/\/tuzlainfo.ba\/index.php\/novosti\/item\/289893-plakete-knjige-i-stipendije-sutra-promocija-118-ucenika-generacije-iz-skola-u-tuzlanskom-kantonu\/#article\",\"isPartOf\":{\"@id\":\"https:\/\/tuzlainfo.ba\/index.php\/novosti\/item\/289893-plakete-knjige-i-stipendije-sutra-promocija-118-ucenika-generacije-iz-skola-u-tuzlanskom-kantonu\/\"},\"author\":{\"name\":\"nedim\",\"@id\":\"https:\/\/tuzlainfo.ba\/#\/schema\/person\/f434e20dc27ea133923aab08451b7f7f\"},\"headline\":\"Plakete, knjige i stipendije: Sutra promocija 118 u\u010denika generacije iz \u0161kola u Tuzlanskom kantonu\",\"datePublished\":\"2025-12-22T13:08:49+00:00\",\"dateModified\":\"2025-12-22T12:02:30+00:00\",\"mainEntityOfPage\":{\"@id\":\"https:\/\/tuzlainfo.ba\/index.php\/novosti\/item\/289893-plakete-knjige-i-stipendije-sutra-promocija-118-ucenika-generacije-iz-skola-u-tuzlanskom-kantonu\/\"},\"wordCount\":185,\"publisher\":{\"@id\":\"https:\/\/tuzlainfo.ba\/#organization\"},\"image\":{\"@id\":\"https:\/\/tuzlainfo.ba\/index.php\/novosti\/item\/289893-plakete-knjige-i-stipendije-sutra-promocija-118-ucenika-generacije-iz-skola-u-tuzlanskom-kantonu\/#primaryimage\"},\"thumbnailUrl\":\"https:\/\/tuzlainfo.ba\/wp-content\/uploads\/2023\/12\/promocija_ucenika-1.jpg\",\"keywords\":[\"tuzlanski kanton\",\"ucenik generacije\"],\"articleSection\":[\"Istaknuto\",\"Novosti\"],\"inLanguage\":\"bs-BA\"},{\"@type\":\"WebPage\",\"@id\":\"https:\/\/tuzlainfo.ba\/index.php\/novosti\/item\/289893-plakete-knjige-i-stipendije-sutra-promocija-118-ucenika-generacije-iz-skola-u-tuzlanskom-kantonu\/\",\"url\":\"https:\/\/tuzlainfo.ba\/index.php\/novosti\/item\/289893-plakete-knjige-i-stipendije-sutra-promocija-118-ucenika-generacije-iz-skola-u-tuzlanskom-kantonu\/\",\"name\":\"Plakete, knjige i stipendije: Sutra promocija 118 u\u010denika generacije iz \u0161kola u Tuzlanskom kantonu - TuzlaInfo.ba\",\"isPartOf\":{\"@id\":\"https:\/\/tuzlainfo.ba\/#website\"},\"primaryImageOfPage\":{\"@id\":\"https:\/\/tuzlainfo.ba\/index.php\/novosti\/item\/289893-plakete-knjige-i-stipendije-sutra-promocija-118-ucenika-generacije-iz-skola-u-tuzlanskom-kantonu\/#primaryimage\"},\"image\":{\"@id\":\"https:\/\/tuzlainfo.ba\/index.php\/novosti\/item\/289893-plakete-knjige-i-stipendije-sutra-promocija-118-ucenika-generacije-iz-skola-u-tuzlanskom-kantonu\/#primaryimage\"},\"thumbnailUrl\":\"https:\/\/tuzlainfo.ba\/wp-content\/uploads\/2023\/12\/promocija_ucenika-1.jpg\",\"datePublished\":\"2025-12-22T13:08:49+00:00\",\"dateModified\":\"2025-12-22T12:02:30+00:00\",\"breadcrumb\":{\"@id\":\"https:\/\/tuzlainfo.ba\/index.php\/novosti\/item\/289893-plakete-knjige-i-stipendije-sutra-promocija-118-ucenika-generacije-iz-skola-u-tuzlanskom-kantonu\/#breadcrumb\"},\"inLanguage\":\"bs-BA\",\"potentialAction\":[{\"@type\":\"ReadAction\",\"target\":[\"https:\/\/tuzlainfo.ba\/index.php\/novosti\/item\/289893-plakete-knjige-i-stipendije-sutra-promocija-118-ucenika-generacije-iz-skola-u-tuzlanskom-kantonu\/\"]}]},{\"@type\":\"ImageObject\",\"inLanguage\":\"bs-BA\",\"@id\":\"https:\/\/tuzlainfo.ba\/index.php\/novosti\/item\/289893-plakete-knjige-i-stipendije-sutra-promocija-118-ucenika-generacije-iz-skola-u-tuzlanskom-kantonu\/#primaryimage\",\"url\":\"https:\/\/tuzlainfo.ba\/wp-content\/uploads\/2023\/12\/promocija_ucenika-1.jpg\",\"contentUrl\":\"https:\/\/tuzlainfo.ba\/wp-content\/uploads\/2023\/12\/promocija_ucenika-1.jpg\",\"width\":1000,\"height\":683},{\"@type\":\"BreadcrumbList\",\"@id\":\"https:\/\/tuzlainfo.ba\/index.php\/novosti\/item\/289893-plakete-knjige-i-stipendije-sutra-promocija-118-ucenika-generacije-iz-skola-u-tuzlanskom-kantonu\/#breadcrumb\",\"itemListElement\":[{\"@type\":\"ListItem\",\"position\":1,\"name\":\"Home\",\"item\":\"https:\/\/tuzlainfo.ba\/\"},{\"@type\":\"ListItem\",\"position\":2,\"name\":\"Plakete, knjige i stipendije: Sutra promocija 118 u\u010denika generacije iz \u0161kola u Tuzlanskom kantonu\"}]},{\"@type\":\"WebSite\",\"@id\":\"https:\/\/tuzlainfo.ba\/#website\",\"url\":\"https:\/\/tuzlainfo.ba\/\",\"name\":\"TuzlaInfo.ba\",\"description\":\"Tuzla info, gradski informator - Tuzla na dlanu\",\"publisher\":{\"@id\":\"https:\/\/tuzlainfo.ba\/#organization\"},\"potentialAction\":[{\"@type\":\"SearchAction\",\"target\":{\"@type\":\"EntryPoint\",\"urlTemplate\":\"https:\/\/tuzlainfo.ba\/?s={search_term_string}\"},\"query-input\":{\"@type\":\"PropertyValueSpecification\",\"valueRequired\":true,\"valueName\":\"search_term_string\"}}],\"inLanguage\":\"bs-BA\"},{\"@type\":\"Organization\",\"@id\":\"https:\/\/tuzlainfo.ba\/#organization\",\"name\":\"TuzlaInfo.ba\",\"url\":\"https:\/\/tuzlainfo.ba\/\",\"logo\":{\"@type\":\"ImageObject\",\"inLanguage\":\"bs-BA\",\"@id\":\"https:\/\/tuzlainfo.ba\/#\/schema\/logo\/image\/\",\"url\":\"https:\/\/tuzlainfo.ba\/wp-content\/uploads\/2021\/03\/logo-ver-3-1.png\",\"contentUrl\":\"https:\/\/tuzlainfo.ba\/wp-content\/uploads\/2021\/03\/logo-ver-3-1.png\",\"width\":350,\"height\":95,\"caption\":\"TuzlaInfo.ba\"},\"image\":{\"@id\":\"https:\/\/tuzlainfo.ba\/#\/schema\/logo\/image\/\"},\"sameAs\":[\"https:\/\/www.facebook.com\/tuzlainfo.ba\/\"]},{\"@type\":\"Person\",\"@id\":\"https:\/\/tuzlainfo.ba\/#\/schema\/person\/f434e20dc27ea133923aab08451b7f7f\",\"name\":\"nedim\",\"image\":{\"@type\":\"ImageObject\",\"inLanguage\":\"bs-BA\",\"@id\":\"https:\/\/tuzlainfo.ba\/#\/schema\/person\/image\/\",\"url\":\"https:\/\/tuzlainfo.ba\/wp-content\/litespeed\/avatar\/aabad687af24844af817603ac1cbdc4f.jpg?ver=1776702173\",\"contentUrl\":\"https:\/\/tuzlainfo.ba\/wp-content\/litespeed\/avatar\/aabad687af24844af817603ac1cbdc4f.jpg?ver=1776702173\",\"caption\":\"nedim\"},\"description\":\"Tuzlainfo.ba pratite na dru\u0161tvenim mre\u017eama: Facebook, Instagram i Youtube. Svoje pri\u010de, upite i fotografije \u0161aljite na na\u0161u e-mail adresu.\"}]}<\/script>\n<!-- \/ Yoast SEO plugin. -->","yoast_head_json":{"title":"Plakete, knjige i stipendije: Sutra promocija 118 u\u010denika generacije iz \u0161kola u Tuzlanskom kantonu - TuzlaInfo.ba","robots":{"index":"index","follow":"follow","max-snippet":"max-snippet:-1","max-image-preview":"max-image-preview:large","max-video-preview":"max-video-preview:-1"},"canonical":"https:\/\/tuzlainfo.ba\/index.php\/novosti\/item\/289893-plakete-knjige-i-stipendije-sutra-promocija-118-ucenika-generacije-iz-skola-u-tuzlanskom-kantonu\/","og_locale":"bs_BA","og_type":"article","og_title":"Plakete, knjige i stipendije: Sutra promocija 118 u\u010denika generacije iz \u0161kola u Tuzlanskom kantonu - TuzlaInfo.ba","og_description":"Ministarstvo obrazovanja i nauke Tuzlanskog kantona organizuje promociju u\u010denika generacije za \u0161kolsku 2024\/2025. godinu, koja&hellip;","og_url":"https:\/\/tuzlainfo.ba\/index.php\/novosti\/item\/289893-plakete-knjige-i-stipendije-sutra-promocija-118-ucenika-generacije-iz-skola-u-tuzlanskom-kantonu\/","og_site_name":"TuzlaInfo.ba","article_publisher":"https:\/\/www.facebook.com\/tuzlainfo.ba\/","article_published_time":"2025-12-22T13:08:49+00:00","article_modified_time":"2025-12-22T12:02:30+00:00","og_image":[{"width":1000,"height":683,"url":"https:\/\/tuzlainfo.ba\/wp-content\/uploads\/2023\/12\/promocija_ucenika-1.jpg","type":"image\/jpeg"}],"author":"nedim","twitter_card":"summary_large_image","twitter_misc":{"Written by":"nedim","Est. reading time":"2 minute"},"schema":{"@context":"https:\/\/schema.org","@graph":[{"@type":"Article","@id":"https:\/\/tuzlainfo.ba\/index.php\/novosti\/item\/289893-plakete-knjige-i-stipendije-sutra-promocija-118-ucenika-generacije-iz-skola-u-tuzlanskom-kantonu\/#article","isPartOf":{"@id":"https:\/\/tuzlainfo.ba\/index.php\/novosti\/item\/289893-plakete-knjige-i-stipendije-sutra-promocija-118-ucenika-generacije-iz-skola-u-tuzlanskom-kantonu\/"},"author":{"name":"nedim","@id":"https:\/\/tuzlainfo.ba\/#\/schema\/person\/f434e20dc27ea133923aab08451b7f7f"},"headline":"Plakete, knjige i stipendije: Sutra promocija 118 u\u010denika generacije iz \u0161kola u Tuzlanskom kantonu","datePublished":"2025-12-22T13:08:49+00:00","dateModified":"2025-12-22T12:02:30+00:00","mainEntityOfPage":{"@id":"https:\/\/tuzlainfo.ba\/index.php\/novosti\/item\/289893-plakete-knjige-i-stipendije-sutra-promocija-118-ucenika-generacije-iz-skola-u-tuzlanskom-kantonu\/"},"wordCount":185,"publisher":{"@id":"https:\/\/tuzlainfo.ba\/#organization"},"image":{"@id":"https:\/\/tuzlainfo.ba\/index.php\/novosti\/item\/289893-plakete-knjige-i-stipendije-sutra-promocija-118-ucenika-generacije-iz-skola-u-tuzlanskom-kantonu\/#primaryimage"},"thumbnailUrl":"https:\/\/tuzlainfo.ba\/wp-content\/uploads\/2023\/12\/promocija_ucenika-1.jpg","keywords":["tuzlanski kanton","ucenik generacije"],"articleSection":["Istaknuto","Novosti"],"inLanguage":"bs-BA"},{"@type":"WebPage","@id":"https:\/\/tuzlainfo.ba\/index.php\/novosti\/item\/289893-plakete-knjige-i-stipendije-sutra-promocija-118-ucenika-generacije-iz-skola-u-tuzlanskom-kantonu\/","url":"https:\/\/tuzlainfo.ba\/index.php\/novosti\/item\/289893-plakete-knjige-i-stipendije-sutra-promocija-118-ucenika-generacije-iz-skola-u-tuzlanskom-kantonu\/","name":"Plakete, knjige i stipendije: Sutra promocija 118 u\u010denika generacije iz \u0161kola u Tuzlanskom kantonu - TuzlaInfo.ba","isPartOf":{"@id":"https:\/\/tuzlainfo.ba\/#website"},"primaryImageOfPage":{"@id":"https:\/\/tuzlainfo.ba\/index.php\/novosti\/item\/289893-plakete-knjige-i-stipendije-sutra-promocija-118-ucenika-generacije-iz-skola-u-tuzlanskom-kantonu\/#primaryimage"},"image":{"@id":"https:\/\/tuzlainfo.ba\/index.php\/novosti\/item\/289893-plakete-knjige-i-stipendije-sutra-promocija-118-ucenika-generacije-iz-skola-u-tuzlanskom-kantonu\/#primaryimage"},"thumbnailUrl":"https:\/\/tuzlainfo.ba\/wp-content\/uploads\/2023\/12\/promocija_ucenika-1.jpg","datePublished":"2025-12-22T13:08:49+00:00","dateModified":"2025-12-22T12:02:30+00:00","breadcrumb":{"@id":"https:\/\/tuzlainfo.ba\/index.php\/novosti\/item\/289893-plakete-knjige-i-stipendije-sutra-promocija-118-ucenika-generacije-iz-skola-u-tuzlanskom-kantonu\/#breadcrumb"},"inLanguage":"bs-BA","potentialAction":[{"@type":"ReadAction","target":["https:\/\/tuzlainfo.ba\/index.php\/novosti\/item\/289893-plakete-knjige-i-stipendije-sutra-promocija-118-ucenika-generacije-iz-skola-u-tuzlanskom-kantonu\/"]}]},{"@type":"ImageObject","inLanguage":"bs-BA","@id":"https:\/\/tuzlainfo.ba\/index.php\/novosti\/item\/289893-plakete-knjige-i-stipendije-sutra-promocija-118-ucenika-generacije-iz-skola-u-tuzlanskom-kantonu\/#primaryimage","url":"https:\/\/tuzlainfo.ba\/wp-content\/uploads\/2023\/12\/promocija_ucenika-1.jpg","contentUrl":"https:\/\/tuzlainfo.ba\/wp-content\/uploads\/2023\/12\/promocija_ucenika-1.jpg","width":1000,"height":683},{"@type":"BreadcrumbList","@id":"https:\/\/tuzlainfo.ba\/index.php\/novosti\/item\/289893-plakete-knjige-i-stipendije-sutra-promocija-118-ucenika-generacije-iz-skola-u-tuzlanskom-kantonu\/#breadcrumb","itemListElement":[{"@type":"ListItem","position":1,"name":"Home","item":"https:\/\/tuzlainfo.ba\/"},{"@type":"ListItem","position":2,"name":"Plakete, knjige i stipendije: Sutra promocija 118 u\u010denika generacije iz \u0161kola u Tuzlanskom kantonu"}]},{"@type":"WebSite","@id":"https:\/\/tuzlainfo.ba\/#website","url":"https:\/\/tuzlainfo.ba\/","name":"TuzlaInfo.ba","description":"Tuzla info, gradski informator - Tuzla na dlanu","publisher":{"@id":"https:\/\/tuzlainfo.ba\/#organization"},"potentialAction":[{"@type":"SearchAction","target":{"@type":"EntryPoint","urlTemplate":"https:\/\/tuzlainfo.ba\/?s={search_term_string}"},"query-input":{"@type":"PropertyValueSpecification","valueRequired":true,"valueName":"search_term_string"}}],"inLanguage":"bs-BA"},{"@type":"Organization","@id":"https:\/\/tuzlainfo.ba\/#organization","name":"TuzlaInfo.ba","url":"https:\/\/tuzlainfo.ba\/","logo":{"@type":"ImageObject","inLanguage":"bs-BA","@id":"https:\/\/tuzlainfo.ba\/#\/schema\/logo\/image\/","url":"https:\/\/tuzlainfo.ba\/wp-content\/uploads\/2021\/03\/logo-ver-3-1.png","contentUrl":"https:\/\/tuzlainfo.ba\/wp-content\/uploads\/2021\/03\/logo-ver-3-1.png","width":350,"height":95,"caption":"TuzlaInfo.ba"},"image":{"@id":"https:\/\/tuzlainfo.ba\/#\/schema\/logo\/image\/"},"sameAs":["https:\/\/www.facebook.com\/tuzlainfo.ba\/"]},{"@type":"Person","@id":"https:\/\/tuzlainfo.ba\/#\/schema\/person\/f434e20dc27ea133923aab08451b7f7f","name":"nedim","image":{"@type":"ImageObject","inLanguage":"bs-BA","@id":"https:\/\/tuzlainfo.ba\/#\/schema\/person\/image\/","url":"https:\/\/tuzlainfo.ba\/wp-content\/litespeed\/avatar\/aabad687af24844af817603ac1cbdc4f.jpg?ver=1776702173","contentUrl":"https:\/\/tuzlainfo.ba\/wp-content\/litespeed\/avatar\/aabad687af24844af817603ac1cbdc4f.jpg?ver=1776702173","caption":"nedim"},"description":"Tuzlainfo.ba pratite na dru\u0161tvenim mre\u017eama: Facebook, Instagram i Youtube. Svoje pri\u010de, upite i fotografije \u0161aljite na na\u0161u e-mail adresu."}]}},"_links":{"self":[{"href":"https:\/\/tuzlainfo.ba\/index.php\/wp-json\/wp\/v2\/posts\/289893"}],"collection":[{"href":"https:\/\/tuzlainfo.ba\/index.php\/wp-json\/wp\/v2\/posts"}],"about":[{"href":"https:\/\/tuzlainfo.ba\/index.php\/wp-json\/wp\/v2\/types\/post"}],"author":[{"embeddable":true,"href":"https:\/\/tuzlainfo.ba\/index.php\/wp-json\/wp\/v2\/users\/2"}],"replies":[{"embeddable":true,"href":"https:\/\/tuzlainfo.ba\/index.php\/wp-json\/wp\/v2\/comments?post=289893"}],"version-history":[{"count":1,"href":"https:\/\/tuzlainfo.ba\/index.php\/wp-json\/wp\/v2\/posts\/289893\/revisions"}],"predecessor-version":[{"id":289894,"href":"https:\/\/tuzlainfo.ba\/index.php\/wp-json\/wp\/v2\/posts\/289893\/revisions\/289894"}],"wp:featuredmedia":[{"embeddable":true,"href":"https:\/\/tuzlainfo.ba\/index.php\/wp-json\/wp\/v2\/media\/225183"}],"wp:attachment":[{"href":"https:\/\/tuzlainfo.ba\/index.php\/wp-json\/wp\/v2\/media?parent=289893"}],"wp:term":[{"taxonomy":"category","embeddable":true,"href":"https:\/\/tuzlainfo.ba\/index.php\/wp-json\/wp\/v2\/categories?post=289893"},{"taxonomy":"post_tag","embeddable":true,"href":"https:\/\/tuzlainfo.ba\/index.php\/wp-json\/wp\/v2\/tags?post=289893"}],"curies":[{"name":"wp","href":"https:\/\/api.w.org\/{rel}","templated":true}]}}