{"id":289876,"date":"2025-12-28T08:46:39","date_gmt":"2025-12-28T07:46:39","guid":{"rendered":"https:\/\/tuzlainfo.ba\/?p=289876"},"modified":"2025-12-25T15:37:20","modified_gmt":"2025-12-25T14:37:20","slug":"hor-lege-artis-zavrsava-uspjesnu-godinu-velikim-novogodisnjim-koncertom-u-tuzli","status":"publish","type":"post","link":"https:\/\/tuzlainfo.ba\/index.php\/najava-dogadaja-2\/item\/289876-hor-lege-artis-zavrsava-uspjesnu-godinu-velikim-novogodisnjim-koncertom-u-tuzli\/","title":{"rendered":"Hor \u201eLege Artis\u201c zavr\u0161ava uspje\u0161nu godinu velikim novogodi\u0161njim koncertom u Tuzli"},"content":{"rendered":"<p>Mje\u0161oviti hor \u201eLege Artis\u201c jedan je od najaktivnijih horskih ansambala u Bosni Hercegovini. Svojim raznolikim i bogatim repertoarom i odli\u010dnim interpretacijama odu\u0161evljavaju publiku \u0161irom BiH. Na nedavno odr\u017eanom koncertu \u201eSazvu\u010dja\u201c, koji su zajedni\u010dki organizirala \u010detiri najve\u0107a nacionalna dru\u0161tva u na\u0161oj zemlji, ovaj hor je izazvao odu\u0161evljenje brojne publike.<\/p>\n<p>Posljednja aktivnost\u00a0 ansambla u ovoj godini je, po tradiciji, njihov Novogodi\u0161nji koncert. Rije\u010d je o programu koji okupi nekoliko horskih ansambala, zaljubljenike u horsko pjevanje i koji iz godine u godinu izaziva veliko interesovanje publike. Tako \u0107e biti i ove godine, ve\u010deras u dvorani Bosanskog kulturnog centra sa po\u010detkom u 19:30 sati. Ulaz je slobodan.<\/p>\n<p>Na sceni \u0107e uz hor \u201eLege Artis\u201c nastupiti i dje\u010diji hor ovog dru\u0161tva, te njihovi brojni gosti, mje\u0161oviti hor BZK Br\u010dko, vokalni ansambl \u201eLibero\u201c \u017divinice, ansambl \u201eBosanke\u201c Lukavac i vokalni ansambl BKC TK.<\/p>\n<p>Prazni\u010dni program i ambijent bi\u0107e odli\u010dan zavr\u0161etak jedne vrlo uspje\u0161ne godine za mje\u0161oviti hor \u201eLege Artis\u201c, godine u kojoj su odr\u017eali brojne nastupe, organizirali svoju tradicionalnu manifestaciju Internacionalni horski \u0161ampionat i generalno, uradili mnogo na popularizaciji horske muzike, koja na na\u0161im prostorima ima vrlo dugu i bogatu tradiciju.<\/p>\n<p>Vrijeme praznika je vrijeme za dobru muziku, a to vam u svakom slu\u010daju nudi Novogodi\u0161nji koncert mje\u0161ovitog hora \u201eLege Artis\u201c sa gostima. Neka se zavjesna na godinu koju ispra\u0107amo bude satkana od lijepih nota i uz nadu da \u0107e Nova godina donijeti samo vedre tonove.<\/p>\n","protected":false},"excerpt":{"rendered":"<p>Mje\u0161oviti hor \u201eLege Artis\u201c jedan je od najaktivnijih horskih ansambala u Bosni Hercegovini. Svojim raznolikim&hellip;<\/p>\n","protected":false},"author":8,"featured_media":281765,"comment_status":"closed","ping_status":"closed","sticky":false,"template":"","format":"standard","meta":{"_acf_changed":false,"footnotes":""},"categories":[304,11],"tags":[2450,1319],"acf":[],"yoast_head":"<!-- This site is optimized with the Yoast SEO plugin v23.5 - https:\/\/yoast.com\/wordpress\/plugins\/seo\/ -->\n<title>Hor \u201eLege Artis\u201c zavr\u0161ava uspje\u0161nu godinu velikim novogodi\u0161njim koncertom u Tuzli - TuzlaInfo.ba<\/title>\n<meta name=\"robots\" content=\"index, follow, max-snippet:-1, max-image-preview:large, max-video-preview:-1\" \/>\n<link rel=\"canonical\" href=\"https:\/\/tuzlainfo.ba\/index.php\/najava-dogadaja-2\/item\/289876-hor-lege-artis-zavrsava-uspjesnu-godinu-velikim-novogodisnjim-koncertom-u-tuzli\/\" \/>\n<meta property=\"og:locale\" content=\"bs_BA\" \/>\n<meta property=\"og:type\" content=\"article\" \/>\n<meta property=\"og:title\" content=\"Hor \u201eLege Artis\u201c zavr\u0161ava uspje\u0161nu godinu velikim novogodi\u0161njim koncertom u Tuzli - TuzlaInfo.ba\" \/>\n<meta property=\"og:description\" content=\"Mje\u0161oviti hor \u201eLege Artis\u201c jedan je od najaktivnijih horskih ansambala u Bosni Hercegovini. Svojim raznolikim&hellip;\" \/>\n<meta property=\"og:url\" content=\"https:\/\/tuzlainfo.ba\/index.php\/najava-dogadaja-2\/item\/289876-hor-lege-artis-zavrsava-uspjesnu-godinu-velikim-novogodisnjim-koncertom-u-tuzli\/\" \/>\n<meta property=\"og:site_name\" content=\"TuzlaInfo.ba\" \/>\n<meta property=\"article:publisher\" content=\"https:\/\/www.facebook.com\/tuzlainfo.ba\/\" \/>\n<meta property=\"article:published_time\" content=\"2025-12-28T07:46:39+00:00\" \/>\n<meta property=\"article:modified_time\" content=\"2025-12-25T14:37:20+00:00\" \/>\n<meta property=\"og:image\" content=\"https:\/\/tuzlainfo.ba\/wp-content\/uploads\/2025\/09\/djeciji-hor-Lege-Artis-Tuzla.jpg\" \/>\n\t<meta property=\"og:image:width\" content=\"1446\" \/>\n\t<meta property=\"og:image:height\" content=\"960\" \/>\n\t<meta property=\"og:image:type\" content=\"image\/jpeg\" \/>\n<meta name=\"author\" content=\"Admin Tri\" \/>\n<meta name=\"twitter:card\" content=\"summary_large_image\" \/>\n<meta name=\"twitter:label1\" content=\"Written by\" \/>\n\t<meta name=\"twitter:data1\" content=\"Admin Tri\" \/>\n\t<meta name=\"twitter:label2\" content=\"Est. reading time\" \/>\n\t<meta name=\"twitter:data2\" content=\"2 minute\" \/>\n<script type=\"application\/ld+json\" class=\"yoast-schema-graph\">{\"@context\":\"https:\/\/schema.org\",\"@graph\":[{\"@type\":\"Article\",\"@id\":\"https:\/\/tuzlainfo.ba\/index.php\/najava-dogadaja-2\/item\/289876-hor-lege-artis-zavrsava-uspjesnu-godinu-velikim-novogodisnjim-koncertom-u-tuzli\/#article\",\"isPartOf\":{\"@id\":\"https:\/\/tuzlainfo.ba\/index.php\/najava-dogadaja-2\/item\/289876-hor-lege-artis-zavrsava-uspjesnu-godinu-velikim-novogodisnjim-koncertom-u-tuzli\/\"},\"author\":{\"name\":\"Admin Tri\",\"@id\":\"https:\/\/tuzlainfo.ba\/#\/schema\/person\/593e78a2f6378c5ba3e7600ecfa4e63a\"},\"headline\":\"Hor \u201eLege Artis\u201c zavr\u0161ava uspje\u0161nu godinu velikim novogodi\u0161njim koncertom u Tuzli\",\"datePublished\":\"2025-12-28T07:46:39+00:00\",\"dateModified\":\"2025-12-25T14:37:20+00:00\",\"mainEntityOfPage\":{\"@id\":\"https:\/\/tuzlainfo.ba\/index.php\/najava-dogadaja-2\/item\/289876-hor-lege-artis-zavrsava-uspjesnu-godinu-velikim-novogodisnjim-koncertom-u-tuzli\/\"},\"wordCount\":271,\"publisher\":{\"@id\":\"https:\/\/tuzlainfo.ba\/#organization\"},\"image\":{\"@id\":\"https:\/\/tuzlainfo.ba\/index.php\/najava-dogadaja-2\/item\/289876-hor-lege-artis-zavrsava-uspjesnu-godinu-velikim-novogodisnjim-koncertom-u-tuzli\/#primaryimage\"},\"thumbnailUrl\":\"https:\/\/tuzlainfo.ba\/wp-content\/uploads\/2025\/09\/djeciji-hor-Lege-Artis-Tuzla.jpg\",\"keywords\":[\"hor\",\"lege artis\"],\"articleSection\":[\"Istaknuto\",\"Najave i doga\u0111aji\"],\"inLanguage\":\"bs-BA\"},{\"@type\":\"WebPage\",\"@id\":\"https:\/\/tuzlainfo.ba\/index.php\/najava-dogadaja-2\/item\/289876-hor-lege-artis-zavrsava-uspjesnu-godinu-velikim-novogodisnjim-koncertom-u-tuzli\/\",\"url\":\"https:\/\/tuzlainfo.ba\/index.php\/najava-dogadaja-2\/item\/289876-hor-lege-artis-zavrsava-uspjesnu-godinu-velikim-novogodisnjim-koncertom-u-tuzli\/\",\"name\":\"Hor \u201eLege Artis\u201c zavr\u0161ava uspje\u0161nu godinu velikim novogodi\u0161njim koncertom u Tuzli - TuzlaInfo.ba\",\"isPartOf\":{\"@id\":\"https:\/\/tuzlainfo.ba\/#website\"},\"primaryImageOfPage\":{\"@id\":\"https:\/\/tuzlainfo.ba\/index.php\/najava-dogadaja-2\/item\/289876-hor-lege-artis-zavrsava-uspjesnu-godinu-velikim-novogodisnjim-koncertom-u-tuzli\/#primaryimage\"},\"image\":{\"@id\":\"https:\/\/tuzlainfo.ba\/index.php\/najava-dogadaja-2\/item\/289876-hor-lege-artis-zavrsava-uspjesnu-godinu-velikim-novogodisnjim-koncertom-u-tuzli\/#primaryimage\"},\"thumbnailUrl\":\"https:\/\/tuzlainfo.ba\/wp-content\/uploads\/2025\/09\/djeciji-hor-Lege-Artis-Tuzla.jpg\",\"datePublished\":\"2025-12-28T07:46:39+00:00\",\"dateModified\":\"2025-12-25T14:37:20+00:00\",\"breadcrumb\":{\"@id\":\"https:\/\/tuzlainfo.ba\/index.php\/najava-dogadaja-2\/item\/289876-hor-lege-artis-zavrsava-uspjesnu-godinu-velikim-novogodisnjim-koncertom-u-tuzli\/#breadcrumb\"},\"inLanguage\":\"bs-BA\",\"potentialAction\":[{\"@type\":\"ReadAction\",\"target\":[\"https:\/\/tuzlainfo.ba\/index.php\/najava-dogadaja-2\/item\/289876-hor-lege-artis-zavrsava-uspjesnu-godinu-velikim-novogodisnjim-koncertom-u-tuzli\/\"]}]},{\"@type\":\"ImageObject\",\"inLanguage\":\"bs-BA\",\"@id\":\"https:\/\/tuzlainfo.ba\/index.php\/najava-dogadaja-2\/item\/289876-hor-lege-artis-zavrsava-uspjesnu-godinu-velikim-novogodisnjim-koncertom-u-tuzli\/#primaryimage\",\"url\":\"https:\/\/tuzlainfo.ba\/wp-content\/uploads\/2025\/09\/djeciji-hor-Lege-Artis-Tuzla.jpg\",\"contentUrl\":\"https:\/\/tuzlainfo.ba\/wp-content\/uploads\/2025\/09\/djeciji-hor-Lege-Artis-Tuzla.jpg\",\"width\":1446,\"height\":960},{\"@type\":\"BreadcrumbList\",\"@id\":\"https:\/\/tuzlainfo.ba\/index.php\/najava-dogadaja-2\/item\/289876-hor-lege-artis-zavrsava-uspjesnu-godinu-velikim-novogodisnjim-koncertom-u-tuzli\/#breadcrumb\",\"itemListElement\":[{\"@type\":\"ListItem\",\"position\":1,\"name\":\"Home\",\"item\":\"https:\/\/tuzlainfo.ba\/\"},{\"@type\":\"ListItem\",\"position\":2,\"name\":\"Hor \u201eLege Artis\u201c zavr\u0161ava uspje\u0161nu godinu velikim novogodi\u0161njim koncertom u Tuzli\"}]},{\"@type\":\"WebSite\",\"@id\":\"https:\/\/tuzlainfo.ba\/#website\",\"url\":\"https:\/\/tuzlainfo.ba\/\",\"name\":\"TuzlaInfo.ba\",\"description\":\"Tuzla info, gradski informator - Tuzla na dlanu\",\"publisher\":{\"@id\":\"https:\/\/tuzlainfo.ba\/#organization\"},\"potentialAction\":[{\"@type\":\"SearchAction\",\"target\":{\"@type\":\"EntryPoint\",\"urlTemplate\":\"https:\/\/tuzlainfo.ba\/?s={search_term_string}\"},\"query-input\":{\"@type\":\"PropertyValueSpecification\",\"valueRequired\":true,\"valueName\":\"search_term_string\"}}],\"inLanguage\":\"bs-BA\"},{\"@type\":\"Organization\",\"@id\":\"https:\/\/tuzlainfo.ba\/#organization\",\"name\":\"TuzlaInfo.ba\",\"url\":\"https:\/\/tuzlainfo.ba\/\",\"logo\":{\"@type\":\"ImageObject\",\"inLanguage\":\"bs-BA\",\"@id\":\"https:\/\/tuzlainfo.ba\/#\/schema\/logo\/image\/\",\"url\":\"https:\/\/tuzlainfo.ba\/wp-content\/uploads\/2021\/03\/logo-ver-3-1.png\",\"contentUrl\":\"https:\/\/tuzlainfo.ba\/wp-content\/uploads\/2021\/03\/logo-ver-3-1.png\",\"width\":350,\"height\":95,\"caption\":\"TuzlaInfo.ba\"},\"image\":{\"@id\":\"https:\/\/tuzlainfo.ba\/#\/schema\/logo\/image\/\"},\"sameAs\":[\"https:\/\/www.facebook.com\/tuzlainfo.ba\/\"]},{\"@type\":\"Person\",\"@id\":\"https:\/\/tuzlainfo.ba\/#\/schema\/person\/593e78a2f6378c5ba3e7600ecfa4e63a\",\"name\":\"Admin Tri\",\"image\":{\"@type\":\"ImageObject\",\"inLanguage\":\"bs-BA\",\"@id\":\"https:\/\/tuzlainfo.ba\/#\/schema\/person\/image\/\",\"url\":\"https:\/\/tuzlainfo.ba\/wp-content\/litespeed\/avatar\/b7920db4cc34a71ad12497283ad2fe3f.jpg?ver=1777100914\",\"contentUrl\":\"https:\/\/tuzlainfo.ba\/wp-content\/litespeed\/avatar\/b7920db4cc34a71ad12497283ad2fe3f.jpg?ver=1777100914\",\"caption\":\"Admin Tri\"},\"sameAs\":[\"https:\/\/tuzlainfo.ba\"]}]}<\/script>\n<!-- \/ Yoast SEO plugin. -->","yoast_head_json":{"title":"Hor \u201eLege Artis\u201c zavr\u0161ava uspje\u0161nu godinu velikim novogodi\u0161njim koncertom u Tuzli - TuzlaInfo.ba","robots":{"index":"index","follow":"follow","max-snippet":"max-snippet:-1","max-image-preview":"max-image-preview:large","max-video-preview":"max-video-preview:-1"},"canonical":"https:\/\/tuzlainfo.ba\/index.php\/najava-dogadaja-2\/item\/289876-hor-lege-artis-zavrsava-uspjesnu-godinu-velikim-novogodisnjim-koncertom-u-tuzli\/","og_locale":"bs_BA","og_type":"article","og_title":"Hor \u201eLege Artis\u201c zavr\u0161ava uspje\u0161nu godinu velikim novogodi\u0161njim koncertom u Tuzli - TuzlaInfo.ba","og_description":"Mje\u0161oviti hor \u201eLege Artis\u201c jedan je od najaktivnijih horskih ansambala u Bosni Hercegovini. Svojim raznolikim&hellip;","og_url":"https:\/\/tuzlainfo.ba\/index.php\/najava-dogadaja-2\/item\/289876-hor-lege-artis-zavrsava-uspjesnu-godinu-velikim-novogodisnjim-koncertom-u-tuzli\/","og_site_name":"TuzlaInfo.ba","article_publisher":"https:\/\/www.facebook.com\/tuzlainfo.ba\/","article_published_time":"2025-12-28T07:46:39+00:00","article_modified_time":"2025-12-25T14:37:20+00:00","og_image":[{"width":1446,"height":960,"url":"https:\/\/tuzlainfo.ba\/wp-content\/uploads\/2025\/09\/djeciji-hor-Lege-Artis-Tuzla.jpg","type":"image\/jpeg"}],"author":"Admin Tri","twitter_card":"summary_large_image","twitter_misc":{"Written by":"Admin Tri","Est. reading time":"2 minute"},"schema":{"@context":"https:\/\/schema.org","@graph":[{"@type":"Article","@id":"https:\/\/tuzlainfo.ba\/index.php\/najava-dogadaja-2\/item\/289876-hor-lege-artis-zavrsava-uspjesnu-godinu-velikim-novogodisnjim-koncertom-u-tuzli\/#article","isPartOf":{"@id":"https:\/\/tuzlainfo.ba\/index.php\/najava-dogadaja-2\/item\/289876-hor-lege-artis-zavrsava-uspjesnu-godinu-velikim-novogodisnjim-koncertom-u-tuzli\/"},"author":{"name":"Admin Tri","@id":"https:\/\/tuzlainfo.ba\/#\/schema\/person\/593e78a2f6378c5ba3e7600ecfa4e63a"},"headline":"Hor \u201eLege Artis\u201c zavr\u0161ava uspje\u0161nu godinu velikim novogodi\u0161njim koncertom u Tuzli","datePublished":"2025-12-28T07:46:39+00:00","dateModified":"2025-12-25T14:37:20+00:00","mainEntityOfPage":{"@id":"https:\/\/tuzlainfo.ba\/index.php\/najava-dogadaja-2\/item\/289876-hor-lege-artis-zavrsava-uspjesnu-godinu-velikim-novogodisnjim-koncertom-u-tuzli\/"},"wordCount":271,"publisher":{"@id":"https:\/\/tuzlainfo.ba\/#organization"},"image":{"@id":"https:\/\/tuzlainfo.ba\/index.php\/najava-dogadaja-2\/item\/289876-hor-lege-artis-zavrsava-uspjesnu-godinu-velikim-novogodisnjim-koncertom-u-tuzli\/#primaryimage"},"thumbnailUrl":"https:\/\/tuzlainfo.ba\/wp-content\/uploads\/2025\/09\/djeciji-hor-Lege-Artis-Tuzla.jpg","keywords":["hor","lege artis"],"articleSection":["Istaknuto","Najave i doga\u0111aji"],"inLanguage":"bs-BA"},{"@type":"WebPage","@id":"https:\/\/tuzlainfo.ba\/index.php\/najava-dogadaja-2\/item\/289876-hor-lege-artis-zavrsava-uspjesnu-godinu-velikim-novogodisnjim-koncertom-u-tuzli\/","url":"https:\/\/tuzlainfo.ba\/index.php\/najava-dogadaja-2\/item\/289876-hor-lege-artis-zavrsava-uspjesnu-godinu-velikim-novogodisnjim-koncertom-u-tuzli\/","name":"Hor \u201eLege Artis\u201c zavr\u0161ava uspje\u0161nu godinu velikim novogodi\u0161njim koncertom u Tuzli - TuzlaInfo.ba","isPartOf":{"@id":"https:\/\/tuzlainfo.ba\/#website"},"primaryImageOfPage":{"@id":"https:\/\/tuzlainfo.ba\/index.php\/najava-dogadaja-2\/item\/289876-hor-lege-artis-zavrsava-uspjesnu-godinu-velikim-novogodisnjim-koncertom-u-tuzli\/#primaryimage"},"image":{"@id":"https:\/\/tuzlainfo.ba\/index.php\/najava-dogadaja-2\/item\/289876-hor-lege-artis-zavrsava-uspjesnu-godinu-velikim-novogodisnjim-koncertom-u-tuzli\/#primaryimage"},"thumbnailUrl":"https:\/\/tuzlainfo.ba\/wp-content\/uploads\/2025\/09\/djeciji-hor-Lege-Artis-Tuzla.jpg","datePublished":"2025-12-28T07:46:39+00:00","dateModified":"2025-12-25T14:37:20+00:00","breadcrumb":{"@id":"https:\/\/tuzlainfo.ba\/index.php\/najava-dogadaja-2\/item\/289876-hor-lege-artis-zavrsava-uspjesnu-godinu-velikim-novogodisnjim-koncertom-u-tuzli\/#breadcrumb"},"inLanguage":"bs-BA","potentialAction":[{"@type":"ReadAction","target":["https:\/\/tuzlainfo.ba\/index.php\/najava-dogadaja-2\/item\/289876-hor-lege-artis-zavrsava-uspjesnu-godinu-velikim-novogodisnjim-koncertom-u-tuzli\/"]}]},{"@type":"ImageObject","inLanguage":"bs-BA","@id":"https:\/\/tuzlainfo.ba\/index.php\/najava-dogadaja-2\/item\/289876-hor-lege-artis-zavrsava-uspjesnu-godinu-velikim-novogodisnjim-koncertom-u-tuzli\/#primaryimage","url":"https:\/\/tuzlainfo.ba\/wp-content\/uploads\/2025\/09\/djeciji-hor-Lege-Artis-Tuzla.jpg","contentUrl":"https:\/\/tuzlainfo.ba\/wp-content\/uploads\/2025\/09\/djeciji-hor-Lege-Artis-Tuzla.jpg","width":1446,"height":960},{"@type":"BreadcrumbList","@id":"https:\/\/tuzlainfo.ba\/index.php\/najava-dogadaja-2\/item\/289876-hor-lege-artis-zavrsava-uspjesnu-godinu-velikim-novogodisnjim-koncertom-u-tuzli\/#breadcrumb","itemListElement":[{"@type":"ListItem","position":1,"name":"Home","item":"https:\/\/tuzlainfo.ba\/"},{"@type":"ListItem","position":2,"name":"Hor \u201eLege Artis\u201c zavr\u0161ava uspje\u0161nu godinu velikim novogodi\u0161njim koncertom u Tuzli"}]},{"@type":"WebSite","@id":"https:\/\/tuzlainfo.ba\/#website","url":"https:\/\/tuzlainfo.ba\/","name":"TuzlaInfo.ba","description":"Tuzla info, gradski informator - Tuzla na dlanu","publisher":{"@id":"https:\/\/tuzlainfo.ba\/#organization"},"potentialAction":[{"@type":"SearchAction","target":{"@type":"EntryPoint","urlTemplate":"https:\/\/tuzlainfo.ba\/?s={search_term_string}"},"query-input":{"@type":"PropertyValueSpecification","valueRequired":true,"valueName":"search_term_string"}}],"inLanguage":"bs-BA"},{"@type":"Organization","@id":"https:\/\/tuzlainfo.ba\/#organization","name":"TuzlaInfo.ba","url":"https:\/\/tuzlainfo.ba\/","logo":{"@type":"ImageObject","inLanguage":"bs-BA","@id":"https:\/\/tuzlainfo.ba\/#\/schema\/logo\/image\/","url":"https:\/\/tuzlainfo.ba\/wp-content\/uploads\/2021\/03\/logo-ver-3-1.png","contentUrl":"https:\/\/tuzlainfo.ba\/wp-content\/uploads\/2021\/03\/logo-ver-3-1.png","width":350,"height":95,"caption":"TuzlaInfo.ba"},"image":{"@id":"https:\/\/tuzlainfo.ba\/#\/schema\/logo\/image\/"},"sameAs":["https:\/\/www.facebook.com\/tuzlainfo.ba\/"]},{"@type":"Person","@id":"https:\/\/tuzlainfo.ba\/#\/schema\/person\/593e78a2f6378c5ba3e7600ecfa4e63a","name":"Admin Tri","image":{"@type":"ImageObject","inLanguage":"bs-BA","@id":"https:\/\/tuzlainfo.ba\/#\/schema\/person\/image\/","url":"https:\/\/tuzlainfo.ba\/wp-content\/litespeed\/avatar\/b7920db4cc34a71ad12497283ad2fe3f.jpg?ver=1777100914","contentUrl":"https:\/\/tuzlainfo.ba\/wp-content\/litespeed\/avatar\/b7920db4cc34a71ad12497283ad2fe3f.jpg?ver=1777100914","caption":"Admin Tri"},"sameAs":["https:\/\/tuzlainfo.ba"]}]}},"_links":{"self":[{"href":"https:\/\/tuzlainfo.ba\/index.php\/wp-json\/wp\/v2\/posts\/289876"}],"collection":[{"href":"https:\/\/tuzlainfo.ba\/index.php\/wp-json\/wp\/v2\/posts"}],"about":[{"href":"https:\/\/tuzlainfo.ba\/index.php\/wp-json\/wp\/v2\/types\/post"}],"author":[{"embeddable":true,"href":"https:\/\/tuzlainfo.ba\/index.php\/wp-json\/wp\/v2\/users\/8"}],"replies":[{"embeddable":true,"href":"https:\/\/tuzlainfo.ba\/index.php\/wp-json\/wp\/v2\/comments?post=289876"}],"version-history":[{"count":1,"href":"https:\/\/tuzlainfo.ba\/index.php\/wp-json\/wp\/v2\/posts\/289876\/revisions"}],"predecessor-version":[{"id":289877,"href":"https:\/\/tuzlainfo.ba\/index.php\/wp-json\/wp\/v2\/posts\/289876\/revisions\/289877"}],"wp:featuredmedia":[{"embeddable":true,"href":"https:\/\/tuzlainfo.ba\/index.php\/wp-json\/wp\/v2\/media\/281765"}],"wp:attachment":[{"href":"https:\/\/tuzlainfo.ba\/index.php\/wp-json\/wp\/v2\/media?parent=289876"}],"wp:term":[{"taxonomy":"category","embeddable":true,"href":"https:\/\/tuzlainfo.ba\/index.php\/wp-json\/wp\/v2\/categories?post=289876"},{"taxonomy":"post_tag","embeddable":true,"href":"https:\/\/tuzlainfo.ba\/index.php\/wp-json\/wp\/v2\/tags?post=289876"}],"curies":[{"name":"wp","href":"https:\/\/api.w.org\/{rel}","templated":true}]}}