{"id":289874,"date":"2025-12-27T10:22:20","date_gmt":"2025-12-27T09:22:20","guid":{"rendered":"https:\/\/tuzlainfo.ba\/?p=289874"},"modified":"2025-12-27T10:22:40","modified_gmt":"2025-12-27T09:22:40","slug":"spektakl-u-mejdanu-dzenan-loncarevic-i-sladja-allegro-donose-visesatnu-zabavu","status":"publish","type":"post","link":"https:\/\/tuzlainfo.ba\/index.php\/najava-dogadaja-2\/item\/289874-spektakl-u-mejdanu-dzenan-loncarevic-i-sladja-allegro-donose-visesatnu-zabavu\/","title":{"rendered":"Spektakl u Mejdanu: D\u017eenan Lon\u010darevi\u0107 i Sla\u0111a Allegro donose vi\u0161esatnu zabavu"},"content":{"rendered":"<p>Tuzlanski Mejdan ve\u010deras je sredi\u0161te zabave, jer publiku o\u010dekuje koncert na kojem zajedno nastupaju dvije regionalne muzi\u010dke zvijezde, D\u017eenan Lon\u010darevi\u0107 i Sla\u0111a Allegro. Koncert, koji se odr\u017eava u dvorani Mejdan, okuplja publiku svih generacija i donosi vi\u0161esatni muzi\u010dki spektakl u prazni\u010dnom ambijentu.<\/p>\n<p>Oba izvo\u0111a\u010da ve\u010deras \u0107e publici predstaviti bogat repertoar svojih najve\u0107ih hitova, a zajedni\u010dkim nastupom najavljuju energi\u010dnu atmosferu i zabavu koja traje satima. Tuzla je, prema rije\u010dima muzi\u010dara, grad u kojem uvijek nailaze na toplu i vjernu publiku, \u0161to dodatno daje posebnu te\u017einu ovom koncertu.<\/p>\n<p>D\u017eenan Lon\u010darevi\u0107 je uo\u010di ve\u010dera\u0161njeg nastupa poru\u010dio da mu je zajedni\u010dki koncert sa Sla\u0111om Allegro za njega neuobi\u010dajen, ali posebno drag, isti\u010du\u0107i da oboje u Tuzli imaju brojnu publiku i da je cilj da svi, barem na nekoliko sati, zaborave svakodnevne probleme i opuste se uz muziku.<\/p>\n<p>Sla\u0111a Allegro, koja je popularnost izgradila prepoznatljivim interpretacijama i sna\u017enom energijom na sceni, ve\u010deras nastupa pred publikom u gradu u kojem ima i prijatelje i vjerne fanove. U najavi koncerta naglasila je da se raduje zajedni\u010dkom nastupu sa Lon\u010darevi\u0107em i da o\u010dekuje atmosferu koju \u0107e publika dugo pamtiti.<\/p>\n<p>Produkciju koncerta zajedni\u010dki potpisuju Agencija Zeus i Wint Events, koji ovim doga\u0111ajem dodatno oboga\u0107uju prazni\u010dni program u Tuzli. Ulaz je od 19:00 sati.<\/p>\n","protected":false},"excerpt":{"rendered":"<p>Tuzlanski Mejdan ve\u010deras je sredi\u0161te zabave, jer publiku o\u010dekuje koncert na kojem zajedno nastupaju dvije&hellip;<\/p>\n","protected":false},"author":8,"featured_media":286085,"comment_status":"closed","ping_status":"closed","sticky":false,"template":"","format":"standard","meta":{"_acf_changed":false,"footnotes":""},"categories":[304,11],"tags":[2080,13184],"acf":[],"yoast_head":"<!-- This site is optimized with the Yoast SEO plugin v23.5 - https:\/\/yoast.com\/wordpress\/plugins\/seo\/ -->\n<title>Spektakl u Mejdanu: D\u017eenan Lon\u010darevi\u0107 i Sla\u0111a Allegro donose vi\u0161esatnu zabavu - TuzlaInfo.ba<\/title>\n<meta name=\"robots\" content=\"index, follow, max-snippet:-1, max-image-preview:large, max-video-preview:-1\" \/>\n<link rel=\"canonical\" href=\"https:\/\/tuzlainfo.ba\/index.php\/najava-dogadaja-2\/item\/289874-spektakl-u-mejdanu-dzenan-loncarevic-i-sladja-allegro-donose-visesatnu-zabavu\/\" \/>\n<meta property=\"og:locale\" content=\"bs_BA\" \/>\n<meta property=\"og:type\" content=\"article\" \/>\n<meta property=\"og:title\" content=\"Spektakl u Mejdanu: D\u017eenan Lon\u010darevi\u0107 i Sla\u0111a Allegro donose vi\u0161esatnu zabavu - TuzlaInfo.ba\" \/>\n<meta property=\"og:description\" content=\"Tuzlanski Mejdan ve\u010deras je sredi\u0161te zabave, jer publiku o\u010dekuje koncert na kojem zajedno nastupaju dvije&hellip;\" \/>\n<meta property=\"og:url\" content=\"https:\/\/tuzlainfo.ba\/index.php\/najava-dogadaja-2\/item\/289874-spektakl-u-mejdanu-dzenan-loncarevic-i-sladja-allegro-donose-visesatnu-zabavu\/\" \/>\n<meta property=\"og:site_name\" content=\"TuzlaInfo.ba\" \/>\n<meta property=\"article:publisher\" content=\"https:\/\/www.facebook.com\/tuzlainfo.ba\/\" \/>\n<meta property=\"article:published_time\" content=\"2025-12-27T09:22:20+00:00\" \/>\n<meta property=\"article:modified_time\" content=\"2025-12-27T09:22:40+00:00\" \/>\n<meta property=\"og:image\" content=\"https:\/\/tuzlainfo.ba\/wp-content\/uploads\/2025\/11\/1111_dzenan-i-sladja.jpg\" \/>\n\t<meta property=\"og:image:width\" content=\"800\" \/>\n\t<meta property=\"og:image:height\" content=\"440\" \/>\n\t<meta property=\"og:image:type\" content=\"image\/jpeg\" \/>\n<meta name=\"author\" content=\"Admin Tri\" \/>\n<meta name=\"twitter:card\" content=\"summary_large_image\" \/>\n<meta name=\"twitter:label1\" content=\"Written by\" \/>\n\t<meta name=\"twitter:data1\" content=\"Admin Tri\" \/>\n\t<meta name=\"twitter:label2\" content=\"Est. reading time\" \/>\n\t<meta name=\"twitter:data2\" content=\"2 minute\" \/>\n<script type=\"application\/ld+json\" class=\"yoast-schema-graph\">{\"@context\":\"https:\/\/schema.org\",\"@graph\":[{\"@type\":\"Article\",\"@id\":\"https:\/\/tuzlainfo.ba\/index.php\/najava-dogadaja-2\/item\/289874-spektakl-u-mejdanu-dzenan-loncarevic-i-sladja-allegro-donose-visesatnu-zabavu\/#article\",\"isPartOf\":{\"@id\":\"https:\/\/tuzlainfo.ba\/index.php\/najava-dogadaja-2\/item\/289874-spektakl-u-mejdanu-dzenan-loncarevic-i-sladja-allegro-donose-visesatnu-zabavu\/\"},\"author\":{\"name\":\"Admin Tri\",\"@id\":\"https:\/\/tuzlainfo.ba\/#\/schema\/person\/593e78a2f6378c5ba3e7600ecfa4e63a\"},\"headline\":\"Spektakl u Mejdanu: D\u017eenan Lon\u010darevi\u0107 i Sla\u0111a Allegro donose vi\u0161esatnu zabavu\",\"datePublished\":\"2025-12-27T09:22:20+00:00\",\"dateModified\":\"2025-12-27T09:22:40+00:00\",\"mainEntityOfPage\":{\"@id\":\"https:\/\/tuzlainfo.ba\/index.php\/najava-dogadaja-2\/item\/289874-spektakl-u-mejdanu-dzenan-loncarevic-i-sladja-allegro-donose-visesatnu-zabavu\/\"},\"wordCount\":260,\"publisher\":{\"@id\":\"https:\/\/tuzlainfo.ba\/#organization\"},\"image\":{\"@id\":\"https:\/\/tuzlainfo.ba\/index.php\/najava-dogadaja-2\/item\/289874-spektakl-u-mejdanu-dzenan-loncarevic-i-sladja-allegro-donose-visesatnu-zabavu\/#primaryimage\"},\"thumbnailUrl\":\"https:\/\/tuzlainfo.ba\/wp-content\/uploads\/2025\/11\/1111_dzenan-i-sladja.jpg\",\"keywords\":[\"d\u017eenan lon\u010darevi\u0107\",\"sla\u0111a allegro\"],\"articleSection\":[\"Istaknuto\",\"Najave i doga\u0111aji\"],\"inLanguage\":\"bs-BA\"},{\"@type\":\"WebPage\",\"@id\":\"https:\/\/tuzlainfo.ba\/index.php\/najava-dogadaja-2\/item\/289874-spektakl-u-mejdanu-dzenan-loncarevic-i-sladja-allegro-donose-visesatnu-zabavu\/\",\"url\":\"https:\/\/tuzlainfo.ba\/index.php\/najava-dogadaja-2\/item\/289874-spektakl-u-mejdanu-dzenan-loncarevic-i-sladja-allegro-donose-visesatnu-zabavu\/\",\"name\":\"Spektakl u Mejdanu: D\u017eenan Lon\u010darevi\u0107 i Sla\u0111a Allegro donose vi\u0161esatnu zabavu - TuzlaInfo.ba\",\"isPartOf\":{\"@id\":\"https:\/\/tuzlainfo.ba\/#website\"},\"primaryImageOfPage\":{\"@id\":\"https:\/\/tuzlainfo.ba\/index.php\/najava-dogadaja-2\/item\/289874-spektakl-u-mejdanu-dzenan-loncarevic-i-sladja-allegro-donose-visesatnu-zabavu\/#primaryimage\"},\"image\":{\"@id\":\"https:\/\/tuzlainfo.ba\/index.php\/najava-dogadaja-2\/item\/289874-spektakl-u-mejdanu-dzenan-loncarevic-i-sladja-allegro-donose-visesatnu-zabavu\/#primaryimage\"},\"thumbnailUrl\":\"https:\/\/tuzlainfo.ba\/wp-content\/uploads\/2025\/11\/1111_dzenan-i-sladja.jpg\",\"datePublished\":\"2025-12-27T09:22:20+00:00\",\"dateModified\":\"2025-12-27T09:22:40+00:00\",\"breadcrumb\":{\"@id\":\"https:\/\/tuzlainfo.ba\/index.php\/najava-dogadaja-2\/item\/289874-spektakl-u-mejdanu-dzenan-loncarevic-i-sladja-allegro-donose-visesatnu-zabavu\/#breadcrumb\"},\"inLanguage\":\"bs-BA\",\"potentialAction\":[{\"@type\":\"ReadAction\",\"target\":[\"https:\/\/tuzlainfo.ba\/index.php\/najava-dogadaja-2\/item\/289874-spektakl-u-mejdanu-dzenan-loncarevic-i-sladja-allegro-donose-visesatnu-zabavu\/\"]}]},{\"@type\":\"ImageObject\",\"inLanguage\":\"bs-BA\",\"@id\":\"https:\/\/tuzlainfo.ba\/index.php\/najava-dogadaja-2\/item\/289874-spektakl-u-mejdanu-dzenan-loncarevic-i-sladja-allegro-donose-visesatnu-zabavu\/#primaryimage\",\"url\":\"https:\/\/tuzlainfo.ba\/wp-content\/uploads\/2025\/11\/1111_dzenan-i-sladja.jpg\",\"contentUrl\":\"https:\/\/tuzlainfo.ba\/wp-content\/uploads\/2025\/11\/1111_dzenan-i-sladja.jpg\",\"width\":800,\"height\":440},{\"@type\":\"BreadcrumbList\",\"@id\":\"https:\/\/tuzlainfo.ba\/index.php\/najava-dogadaja-2\/item\/289874-spektakl-u-mejdanu-dzenan-loncarevic-i-sladja-allegro-donose-visesatnu-zabavu\/#breadcrumb\",\"itemListElement\":[{\"@type\":\"ListItem\",\"position\":1,\"name\":\"Home\",\"item\":\"https:\/\/tuzlainfo.ba\/\"},{\"@type\":\"ListItem\",\"position\":2,\"name\":\"Spektakl u Mejdanu: D\u017eenan Lon\u010darevi\u0107 i Sla\u0111a Allegro donose vi\u0161esatnu zabavu\"}]},{\"@type\":\"WebSite\",\"@id\":\"https:\/\/tuzlainfo.ba\/#website\",\"url\":\"https:\/\/tuzlainfo.ba\/\",\"name\":\"TuzlaInfo.ba\",\"description\":\"Tuzla info, gradski informator - Tuzla na dlanu\",\"publisher\":{\"@id\":\"https:\/\/tuzlainfo.ba\/#organization\"},\"potentialAction\":[{\"@type\":\"SearchAction\",\"target\":{\"@type\":\"EntryPoint\",\"urlTemplate\":\"https:\/\/tuzlainfo.ba\/?s={search_term_string}\"},\"query-input\":{\"@type\":\"PropertyValueSpecification\",\"valueRequired\":true,\"valueName\":\"search_term_string\"}}],\"inLanguage\":\"bs-BA\"},{\"@type\":\"Organization\",\"@id\":\"https:\/\/tuzlainfo.ba\/#organization\",\"name\":\"TuzlaInfo.ba\",\"url\":\"https:\/\/tuzlainfo.ba\/\",\"logo\":{\"@type\":\"ImageObject\",\"inLanguage\":\"bs-BA\",\"@id\":\"https:\/\/tuzlainfo.ba\/#\/schema\/logo\/image\/\",\"url\":\"https:\/\/tuzlainfo.ba\/wp-content\/uploads\/2021\/03\/logo-ver-3-1.png\",\"contentUrl\":\"https:\/\/tuzlainfo.ba\/wp-content\/uploads\/2021\/03\/logo-ver-3-1.png\",\"width\":350,\"height\":95,\"caption\":\"TuzlaInfo.ba\"},\"image\":{\"@id\":\"https:\/\/tuzlainfo.ba\/#\/schema\/logo\/image\/\"},\"sameAs\":[\"https:\/\/www.facebook.com\/tuzlainfo.ba\/\"]},{\"@type\":\"Person\",\"@id\":\"https:\/\/tuzlainfo.ba\/#\/schema\/person\/593e78a2f6378c5ba3e7600ecfa4e63a\",\"name\":\"Admin Tri\",\"image\":{\"@type\":\"ImageObject\",\"inLanguage\":\"bs-BA\",\"@id\":\"https:\/\/tuzlainfo.ba\/#\/schema\/person\/image\/\",\"url\":\"https:\/\/tuzlainfo.ba\/wp-content\/litespeed\/avatar\/b7920db4cc34a71ad12497283ad2fe3f.jpg?ver=1777100914\",\"contentUrl\":\"https:\/\/tuzlainfo.ba\/wp-content\/litespeed\/avatar\/b7920db4cc34a71ad12497283ad2fe3f.jpg?ver=1777100914\",\"caption\":\"Admin Tri\"},\"sameAs\":[\"https:\/\/tuzlainfo.ba\"]}]}<\/script>\n<!-- \/ Yoast SEO plugin. -->","yoast_head_json":{"title":"Spektakl u Mejdanu: D\u017eenan Lon\u010darevi\u0107 i Sla\u0111a Allegro donose vi\u0161esatnu zabavu - TuzlaInfo.ba","robots":{"index":"index","follow":"follow","max-snippet":"max-snippet:-1","max-image-preview":"max-image-preview:large","max-video-preview":"max-video-preview:-1"},"canonical":"https:\/\/tuzlainfo.ba\/index.php\/najava-dogadaja-2\/item\/289874-spektakl-u-mejdanu-dzenan-loncarevic-i-sladja-allegro-donose-visesatnu-zabavu\/","og_locale":"bs_BA","og_type":"article","og_title":"Spektakl u Mejdanu: D\u017eenan Lon\u010darevi\u0107 i Sla\u0111a Allegro donose vi\u0161esatnu zabavu - TuzlaInfo.ba","og_description":"Tuzlanski Mejdan ve\u010deras je sredi\u0161te zabave, jer publiku o\u010dekuje koncert na kojem zajedno nastupaju dvije&hellip;","og_url":"https:\/\/tuzlainfo.ba\/index.php\/najava-dogadaja-2\/item\/289874-spektakl-u-mejdanu-dzenan-loncarevic-i-sladja-allegro-donose-visesatnu-zabavu\/","og_site_name":"TuzlaInfo.ba","article_publisher":"https:\/\/www.facebook.com\/tuzlainfo.ba\/","article_published_time":"2025-12-27T09:22:20+00:00","article_modified_time":"2025-12-27T09:22:40+00:00","og_image":[{"width":800,"height":440,"url":"https:\/\/tuzlainfo.ba\/wp-content\/uploads\/2025\/11\/1111_dzenan-i-sladja.jpg","type":"image\/jpeg"}],"author":"Admin Tri","twitter_card":"summary_large_image","twitter_misc":{"Written by":"Admin Tri","Est. reading time":"2 minute"},"schema":{"@context":"https:\/\/schema.org","@graph":[{"@type":"Article","@id":"https:\/\/tuzlainfo.ba\/index.php\/najava-dogadaja-2\/item\/289874-spektakl-u-mejdanu-dzenan-loncarevic-i-sladja-allegro-donose-visesatnu-zabavu\/#article","isPartOf":{"@id":"https:\/\/tuzlainfo.ba\/index.php\/najava-dogadaja-2\/item\/289874-spektakl-u-mejdanu-dzenan-loncarevic-i-sladja-allegro-donose-visesatnu-zabavu\/"},"author":{"name":"Admin Tri","@id":"https:\/\/tuzlainfo.ba\/#\/schema\/person\/593e78a2f6378c5ba3e7600ecfa4e63a"},"headline":"Spektakl u Mejdanu: D\u017eenan Lon\u010darevi\u0107 i Sla\u0111a Allegro donose vi\u0161esatnu zabavu","datePublished":"2025-12-27T09:22:20+00:00","dateModified":"2025-12-27T09:22:40+00:00","mainEntityOfPage":{"@id":"https:\/\/tuzlainfo.ba\/index.php\/najava-dogadaja-2\/item\/289874-spektakl-u-mejdanu-dzenan-loncarevic-i-sladja-allegro-donose-visesatnu-zabavu\/"},"wordCount":260,"publisher":{"@id":"https:\/\/tuzlainfo.ba\/#organization"},"image":{"@id":"https:\/\/tuzlainfo.ba\/index.php\/najava-dogadaja-2\/item\/289874-spektakl-u-mejdanu-dzenan-loncarevic-i-sladja-allegro-donose-visesatnu-zabavu\/#primaryimage"},"thumbnailUrl":"https:\/\/tuzlainfo.ba\/wp-content\/uploads\/2025\/11\/1111_dzenan-i-sladja.jpg","keywords":["d\u017eenan lon\u010darevi\u0107","sla\u0111a allegro"],"articleSection":["Istaknuto","Najave i doga\u0111aji"],"inLanguage":"bs-BA"},{"@type":"WebPage","@id":"https:\/\/tuzlainfo.ba\/index.php\/najava-dogadaja-2\/item\/289874-spektakl-u-mejdanu-dzenan-loncarevic-i-sladja-allegro-donose-visesatnu-zabavu\/","url":"https:\/\/tuzlainfo.ba\/index.php\/najava-dogadaja-2\/item\/289874-spektakl-u-mejdanu-dzenan-loncarevic-i-sladja-allegro-donose-visesatnu-zabavu\/","name":"Spektakl u Mejdanu: D\u017eenan Lon\u010darevi\u0107 i Sla\u0111a Allegro donose vi\u0161esatnu zabavu - TuzlaInfo.ba","isPartOf":{"@id":"https:\/\/tuzlainfo.ba\/#website"},"primaryImageOfPage":{"@id":"https:\/\/tuzlainfo.ba\/index.php\/najava-dogadaja-2\/item\/289874-spektakl-u-mejdanu-dzenan-loncarevic-i-sladja-allegro-donose-visesatnu-zabavu\/#primaryimage"},"image":{"@id":"https:\/\/tuzlainfo.ba\/index.php\/najava-dogadaja-2\/item\/289874-spektakl-u-mejdanu-dzenan-loncarevic-i-sladja-allegro-donose-visesatnu-zabavu\/#primaryimage"},"thumbnailUrl":"https:\/\/tuzlainfo.ba\/wp-content\/uploads\/2025\/11\/1111_dzenan-i-sladja.jpg","datePublished":"2025-12-27T09:22:20+00:00","dateModified":"2025-12-27T09:22:40+00:00","breadcrumb":{"@id":"https:\/\/tuzlainfo.ba\/index.php\/najava-dogadaja-2\/item\/289874-spektakl-u-mejdanu-dzenan-loncarevic-i-sladja-allegro-donose-visesatnu-zabavu\/#breadcrumb"},"inLanguage":"bs-BA","potentialAction":[{"@type":"ReadAction","target":["https:\/\/tuzlainfo.ba\/index.php\/najava-dogadaja-2\/item\/289874-spektakl-u-mejdanu-dzenan-loncarevic-i-sladja-allegro-donose-visesatnu-zabavu\/"]}]},{"@type":"ImageObject","inLanguage":"bs-BA","@id":"https:\/\/tuzlainfo.ba\/index.php\/najava-dogadaja-2\/item\/289874-spektakl-u-mejdanu-dzenan-loncarevic-i-sladja-allegro-donose-visesatnu-zabavu\/#primaryimage","url":"https:\/\/tuzlainfo.ba\/wp-content\/uploads\/2025\/11\/1111_dzenan-i-sladja.jpg","contentUrl":"https:\/\/tuzlainfo.ba\/wp-content\/uploads\/2025\/11\/1111_dzenan-i-sladja.jpg","width":800,"height":440},{"@type":"BreadcrumbList","@id":"https:\/\/tuzlainfo.ba\/index.php\/najava-dogadaja-2\/item\/289874-spektakl-u-mejdanu-dzenan-loncarevic-i-sladja-allegro-donose-visesatnu-zabavu\/#breadcrumb","itemListElement":[{"@type":"ListItem","position":1,"name":"Home","item":"https:\/\/tuzlainfo.ba\/"},{"@type":"ListItem","position":2,"name":"Spektakl u Mejdanu: D\u017eenan Lon\u010darevi\u0107 i Sla\u0111a Allegro donose vi\u0161esatnu zabavu"}]},{"@type":"WebSite","@id":"https:\/\/tuzlainfo.ba\/#website","url":"https:\/\/tuzlainfo.ba\/","name":"TuzlaInfo.ba","description":"Tuzla info, gradski informator - Tuzla na dlanu","publisher":{"@id":"https:\/\/tuzlainfo.ba\/#organization"},"potentialAction":[{"@type":"SearchAction","target":{"@type":"EntryPoint","urlTemplate":"https:\/\/tuzlainfo.ba\/?s={search_term_string}"},"query-input":{"@type":"PropertyValueSpecification","valueRequired":true,"valueName":"search_term_string"}}],"inLanguage":"bs-BA"},{"@type":"Organization","@id":"https:\/\/tuzlainfo.ba\/#organization","name":"TuzlaInfo.ba","url":"https:\/\/tuzlainfo.ba\/","logo":{"@type":"ImageObject","inLanguage":"bs-BA","@id":"https:\/\/tuzlainfo.ba\/#\/schema\/logo\/image\/","url":"https:\/\/tuzlainfo.ba\/wp-content\/uploads\/2021\/03\/logo-ver-3-1.png","contentUrl":"https:\/\/tuzlainfo.ba\/wp-content\/uploads\/2021\/03\/logo-ver-3-1.png","width":350,"height":95,"caption":"TuzlaInfo.ba"},"image":{"@id":"https:\/\/tuzlainfo.ba\/#\/schema\/logo\/image\/"},"sameAs":["https:\/\/www.facebook.com\/tuzlainfo.ba\/"]},{"@type":"Person","@id":"https:\/\/tuzlainfo.ba\/#\/schema\/person\/593e78a2f6378c5ba3e7600ecfa4e63a","name":"Admin Tri","image":{"@type":"ImageObject","inLanguage":"bs-BA","@id":"https:\/\/tuzlainfo.ba\/#\/schema\/person\/image\/","url":"https:\/\/tuzlainfo.ba\/wp-content\/litespeed\/avatar\/b7920db4cc34a71ad12497283ad2fe3f.jpg?ver=1777100914","contentUrl":"https:\/\/tuzlainfo.ba\/wp-content\/litespeed\/avatar\/b7920db4cc34a71ad12497283ad2fe3f.jpg?ver=1777100914","caption":"Admin Tri"},"sameAs":["https:\/\/tuzlainfo.ba"]}]}},"_links":{"self":[{"href":"https:\/\/tuzlainfo.ba\/index.php\/wp-json\/wp\/v2\/posts\/289874"}],"collection":[{"href":"https:\/\/tuzlainfo.ba\/index.php\/wp-json\/wp\/v2\/posts"}],"about":[{"href":"https:\/\/tuzlainfo.ba\/index.php\/wp-json\/wp\/v2\/types\/post"}],"author":[{"embeddable":true,"href":"https:\/\/tuzlainfo.ba\/index.php\/wp-json\/wp\/v2\/users\/8"}],"replies":[{"embeddable":true,"href":"https:\/\/tuzlainfo.ba\/index.php\/wp-json\/wp\/v2\/comments?post=289874"}],"version-history":[{"count":2,"href":"https:\/\/tuzlainfo.ba\/index.php\/wp-json\/wp\/v2\/posts\/289874\/revisions"}],"predecessor-version":[{"id":290176,"href":"https:\/\/tuzlainfo.ba\/index.php\/wp-json\/wp\/v2\/posts\/289874\/revisions\/290176"}],"wp:featuredmedia":[{"embeddable":true,"href":"https:\/\/tuzlainfo.ba\/index.php\/wp-json\/wp\/v2\/media\/286085"}],"wp:attachment":[{"href":"https:\/\/tuzlainfo.ba\/index.php\/wp-json\/wp\/v2\/media?parent=289874"}],"wp:term":[{"taxonomy":"category","embeddable":true,"href":"https:\/\/tuzlainfo.ba\/index.php\/wp-json\/wp\/v2\/categories?post=289874"},{"taxonomy":"post_tag","embeddable":true,"href":"https:\/\/tuzlainfo.ba\/index.php\/wp-json\/wp\/v2\/tags?post=289874"}],"curies":[{"name":"wp","href":"https:\/\/api.w.org\/{rel}","templated":true}]}}