{"id":289844,"date":"2025-12-21T21:00:48","date_gmt":"2025-12-21T20:00:48","guid":{"rendered":"https:\/\/tuzlainfo.ba\/?p=289844"},"modified":"2025-12-21T21:00:48","modified_gmt":"2025-12-21T20:00:48","slug":"vucic-omalovazavao-proteste-u-novom-pazaru-spominjao-burk-i-pite","status":"publish","type":"post","link":"https:\/\/tuzlainfo.ba\/index.php\/clanci\/sa-svih-strana\/item\/289844-vucic-omalovazavao-proteste-u-novom-pazaru-spominjao-burk-i-pite\/","title":{"rendered":"Vu\u010di\u010b omalova\u017eavao proteste u Novom Pazaru, spominjao burk i pite"},"content":{"rendered":"<p>Veliki protesti studenata u blokadi odr\u017eani su danas u Novom Pazaru pod sloganom \u201eIli oni ili mi\u201c, nakon odluka uprave Dr\u017eavnog univerziteta u Novom Pazaru zbog kojih je vi\u0161e od 200 studenata ostalo bez statusa studenta, dok je oko 30 profesora izgubilo posao.<\/p>\n<p>Studenti su poru\u010dili da se radi o jednom od najkriti\u010dnijih trenutaka njihove vi\u0161emjese\u010dne borbe protiv, kako navode, nepravde, represije i institucionalnih pritisaka. Istakli su da je rije\u010d o potezima koji direktno ugro\u017eavaju pravo na obrazovanje i akademske slobode.<\/p>\n<p>Tokom dana u Novi Pazar stigli su studenti iz vi\u0161e univerzitetskih centara u Srbiji, a centralni program protesta odr\u017ean je u popodnevnim satima. Posebnu pa\u017enju izazvao je dolazak biciklista iz razli\u010ditih dijelova Srbije, koje su okupljeni do\u010dekali uz vatromet i aplauze. Protestima su prisustvovali i biv\u0161i ko\u0161arka\u0161ki reprezentativci Srbije Dejan Bodiroga i Vladimir \u0160timac.<\/p>\n<p>Student Enes D\u017eogovi\u0107 u obra\u0107anju okupljenima kazao je da su studenti zahvalni svima koji su do\u0161li u Novi Pazar kako bi im pru\u017eili podr\u0161ku. Poru\u010dio je da vlast ima lo\u0161 odnos prema obrazovanju, ali da postoje granice koje se ne smiju prelaziti. Naveo je da je Novi Pazar ranije bio \u201eprobni teren\u201c za represivne mjere, gdje su prvi put protjerani profesori i studenti, te gdje su studenti, kako tvrdi, vrije\u0111ani i ozna\u010davani kao teroristi i strani pla\u0107enici.<\/p>\n<p>\u201eI poslije svega, mi smo i dalje ovdje. I dalje se borimo i pokazali smo da nam je vi\u0161e stalo da sa\u010duvamo ovaj univerzitet nego onima koji ga, o\u010digledno, \u017eele uni\u0161titi\u201c, poru\u010dio je D\u017eogovi\u0107.<\/p>\n<p>Usred protesta oglasio se i predsjednik Srbije Aleksandar Vu\u010di\u0107, koji je skup opisao kao \u201eizrazito malobrojan i besmislen\u201c. Komentari\u0161u\u0107i protest, rekao je da je primije\u0107en ve\u0107i promet u pitarama i buregd\u017enicama zbog dolaska ljudi sa strane, te dodao da je skup protekao mirno i bez incidenata.<\/p>\n<p>Studentski protesti u Novom Pazaru tako su jo\u0161 jednom otvorili pitanje odnosa vlasti prema visokom obrazovanju, autonomiji univerziteta i pravima studenata, dok studenti najavljuju nastavak borbe za, kako navode, opstanak institucije i dostojanstvo akademske zajednice.<\/p>\n","protected":false},"excerpt":{"rendered":"<p>Veliki protesti studenata u blokadi odr\u017eani su danas u Novom Pazaru pod sloganom \u201eIli oni&hellip;<\/p>\n","protected":false},"author":2,"featured_media":216767,"comment_status":"closed","ping_status":"closed","sticky":false,"template":"","format":"standard","meta":{"_acf_changed":false,"footnotes":""},"categories":[16],"tags":[638,1317],"acf":[],"yoast_head":"<!-- This site is optimized with the Yoast SEO plugin v23.5 - https:\/\/yoast.com\/wordpress\/plugins\/seo\/ -->\n<title>Vu\u010di\u010b omalova\u017eavao proteste u Novom Pazaru, spominjao burk i pite - TuzlaInfo.ba<\/title>\n<meta name=\"robots\" content=\"index, follow, max-snippet:-1, max-image-preview:large, max-video-preview:-1\" \/>\n<link rel=\"canonical\" href=\"https:\/\/tuzlainfo.ba\/index.php\/clanci\/sa-svih-strana\/item\/289844-vucic-omalovazavao-proteste-u-novom-pazaru-spominjao-burk-i-pite\/\" \/>\n<meta property=\"og:locale\" content=\"bs_BA\" \/>\n<meta property=\"og:type\" content=\"article\" \/>\n<meta property=\"og:title\" content=\"Vu\u010di\u010b omalova\u017eavao proteste u Novom Pazaru, spominjao burk i pite - TuzlaInfo.ba\" \/>\n<meta property=\"og:description\" content=\"Veliki protesti studenata u blokadi odr\u017eani su danas u Novom Pazaru pod sloganom \u201eIli oni&hellip;\" \/>\n<meta property=\"og:url\" content=\"https:\/\/tuzlainfo.ba\/index.php\/clanci\/sa-svih-strana\/item\/289844-vucic-omalovazavao-proteste-u-novom-pazaru-spominjao-burk-i-pite\/\" \/>\n<meta property=\"og:site_name\" content=\"TuzlaInfo.ba\" \/>\n<meta property=\"article:publisher\" content=\"https:\/\/www.facebook.com\/tuzlainfo.ba\/\" \/>\n<meta property=\"article:published_time\" content=\"2025-12-21T20:00:48+00:00\" \/>\n<meta property=\"og:image\" content=\"https:\/\/tuzlainfo.ba\/wp-content\/uploads\/2023\/09\/1309_vucic.jpg\" \/>\n\t<meta property=\"og:image:width\" content=\"800\" \/>\n\t<meta property=\"og:image:height\" content=\"533\" \/>\n\t<meta property=\"og:image:type\" content=\"image\/jpeg\" \/>\n<meta name=\"author\" content=\"nedim\" \/>\n<meta name=\"twitter:card\" content=\"summary_large_image\" \/>\n<meta name=\"twitter:label1\" content=\"Written by\" \/>\n\t<meta name=\"twitter:data1\" content=\"nedim\" \/>\n\t<meta name=\"twitter:label2\" content=\"Est. reading time\" \/>\n\t<meta name=\"twitter:data2\" content=\"2 minute\" \/>\n<script type=\"application\/ld+json\" class=\"yoast-schema-graph\">{\"@context\":\"https:\/\/schema.org\",\"@graph\":[{\"@type\":\"Article\",\"@id\":\"https:\/\/tuzlainfo.ba\/index.php\/clanci\/sa-svih-strana\/item\/289844-vucic-omalovazavao-proteste-u-novom-pazaru-spominjao-burk-i-pite\/#article\",\"isPartOf\":{\"@id\":\"https:\/\/tuzlainfo.ba\/index.php\/clanci\/sa-svih-strana\/item\/289844-vucic-omalovazavao-proteste-u-novom-pazaru-spominjao-burk-i-pite\/\"},\"author\":{\"name\":\"nedim\",\"@id\":\"https:\/\/tuzlainfo.ba\/#\/schema\/person\/f434e20dc27ea133923aab08451b7f7f\"},\"headline\":\"Vu\u010di\u010b omalova\u017eavao proteste u Novom Pazaru, spominjao burk i pite\",\"datePublished\":\"2025-12-21T20:00:48+00:00\",\"dateModified\":\"2025-12-21T20:00:48+00:00\",\"mainEntityOfPage\":{\"@id\":\"https:\/\/tuzlainfo.ba\/index.php\/clanci\/sa-svih-strana\/item\/289844-vucic-omalovazavao-proteste-u-novom-pazaru-spominjao-burk-i-pite\/\"},\"wordCount\":374,\"publisher\":{\"@id\":\"https:\/\/tuzlainfo.ba\/#organization\"},\"image\":{\"@id\":\"https:\/\/tuzlainfo.ba\/index.php\/clanci\/sa-svih-strana\/item\/289844-vucic-omalovazavao-proteste-u-novom-pazaru-spominjao-burk-i-pite\/#primaryimage\"},\"thumbnailUrl\":\"https:\/\/tuzlainfo.ba\/wp-content\/uploads\/2023\/09\/1309_vucic.jpg\",\"keywords\":[\"aleksandar vu\u010di\u0107\",\"novi pazar\"],\"articleSection\":[\"Sa svih strana\"],\"inLanguage\":\"bs-BA\"},{\"@type\":\"WebPage\",\"@id\":\"https:\/\/tuzlainfo.ba\/index.php\/clanci\/sa-svih-strana\/item\/289844-vucic-omalovazavao-proteste-u-novom-pazaru-spominjao-burk-i-pite\/\",\"url\":\"https:\/\/tuzlainfo.ba\/index.php\/clanci\/sa-svih-strana\/item\/289844-vucic-omalovazavao-proteste-u-novom-pazaru-spominjao-burk-i-pite\/\",\"name\":\"Vu\u010di\u010b omalova\u017eavao proteste u Novom Pazaru, spominjao burk i pite - TuzlaInfo.ba\",\"isPartOf\":{\"@id\":\"https:\/\/tuzlainfo.ba\/#website\"},\"primaryImageOfPage\":{\"@id\":\"https:\/\/tuzlainfo.ba\/index.php\/clanci\/sa-svih-strana\/item\/289844-vucic-omalovazavao-proteste-u-novom-pazaru-spominjao-burk-i-pite\/#primaryimage\"},\"image\":{\"@id\":\"https:\/\/tuzlainfo.ba\/index.php\/clanci\/sa-svih-strana\/item\/289844-vucic-omalovazavao-proteste-u-novom-pazaru-spominjao-burk-i-pite\/#primaryimage\"},\"thumbnailUrl\":\"https:\/\/tuzlainfo.ba\/wp-content\/uploads\/2023\/09\/1309_vucic.jpg\",\"datePublished\":\"2025-12-21T20:00:48+00:00\",\"dateModified\":\"2025-12-21T20:00:48+00:00\",\"breadcrumb\":{\"@id\":\"https:\/\/tuzlainfo.ba\/index.php\/clanci\/sa-svih-strana\/item\/289844-vucic-omalovazavao-proteste-u-novom-pazaru-spominjao-burk-i-pite\/#breadcrumb\"},\"inLanguage\":\"bs-BA\",\"potentialAction\":[{\"@type\":\"ReadAction\",\"target\":[\"https:\/\/tuzlainfo.ba\/index.php\/clanci\/sa-svih-strana\/item\/289844-vucic-omalovazavao-proteste-u-novom-pazaru-spominjao-burk-i-pite\/\"]}]},{\"@type\":\"ImageObject\",\"inLanguage\":\"bs-BA\",\"@id\":\"https:\/\/tuzlainfo.ba\/index.php\/clanci\/sa-svih-strana\/item\/289844-vucic-omalovazavao-proteste-u-novom-pazaru-spominjao-burk-i-pite\/#primaryimage\",\"url\":\"https:\/\/tuzlainfo.ba\/wp-content\/uploads\/2023\/09\/1309_vucic.jpg\",\"contentUrl\":\"https:\/\/tuzlainfo.ba\/wp-content\/uploads\/2023\/09\/1309_vucic.jpg\",\"width\":800,\"height\":533},{\"@type\":\"BreadcrumbList\",\"@id\":\"https:\/\/tuzlainfo.ba\/index.php\/clanci\/sa-svih-strana\/item\/289844-vucic-omalovazavao-proteste-u-novom-pazaru-spominjao-burk-i-pite\/#breadcrumb\",\"itemListElement\":[{\"@type\":\"ListItem\",\"position\":1,\"name\":\"Home\",\"item\":\"https:\/\/tuzlainfo.ba\/\"},{\"@type\":\"ListItem\",\"position\":2,\"name\":\"Vu\u010di\u010b omalova\u017eavao proteste u Novom Pazaru, spominjao burk i pite\"}]},{\"@type\":\"WebSite\",\"@id\":\"https:\/\/tuzlainfo.ba\/#website\",\"url\":\"https:\/\/tuzlainfo.ba\/\",\"name\":\"TuzlaInfo.ba\",\"description\":\"Tuzla info, gradski informator - Tuzla na dlanu\",\"publisher\":{\"@id\":\"https:\/\/tuzlainfo.ba\/#organization\"},\"potentialAction\":[{\"@type\":\"SearchAction\",\"target\":{\"@type\":\"EntryPoint\",\"urlTemplate\":\"https:\/\/tuzlainfo.ba\/?s={search_term_string}\"},\"query-input\":{\"@type\":\"PropertyValueSpecification\",\"valueRequired\":true,\"valueName\":\"search_term_string\"}}],\"inLanguage\":\"bs-BA\"},{\"@type\":\"Organization\",\"@id\":\"https:\/\/tuzlainfo.ba\/#organization\",\"name\":\"TuzlaInfo.ba\",\"url\":\"https:\/\/tuzlainfo.ba\/\",\"logo\":{\"@type\":\"ImageObject\",\"inLanguage\":\"bs-BA\",\"@id\":\"https:\/\/tuzlainfo.ba\/#\/schema\/logo\/image\/\",\"url\":\"https:\/\/tuzlainfo.ba\/wp-content\/uploads\/2021\/03\/logo-ver-3-1.png\",\"contentUrl\":\"https:\/\/tuzlainfo.ba\/wp-content\/uploads\/2021\/03\/logo-ver-3-1.png\",\"width\":350,\"height\":95,\"caption\":\"TuzlaInfo.ba\"},\"image\":{\"@id\":\"https:\/\/tuzlainfo.ba\/#\/schema\/logo\/image\/\"},\"sameAs\":[\"https:\/\/www.facebook.com\/tuzlainfo.ba\/\"]},{\"@type\":\"Person\",\"@id\":\"https:\/\/tuzlainfo.ba\/#\/schema\/person\/f434e20dc27ea133923aab08451b7f7f\",\"name\":\"nedim\",\"image\":{\"@type\":\"ImageObject\",\"inLanguage\":\"bs-BA\",\"@id\":\"https:\/\/tuzlainfo.ba\/#\/schema\/person\/image\/\",\"url\":\"https:\/\/tuzlainfo.ba\/wp-content\/litespeed\/avatar\/aabad687af24844af817603ac1cbdc4f.jpg?ver=1776702173\",\"contentUrl\":\"https:\/\/tuzlainfo.ba\/wp-content\/litespeed\/avatar\/aabad687af24844af817603ac1cbdc4f.jpg?ver=1776702173\",\"caption\":\"nedim\"},\"description\":\"Tuzlainfo.ba pratite na dru\u0161tvenim mre\u017eama: Facebook, Instagram i Youtube. Svoje pri\u010de, upite i fotografije \u0161aljite na na\u0161u e-mail adresu.\"}]}<\/script>\n<!-- \/ Yoast SEO plugin. -->","yoast_head_json":{"title":"Vu\u010di\u010b omalova\u017eavao proteste u Novom Pazaru, spominjao burk i pite - TuzlaInfo.ba","robots":{"index":"index","follow":"follow","max-snippet":"max-snippet:-1","max-image-preview":"max-image-preview:large","max-video-preview":"max-video-preview:-1"},"canonical":"https:\/\/tuzlainfo.ba\/index.php\/clanci\/sa-svih-strana\/item\/289844-vucic-omalovazavao-proteste-u-novom-pazaru-spominjao-burk-i-pite\/","og_locale":"bs_BA","og_type":"article","og_title":"Vu\u010di\u010b omalova\u017eavao proteste u Novom Pazaru, spominjao burk i pite - TuzlaInfo.ba","og_description":"Veliki protesti studenata u blokadi odr\u017eani su danas u Novom Pazaru pod sloganom \u201eIli oni&hellip;","og_url":"https:\/\/tuzlainfo.ba\/index.php\/clanci\/sa-svih-strana\/item\/289844-vucic-omalovazavao-proteste-u-novom-pazaru-spominjao-burk-i-pite\/","og_site_name":"TuzlaInfo.ba","article_publisher":"https:\/\/www.facebook.com\/tuzlainfo.ba\/","article_published_time":"2025-12-21T20:00:48+00:00","og_image":[{"width":800,"height":533,"url":"https:\/\/tuzlainfo.ba\/wp-content\/uploads\/2023\/09\/1309_vucic.jpg","type":"image\/jpeg"}],"author":"nedim","twitter_card":"summary_large_image","twitter_misc":{"Written by":"nedim","Est. reading time":"2 minute"},"schema":{"@context":"https:\/\/schema.org","@graph":[{"@type":"Article","@id":"https:\/\/tuzlainfo.ba\/index.php\/clanci\/sa-svih-strana\/item\/289844-vucic-omalovazavao-proteste-u-novom-pazaru-spominjao-burk-i-pite\/#article","isPartOf":{"@id":"https:\/\/tuzlainfo.ba\/index.php\/clanci\/sa-svih-strana\/item\/289844-vucic-omalovazavao-proteste-u-novom-pazaru-spominjao-burk-i-pite\/"},"author":{"name":"nedim","@id":"https:\/\/tuzlainfo.ba\/#\/schema\/person\/f434e20dc27ea133923aab08451b7f7f"},"headline":"Vu\u010di\u010b omalova\u017eavao proteste u Novom Pazaru, spominjao burk i pite","datePublished":"2025-12-21T20:00:48+00:00","dateModified":"2025-12-21T20:00:48+00:00","mainEntityOfPage":{"@id":"https:\/\/tuzlainfo.ba\/index.php\/clanci\/sa-svih-strana\/item\/289844-vucic-omalovazavao-proteste-u-novom-pazaru-spominjao-burk-i-pite\/"},"wordCount":374,"publisher":{"@id":"https:\/\/tuzlainfo.ba\/#organization"},"image":{"@id":"https:\/\/tuzlainfo.ba\/index.php\/clanci\/sa-svih-strana\/item\/289844-vucic-omalovazavao-proteste-u-novom-pazaru-spominjao-burk-i-pite\/#primaryimage"},"thumbnailUrl":"https:\/\/tuzlainfo.ba\/wp-content\/uploads\/2023\/09\/1309_vucic.jpg","keywords":["aleksandar vu\u010di\u0107","novi pazar"],"articleSection":["Sa svih strana"],"inLanguage":"bs-BA"},{"@type":"WebPage","@id":"https:\/\/tuzlainfo.ba\/index.php\/clanci\/sa-svih-strana\/item\/289844-vucic-omalovazavao-proteste-u-novom-pazaru-spominjao-burk-i-pite\/","url":"https:\/\/tuzlainfo.ba\/index.php\/clanci\/sa-svih-strana\/item\/289844-vucic-omalovazavao-proteste-u-novom-pazaru-spominjao-burk-i-pite\/","name":"Vu\u010di\u010b omalova\u017eavao proteste u Novom Pazaru, spominjao burk i pite - TuzlaInfo.ba","isPartOf":{"@id":"https:\/\/tuzlainfo.ba\/#website"},"primaryImageOfPage":{"@id":"https:\/\/tuzlainfo.ba\/index.php\/clanci\/sa-svih-strana\/item\/289844-vucic-omalovazavao-proteste-u-novom-pazaru-spominjao-burk-i-pite\/#primaryimage"},"image":{"@id":"https:\/\/tuzlainfo.ba\/index.php\/clanci\/sa-svih-strana\/item\/289844-vucic-omalovazavao-proteste-u-novom-pazaru-spominjao-burk-i-pite\/#primaryimage"},"thumbnailUrl":"https:\/\/tuzlainfo.ba\/wp-content\/uploads\/2023\/09\/1309_vucic.jpg","datePublished":"2025-12-21T20:00:48+00:00","dateModified":"2025-12-21T20:00:48+00:00","breadcrumb":{"@id":"https:\/\/tuzlainfo.ba\/index.php\/clanci\/sa-svih-strana\/item\/289844-vucic-omalovazavao-proteste-u-novom-pazaru-spominjao-burk-i-pite\/#breadcrumb"},"inLanguage":"bs-BA","potentialAction":[{"@type":"ReadAction","target":["https:\/\/tuzlainfo.ba\/index.php\/clanci\/sa-svih-strana\/item\/289844-vucic-omalovazavao-proteste-u-novom-pazaru-spominjao-burk-i-pite\/"]}]},{"@type":"ImageObject","inLanguage":"bs-BA","@id":"https:\/\/tuzlainfo.ba\/index.php\/clanci\/sa-svih-strana\/item\/289844-vucic-omalovazavao-proteste-u-novom-pazaru-spominjao-burk-i-pite\/#primaryimage","url":"https:\/\/tuzlainfo.ba\/wp-content\/uploads\/2023\/09\/1309_vucic.jpg","contentUrl":"https:\/\/tuzlainfo.ba\/wp-content\/uploads\/2023\/09\/1309_vucic.jpg","width":800,"height":533},{"@type":"BreadcrumbList","@id":"https:\/\/tuzlainfo.ba\/index.php\/clanci\/sa-svih-strana\/item\/289844-vucic-omalovazavao-proteste-u-novom-pazaru-spominjao-burk-i-pite\/#breadcrumb","itemListElement":[{"@type":"ListItem","position":1,"name":"Home","item":"https:\/\/tuzlainfo.ba\/"},{"@type":"ListItem","position":2,"name":"Vu\u010di\u010b omalova\u017eavao proteste u Novom Pazaru, spominjao burk i pite"}]},{"@type":"WebSite","@id":"https:\/\/tuzlainfo.ba\/#website","url":"https:\/\/tuzlainfo.ba\/","name":"TuzlaInfo.ba","description":"Tuzla info, gradski informator - Tuzla na dlanu","publisher":{"@id":"https:\/\/tuzlainfo.ba\/#organization"},"potentialAction":[{"@type":"SearchAction","target":{"@type":"EntryPoint","urlTemplate":"https:\/\/tuzlainfo.ba\/?s={search_term_string}"},"query-input":{"@type":"PropertyValueSpecification","valueRequired":true,"valueName":"search_term_string"}}],"inLanguage":"bs-BA"},{"@type":"Organization","@id":"https:\/\/tuzlainfo.ba\/#organization","name":"TuzlaInfo.ba","url":"https:\/\/tuzlainfo.ba\/","logo":{"@type":"ImageObject","inLanguage":"bs-BA","@id":"https:\/\/tuzlainfo.ba\/#\/schema\/logo\/image\/","url":"https:\/\/tuzlainfo.ba\/wp-content\/uploads\/2021\/03\/logo-ver-3-1.png","contentUrl":"https:\/\/tuzlainfo.ba\/wp-content\/uploads\/2021\/03\/logo-ver-3-1.png","width":350,"height":95,"caption":"TuzlaInfo.ba"},"image":{"@id":"https:\/\/tuzlainfo.ba\/#\/schema\/logo\/image\/"},"sameAs":["https:\/\/www.facebook.com\/tuzlainfo.ba\/"]},{"@type":"Person","@id":"https:\/\/tuzlainfo.ba\/#\/schema\/person\/f434e20dc27ea133923aab08451b7f7f","name":"nedim","image":{"@type":"ImageObject","inLanguage":"bs-BA","@id":"https:\/\/tuzlainfo.ba\/#\/schema\/person\/image\/","url":"https:\/\/tuzlainfo.ba\/wp-content\/litespeed\/avatar\/aabad687af24844af817603ac1cbdc4f.jpg?ver=1776702173","contentUrl":"https:\/\/tuzlainfo.ba\/wp-content\/litespeed\/avatar\/aabad687af24844af817603ac1cbdc4f.jpg?ver=1776702173","caption":"nedim"},"description":"Tuzlainfo.ba pratite na dru\u0161tvenim mre\u017eama: Facebook, Instagram i Youtube. Svoje pri\u010de, upite i fotografije \u0161aljite na na\u0161u e-mail adresu."}]}},"_links":{"self":[{"href":"https:\/\/tuzlainfo.ba\/index.php\/wp-json\/wp\/v2\/posts\/289844"}],"collection":[{"href":"https:\/\/tuzlainfo.ba\/index.php\/wp-json\/wp\/v2\/posts"}],"about":[{"href":"https:\/\/tuzlainfo.ba\/index.php\/wp-json\/wp\/v2\/types\/post"}],"author":[{"embeddable":true,"href":"https:\/\/tuzlainfo.ba\/index.php\/wp-json\/wp\/v2\/users\/2"}],"replies":[{"embeddable":true,"href":"https:\/\/tuzlainfo.ba\/index.php\/wp-json\/wp\/v2\/comments?post=289844"}],"version-history":[{"count":1,"href":"https:\/\/tuzlainfo.ba\/index.php\/wp-json\/wp\/v2\/posts\/289844\/revisions"}],"predecessor-version":[{"id":289845,"href":"https:\/\/tuzlainfo.ba\/index.php\/wp-json\/wp\/v2\/posts\/289844\/revisions\/289845"}],"wp:featuredmedia":[{"embeddable":true,"href":"https:\/\/tuzlainfo.ba\/index.php\/wp-json\/wp\/v2\/media\/216767"}],"wp:attachment":[{"href":"https:\/\/tuzlainfo.ba\/index.php\/wp-json\/wp\/v2\/media?parent=289844"}],"wp:term":[{"taxonomy":"category","embeddable":true,"href":"https:\/\/tuzlainfo.ba\/index.php\/wp-json\/wp\/v2\/categories?post=289844"},{"taxonomy":"post_tag","embeddable":true,"href":"https:\/\/tuzlainfo.ba\/index.php\/wp-json\/wp\/v2\/tags?post=289844"}],"curies":[{"name":"wp","href":"https:\/\/api.w.org\/{rel}","templated":true}]}}