{"id":289724,"date":"2025-12-19T19:10:42","date_gmt":"2025-12-19T18:10:42","guid":{"rendered":"https:\/\/tuzlainfo.ba\/?p=289724"},"modified":"2025-12-19T14:43:58","modified_gmt":"2025-12-19T13:43:58","slug":"decembar-u-bcc-tuzla-od-zida-zelja-do-praznicnih-predstava","status":"publish","type":"post","link":"https:\/\/tuzlainfo.ba\/index.php\/novosti\/item\/289724-decembar-u-bcc-tuzla-od-zida-zelja-do-praznicnih-predstava\/","title":{"rendered":"Decembar u BCC Tuzla: Od Zida \u017eelja do prazni\u010dnih predstava"},"content":{"rendered":"<p>Prazni\u010dna sezona u BCC Tuzla i ove godine donosi sna\u017enu emotivnu pri\u010du, uz bogat program zabavnih i humanitarnih aktivnosti za cijelu porodicu. Od 19. do 26. decembra, posjetioci Centra mogu biti dio tradicionalne humanitarne akcije \u201eO\u017eivimo \u017eelje\u201c, \u010diji je cilj ispuniti novogodi\u0161nje snove 77 mali\u0161ana iz Udru\u017eenja Pipol iz Tuzle.<\/p>\n<p>U centralnom dijelu Centra postavljen je Zid \u017eelja, ispunjen iskrenim, skromnim i dirljivim \u017eeljama djece koja se bore s te\u0161kim bolestima. Svaka \u017eelja predstavlja mali ali izuzetno vrijedan san. Igra\u010dke koje pri\u017eeljkuju, kreativni setovi ili knjige, pokloni su koji za njih imaju mnogo ve\u0107e zna\u010denje od same materijalne vrijednosti.<\/p>\n<p>Posjetioci mogu odabrati \u017eelju sa Zida, kupiti poklon i tako biti dijelom novogodi\u0161nje \u010darolije. Akcija traje do 26. decembra, nakon \u010dega \u0107e predstavnici BCC Tuzla, zajedno s Djeda Mrazom, uru\u010diti poklone i nov\u010danu donaciju Udru\u017eenju Pipol.<\/p>\n<p>Uz ovu ve\u0107 tradicionalnu akciju, BCC Tuzla tokom ovog prazni\u010dnog perioda donosi i raznovrstan i bogat prazni\u010dni program. Ve\u0107 19. i 20. decembra najmla\u0111e o\u010dekuju kreativne radionice izrade novogodi\u0161njih ukrasa, dru\u017eenje s omiljenim maskotama, kao i mogu\u0107nost osvajanja ulaznica za film \u201eBo\u017ei\u0107na \u010darolija sjevera\u201c.<\/p>\n<p>Prazni\u010dnu atmosferu dodatno \u0107e obogatiti nastup vokalnog ansambla \u201eBosanke\u201c u srijedu, 24. decembra, uz podjelu tople \u010dokolade i stvaranje toplih decembarskih uspomena.<\/p>\n<p>&nbsp;<\/p>\n<p>Prvo dru\u017eenje s Djeda Mrazom i podjela paketi\u0107a zakazano je za petak, 26. decembar, dok \u0107e u subotu 27. decembra Theater Factory Sarajevo izvesti novogodi\u0161nju predstavu za djecu \u201eNovogodi\u0161nja smicalica\u201c, uz novo dru\u017eenje s Djeda Mrazom.<\/p>\n<p>Zavr\u0161nicu prazni\u010dnog programa obilje\u017eit \u0107e nastupi omiljenih dje\u010dijih zabavlja\u010da Mravka Travka i ma\u0111ioni\u010dara Strahinje u ponedjeljak, 29. decembra, dok \u0107e posljednji dan kampanje, 30. decembra, prote\u0107i uz nastupe dje\u010dijeg hora Slavuji i plesnog kluba Sandoval.<\/p>\n<p>U periodu od 19. do 30. decembra prona\u0111ite vrijeme da posjetite BCC Tuzla i iskoristite priliku da u\u017eivate prazni\u010dnoj atmosferi, ali i postanete dio pri\u010de koja praznicima daje pravo zna\u010denje.<\/p>\n","protected":false},"excerpt":{"rendered":"<p>Prazni\u010dna sezona u BCC Tuzla i ove godine donosi sna\u017enu emotivnu pri\u010du, uz bogat program&hellip;<\/p>\n","protected":false},"author":4,"featured_media":258439,"comment_status":"closed","ping_status":"closed","sticky":false,"template":"","format":"standard","meta":{"_acf_changed":false,"footnotes":""},"categories":[304,12],"tags":[8628],"acf":[],"yoast_head":"<!-- This site is optimized with the Yoast SEO plugin v23.5 - https:\/\/yoast.com\/wordpress\/plugins\/seo\/ -->\n<title>Decembar u BCC Tuzla: Od Zida \u017eelja do prazni\u010dnih predstava - TuzlaInfo.ba<\/title>\n<meta name=\"robots\" content=\"index, follow, max-snippet:-1, max-image-preview:large, max-video-preview:-1\" \/>\n<link rel=\"canonical\" href=\"https:\/\/tuzlainfo.ba\/index.php\/novosti\/item\/289724-decembar-u-bcc-tuzla-od-zida-zelja-do-praznicnih-predstava\/\" \/>\n<meta property=\"og:locale\" content=\"bs_BA\" \/>\n<meta property=\"og:type\" content=\"article\" \/>\n<meta property=\"og:title\" content=\"Decembar u BCC Tuzla: Od Zida \u017eelja do prazni\u010dnih predstava - TuzlaInfo.ba\" \/>\n<meta property=\"og:description\" content=\"Prazni\u010dna sezona u BCC Tuzla i ove godine donosi sna\u017enu emotivnu pri\u010du, uz bogat program&hellip;\" \/>\n<meta property=\"og:url\" content=\"https:\/\/tuzlainfo.ba\/index.php\/novosti\/item\/289724-decembar-u-bcc-tuzla-od-zida-zelja-do-praznicnih-predstava\/\" \/>\n<meta property=\"og:site_name\" content=\"TuzlaInfo.ba\" \/>\n<meta property=\"article:publisher\" content=\"https:\/\/www.facebook.com\/tuzlainfo.ba\/\" \/>\n<meta property=\"article:published_time\" content=\"2025-12-19T18:10:42+00:00\" \/>\n<meta property=\"article:modified_time\" content=\"2025-12-19T13:43:58+00:00\" \/>\n<meta property=\"og:image\" content=\"https:\/\/tuzlainfo.ba\/wp-content\/uploads\/2024\/12\/bcc_magicne-6.jpg\" \/>\n\t<meta property=\"og:image:width\" content=\"1000\" \/>\n\t<meta property=\"og:image:height\" content=\"666\" \/>\n\t<meta property=\"og:image:type\" content=\"image\/jpeg\" \/>\n<meta name=\"author\" content=\"Tuzla Info\" \/>\n<meta name=\"twitter:card\" content=\"summary_large_image\" \/>\n<meta name=\"twitter:label1\" content=\"Written by\" \/>\n\t<meta name=\"twitter:data1\" content=\"Tuzla Info\" \/>\n\t<meta name=\"twitter:label2\" content=\"Est. reading time\" \/>\n\t<meta name=\"twitter:data2\" content=\"2 minute\" \/>\n<script type=\"application\/ld+json\" class=\"yoast-schema-graph\">{\"@context\":\"https:\/\/schema.org\",\"@graph\":[{\"@type\":\"Article\",\"@id\":\"https:\/\/tuzlainfo.ba\/index.php\/novosti\/item\/289724-decembar-u-bcc-tuzla-od-zida-zelja-do-praznicnih-predstava\/#article\",\"isPartOf\":{\"@id\":\"https:\/\/tuzlainfo.ba\/index.php\/novosti\/item\/289724-decembar-u-bcc-tuzla-od-zida-zelja-do-praznicnih-predstava\/\"},\"author\":{\"name\":\"Tuzla Info\",\"@id\":\"https:\/\/tuzlainfo.ba\/#\/schema\/person\/46cad4c57790cbc50781edd14870825a\"},\"headline\":\"Decembar u BCC Tuzla: Od Zida \u017eelja do prazni\u010dnih predstava\",\"datePublished\":\"2025-12-19T18:10:42+00:00\",\"dateModified\":\"2025-12-19T13:43:58+00:00\",\"mainEntityOfPage\":{\"@id\":\"https:\/\/tuzlainfo.ba\/index.php\/novosti\/item\/289724-decembar-u-bcc-tuzla-od-zida-zelja-do-praznicnih-predstava\/\"},\"wordCount\":346,\"publisher\":{\"@id\":\"https:\/\/tuzlainfo.ba\/#organization\"},\"image\":{\"@id\":\"https:\/\/tuzlainfo.ba\/index.php\/novosti\/item\/289724-decembar-u-bcc-tuzla-od-zida-zelja-do-praznicnih-predstava\/#primaryimage\"},\"thumbnailUrl\":\"https:\/\/tuzlainfo.ba\/wp-content\/uploads\/2024\/12\/bcc_magicne-6.jpg\",\"keywords\":[\"bcc tuzla\"],\"articleSection\":[\"Istaknuto\",\"Novosti\"],\"inLanguage\":\"bs-BA\"},{\"@type\":\"WebPage\",\"@id\":\"https:\/\/tuzlainfo.ba\/index.php\/novosti\/item\/289724-decembar-u-bcc-tuzla-od-zida-zelja-do-praznicnih-predstava\/\",\"url\":\"https:\/\/tuzlainfo.ba\/index.php\/novosti\/item\/289724-decembar-u-bcc-tuzla-od-zida-zelja-do-praznicnih-predstava\/\",\"name\":\"Decembar u BCC Tuzla: Od Zida \u017eelja do prazni\u010dnih predstava - TuzlaInfo.ba\",\"isPartOf\":{\"@id\":\"https:\/\/tuzlainfo.ba\/#website\"},\"primaryImageOfPage\":{\"@id\":\"https:\/\/tuzlainfo.ba\/index.php\/novosti\/item\/289724-decembar-u-bcc-tuzla-od-zida-zelja-do-praznicnih-predstava\/#primaryimage\"},\"image\":{\"@id\":\"https:\/\/tuzlainfo.ba\/index.php\/novosti\/item\/289724-decembar-u-bcc-tuzla-od-zida-zelja-do-praznicnih-predstava\/#primaryimage\"},\"thumbnailUrl\":\"https:\/\/tuzlainfo.ba\/wp-content\/uploads\/2024\/12\/bcc_magicne-6.jpg\",\"datePublished\":\"2025-12-19T18:10:42+00:00\",\"dateModified\":\"2025-12-19T13:43:58+00:00\",\"breadcrumb\":{\"@id\":\"https:\/\/tuzlainfo.ba\/index.php\/novosti\/item\/289724-decembar-u-bcc-tuzla-od-zida-zelja-do-praznicnih-predstava\/#breadcrumb\"},\"inLanguage\":\"bs-BA\",\"potentialAction\":[{\"@type\":\"ReadAction\",\"target\":[\"https:\/\/tuzlainfo.ba\/index.php\/novosti\/item\/289724-decembar-u-bcc-tuzla-od-zida-zelja-do-praznicnih-predstava\/\"]}]},{\"@type\":\"ImageObject\",\"inLanguage\":\"bs-BA\",\"@id\":\"https:\/\/tuzlainfo.ba\/index.php\/novosti\/item\/289724-decembar-u-bcc-tuzla-od-zida-zelja-do-praznicnih-predstava\/#primaryimage\",\"url\":\"https:\/\/tuzlainfo.ba\/wp-content\/uploads\/2024\/12\/bcc_magicne-6.jpg\",\"contentUrl\":\"https:\/\/tuzlainfo.ba\/wp-content\/uploads\/2024\/12\/bcc_magicne-6.jpg\",\"width\":1000,\"height\":666},{\"@type\":\"BreadcrumbList\",\"@id\":\"https:\/\/tuzlainfo.ba\/index.php\/novosti\/item\/289724-decembar-u-bcc-tuzla-od-zida-zelja-do-praznicnih-predstava\/#breadcrumb\",\"itemListElement\":[{\"@type\":\"ListItem\",\"position\":1,\"name\":\"Home\",\"item\":\"https:\/\/tuzlainfo.ba\/\"},{\"@type\":\"ListItem\",\"position\":2,\"name\":\"Decembar u BCC Tuzla: Od Zida \u017eelja do prazni\u010dnih predstava\"}]},{\"@type\":\"WebSite\",\"@id\":\"https:\/\/tuzlainfo.ba\/#website\",\"url\":\"https:\/\/tuzlainfo.ba\/\",\"name\":\"TuzlaInfo.ba\",\"description\":\"Tuzla info, gradski informator - Tuzla na dlanu\",\"publisher\":{\"@id\":\"https:\/\/tuzlainfo.ba\/#organization\"},\"potentialAction\":[{\"@type\":\"SearchAction\",\"target\":{\"@type\":\"EntryPoint\",\"urlTemplate\":\"https:\/\/tuzlainfo.ba\/?s={search_term_string}\"},\"query-input\":{\"@type\":\"PropertyValueSpecification\",\"valueRequired\":true,\"valueName\":\"search_term_string\"}}],\"inLanguage\":\"bs-BA\"},{\"@type\":\"Organization\",\"@id\":\"https:\/\/tuzlainfo.ba\/#organization\",\"name\":\"TuzlaInfo.ba\",\"url\":\"https:\/\/tuzlainfo.ba\/\",\"logo\":{\"@type\":\"ImageObject\",\"inLanguage\":\"bs-BA\",\"@id\":\"https:\/\/tuzlainfo.ba\/#\/schema\/logo\/image\/\",\"url\":\"https:\/\/tuzlainfo.ba\/wp-content\/uploads\/2021\/03\/logo-ver-3-1.png\",\"contentUrl\":\"https:\/\/tuzlainfo.ba\/wp-content\/uploads\/2021\/03\/logo-ver-3-1.png\",\"width\":350,\"height\":95,\"caption\":\"TuzlaInfo.ba\"},\"image\":{\"@id\":\"https:\/\/tuzlainfo.ba\/#\/schema\/logo\/image\/\"},\"sameAs\":[\"https:\/\/www.facebook.com\/tuzlainfo.ba\/\"]},{\"@type\":\"Person\",\"@id\":\"https:\/\/tuzlainfo.ba\/#\/schema\/person\/46cad4c57790cbc50781edd14870825a\",\"name\":\"Tuzla Info\",\"image\":{\"@type\":\"ImageObject\",\"inLanguage\":\"bs-BA\",\"@id\":\"https:\/\/tuzlainfo.ba\/#\/schema\/person\/image\/\",\"url\":\"https:\/\/tuzlainfo.ba\/wp-content\/litespeed\/avatar\/b6c453a6c38e3654f2e4416c643fc25c.jpg?ver=1777051911\",\"contentUrl\":\"https:\/\/tuzlainfo.ba\/wp-content\/litespeed\/avatar\/b6c453a6c38e3654f2e4416c643fc25c.jpg?ver=1777051911\",\"caption\":\"Tuzla Info\"}}]}<\/script>\n<!-- \/ Yoast SEO plugin. -->","yoast_head_json":{"title":"Decembar u BCC Tuzla: Od Zida \u017eelja do prazni\u010dnih predstava - TuzlaInfo.ba","robots":{"index":"index","follow":"follow","max-snippet":"max-snippet:-1","max-image-preview":"max-image-preview:large","max-video-preview":"max-video-preview:-1"},"canonical":"https:\/\/tuzlainfo.ba\/index.php\/novosti\/item\/289724-decembar-u-bcc-tuzla-od-zida-zelja-do-praznicnih-predstava\/","og_locale":"bs_BA","og_type":"article","og_title":"Decembar u BCC Tuzla: Od Zida \u017eelja do prazni\u010dnih predstava - TuzlaInfo.ba","og_description":"Prazni\u010dna sezona u BCC Tuzla i ove godine donosi sna\u017enu emotivnu pri\u010du, uz bogat program&hellip;","og_url":"https:\/\/tuzlainfo.ba\/index.php\/novosti\/item\/289724-decembar-u-bcc-tuzla-od-zida-zelja-do-praznicnih-predstava\/","og_site_name":"TuzlaInfo.ba","article_publisher":"https:\/\/www.facebook.com\/tuzlainfo.ba\/","article_published_time":"2025-12-19T18:10:42+00:00","article_modified_time":"2025-12-19T13:43:58+00:00","og_image":[{"width":1000,"height":666,"url":"https:\/\/tuzlainfo.ba\/wp-content\/uploads\/2024\/12\/bcc_magicne-6.jpg","type":"image\/jpeg"}],"author":"Tuzla Info","twitter_card":"summary_large_image","twitter_misc":{"Written by":"Tuzla Info","Est. reading time":"2 minute"},"schema":{"@context":"https:\/\/schema.org","@graph":[{"@type":"Article","@id":"https:\/\/tuzlainfo.ba\/index.php\/novosti\/item\/289724-decembar-u-bcc-tuzla-od-zida-zelja-do-praznicnih-predstava\/#article","isPartOf":{"@id":"https:\/\/tuzlainfo.ba\/index.php\/novosti\/item\/289724-decembar-u-bcc-tuzla-od-zida-zelja-do-praznicnih-predstava\/"},"author":{"name":"Tuzla Info","@id":"https:\/\/tuzlainfo.ba\/#\/schema\/person\/46cad4c57790cbc50781edd14870825a"},"headline":"Decembar u BCC Tuzla: Od Zida \u017eelja do prazni\u010dnih predstava","datePublished":"2025-12-19T18:10:42+00:00","dateModified":"2025-12-19T13:43:58+00:00","mainEntityOfPage":{"@id":"https:\/\/tuzlainfo.ba\/index.php\/novosti\/item\/289724-decembar-u-bcc-tuzla-od-zida-zelja-do-praznicnih-predstava\/"},"wordCount":346,"publisher":{"@id":"https:\/\/tuzlainfo.ba\/#organization"},"image":{"@id":"https:\/\/tuzlainfo.ba\/index.php\/novosti\/item\/289724-decembar-u-bcc-tuzla-od-zida-zelja-do-praznicnih-predstava\/#primaryimage"},"thumbnailUrl":"https:\/\/tuzlainfo.ba\/wp-content\/uploads\/2024\/12\/bcc_magicne-6.jpg","keywords":["bcc tuzla"],"articleSection":["Istaknuto","Novosti"],"inLanguage":"bs-BA"},{"@type":"WebPage","@id":"https:\/\/tuzlainfo.ba\/index.php\/novosti\/item\/289724-decembar-u-bcc-tuzla-od-zida-zelja-do-praznicnih-predstava\/","url":"https:\/\/tuzlainfo.ba\/index.php\/novosti\/item\/289724-decembar-u-bcc-tuzla-od-zida-zelja-do-praznicnih-predstava\/","name":"Decembar u BCC Tuzla: Od Zida \u017eelja do prazni\u010dnih predstava - TuzlaInfo.ba","isPartOf":{"@id":"https:\/\/tuzlainfo.ba\/#website"},"primaryImageOfPage":{"@id":"https:\/\/tuzlainfo.ba\/index.php\/novosti\/item\/289724-decembar-u-bcc-tuzla-od-zida-zelja-do-praznicnih-predstava\/#primaryimage"},"image":{"@id":"https:\/\/tuzlainfo.ba\/index.php\/novosti\/item\/289724-decembar-u-bcc-tuzla-od-zida-zelja-do-praznicnih-predstava\/#primaryimage"},"thumbnailUrl":"https:\/\/tuzlainfo.ba\/wp-content\/uploads\/2024\/12\/bcc_magicne-6.jpg","datePublished":"2025-12-19T18:10:42+00:00","dateModified":"2025-12-19T13:43:58+00:00","breadcrumb":{"@id":"https:\/\/tuzlainfo.ba\/index.php\/novosti\/item\/289724-decembar-u-bcc-tuzla-od-zida-zelja-do-praznicnih-predstava\/#breadcrumb"},"inLanguage":"bs-BA","potentialAction":[{"@type":"ReadAction","target":["https:\/\/tuzlainfo.ba\/index.php\/novosti\/item\/289724-decembar-u-bcc-tuzla-od-zida-zelja-do-praznicnih-predstava\/"]}]},{"@type":"ImageObject","inLanguage":"bs-BA","@id":"https:\/\/tuzlainfo.ba\/index.php\/novosti\/item\/289724-decembar-u-bcc-tuzla-od-zida-zelja-do-praznicnih-predstava\/#primaryimage","url":"https:\/\/tuzlainfo.ba\/wp-content\/uploads\/2024\/12\/bcc_magicne-6.jpg","contentUrl":"https:\/\/tuzlainfo.ba\/wp-content\/uploads\/2024\/12\/bcc_magicne-6.jpg","width":1000,"height":666},{"@type":"BreadcrumbList","@id":"https:\/\/tuzlainfo.ba\/index.php\/novosti\/item\/289724-decembar-u-bcc-tuzla-od-zida-zelja-do-praznicnih-predstava\/#breadcrumb","itemListElement":[{"@type":"ListItem","position":1,"name":"Home","item":"https:\/\/tuzlainfo.ba\/"},{"@type":"ListItem","position":2,"name":"Decembar u BCC Tuzla: Od Zida \u017eelja do prazni\u010dnih predstava"}]},{"@type":"WebSite","@id":"https:\/\/tuzlainfo.ba\/#website","url":"https:\/\/tuzlainfo.ba\/","name":"TuzlaInfo.ba","description":"Tuzla info, gradski informator - Tuzla na dlanu","publisher":{"@id":"https:\/\/tuzlainfo.ba\/#organization"},"potentialAction":[{"@type":"SearchAction","target":{"@type":"EntryPoint","urlTemplate":"https:\/\/tuzlainfo.ba\/?s={search_term_string}"},"query-input":{"@type":"PropertyValueSpecification","valueRequired":true,"valueName":"search_term_string"}}],"inLanguage":"bs-BA"},{"@type":"Organization","@id":"https:\/\/tuzlainfo.ba\/#organization","name":"TuzlaInfo.ba","url":"https:\/\/tuzlainfo.ba\/","logo":{"@type":"ImageObject","inLanguage":"bs-BA","@id":"https:\/\/tuzlainfo.ba\/#\/schema\/logo\/image\/","url":"https:\/\/tuzlainfo.ba\/wp-content\/uploads\/2021\/03\/logo-ver-3-1.png","contentUrl":"https:\/\/tuzlainfo.ba\/wp-content\/uploads\/2021\/03\/logo-ver-3-1.png","width":350,"height":95,"caption":"TuzlaInfo.ba"},"image":{"@id":"https:\/\/tuzlainfo.ba\/#\/schema\/logo\/image\/"},"sameAs":["https:\/\/www.facebook.com\/tuzlainfo.ba\/"]},{"@type":"Person","@id":"https:\/\/tuzlainfo.ba\/#\/schema\/person\/46cad4c57790cbc50781edd14870825a","name":"Tuzla Info","image":{"@type":"ImageObject","inLanguage":"bs-BA","@id":"https:\/\/tuzlainfo.ba\/#\/schema\/person\/image\/","url":"https:\/\/tuzlainfo.ba\/wp-content\/litespeed\/avatar\/b6c453a6c38e3654f2e4416c643fc25c.jpg?ver=1777051911","contentUrl":"https:\/\/tuzlainfo.ba\/wp-content\/litespeed\/avatar\/b6c453a6c38e3654f2e4416c643fc25c.jpg?ver=1777051911","caption":"Tuzla Info"}}]}},"_links":{"self":[{"href":"https:\/\/tuzlainfo.ba\/index.php\/wp-json\/wp\/v2\/posts\/289724"}],"collection":[{"href":"https:\/\/tuzlainfo.ba\/index.php\/wp-json\/wp\/v2\/posts"}],"about":[{"href":"https:\/\/tuzlainfo.ba\/index.php\/wp-json\/wp\/v2\/types\/post"}],"author":[{"embeddable":true,"href":"https:\/\/tuzlainfo.ba\/index.php\/wp-json\/wp\/v2\/users\/4"}],"replies":[{"embeddable":true,"href":"https:\/\/tuzlainfo.ba\/index.php\/wp-json\/wp\/v2\/comments?post=289724"}],"version-history":[{"count":1,"href":"https:\/\/tuzlainfo.ba\/index.php\/wp-json\/wp\/v2\/posts\/289724\/revisions"}],"predecessor-version":[{"id":289742,"href":"https:\/\/tuzlainfo.ba\/index.php\/wp-json\/wp\/v2\/posts\/289724\/revisions\/289742"}],"wp:featuredmedia":[{"embeddable":true,"href":"https:\/\/tuzlainfo.ba\/index.php\/wp-json\/wp\/v2\/media\/258439"}],"wp:attachment":[{"href":"https:\/\/tuzlainfo.ba\/index.php\/wp-json\/wp\/v2\/media?parent=289724"}],"wp:term":[{"taxonomy":"category","embeddable":true,"href":"https:\/\/tuzlainfo.ba\/index.php\/wp-json\/wp\/v2\/categories?post=289724"},{"taxonomy":"post_tag","embeddable":true,"href":"https:\/\/tuzlainfo.ba\/index.php\/wp-json\/wp\/v2\/tags?post=289724"}],"curies":[{"name":"wp","href":"https:\/\/api.w.org\/{rel}","templated":true}]}}