{"id":289714,"date":"2025-12-19T14:27:48","date_gmt":"2025-12-19T13:27:48","guid":{"rendered":"https:\/\/tuzlainfo.ba\/?p=289714"},"modified":"2025-12-19T13:31:18","modified_gmt":"2025-12-19T12:31:18","slug":"rak-reagovao-na-prilog-rtrs-a-koji-bosnjake-u-istocnom-sarajevu-predstavlja-kao-prijetnju","status":"publish","type":"post","link":"https:\/\/tuzlainfo.ba\/index.php\/bosna-i-hercegovina\/item\/289714-rak-reagovao-na-prilog-rtrs-a-koji-bosnjake-u-istocnom-sarajevu-predstavlja-kao-prijetnju\/","title":{"rendered":"RAK reagovao na prilog RTRS-a koji Bo\u0161njake u Isto\u010dnom Sarajevu predstavlja kao prijetnju"},"content":{"rendered":"<p>Regulatorna agencija za komunikacije Bosne i Hercegovine ispitat \u0107e po slu\u017ebenoj du\u017enosti navode o spornom prilogu emitovanom na Radio-televiziji Republike Srpske, u kojem se govori o kupovini stanova u Isto\u010dnom Sarajevu, potvr\u0111eno je za Detektor.<\/p>\n<p>Rije\u010d je o prilogu emitovanom 18. decembra 2025. godine u emisiji \u201cPe\u010dat\u201d, u kojem se problematizira \u010dinjenica da su, kako je navedeno, stotine stanova u Isto\u010dnom Sarajevu u posljednjih deset godina kupili Bo\u0161njaci iz Sarajeva. U uvodu priloga voditeljica navodi da je kupovina stanova zakonom dozvoljena, ali se u nastavku isti\u010de da gra\u0111ani i zvani\u010dnici iz Isto\u010dnog Sarajeva u tome prepoznaju, kako je re\u010deno, \u201copasne trendove\u201d.<\/p>\n<p>\u201cPomama za kvadratima u nekada Srpskom Sarajevu uglavnom se tuma\u010di pristupa\u010dnom cijenom. No gra\u0111ani i zvani\u010dnici iz Isto\u010dnog Sarajeva u tome prepoznaju opasne trendove\u201d, navedeno je u prilogu RTRS-a.<\/p>\n<p>Prilog je izazvao niz reakcija u javnosti zbog na\u010dina na koji se govori o etni\u010dkoj pripadnosti kupaca nekretnina, kao i zbog tvrdnji da bi takvi trendovi mogli imati posljedice po srpsko stanovni\u0161tvo u Isto\u010dnom Sarajevu.<\/p>\n<p>Emitovanje priloga uslijedilo je nakon izjava biv\u0161eg predsjednika Republike Srpske i lidera SNSD-a Milorada Dodika, koji je tokom predizborne kampanje u Isto\u010dnom Sarajevu govorio o Bo\u0161njacima koji se, kako je tada rekao, \u201ckao amebe \u0161ire\u201d i kupuju stanove u ovom gradu. Dodik je tom prilikom kritikovao i lokalnu vlast, koju predvodi na\u010delnik iz SDS-a.<\/p>\n<p>Iz Regulatorne agencije za komunikacije potvr\u0111eno je za Detektor da je Agencija zaprimila pojedina\u010dne prigovore na navedeni programski sadr\u017eaj, te da \u0107e navode ispitati po slu\u017ebenoj du\u017enosti.<\/p>\n<p>Podsje\u0107amo, RAK je u ranijem periodu vi\u0161e puta izricao sankcije RTRS-u zbog kr\u0161enja programskih pravila. Analiza Detektora ranije je pokazala da se broj izre\u010denih kazni smanjio nakon \u0161to je na \u010delo Agencije do\u0161ao Dra\u0161ko Milinovi\u0107, biv\u0161i kadar RTRS-a.<\/p>\n","protected":false},"excerpt":{"rendered":"<p>Regulatorna agencija za komunikacije Bosne i Hercegovine ispitat \u0107e po slu\u017ebenoj du\u017enosti navode o spornom&hellip;<\/p>\n","protected":false},"author":8,"featured_media":289722,"comment_status":"closed","ping_status":"closed","sticky":false,"template":"","format":"standard","meta":{"_acf_changed":false,"footnotes":""},"categories":[291],"tags":[5604,3287],"acf":[],"yoast_head":"<!-- This site is optimized with the Yoast SEO plugin v23.5 - https:\/\/yoast.com\/wordpress\/plugins\/seo\/ -->\n<title>RAK reagovao na prilog RTRS-a koji Bo\u0161njake u Isto\u010dnom Sarajevu predstavlja kao prijetnju - TuzlaInfo.ba<\/title>\n<meta name=\"robots\" content=\"index, follow, max-snippet:-1, max-image-preview:large, max-video-preview:-1\" \/>\n<link rel=\"canonical\" href=\"https:\/\/tuzlainfo.ba\/index.php\/bosna-i-hercegovina\/item\/289714-rak-reagovao-na-prilog-rtrs-a-koji-bosnjake-u-istocnom-sarajevu-predstavlja-kao-prijetnju\/\" \/>\n<meta property=\"og:locale\" content=\"bs_BA\" \/>\n<meta property=\"og:type\" content=\"article\" \/>\n<meta property=\"og:title\" content=\"RAK reagovao na prilog RTRS-a koji Bo\u0161njake u Isto\u010dnom Sarajevu predstavlja kao prijetnju - TuzlaInfo.ba\" \/>\n<meta property=\"og:description\" content=\"Regulatorna agencija za komunikacije Bosne i Hercegovine ispitat \u0107e po slu\u017ebenoj du\u017enosti navode o spornom&hellip;\" \/>\n<meta property=\"og:url\" content=\"https:\/\/tuzlainfo.ba\/index.php\/bosna-i-hercegovina\/item\/289714-rak-reagovao-na-prilog-rtrs-a-koji-bosnjake-u-istocnom-sarajevu-predstavlja-kao-prijetnju\/\" \/>\n<meta property=\"og:site_name\" content=\"TuzlaInfo.ba\" \/>\n<meta property=\"article:publisher\" content=\"https:\/\/www.facebook.com\/tuzlainfo.ba\/\" \/>\n<meta property=\"article:published_time\" content=\"2025-12-19T13:27:48+00:00\" \/>\n<meta property=\"article:modified_time\" content=\"2025-12-19T12:31:18+00:00\" \/>\n<meta property=\"og:image\" content=\"https:\/\/tuzlainfo.ba\/wp-content\/uploads\/2025\/12\/rtrs.jpg\" \/>\n\t<meta property=\"og:image:width\" content=\"800\" \/>\n\t<meta property=\"og:image:height\" content=\"800\" \/>\n\t<meta property=\"og:image:type\" content=\"image\/jpeg\" \/>\n<meta name=\"author\" content=\"Admin Tri\" \/>\n<meta name=\"twitter:card\" content=\"summary_large_image\" \/>\n<meta name=\"twitter:label1\" content=\"Written by\" \/>\n\t<meta name=\"twitter:data1\" content=\"Admin Tri\" \/>\n\t<meta name=\"twitter:label2\" content=\"Est. reading time\" \/>\n\t<meta name=\"twitter:data2\" content=\"2 minute\" \/>\n<script type=\"application\/ld+json\" class=\"yoast-schema-graph\">{\"@context\":\"https:\/\/schema.org\",\"@graph\":[{\"@type\":\"Article\",\"@id\":\"https:\/\/tuzlainfo.ba\/index.php\/bosna-i-hercegovina\/item\/289714-rak-reagovao-na-prilog-rtrs-a-koji-bosnjake-u-istocnom-sarajevu-predstavlja-kao-prijetnju\/#article\",\"isPartOf\":{\"@id\":\"https:\/\/tuzlainfo.ba\/index.php\/bosna-i-hercegovina\/item\/289714-rak-reagovao-na-prilog-rtrs-a-koji-bosnjake-u-istocnom-sarajevu-predstavlja-kao-prijetnju\/\"},\"author\":{\"name\":\"Admin Tri\",\"@id\":\"https:\/\/tuzlainfo.ba\/#\/schema\/person\/593e78a2f6378c5ba3e7600ecfa4e63a\"},\"headline\":\"RAK reagovao na prilog RTRS-a koji Bo\u0161njake u Isto\u010dnom Sarajevu predstavlja kao prijetnju\",\"datePublished\":\"2025-12-19T13:27:48+00:00\",\"dateModified\":\"2025-12-19T12:31:18+00:00\",\"mainEntityOfPage\":{\"@id\":\"https:\/\/tuzlainfo.ba\/index.php\/bosna-i-hercegovina\/item\/289714-rak-reagovao-na-prilog-rtrs-a-koji-bosnjake-u-istocnom-sarajevu-predstavlja-kao-prijetnju\/\"},\"wordCount\":334,\"publisher\":{\"@id\":\"https:\/\/tuzlainfo.ba\/#organization\"},\"image\":{\"@id\":\"https:\/\/tuzlainfo.ba\/index.php\/bosna-i-hercegovina\/item\/289714-rak-reagovao-na-prilog-rtrs-a-koji-bosnjake-u-istocnom-sarajevu-predstavlja-kao-prijetnju\/#primaryimage\"},\"thumbnailUrl\":\"https:\/\/tuzlainfo.ba\/wp-content\/uploads\/2025\/12\/rtrs.jpg\",\"keywords\":[\"RAK\",\"RTRS\"],\"articleSection\":[\"Bosna i Hercegovina\"],\"inLanguage\":\"bs-BA\"},{\"@type\":\"WebPage\",\"@id\":\"https:\/\/tuzlainfo.ba\/index.php\/bosna-i-hercegovina\/item\/289714-rak-reagovao-na-prilog-rtrs-a-koji-bosnjake-u-istocnom-sarajevu-predstavlja-kao-prijetnju\/\",\"url\":\"https:\/\/tuzlainfo.ba\/index.php\/bosna-i-hercegovina\/item\/289714-rak-reagovao-na-prilog-rtrs-a-koji-bosnjake-u-istocnom-sarajevu-predstavlja-kao-prijetnju\/\",\"name\":\"RAK reagovao na prilog RTRS-a koji Bo\u0161njake u Isto\u010dnom Sarajevu predstavlja kao prijetnju - TuzlaInfo.ba\",\"isPartOf\":{\"@id\":\"https:\/\/tuzlainfo.ba\/#website\"},\"primaryImageOfPage\":{\"@id\":\"https:\/\/tuzlainfo.ba\/index.php\/bosna-i-hercegovina\/item\/289714-rak-reagovao-na-prilog-rtrs-a-koji-bosnjake-u-istocnom-sarajevu-predstavlja-kao-prijetnju\/#primaryimage\"},\"image\":{\"@id\":\"https:\/\/tuzlainfo.ba\/index.php\/bosna-i-hercegovina\/item\/289714-rak-reagovao-na-prilog-rtrs-a-koji-bosnjake-u-istocnom-sarajevu-predstavlja-kao-prijetnju\/#primaryimage\"},\"thumbnailUrl\":\"https:\/\/tuzlainfo.ba\/wp-content\/uploads\/2025\/12\/rtrs.jpg\",\"datePublished\":\"2025-12-19T13:27:48+00:00\",\"dateModified\":\"2025-12-19T12:31:18+00:00\",\"breadcrumb\":{\"@id\":\"https:\/\/tuzlainfo.ba\/index.php\/bosna-i-hercegovina\/item\/289714-rak-reagovao-na-prilog-rtrs-a-koji-bosnjake-u-istocnom-sarajevu-predstavlja-kao-prijetnju\/#breadcrumb\"},\"inLanguage\":\"bs-BA\",\"potentialAction\":[{\"@type\":\"ReadAction\",\"target\":[\"https:\/\/tuzlainfo.ba\/index.php\/bosna-i-hercegovina\/item\/289714-rak-reagovao-na-prilog-rtrs-a-koji-bosnjake-u-istocnom-sarajevu-predstavlja-kao-prijetnju\/\"]}]},{\"@type\":\"ImageObject\",\"inLanguage\":\"bs-BA\",\"@id\":\"https:\/\/tuzlainfo.ba\/index.php\/bosna-i-hercegovina\/item\/289714-rak-reagovao-na-prilog-rtrs-a-koji-bosnjake-u-istocnom-sarajevu-predstavlja-kao-prijetnju\/#primaryimage\",\"url\":\"https:\/\/tuzlainfo.ba\/wp-content\/uploads\/2025\/12\/rtrs.jpg\",\"contentUrl\":\"https:\/\/tuzlainfo.ba\/wp-content\/uploads\/2025\/12\/rtrs.jpg\",\"width\":800,\"height\":800},{\"@type\":\"BreadcrumbList\",\"@id\":\"https:\/\/tuzlainfo.ba\/index.php\/bosna-i-hercegovina\/item\/289714-rak-reagovao-na-prilog-rtrs-a-koji-bosnjake-u-istocnom-sarajevu-predstavlja-kao-prijetnju\/#breadcrumb\",\"itemListElement\":[{\"@type\":\"ListItem\",\"position\":1,\"name\":\"Home\",\"item\":\"https:\/\/tuzlainfo.ba\/\"},{\"@type\":\"ListItem\",\"position\":2,\"name\":\"RAK reagovao na prilog RTRS-a koji Bo\u0161njake u Isto\u010dnom Sarajevu predstavlja kao prijetnju\"}]},{\"@type\":\"WebSite\",\"@id\":\"https:\/\/tuzlainfo.ba\/#website\",\"url\":\"https:\/\/tuzlainfo.ba\/\",\"name\":\"TuzlaInfo.ba\",\"description\":\"Tuzla info, gradski informator - Tuzla na dlanu\",\"publisher\":{\"@id\":\"https:\/\/tuzlainfo.ba\/#organization\"},\"potentialAction\":[{\"@type\":\"SearchAction\",\"target\":{\"@type\":\"EntryPoint\",\"urlTemplate\":\"https:\/\/tuzlainfo.ba\/?s={search_term_string}\"},\"query-input\":{\"@type\":\"PropertyValueSpecification\",\"valueRequired\":true,\"valueName\":\"search_term_string\"}}],\"inLanguage\":\"bs-BA\"},{\"@type\":\"Organization\",\"@id\":\"https:\/\/tuzlainfo.ba\/#organization\",\"name\":\"TuzlaInfo.ba\",\"url\":\"https:\/\/tuzlainfo.ba\/\",\"logo\":{\"@type\":\"ImageObject\",\"inLanguage\":\"bs-BA\",\"@id\":\"https:\/\/tuzlainfo.ba\/#\/schema\/logo\/image\/\",\"url\":\"https:\/\/tuzlainfo.ba\/wp-content\/uploads\/2021\/03\/logo-ver-3-1.png\",\"contentUrl\":\"https:\/\/tuzlainfo.ba\/wp-content\/uploads\/2021\/03\/logo-ver-3-1.png\",\"width\":350,\"height\":95,\"caption\":\"TuzlaInfo.ba\"},\"image\":{\"@id\":\"https:\/\/tuzlainfo.ba\/#\/schema\/logo\/image\/\"},\"sameAs\":[\"https:\/\/www.facebook.com\/tuzlainfo.ba\/\"]},{\"@type\":\"Person\",\"@id\":\"https:\/\/tuzlainfo.ba\/#\/schema\/person\/593e78a2f6378c5ba3e7600ecfa4e63a\",\"name\":\"Admin Tri\",\"image\":{\"@type\":\"ImageObject\",\"inLanguage\":\"bs-BA\",\"@id\":\"https:\/\/tuzlainfo.ba\/#\/schema\/person\/image\/\",\"url\":\"https:\/\/tuzlainfo.ba\/wp-content\/litespeed\/avatar\/b7920db4cc34a71ad12497283ad2fe3f.jpg?ver=1777100914\",\"contentUrl\":\"https:\/\/tuzlainfo.ba\/wp-content\/litespeed\/avatar\/b7920db4cc34a71ad12497283ad2fe3f.jpg?ver=1777100914\",\"caption\":\"Admin Tri\"},\"sameAs\":[\"https:\/\/tuzlainfo.ba\"]}]}<\/script>\n<!-- \/ Yoast SEO plugin. -->","yoast_head_json":{"title":"RAK reagovao na prilog RTRS-a koji Bo\u0161njake u Isto\u010dnom Sarajevu predstavlja kao prijetnju - TuzlaInfo.ba","robots":{"index":"index","follow":"follow","max-snippet":"max-snippet:-1","max-image-preview":"max-image-preview:large","max-video-preview":"max-video-preview:-1"},"canonical":"https:\/\/tuzlainfo.ba\/index.php\/bosna-i-hercegovina\/item\/289714-rak-reagovao-na-prilog-rtrs-a-koji-bosnjake-u-istocnom-sarajevu-predstavlja-kao-prijetnju\/","og_locale":"bs_BA","og_type":"article","og_title":"RAK reagovao na prilog RTRS-a koji Bo\u0161njake u Isto\u010dnom Sarajevu predstavlja kao prijetnju - TuzlaInfo.ba","og_description":"Regulatorna agencija za komunikacije Bosne i Hercegovine ispitat \u0107e po slu\u017ebenoj du\u017enosti navode o spornom&hellip;","og_url":"https:\/\/tuzlainfo.ba\/index.php\/bosna-i-hercegovina\/item\/289714-rak-reagovao-na-prilog-rtrs-a-koji-bosnjake-u-istocnom-sarajevu-predstavlja-kao-prijetnju\/","og_site_name":"TuzlaInfo.ba","article_publisher":"https:\/\/www.facebook.com\/tuzlainfo.ba\/","article_published_time":"2025-12-19T13:27:48+00:00","article_modified_time":"2025-12-19T12:31:18+00:00","og_image":[{"width":800,"height":800,"url":"https:\/\/tuzlainfo.ba\/wp-content\/uploads\/2025\/12\/rtrs.jpg","type":"image\/jpeg"}],"author":"Admin Tri","twitter_card":"summary_large_image","twitter_misc":{"Written by":"Admin Tri","Est. reading time":"2 minute"},"schema":{"@context":"https:\/\/schema.org","@graph":[{"@type":"Article","@id":"https:\/\/tuzlainfo.ba\/index.php\/bosna-i-hercegovina\/item\/289714-rak-reagovao-na-prilog-rtrs-a-koji-bosnjake-u-istocnom-sarajevu-predstavlja-kao-prijetnju\/#article","isPartOf":{"@id":"https:\/\/tuzlainfo.ba\/index.php\/bosna-i-hercegovina\/item\/289714-rak-reagovao-na-prilog-rtrs-a-koji-bosnjake-u-istocnom-sarajevu-predstavlja-kao-prijetnju\/"},"author":{"name":"Admin Tri","@id":"https:\/\/tuzlainfo.ba\/#\/schema\/person\/593e78a2f6378c5ba3e7600ecfa4e63a"},"headline":"RAK reagovao na prilog RTRS-a koji Bo\u0161njake u Isto\u010dnom Sarajevu predstavlja kao prijetnju","datePublished":"2025-12-19T13:27:48+00:00","dateModified":"2025-12-19T12:31:18+00:00","mainEntityOfPage":{"@id":"https:\/\/tuzlainfo.ba\/index.php\/bosna-i-hercegovina\/item\/289714-rak-reagovao-na-prilog-rtrs-a-koji-bosnjake-u-istocnom-sarajevu-predstavlja-kao-prijetnju\/"},"wordCount":334,"publisher":{"@id":"https:\/\/tuzlainfo.ba\/#organization"},"image":{"@id":"https:\/\/tuzlainfo.ba\/index.php\/bosna-i-hercegovina\/item\/289714-rak-reagovao-na-prilog-rtrs-a-koji-bosnjake-u-istocnom-sarajevu-predstavlja-kao-prijetnju\/#primaryimage"},"thumbnailUrl":"https:\/\/tuzlainfo.ba\/wp-content\/uploads\/2025\/12\/rtrs.jpg","keywords":["RAK","RTRS"],"articleSection":["Bosna i Hercegovina"],"inLanguage":"bs-BA"},{"@type":"WebPage","@id":"https:\/\/tuzlainfo.ba\/index.php\/bosna-i-hercegovina\/item\/289714-rak-reagovao-na-prilog-rtrs-a-koji-bosnjake-u-istocnom-sarajevu-predstavlja-kao-prijetnju\/","url":"https:\/\/tuzlainfo.ba\/index.php\/bosna-i-hercegovina\/item\/289714-rak-reagovao-na-prilog-rtrs-a-koji-bosnjake-u-istocnom-sarajevu-predstavlja-kao-prijetnju\/","name":"RAK reagovao na prilog RTRS-a koji Bo\u0161njake u Isto\u010dnom Sarajevu predstavlja kao prijetnju - TuzlaInfo.ba","isPartOf":{"@id":"https:\/\/tuzlainfo.ba\/#website"},"primaryImageOfPage":{"@id":"https:\/\/tuzlainfo.ba\/index.php\/bosna-i-hercegovina\/item\/289714-rak-reagovao-na-prilog-rtrs-a-koji-bosnjake-u-istocnom-sarajevu-predstavlja-kao-prijetnju\/#primaryimage"},"image":{"@id":"https:\/\/tuzlainfo.ba\/index.php\/bosna-i-hercegovina\/item\/289714-rak-reagovao-na-prilog-rtrs-a-koji-bosnjake-u-istocnom-sarajevu-predstavlja-kao-prijetnju\/#primaryimage"},"thumbnailUrl":"https:\/\/tuzlainfo.ba\/wp-content\/uploads\/2025\/12\/rtrs.jpg","datePublished":"2025-12-19T13:27:48+00:00","dateModified":"2025-12-19T12:31:18+00:00","breadcrumb":{"@id":"https:\/\/tuzlainfo.ba\/index.php\/bosna-i-hercegovina\/item\/289714-rak-reagovao-na-prilog-rtrs-a-koji-bosnjake-u-istocnom-sarajevu-predstavlja-kao-prijetnju\/#breadcrumb"},"inLanguage":"bs-BA","potentialAction":[{"@type":"ReadAction","target":["https:\/\/tuzlainfo.ba\/index.php\/bosna-i-hercegovina\/item\/289714-rak-reagovao-na-prilog-rtrs-a-koji-bosnjake-u-istocnom-sarajevu-predstavlja-kao-prijetnju\/"]}]},{"@type":"ImageObject","inLanguage":"bs-BA","@id":"https:\/\/tuzlainfo.ba\/index.php\/bosna-i-hercegovina\/item\/289714-rak-reagovao-na-prilog-rtrs-a-koji-bosnjake-u-istocnom-sarajevu-predstavlja-kao-prijetnju\/#primaryimage","url":"https:\/\/tuzlainfo.ba\/wp-content\/uploads\/2025\/12\/rtrs.jpg","contentUrl":"https:\/\/tuzlainfo.ba\/wp-content\/uploads\/2025\/12\/rtrs.jpg","width":800,"height":800},{"@type":"BreadcrumbList","@id":"https:\/\/tuzlainfo.ba\/index.php\/bosna-i-hercegovina\/item\/289714-rak-reagovao-na-prilog-rtrs-a-koji-bosnjake-u-istocnom-sarajevu-predstavlja-kao-prijetnju\/#breadcrumb","itemListElement":[{"@type":"ListItem","position":1,"name":"Home","item":"https:\/\/tuzlainfo.ba\/"},{"@type":"ListItem","position":2,"name":"RAK reagovao na prilog RTRS-a koji Bo\u0161njake u Isto\u010dnom Sarajevu predstavlja kao prijetnju"}]},{"@type":"WebSite","@id":"https:\/\/tuzlainfo.ba\/#website","url":"https:\/\/tuzlainfo.ba\/","name":"TuzlaInfo.ba","description":"Tuzla info, gradski informator - Tuzla na dlanu","publisher":{"@id":"https:\/\/tuzlainfo.ba\/#organization"},"potentialAction":[{"@type":"SearchAction","target":{"@type":"EntryPoint","urlTemplate":"https:\/\/tuzlainfo.ba\/?s={search_term_string}"},"query-input":{"@type":"PropertyValueSpecification","valueRequired":true,"valueName":"search_term_string"}}],"inLanguage":"bs-BA"},{"@type":"Organization","@id":"https:\/\/tuzlainfo.ba\/#organization","name":"TuzlaInfo.ba","url":"https:\/\/tuzlainfo.ba\/","logo":{"@type":"ImageObject","inLanguage":"bs-BA","@id":"https:\/\/tuzlainfo.ba\/#\/schema\/logo\/image\/","url":"https:\/\/tuzlainfo.ba\/wp-content\/uploads\/2021\/03\/logo-ver-3-1.png","contentUrl":"https:\/\/tuzlainfo.ba\/wp-content\/uploads\/2021\/03\/logo-ver-3-1.png","width":350,"height":95,"caption":"TuzlaInfo.ba"},"image":{"@id":"https:\/\/tuzlainfo.ba\/#\/schema\/logo\/image\/"},"sameAs":["https:\/\/www.facebook.com\/tuzlainfo.ba\/"]},{"@type":"Person","@id":"https:\/\/tuzlainfo.ba\/#\/schema\/person\/593e78a2f6378c5ba3e7600ecfa4e63a","name":"Admin Tri","image":{"@type":"ImageObject","inLanguage":"bs-BA","@id":"https:\/\/tuzlainfo.ba\/#\/schema\/person\/image\/","url":"https:\/\/tuzlainfo.ba\/wp-content\/litespeed\/avatar\/b7920db4cc34a71ad12497283ad2fe3f.jpg?ver=1777100914","contentUrl":"https:\/\/tuzlainfo.ba\/wp-content\/litespeed\/avatar\/b7920db4cc34a71ad12497283ad2fe3f.jpg?ver=1777100914","caption":"Admin Tri"},"sameAs":["https:\/\/tuzlainfo.ba"]}]}},"_links":{"self":[{"href":"https:\/\/tuzlainfo.ba\/index.php\/wp-json\/wp\/v2\/posts\/289714"}],"collection":[{"href":"https:\/\/tuzlainfo.ba\/index.php\/wp-json\/wp\/v2\/posts"}],"about":[{"href":"https:\/\/tuzlainfo.ba\/index.php\/wp-json\/wp\/v2\/types\/post"}],"author":[{"embeddable":true,"href":"https:\/\/tuzlainfo.ba\/index.php\/wp-json\/wp\/v2\/users\/8"}],"replies":[{"embeddable":true,"href":"https:\/\/tuzlainfo.ba\/index.php\/wp-json\/wp\/v2\/comments?post=289714"}],"version-history":[{"count":1,"href":"https:\/\/tuzlainfo.ba\/index.php\/wp-json\/wp\/v2\/posts\/289714\/revisions"}],"predecessor-version":[{"id":289723,"href":"https:\/\/tuzlainfo.ba\/index.php\/wp-json\/wp\/v2\/posts\/289714\/revisions\/289723"}],"wp:featuredmedia":[{"embeddable":true,"href":"https:\/\/tuzlainfo.ba\/index.php\/wp-json\/wp\/v2\/media\/289722"}],"wp:attachment":[{"href":"https:\/\/tuzlainfo.ba\/index.php\/wp-json\/wp\/v2\/media?parent=289714"}],"wp:term":[{"taxonomy":"category","embeddable":true,"href":"https:\/\/tuzlainfo.ba\/index.php\/wp-json\/wp\/v2\/categories?post=289714"},{"taxonomy":"post_tag","embeddable":true,"href":"https:\/\/tuzlainfo.ba\/index.php\/wp-json\/wp\/v2\/tags?post=289714"}],"curies":[{"name":"wp","href":"https:\/\/api.w.org\/{rel}","templated":true}]}}