{"id":289623,"date":"2025-12-18T22:00:04","date_gmt":"2025-12-18T21:00:04","guid":{"rendered":"https:\/\/tuzlainfo.ba\/?p=289623"},"modified":"2025-12-18T15:59:19","modified_gmt":"2025-12-18T14:59:19","slug":"amar-gile-i-tea-tairovic-najavili-veliki-koncert-u-mejdanu","status":"publish","type":"post","link":"https:\/\/tuzlainfo.ba\/index.php\/najava-dogadaja-2\/item\/289623-amar-gile-i-tea-tairovic-najavili-veliki-koncert-u-mejdanu\/","title":{"rendered":"Amar Gile i Tea Tairovi\u0107 najavili veliki koncert u Mejdanu"},"content":{"rendered":"<p data-start=\"118\" data-end=\"361\">Tuzla \u0107e 11. aprila 2026. godine ugostiti dvoje popularnih pjeva\u010da na jednom od najatraktivnijih doga\u0111aja godine. U Velikoj dvorani Tuzla odr\u017eat \u0107e se koncert mladog bh. muzi\u010dara <strong data-start=\"297\" data-end=\"312\">Amara Gileta <\/strong>i popularne srpske pjeva\u010dice <strong data-start=\"342\" data-end=\"358\">Tee Tairovi\u0107<\/strong>.<\/p>\n<p data-start=\"363\" data-end=\"683\">Amar Gile, talentovani pjeva\u010d iz Bosne i Hercegovine, brzo je stekao popularnost zahvaljuju\u0107i svom karakteristi\u010dnom vokalu i emotivnim izvedbama, koje publiku osvajaju na prvo slu\u0161anje. Njegovi hitovi \u010desto se nalaze na vrhu top-lista, a energija koju unosi u nastupe garancija je nezaboravnog muzi\u010dkog iskustva. Gile je ujedno i pobjednik takmi\u010denja Zvezde Granda.<\/p>\n<p data-start=\"685\" data-end=\"970\">Tea Tairovi\u0107 je poznata po svom energi\u010dnom nastupu i hitovima koji osvajaju publiku \u0161irom Balkana. Njeni koncerti karakteri\u0161u plesni ritmovi, sna\u017eni vokali i direktna povezanost s publikom, \u0161to je \u010dini jednom od najtra\u017eenijih izvo\u0111a\u010dica na regionalnoj sceni.<\/p>\n<p data-start=\"972\" data-end=\"1186\">Karte za ovaj spektakularni koncert mogu se kupiti online na <strong data-start=\"1033\" data-end=\"1053\"><a class=\"decorated-link cursor-pointer\" target=\"_new\" rel=\"noopener\" data-start=\"1035\" data-end=\"1051\">www.ulaznica.org<\/a><\/strong>, kao i u CD Shopu Mido na Korzu u Tuzli. Organizatori poru\u010duju da je ovo doga\u0111aj koji ljubitelji dobre muzike ne smiju propustiti.<\/p>\n","protected":false},"excerpt":{"rendered":"<p>Tuzla \u0107e 11. aprila 2026. godine ugostiti dvoje popularnih pjeva\u010da na jednom od najatraktivnijih doga\u0111aja&hellip;<\/p>\n","protected":false},"author":4,"featured_media":289626,"comment_status":"closed","ping_status":"closed","sticky":false,"template":"","format":"standard","meta":{"_acf_changed":false,"footnotes":""},"categories":[11],"tags":[12312,679,9513],"acf":[],"yoast_head":"<!-- This site is optimized with the Yoast SEO plugin v23.5 - https:\/\/yoast.com\/wordpress\/plugins\/seo\/ -->\n<title>Amar Gile i Tea Tairovi\u0107 najavili veliki koncert u Mejdanu - TuzlaInfo.ba<\/title>\n<meta name=\"robots\" content=\"index, follow, max-snippet:-1, max-image-preview:large, max-video-preview:-1\" \/>\n<link rel=\"canonical\" href=\"https:\/\/tuzlainfo.ba\/index.php\/najava-dogadaja-2\/item\/289623-amar-gile-i-tea-tairovic-najavili-veliki-koncert-u-mejdanu\/\" \/>\n<meta property=\"og:locale\" content=\"bs_BA\" \/>\n<meta property=\"og:type\" content=\"article\" \/>\n<meta property=\"og:title\" content=\"Amar Gile i Tea Tairovi\u0107 najavili veliki koncert u Mejdanu - TuzlaInfo.ba\" \/>\n<meta property=\"og:description\" content=\"Tuzla \u0107e 11. aprila 2026. godine ugostiti dvoje popularnih pjeva\u010da na jednom od najatraktivnijih doga\u0111aja&hellip;\" \/>\n<meta property=\"og:url\" content=\"https:\/\/tuzlainfo.ba\/index.php\/najava-dogadaja-2\/item\/289623-amar-gile-i-tea-tairovic-najavili-veliki-koncert-u-mejdanu\/\" \/>\n<meta property=\"og:site_name\" content=\"TuzlaInfo.ba\" \/>\n<meta property=\"article:publisher\" content=\"https:\/\/www.facebook.com\/tuzlainfo.ba\/\" \/>\n<meta property=\"article:published_time\" content=\"2025-12-18T21:00:04+00:00\" \/>\n<meta property=\"article:modified_time\" content=\"2025-12-18T14:59:19+00:00\" \/>\n<meta property=\"og:image\" content=\"https:\/\/tuzlainfo.ba\/wp-content\/uploads\/2025\/12\/amar-i-tea.jpg\" \/>\n\t<meta property=\"og:image:width\" content=\"720\" \/>\n\t<meta property=\"og:image:height\" content=\"511\" \/>\n\t<meta property=\"og:image:type\" content=\"image\/jpeg\" \/>\n<meta name=\"author\" content=\"Tuzla Info\" \/>\n<meta name=\"twitter:card\" content=\"summary_large_image\" \/>\n<meta name=\"twitter:label1\" content=\"Written by\" \/>\n\t<meta name=\"twitter:data1\" content=\"Tuzla Info\" \/>\n\t<meta name=\"twitter:label2\" content=\"Est. reading time\" \/>\n\t<meta name=\"twitter:data2\" content=\"2 minute\" \/>\n<script type=\"application\/ld+json\" class=\"yoast-schema-graph\">{\"@context\":\"https:\/\/schema.org\",\"@graph\":[{\"@type\":\"Article\",\"@id\":\"https:\/\/tuzlainfo.ba\/index.php\/najava-dogadaja-2\/item\/289623-amar-gile-i-tea-tairovic-najavili-veliki-koncert-u-mejdanu\/#article\",\"isPartOf\":{\"@id\":\"https:\/\/tuzlainfo.ba\/index.php\/najava-dogadaja-2\/item\/289623-amar-gile-i-tea-tairovic-najavili-veliki-koncert-u-mejdanu\/\"},\"author\":{\"name\":\"Tuzla Info\",\"@id\":\"https:\/\/tuzlainfo.ba\/#\/schema\/person\/46cad4c57790cbc50781edd14870825a\"},\"headline\":\"Amar Gile i Tea Tairovi\u0107 najavili veliki koncert u Mejdanu\",\"datePublished\":\"2025-12-18T21:00:04+00:00\",\"dateModified\":\"2025-12-18T14:59:19+00:00\",\"mainEntityOfPage\":{\"@id\":\"https:\/\/tuzlainfo.ba\/index.php\/najava-dogadaja-2\/item\/289623-amar-gile-i-tea-tairovic-najavili-veliki-koncert-u-mejdanu\/\"},\"wordCount\":186,\"publisher\":{\"@id\":\"https:\/\/tuzlainfo.ba\/#organization\"},\"image\":{\"@id\":\"https:\/\/tuzlainfo.ba\/index.php\/najava-dogadaja-2\/item\/289623-amar-gile-i-tea-tairovic-najavili-veliki-koncert-u-mejdanu\/#primaryimage\"},\"thumbnailUrl\":\"https:\/\/tuzlainfo.ba\/wp-content\/uploads\/2025\/12\/amar-i-tea.jpg\",\"keywords\":[\"amar gile\",\"skpc mejdan\",\"tea tariovic\"],\"articleSection\":[\"Najave i doga\u0111aji\"],\"inLanguage\":\"bs-BA\"},{\"@type\":\"WebPage\",\"@id\":\"https:\/\/tuzlainfo.ba\/index.php\/najava-dogadaja-2\/item\/289623-amar-gile-i-tea-tairovic-najavili-veliki-koncert-u-mejdanu\/\",\"url\":\"https:\/\/tuzlainfo.ba\/index.php\/najava-dogadaja-2\/item\/289623-amar-gile-i-tea-tairovic-najavili-veliki-koncert-u-mejdanu\/\",\"name\":\"Amar Gile i Tea Tairovi\u0107 najavili veliki koncert u Mejdanu - TuzlaInfo.ba\",\"isPartOf\":{\"@id\":\"https:\/\/tuzlainfo.ba\/#website\"},\"primaryImageOfPage\":{\"@id\":\"https:\/\/tuzlainfo.ba\/index.php\/najava-dogadaja-2\/item\/289623-amar-gile-i-tea-tairovic-najavili-veliki-koncert-u-mejdanu\/#primaryimage\"},\"image\":{\"@id\":\"https:\/\/tuzlainfo.ba\/index.php\/najava-dogadaja-2\/item\/289623-amar-gile-i-tea-tairovic-najavili-veliki-koncert-u-mejdanu\/#primaryimage\"},\"thumbnailUrl\":\"https:\/\/tuzlainfo.ba\/wp-content\/uploads\/2025\/12\/amar-i-tea.jpg\",\"datePublished\":\"2025-12-18T21:00:04+00:00\",\"dateModified\":\"2025-12-18T14:59:19+00:00\",\"breadcrumb\":{\"@id\":\"https:\/\/tuzlainfo.ba\/index.php\/najava-dogadaja-2\/item\/289623-amar-gile-i-tea-tairovic-najavili-veliki-koncert-u-mejdanu\/#breadcrumb\"},\"inLanguage\":\"bs-BA\",\"potentialAction\":[{\"@type\":\"ReadAction\",\"target\":[\"https:\/\/tuzlainfo.ba\/index.php\/najava-dogadaja-2\/item\/289623-amar-gile-i-tea-tairovic-najavili-veliki-koncert-u-mejdanu\/\"]}]},{\"@type\":\"ImageObject\",\"inLanguage\":\"bs-BA\",\"@id\":\"https:\/\/tuzlainfo.ba\/index.php\/najava-dogadaja-2\/item\/289623-amar-gile-i-tea-tairovic-najavili-veliki-koncert-u-mejdanu\/#primaryimage\",\"url\":\"https:\/\/tuzlainfo.ba\/wp-content\/uploads\/2025\/12\/amar-i-tea.jpg\",\"contentUrl\":\"https:\/\/tuzlainfo.ba\/wp-content\/uploads\/2025\/12\/amar-i-tea.jpg\",\"width\":720,\"height\":511},{\"@type\":\"BreadcrumbList\",\"@id\":\"https:\/\/tuzlainfo.ba\/index.php\/najava-dogadaja-2\/item\/289623-amar-gile-i-tea-tairovic-najavili-veliki-koncert-u-mejdanu\/#breadcrumb\",\"itemListElement\":[{\"@type\":\"ListItem\",\"position\":1,\"name\":\"Home\",\"item\":\"https:\/\/tuzlainfo.ba\/\"},{\"@type\":\"ListItem\",\"position\":2,\"name\":\"Amar Gile i Tea Tairovi\u0107 najavili veliki koncert u Mejdanu\"}]},{\"@type\":\"WebSite\",\"@id\":\"https:\/\/tuzlainfo.ba\/#website\",\"url\":\"https:\/\/tuzlainfo.ba\/\",\"name\":\"TuzlaInfo.ba\",\"description\":\"Tuzla info, gradski informator - Tuzla na dlanu\",\"publisher\":{\"@id\":\"https:\/\/tuzlainfo.ba\/#organization\"},\"potentialAction\":[{\"@type\":\"SearchAction\",\"target\":{\"@type\":\"EntryPoint\",\"urlTemplate\":\"https:\/\/tuzlainfo.ba\/?s={search_term_string}\"},\"query-input\":{\"@type\":\"PropertyValueSpecification\",\"valueRequired\":true,\"valueName\":\"search_term_string\"}}],\"inLanguage\":\"bs-BA\"},{\"@type\":\"Organization\",\"@id\":\"https:\/\/tuzlainfo.ba\/#organization\",\"name\":\"TuzlaInfo.ba\",\"url\":\"https:\/\/tuzlainfo.ba\/\",\"logo\":{\"@type\":\"ImageObject\",\"inLanguage\":\"bs-BA\",\"@id\":\"https:\/\/tuzlainfo.ba\/#\/schema\/logo\/image\/\",\"url\":\"https:\/\/tuzlainfo.ba\/wp-content\/uploads\/2021\/03\/logo-ver-3-1.png\",\"contentUrl\":\"https:\/\/tuzlainfo.ba\/wp-content\/uploads\/2021\/03\/logo-ver-3-1.png\",\"width\":350,\"height\":95,\"caption\":\"TuzlaInfo.ba\"},\"image\":{\"@id\":\"https:\/\/tuzlainfo.ba\/#\/schema\/logo\/image\/\"},\"sameAs\":[\"https:\/\/www.facebook.com\/tuzlainfo.ba\/\"]},{\"@type\":\"Person\",\"@id\":\"https:\/\/tuzlainfo.ba\/#\/schema\/person\/46cad4c57790cbc50781edd14870825a\",\"name\":\"Tuzla Info\",\"image\":{\"@type\":\"ImageObject\",\"inLanguage\":\"bs-BA\",\"@id\":\"https:\/\/tuzlainfo.ba\/#\/schema\/person\/image\/\",\"url\":\"https:\/\/tuzlainfo.ba\/wp-content\/litespeed\/avatar\/b6c453a6c38e3654f2e4416c643fc25c.jpg?ver=1777051911\",\"contentUrl\":\"https:\/\/tuzlainfo.ba\/wp-content\/litespeed\/avatar\/b6c453a6c38e3654f2e4416c643fc25c.jpg?ver=1777051911\",\"caption\":\"Tuzla Info\"}}]}<\/script>\n<!-- \/ Yoast SEO plugin. -->","yoast_head_json":{"title":"Amar Gile i Tea Tairovi\u0107 najavili veliki koncert u Mejdanu - TuzlaInfo.ba","robots":{"index":"index","follow":"follow","max-snippet":"max-snippet:-1","max-image-preview":"max-image-preview:large","max-video-preview":"max-video-preview:-1"},"canonical":"https:\/\/tuzlainfo.ba\/index.php\/najava-dogadaja-2\/item\/289623-amar-gile-i-tea-tairovic-najavili-veliki-koncert-u-mejdanu\/","og_locale":"bs_BA","og_type":"article","og_title":"Amar Gile i Tea Tairovi\u0107 najavili veliki koncert u Mejdanu - TuzlaInfo.ba","og_description":"Tuzla \u0107e 11. aprila 2026. godine ugostiti dvoje popularnih pjeva\u010da na jednom od najatraktivnijih doga\u0111aja&hellip;","og_url":"https:\/\/tuzlainfo.ba\/index.php\/najava-dogadaja-2\/item\/289623-amar-gile-i-tea-tairovic-najavili-veliki-koncert-u-mejdanu\/","og_site_name":"TuzlaInfo.ba","article_publisher":"https:\/\/www.facebook.com\/tuzlainfo.ba\/","article_published_time":"2025-12-18T21:00:04+00:00","article_modified_time":"2025-12-18T14:59:19+00:00","og_image":[{"width":720,"height":511,"url":"https:\/\/tuzlainfo.ba\/wp-content\/uploads\/2025\/12\/amar-i-tea.jpg","type":"image\/jpeg"}],"author":"Tuzla Info","twitter_card":"summary_large_image","twitter_misc":{"Written by":"Tuzla Info","Est. reading time":"2 minute"},"schema":{"@context":"https:\/\/schema.org","@graph":[{"@type":"Article","@id":"https:\/\/tuzlainfo.ba\/index.php\/najava-dogadaja-2\/item\/289623-amar-gile-i-tea-tairovic-najavili-veliki-koncert-u-mejdanu\/#article","isPartOf":{"@id":"https:\/\/tuzlainfo.ba\/index.php\/najava-dogadaja-2\/item\/289623-amar-gile-i-tea-tairovic-najavili-veliki-koncert-u-mejdanu\/"},"author":{"name":"Tuzla Info","@id":"https:\/\/tuzlainfo.ba\/#\/schema\/person\/46cad4c57790cbc50781edd14870825a"},"headline":"Amar Gile i Tea Tairovi\u0107 najavili veliki koncert u Mejdanu","datePublished":"2025-12-18T21:00:04+00:00","dateModified":"2025-12-18T14:59:19+00:00","mainEntityOfPage":{"@id":"https:\/\/tuzlainfo.ba\/index.php\/najava-dogadaja-2\/item\/289623-amar-gile-i-tea-tairovic-najavili-veliki-koncert-u-mejdanu\/"},"wordCount":186,"publisher":{"@id":"https:\/\/tuzlainfo.ba\/#organization"},"image":{"@id":"https:\/\/tuzlainfo.ba\/index.php\/najava-dogadaja-2\/item\/289623-amar-gile-i-tea-tairovic-najavili-veliki-koncert-u-mejdanu\/#primaryimage"},"thumbnailUrl":"https:\/\/tuzlainfo.ba\/wp-content\/uploads\/2025\/12\/amar-i-tea.jpg","keywords":["amar gile","skpc mejdan","tea tariovic"],"articleSection":["Najave i doga\u0111aji"],"inLanguage":"bs-BA"},{"@type":"WebPage","@id":"https:\/\/tuzlainfo.ba\/index.php\/najava-dogadaja-2\/item\/289623-amar-gile-i-tea-tairovic-najavili-veliki-koncert-u-mejdanu\/","url":"https:\/\/tuzlainfo.ba\/index.php\/najava-dogadaja-2\/item\/289623-amar-gile-i-tea-tairovic-najavili-veliki-koncert-u-mejdanu\/","name":"Amar Gile i Tea Tairovi\u0107 najavili veliki koncert u Mejdanu - TuzlaInfo.ba","isPartOf":{"@id":"https:\/\/tuzlainfo.ba\/#website"},"primaryImageOfPage":{"@id":"https:\/\/tuzlainfo.ba\/index.php\/najava-dogadaja-2\/item\/289623-amar-gile-i-tea-tairovic-najavili-veliki-koncert-u-mejdanu\/#primaryimage"},"image":{"@id":"https:\/\/tuzlainfo.ba\/index.php\/najava-dogadaja-2\/item\/289623-amar-gile-i-tea-tairovic-najavili-veliki-koncert-u-mejdanu\/#primaryimage"},"thumbnailUrl":"https:\/\/tuzlainfo.ba\/wp-content\/uploads\/2025\/12\/amar-i-tea.jpg","datePublished":"2025-12-18T21:00:04+00:00","dateModified":"2025-12-18T14:59:19+00:00","breadcrumb":{"@id":"https:\/\/tuzlainfo.ba\/index.php\/najava-dogadaja-2\/item\/289623-amar-gile-i-tea-tairovic-najavili-veliki-koncert-u-mejdanu\/#breadcrumb"},"inLanguage":"bs-BA","potentialAction":[{"@type":"ReadAction","target":["https:\/\/tuzlainfo.ba\/index.php\/najava-dogadaja-2\/item\/289623-amar-gile-i-tea-tairovic-najavili-veliki-koncert-u-mejdanu\/"]}]},{"@type":"ImageObject","inLanguage":"bs-BA","@id":"https:\/\/tuzlainfo.ba\/index.php\/najava-dogadaja-2\/item\/289623-amar-gile-i-tea-tairovic-najavili-veliki-koncert-u-mejdanu\/#primaryimage","url":"https:\/\/tuzlainfo.ba\/wp-content\/uploads\/2025\/12\/amar-i-tea.jpg","contentUrl":"https:\/\/tuzlainfo.ba\/wp-content\/uploads\/2025\/12\/amar-i-tea.jpg","width":720,"height":511},{"@type":"BreadcrumbList","@id":"https:\/\/tuzlainfo.ba\/index.php\/najava-dogadaja-2\/item\/289623-amar-gile-i-tea-tairovic-najavili-veliki-koncert-u-mejdanu\/#breadcrumb","itemListElement":[{"@type":"ListItem","position":1,"name":"Home","item":"https:\/\/tuzlainfo.ba\/"},{"@type":"ListItem","position":2,"name":"Amar Gile i Tea Tairovi\u0107 najavili veliki koncert u Mejdanu"}]},{"@type":"WebSite","@id":"https:\/\/tuzlainfo.ba\/#website","url":"https:\/\/tuzlainfo.ba\/","name":"TuzlaInfo.ba","description":"Tuzla info, gradski informator - Tuzla na dlanu","publisher":{"@id":"https:\/\/tuzlainfo.ba\/#organization"},"potentialAction":[{"@type":"SearchAction","target":{"@type":"EntryPoint","urlTemplate":"https:\/\/tuzlainfo.ba\/?s={search_term_string}"},"query-input":{"@type":"PropertyValueSpecification","valueRequired":true,"valueName":"search_term_string"}}],"inLanguage":"bs-BA"},{"@type":"Organization","@id":"https:\/\/tuzlainfo.ba\/#organization","name":"TuzlaInfo.ba","url":"https:\/\/tuzlainfo.ba\/","logo":{"@type":"ImageObject","inLanguage":"bs-BA","@id":"https:\/\/tuzlainfo.ba\/#\/schema\/logo\/image\/","url":"https:\/\/tuzlainfo.ba\/wp-content\/uploads\/2021\/03\/logo-ver-3-1.png","contentUrl":"https:\/\/tuzlainfo.ba\/wp-content\/uploads\/2021\/03\/logo-ver-3-1.png","width":350,"height":95,"caption":"TuzlaInfo.ba"},"image":{"@id":"https:\/\/tuzlainfo.ba\/#\/schema\/logo\/image\/"},"sameAs":["https:\/\/www.facebook.com\/tuzlainfo.ba\/"]},{"@type":"Person","@id":"https:\/\/tuzlainfo.ba\/#\/schema\/person\/46cad4c57790cbc50781edd14870825a","name":"Tuzla Info","image":{"@type":"ImageObject","inLanguage":"bs-BA","@id":"https:\/\/tuzlainfo.ba\/#\/schema\/person\/image\/","url":"https:\/\/tuzlainfo.ba\/wp-content\/litespeed\/avatar\/b6c453a6c38e3654f2e4416c643fc25c.jpg?ver=1777051911","contentUrl":"https:\/\/tuzlainfo.ba\/wp-content\/litespeed\/avatar\/b6c453a6c38e3654f2e4416c643fc25c.jpg?ver=1777051911","caption":"Tuzla Info"}}]}},"_links":{"self":[{"href":"https:\/\/tuzlainfo.ba\/index.php\/wp-json\/wp\/v2\/posts\/289623"}],"collection":[{"href":"https:\/\/tuzlainfo.ba\/index.php\/wp-json\/wp\/v2\/posts"}],"about":[{"href":"https:\/\/tuzlainfo.ba\/index.php\/wp-json\/wp\/v2\/types\/post"}],"author":[{"embeddable":true,"href":"https:\/\/tuzlainfo.ba\/index.php\/wp-json\/wp\/v2\/users\/4"}],"replies":[{"embeddable":true,"href":"https:\/\/tuzlainfo.ba\/index.php\/wp-json\/wp\/v2\/comments?post=289623"}],"version-history":[{"count":2,"href":"https:\/\/tuzlainfo.ba\/index.php\/wp-json\/wp\/v2\/posts\/289623\/revisions"}],"predecessor-version":[{"id":289629,"href":"https:\/\/tuzlainfo.ba\/index.php\/wp-json\/wp\/v2\/posts\/289623\/revisions\/289629"}],"wp:featuredmedia":[{"embeddable":true,"href":"https:\/\/tuzlainfo.ba\/index.php\/wp-json\/wp\/v2\/media\/289626"}],"wp:attachment":[{"href":"https:\/\/tuzlainfo.ba\/index.php\/wp-json\/wp\/v2\/media?parent=289623"}],"wp:term":[{"taxonomy":"category","embeddable":true,"href":"https:\/\/tuzlainfo.ba\/index.php\/wp-json\/wp\/v2\/categories?post=289623"},{"taxonomy":"post_tag","embeddable":true,"href":"https:\/\/tuzlainfo.ba\/index.php\/wp-json\/wp\/v2\/tags?post=289623"}],"curies":[{"name":"wp","href":"https:\/\/api.w.org\/{rel}","templated":true}]}}