{"id":289511,"date":"2025-12-17T20:48:22","date_gmt":"2025-12-17T19:48:22","guid":{"rendered":"https:\/\/tuzlainfo.ba\/?p=289511"},"modified":"2025-12-17T20:48:22","modified_gmt":"2025-12-17T19:48:22","slug":"potresna-svjedocanstva-zrtve-ratnog-silovanja-u-tuzli-promovisana-knjiga-zivot-u-pramenu-kose","status":"publish","type":"post","link":"https:\/\/tuzlainfo.ba\/index.php\/novosti\/item\/289511-potresna-svjedocanstva-zrtve-ratnog-silovanja-u-tuzli-promovisana-knjiga-zivot-u-pramenu-kose\/","title":{"rendered":"Potresna svjedo\u010danstva \u017ertve ratnog silovanja: U Tuzli promovisana knjiga \u201e\u017divot u pramenu kose\u201c"},"content":{"rendered":"<p>U Centru za mlade Tu\u0161anj, u srijedu 17. decembra 2025. godine, promovisana je knjiga \u201c\u017divot u pramenu kose\u201d, prvo autorsko djelo Enise Grabus. Promocija je odr\u017eana u organizaciji Odjela za brak i porodicu Med\u017elisa Islamske zajednice Tuzla i Magazina za \u017eenu i porodicu \u201eBosanska Sumejja\u201c.<\/p>\n<p>Knjiga bilje\u017ei svjedo\u010danstva \u017ertava seksualnog nasilja tokom rata, a u centru pri\u010de je Zehra Murguz, \u010dija je trudno\u0107a prekinuta nakon silovanja. Promociji je prisustvovala i sama Zehra, koja je pred okupljenima otvoreno podijelila svoja ratna iskustva iz 1992. godine.<\/p>\n<p>Kako je ispri\u010dala, bila je potrebna ogromna hrabrost i snaga da se pre\u017eivljeni dio \u017eivota preto\u010di u rije\u010di i suo\u010di s pro\u0161lo\u0161\u0107u.<\/p>\n<p><iframe title=\"YouTube video player\" src=\"https:\/\/www.youtube.com\/embed\/uRmNsBTzZGk?si=oUCKWeKvPR8MliF3\" width=\"560\" height=\"315\" frameborder=\"0\" allowfullscreen=\"allowfullscreen\"><\/iframe><\/p>\n<p>Za ovaj stravi\u010dni ratni zlo\u010din pred Okru\u017enim sudom u Trebinju osu\u0111en je Ranko Stevanovi\u0107, sin Bogdana. Presudom je utvr\u0111eno da je 15. avgusta 1992. u naselju Krivaje (op\u0161tina Fo\u010da) Zehru silovao pred uku\u0107anima u porodi\u010dnoj ku\u0107i, potom ubio tri \u010dlana Zehrine porodice, dok je ona, nakon toga, uspjela pobje\u0107i.<\/p>\n<p>\u201cNakon toga, osu\u0111eni Ranko Stevanovi\u0107 zapalio je \u0161talu i porodi\u010dnu ku\u0107u u kojoj su navedene ubijene osobe izgorjele\u201d, navodi se u presudi.<\/p>\n<div id='gallery-1' class='gallery galleryid-289511 gallery-columns-3 gallery-size-medium'><figure class='gallery-item'>\n\t\t\t<div class='gallery-icon landscape'>\n\t\t\t\t<a href='https:\/\/tuzlainfo.ba\/index.php\/novosti\/item\/289511-potresna-svjedocanstva-zrtve-ratnog-silovanja-u-tuzli-promovisana-knjiga-zivot-u-pramenu-kose\/attachment\/promocija_okc-2\/'><img fetchpriority=\"high\" decoding=\"async\" width=\"300\" height=\"169\" src=\"https:\/\/tuzlainfo.ba\/wp-content\/uploads\/2025\/12\/Promocija_OKC-2-300x169.jpg\" class=\"attachment-medium size-medium\" alt=\"\" srcset=\"https:\/\/tuzlainfo.ba\/wp-content\/uploads\/2025\/12\/Promocija_OKC-2-300x169.jpg 300w, https:\/\/tuzlainfo.ba\/wp-content\/uploads\/2025\/12\/Promocija_OKC-2-1024x576.jpg 1024w, https:\/\/tuzlainfo.ba\/wp-content\/uploads\/2025\/12\/Promocija_OKC-2-768x432.jpg 768w, https:\/\/tuzlainfo.ba\/wp-content\/uploads\/2025\/12\/Promocija_OKC-2-1536x864.jpg 1536w, https:\/\/tuzlainfo.ba\/wp-content\/uploads\/2025\/12\/Promocija_OKC-2-1920x1080.jpg 1920w, https:\/\/tuzlainfo.ba\/wp-content\/uploads\/2025\/12\/Promocija_OKC-2-1170x663.jpg 1170w, https:\/\/tuzlainfo.ba\/wp-content\/uploads\/2025\/12\/Promocija_OKC-2-585x329.jpg 585w, https:\/\/tuzlainfo.ba\/wp-content\/uploads\/2025\/12\/Promocija_OKC-2-150x84.jpg 150w, https:\/\/tuzlainfo.ba\/wp-content\/uploads\/2025\/12\/Promocija_OKC-2-500x281.jpg 500w, https:\/\/tuzlainfo.ba\/wp-content\/uploads\/2025\/12\/Promocija_OKC-2.jpg 2048w\" sizes=\"(max-width: 300px) 100vw, 300px\" \/><\/a>\n\t\t\t<\/div><\/figure><figure class='gallery-item'>\n\t\t\t<div class='gallery-icon landscape'>\n\t\t\t\t<a href='https:\/\/tuzlainfo.ba\/index.php\/novosti\/item\/289511-potresna-svjedocanstva-zrtve-ratnog-silovanja-u-tuzli-promovisana-knjiga-zivot-u-pramenu-kose\/attachment\/promocija_okc-3\/'><img decoding=\"async\" width=\"300\" height=\"169\" src=\"https:\/\/tuzlainfo.ba\/wp-content\/uploads\/2025\/12\/Promocija_OKC-3-300x169.jpg\" class=\"attachment-medium size-medium\" alt=\"\" srcset=\"https:\/\/tuzlainfo.ba\/wp-content\/uploads\/2025\/12\/Promocija_OKC-3-300x169.jpg 300w, https:\/\/tuzlainfo.ba\/wp-content\/uploads\/2025\/12\/Promocija_OKC-3-1024x576.jpg 1024w, https:\/\/tuzlainfo.ba\/wp-content\/uploads\/2025\/12\/Promocija_OKC-3-768x432.jpg 768w, https:\/\/tuzlainfo.ba\/wp-content\/uploads\/2025\/12\/Promocija_OKC-3-1536x864.jpg 1536w, https:\/\/tuzlainfo.ba\/wp-content\/uploads\/2025\/12\/Promocija_OKC-3-1920x1080.jpg 1920w, https:\/\/tuzlainfo.ba\/wp-content\/uploads\/2025\/12\/Promocija_OKC-3-1170x663.jpg 1170w, https:\/\/tuzlainfo.ba\/wp-content\/uploads\/2025\/12\/Promocija_OKC-3-585x329.jpg 585w, https:\/\/tuzlainfo.ba\/wp-content\/uploads\/2025\/12\/Promocija_OKC-3-150x84.jpg 150w, https:\/\/tuzlainfo.ba\/wp-content\/uploads\/2025\/12\/Promocija_OKC-3-500x281.jpg 500w, https:\/\/tuzlainfo.ba\/wp-content\/uploads\/2025\/12\/Promocija_OKC-3.jpg 2048w\" sizes=\"(max-width: 300px) 100vw, 300px\" \/><\/a>\n\t\t\t<\/div><\/figure><figure class='gallery-item'>\n\t\t\t<div class='gallery-icon landscape'>\n\t\t\t\t<a href='https:\/\/tuzlainfo.ba\/index.php\/novosti\/item\/289511-potresna-svjedocanstva-zrtve-ratnog-silovanja-u-tuzli-promovisana-knjiga-zivot-u-pramenu-kose\/attachment\/promocija_okc-4\/'><img decoding=\"async\" width=\"300\" height=\"169\" src=\"https:\/\/tuzlainfo.ba\/wp-content\/uploads\/2025\/12\/Promocija_OKC-4-300x169.jpg\" class=\"attachment-medium size-medium\" alt=\"\" srcset=\"https:\/\/tuzlainfo.ba\/wp-content\/uploads\/2025\/12\/Promocija_OKC-4-300x169.jpg 300w, https:\/\/tuzlainfo.ba\/wp-content\/uploads\/2025\/12\/Promocija_OKC-4-1024x576.jpg 1024w, https:\/\/tuzlainfo.ba\/wp-content\/uploads\/2025\/12\/Promocija_OKC-4-768x432.jpg 768w, https:\/\/tuzlainfo.ba\/wp-content\/uploads\/2025\/12\/Promocija_OKC-4-1536x864.jpg 1536w, https:\/\/tuzlainfo.ba\/wp-content\/uploads\/2025\/12\/Promocija_OKC-4-1920x1080.jpg 1920w, https:\/\/tuzlainfo.ba\/wp-content\/uploads\/2025\/12\/Promocija_OKC-4-1170x663.jpg 1170w, https:\/\/tuzlainfo.ba\/wp-content\/uploads\/2025\/12\/Promocija_OKC-4-585x329.jpg 585w, https:\/\/tuzlainfo.ba\/wp-content\/uploads\/2025\/12\/Promocija_OKC-4-150x84.jpg 150w, https:\/\/tuzlainfo.ba\/wp-content\/uploads\/2025\/12\/Promocija_OKC-4-500x281.jpg 500w, https:\/\/tuzlainfo.ba\/wp-content\/uploads\/2025\/12\/Promocija_OKC-4.jpg 2048w\" sizes=\"(max-width: 300px) 100vw, 300px\" \/><\/a>\n\t\t\t<\/div><\/figure><figure class='gallery-item'>\n\t\t\t<div class='gallery-icon landscape'>\n\t\t\t\t<a href='https:\/\/tuzlainfo.ba\/index.php\/novosti\/item\/289511-potresna-svjedocanstva-zrtve-ratnog-silovanja-u-tuzli-promovisana-knjiga-zivot-u-pramenu-kose\/attachment\/promocija_okc-5\/'><img loading=\"lazy\" decoding=\"async\" width=\"300\" height=\"169\" src=\"https:\/\/tuzlainfo.ba\/wp-content\/uploads\/2025\/12\/Promocija_OKC-5-300x169.jpg\" class=\"attachment-medium size-medium\" alt=\"\" srcset=\"https:\/\/tuzlainfo.ba\/wp-content\/uploads\/2025\/12\/Promocija_OKC-5-300x169.jpg 300w, https:\/\/tuzlainfo.ba\/wp-content\/uploads\/2025\/12\/Promocija_OKC-5-1024x576.jpg 1024w, https:\/\/tuzlainfo.ba\/wp-content\/uploads\/2025\/12\/Promocija_OKC-5-768x432.jpg 768w, https:\/\/tuzlainfo.ba\/wp-content\/uploads\/2025\/12\/Promocija_OKC-5-1536x864.jpg 1536w, https:\/\/tuzlainfo.ba\/wp-content\/uploads\/2025\/12\/Promocija_OKC-5-1920x1080.jpg 1920w, https:\/\/tuzlainfo.ba\/wp-content\/uploads\/2025\/12\/Promocija_OKC-5-1170x663.jpg 1170w, https:\/\/tuzlainfo.ba\/wp-content\/uploads\/2025\/12\/Promocija_OKC-5-585x329.jpg 585w, https:\/\/tuzlainfo.ba\/wp-content\/uploads\/2025\/12\/Promocija_OKC-5-150x84.jpg 150w, https:\/\/tuzlainfo.ba\/wp-content\/uploads\/2025\/12\/Promocija_OKC-5-500x281.jpg 500w, https:\/\/tuzlainfo.ba\/wp-content\/uploads\/2025\/12\/Promocija_OKC-5.jpg 2048w\" sizes=\"(max-width: 300px) 100vw, 300px\" \/><\/a>\n\t\t\t<\/div><\/figure><figure class='gallery-item'>\n\t\t\t<div class='gallery-icon landscape'>\n\t\t\t\t<a href='https:\/\/tuzlainfo.ba\/index.php\/novosti\/item\/289511-potresna-svjedocanstva-zrtve-ratnog-silovanja-u-tuzli-promovisana-knjiga-zivot-u-pramenu-kose\/attachment\/promocija_okc-6\/'><img loading=\"lazy\" decoding=\"async\" width=\"300\" height=\"169\" src=\"https:\/\/tuzlainfo.ba\/wp-content\/uploads\/2025\/12\/Promocija_OKC-6-300x169.jpg\" class=\"attachment-medium size-medium\" alt=\"\" srcset=\"https:\/\/tuzlainfo.ba\/wp-content\/uploads\/2025\/12\/Promocija_OKC-6-300x169.jpg 300w, https:\/\/tuzlainfo.ba\/wp-content\/uploads\/2025\/12\/Promocija_OKC-6-1024x576.jpg 1024w, https:\/\/tuzlainfo.ba\/wp-content\/uploads\/2025\/12\/Promocija_OKC-6-768x432.jpg 768w, https:\/\/tuzlainfo.ba\/wp-content\/uploads\/2025\/12\/Promocija_OKC-6-1536x864.jpg 1536w, https:\/\/tuzlainfo.ba\/wp-content\/uploads\/2025\/12\/Promocija_OKC-6-1920x1080.jpg 1920w, https:\/\/tuzlainfo.ba\/wp-content\/uploads\/2025\/12\/Promocija_OKC-6-1170x663.jpg 1170w, https:\/\/tuzlainfo.ba\/wp-content\/uploads\/2025\/12\/Promocija_OKC-6-585x329.jpg 585w, https:\/\/tuzlainfo.ba\/wp-content\/uploads\/2025\/12\/Promocija_OKC-6-150x84.jpg 150w, https:\/\/tuzlainfo.ba\/wp-content\/uploads\/2025\/12\/Promocija_OKC-6-500x281.jpg 500w, https:\/\/tuzlainfo.ba\/wp-content\/uploads\/2025\/12\/Promocija_OKC-6.jpg 2048w\" sizes=\"(max-width: 300px) 100vw, 300px\" \/><\/a>\n\t\t\t<\/div><\/figure><figure class='gallery-item'>\n\t\t\t<div class='gallery-icon landscape'>\n\t\t\t\t<a href='https:\/\/tuzlainfo.ba\/index.php\/novosti\/item\/289511-potresna-svjedocanstva-zrtve-ratnog-silovanja-u-tuzli-promovisana-knjiga-zivot-u-pramenu-kose\/attachment\/promocija_okc-7\/'><img loading=\"lazy\" decoding=\"async\" width=\"300\" height=\"169\" src=\"https:\/\/tuzlainfo.ba\/wp-content\/uploads\/2025\/12\/Promocija_OKC-7-300x169.jpg\" class=\"attachment-medium size-medium\" alt=\"\" srcset=\"https:\/\/tuzlainfo.ba\/wp-content\/uploads\/2025\/12\/Promocija_OKC-7-300x169.jpg 300w, https:\/\/tuzlainfo.ba\/wp-content\/uploads\/2025\/12\/Promocija_OKC-7-1024x576.jpg 1024w, https:\/\/tuzlainfo.ba\/wp-content\/uploads\/2025\/12\/Promocija_OKC-7-768x432.jpg 768w, https:\/\/tuzlainfo.ba\/wp-content\/uploads\/2025\/12\/Promocija_OKC-7-1536x864.jpg 1536w, https:\/\/tuzlainfo.ba\/wp-content\/uploads\/2025\/12\/Promocija_OKC-7-1920x1080.jpg 1920w, https:\/\/tuzlainfo.ba\/wp-content\/uploads\/2025\/12\/Promocija_OKC-7-1170x663.jpg 1170w, https:\/\/tuzlainfo.ba\/wp-content\/uploads\/2025\/12\/Promocija_OKC-7-585x329.jpg 585w, https:\/\/tuzlainfo.ba\/wp-content\/uploads\/2025\/12\/Promocija_OKC-7-150x84.jpg 150w, https:\/\/tuzlainfo.ba\/wp-content\/uploads\/2025\/12\/Promocija_OKC-7-500x281.jpg 500w, https:\/\/tuzlainfo.ba\/wp-content\/uploads\/2025\/12\/Promocija_OKC-7.jpg 2048w\" sizes=\"(max-width: 300px) 100vw, 300px\" \/><\/a>\n\t\t\t<\/div><\/figure><figure class='gallery-item'>\n\t\t\t<div class='gallery-icon landscape'>\n\t\t\t\t<a href='https:\/\/tuzlainfo.ba\/index.php\/novosti\/item\/289511-potresna-svjedocanstva-zrtve-ratnog-silovanja-u-tuzli-promovisana-knjiga-zivot-u-pramenu-kose\/attachment\/promocija_okc-8\/'><img loading=\"lazy\" decoding=\"async\" width=\"300\" height=\"225\" src=\"https:\/\/tuzlainfo.ba\/wp-content\/uploads\/2025\/12\/Promocija_OKC-8-300x225.jpg\" class=\"attachment-medium size-medium\" alt=\"\" srcset=\"https:\/\/tuzlainfo.ba\/wp-content\/uploads\/2025\/12\/Promocija_OKC-8-300x225.jpg 300w, https:\/\/tuzlainfo.ba\/wp-content\/uploads\/2025\/12\/Promocija_OKC-8-1024x768.jpg 1024w, https:\/\/tuzlainfo.ba\/wp-content\/uploads\/2025\/12\/Promocija_OKC-8-768x576.jpg 768w, https:\/\/tuzlainfo.ba\/wp-content\/uploads\/2025\/12\/Promocija_OKC-8-1536x1152.jpg 1536w, https:\/\/tuzlainfo.ba\/wp-content\/uploads\/2025\/12\/Promocija_OKC-8-1920x1440.jpg 1920w, https:\/\/tuzlainfo.ba\/wp-content\/uploads\/2025\/12\/Promocija_OKC-8-1170x878.jpg 1170w, https:\/\/tuzlainfo.ba\/wp-content\/uploads\/2025\/12\/Promocija_OKC-8-585x439.jpg 585w, https:\/\/tuzlainfo.ba\/wp-content\/uploads\/2025\/12\/Promocija_OKC-8-150x113.jpg 150w, https:\/\/tuzlainfo.ba\/wp-content\/uploads\/2025\/12\/Promocija_OKC-8-500x375.jpg 500w, https:\/\/tuzlainfo.ba\/wp-content\/uploads\/2025\/12\/Promocija_OKC-8.jpg 2048w\" sizes=\"(max-width: 300px) 100vw, 300px\" \/><\/a>\n\t\t\t<\/div><\/figure><figure class='gallery-item'>\n\t\t\t<div class='gallery-icon landscape'>\n\t\t\t\t<a href='https:\/\/tuzlainfo.ba\/index.php\/novosti\/item\/289511-potresna-svjedocanstva-zrtve-ratnog-silovanja-u-tuzli-promovisana-knjiga-zivot-u-pramenu-kose\/attachment\/promocija_okc-1\/'><img loading=\"lazy\" decoding=\"async\" width=\"300\" height=\"169\" src=\"https:\/\/tuzlainfo.ba\/wp-content\/uploads\/2025\/12\/Promocija_OKC-1-300x169.jpg\" class=\"attachment-medium size-medium\" alt=\"\" srcset=\"https:\/\/tuzlainfo.ba\/wp-content\/uploads\/2025\/12\/Promocija_OKC-1-300x169.jpg 300w, https:\/\/tuzlainfo.ba\/wp-content\/uploads\/2025\/12\/Promocija_OKC-1-1024x576.jpg 1024w, https:\/\/tuzlainfo.ba\/wp-content\/uploads\/2025\/12\/Promocija_OKC-1-768x432.jpg 768w, https:\/\/tuzlainfo.ba\/wp-content\/uploads\/2025\/12\/Promocija_OKC-1-1536x864.jpg 1536w, https:\/\/tuzlainfo.ba\/wp-content\/uploads\/2025\/12\/Promocija_OKC-1-1920x1080.jpg 1920w, https:\/\/tuzlainfo.ba\/wp-content\/uploads\/2025\/12\/Promocija_OKC-1-1170x663.jpg 1170w, https:\/\/tuzlainfo.ba\/wp-content\/uploads\/2025\/12\/Promocija_OKC-1-585x329.jpg 585w, https:\/\/tuzlainfo.ba\/wp-content\/uploads\/2025\/12\/Promocija_OKC-1-150x84.jpg 150w, https:\/\/tuzlainfo.ba\/wp-content\/uploads\/2025\/12\/Promocija_OKC-1-500x281.jpg 500w, https:\/\/tuzlainfo.ba\/wp-content\/uploads\/2025\/12\/Promocija_OKC-1.jpg 2048w\" sizes=\"(max-width: 300px) 100vw, 300px\" \/><\/a>\n\t\t\t<\/div><\/figure><figure class='gallery-item'>\n\t\t\t<div class='gallery-icon landscape'>\n\t\t\t\t<a href='https:\/\/tuzlainfo.ba\/index.php\/novosti\/item\/289511-potresna-svjedocanstva-zrtve-ratnog-silovanja-u-tuzli-promovisana-knjiga-zivot-u-pramenu-kose\/attachment\/promocija_okc-9\/'><img loading=\"lazy\" decoding=\"async\" width=\"300\" height=\"169\" src=\"https:\/\/tuzlainfo.ba\/wp-content\/uploads\/2025\/12\/Promocija_OKC-9-300x169.jpg\" class=\"attachment-medium size-medium\" alt=\"\" srcset=\"https:\/\/tuzlainfo.ba\/wp-content\/uploads\/2025\/12\/Promocija_OKC-9-300x169.jpg 300w, https:\/\/tuzlainfo.ba\/wp-content\/uploads\/2025\/12\/Promocija_OKC-9-1024x576.jpg 1024w, https:\/\/tuzlainfo.ba\/wp-content\/uploads\/2025\/12\/Promocija_OKC-9-768x432.jpg 768w, https:\/\/tuzlainfo.ba\/wp-content\/uploads\/2025\/12\/Promocija_OKC-9-1536x864.jpg 1536w, https:\/\/tuzlainfo.ba\/wp-content\/uploads\/2025\/12\/Promocija_OKC-9-1920x1080.jpg 1920w, https:\/\/tuzlainfo.ba\/wp-content\/uploads\/2025\/12\/Promocija_OKC-9-1170x663.jpg 1170w, https:\/\/tuzlainfo.ba\/wp-content\/uploads\/2025\/12\/Promocija_OKC-9-585x329.jpg 585w, https:\/\/tuzlainfo.ba\/wp-content\/uploads\/2025\/12\/Promocija_OKC-9-150x84.jpg 150w, https:\/\/tuzlainfo.ba\/wp-content\/uploads\/2025\/12\/Promocija_OKC-9-500x281.jpg 500w, https:\/\/tuzlainfo.ba\/wp-content\/uploads\/2025\/12\/Promocija_OKC-9.jpg 2048w\" sizes=\"(max-width: 300px) 100vw, 300px\" \/><\/a>\n\t\t\t<\/div><\/figure>\n\t\t<\/div>\n\n<p>Ranko Stevanovi\u0107 osu\u0111en je na 14 godina zatvora i trenutno izdr\u017eava kaznu. Knjiga pripada \u017eanru dokumentaristi\u010dke knji\u017eevnosti i donosi istinitu, potresnu \u017eivotnu pri\u010du Zehre Murguz, ro\u0111ene Kova\u010devi\u0107 iz Fo\u010de. Rije\u010d je o svjedo\u010danstvu o djetinjstvu, stradanjima tokom agresije 1992. godine, te o \u017eivotu u izbjegli\u0161tvu i dugoj borbi za pravdu, dostojanstvo i o\u010duvanje sje\u0107anja.<\/p>\n<p>Autorica knjige Enisa Grabus:<\/p>\n<p><iframe title=\"YouTube video player\" src=\"https:\/\/www.youtube.com\/embed\/DwnLMDbQGfw?si=tIeI1oku7ysSuX96\" width=\"560\" height=\"315\" frameborder=\"0\" allowfullscreen=\"allowfullscreen\"><\/iframe><\/p>\n<p>Ovaj doga\u0111aj predstavlja va\u017ean dru\u0161tveni i kulturni doprinos, posebno u kontekstu o\u010duvanja sje\u0107anja na \u017ertve agresije na Bosnu i Hercegovinu. Autorica i u\u010desnici promocije istakli su kako knjiga otvara teme koje jo\u0161 uvijek ostaju tabu u dru\u0161tvu, me\u0111u njima i iskustva \u017eena \u017ertava seksualnog nasilja tokom rata, te da je va\u017eno o tim temama govoriti bez stigme i predrasuda.<\/p>\n<p>Knjiga se nalazi u okviru edicije \u201cIstina u sjeni\u201d, koja ima za cilj prikazivanje ratnih iskustava kroz pri\u010de pojedinaca kao svjedo\u010danstvo kolektivne bolne istorije. \u201c\u017divot u pramenu kose\u201d tako nastavlja misiju da ponudi glas onima koji su pretrpjeli najte\u017ee traume u ratu, nastoje\u0107i potaknuti dru\u0161tvo na suo\u010davanje s pro\u0161lo\u0161\u0107u i potporu \u017ertvama.<strong>\/S.P.\/<\/strong><\/p>\n<p>&nbsp;<\/p>\n","protected":false},"excerpt":{"rendered":"<p>U Centru za mlade Tu\u0161anj, u srijedu 17. decembra 2025. godine, promovisana je knjiga \u201c\u017divot u pramenu kose\u201d, prvo autorsko djelo Enise Grabus. Promocija je odr\u017eana u organizaciji Odjela za brak i porodicu Med\u017elisa Islamske zajednice Tuzla i Magazina za \u017eenu i porodicu \u201eBosanska Sumejja\u201c. Knjiga bilje\u017ei svjedo\u010danstva \u017ertava seksualnog nasilja tokom rata, a u [&hellip;]<\/p>\n","protected":false},"author":2,"featured_media":289521,"comment_status":"closed","ping_status":"closed","sticky":false,"template":"","format":"standard","meta":{"footnotes":""},"categories":[304,12],"tags":[7241],"class_list":["post-289511","post","type-post","status-publish","format-standard","has-post-thumbnail","hentry","category-istaknuto","category-novosti","tag-centar-za-mlade-tusanj"],"yoast_head":"<!-- This site is optimized with the Yoast SEO plugin v28.4 - https:\/\/yoast.com\/product\/yoast-seo-wordpress\/ -->\n<title>Potresna svjedo\u010danstva \u017ertve ratnog silovanja: U Tuzli promovisana knjiga \u201e\u017divot u pramenu kose\u201c<\/title>\n<meta name=\"robots\" content=\"index, follow, max-snippet:-1, max-image-preview:large, max-video-preview:-1\" \/>\n<link rel=\"canonical\" href=\"https:\/\/tuzlainfo.ba\/index.php\/novosti\/item\/289511-potresna-svjedocanstva-zrtve-ratnog-silovanja-u-tuzli-promovisana-knjiga-zivot-u-pramenu-kose\/\" \/>\n<meta property=\"og:locale\" content=\"bs_BA\" \/>\n<meta property=\"og:type\" content=\"article\" \/>\n<meta property=\"og:title\" content=\"Potresna svjedo\u010danstva \u017ertve ratnog silovanja: U Tuzli promovisana knjiga \u201e\u017divot u pramenu kose\u201c\" \/>\n<meta property=\"og:description\" content=\"U Centru za mlade Tu\u0161anj, u srijedu 17. decembra 2025. godine, promovisana je knjiga \u201c\u017divot u pramenu kose\u201d, prvo autorsko djelo Enise Grabus. Promocija je odr\u017eana u organizaciji Odjela za brak i porodicu Med\u017elisa Islamske zajednice Tuzla i Magazina za \u017eenu i porodicu \u201eBosanska Sumejja\u201c. Knjiga bilje\u017ei svjedo\u010danstva \u017ertava seksualnog nasilja tokom rata, a u [&hellip;]\" \/>\n<meta property=\"og:url\" content=\"https:\/\/tuzlainfo.ba\/index.php\/novosti\/item\/289511-potresna-svjedocanstva-zrtve-ratnog-silovanja-u-tuzli-promovisana-knjiga-zivot-u-pramenu-kose\/\" \/>\n<meta property=\"og:site_name\" content=\"TuzlaInfo.ba\" \/>\n<meta property=\"article:publisher\" content=\"https:\/\/www.facebook.com\/tuzlainfo.ba\/\" \/>\n<meta property=\"article:published_time\" content=\"2025-12-17T19:48:22+00:00\" \/>\n<meta property=\"og:image\" content=\"https:\/\/tuzlainfo.ba\/wp-content\/uploads\/2025\/12\/1712_kolazOKC.jpg\" \/>\n\t<meta property=\"og:image:width\" content=\"1000\" \/>\n\t<meta property=\"og:image:height\" content=\"640\" \/>\n\t<meta property=\"og:image:type\" content=\"image\/jpeg\" \/>\n<meta name=\"author\" content=\"nedim\" \/>\n<meta name=\"twitter:card\" content=\"summary_large_image\" \/>\n<meta name=\"twitter:label1\" content=\"Written by\" \/>\n\t<meta name=\"twitter:data1\" content=\"nedim\" \/>\n\t<meta name=\"twitter:label2\" content=\"Est. reading time\" \/>\n\t<meta name=\"twitter:data2\" content=\"3 minute\" \/>\n<script type=\"application\/ld+json\" class=\"yoast-schema-graph\">{\"@context\":\"https:\\\/\\\/schema.org\",\"@graph\":[{\"@type\":\"Article\",\"@id\":\"https:\\\/\\\/tuzlainfo.ba\\\/index.php\\\/novosti\\\/item\\\/289511-potresna-svjedocanstva-zrtve-ratnog-silovanja-u-tuzli-promovisana-knjiga-zivot-u-pramenu-kose\\\/#article\",\"isPartOf\":{\"@id\":\"https:\\\/\\\/tuzlainfo.ba\\\/index.php\\\/novosti\\\/item\\\/289511-potresna-svjedocanstva-zrtve-ratnog-silovanja-u-tuzli-promovisana-knjiga-zivot-u-pramenu-kose\\\/\"},\"author\":{\"name\":\"nedim\",\"@id\":\"https:\\\/\\\/tuzlainfo.ba\\\/#\\\/schema\\\/person\\\/f434e20dc27ea133923aab08451b7f7f\"},\"headline\":\"Potresna svjedo\u010danstva \u017ertve ratnog silovanja: U Tuzli promovisana knjiga \u201e\u017divot u pramenu kose\u201c\",\"datePublished\":\"2025-12-17T19:48:22+00:00\",\"mainEntityOfPage\":{\"@id\":\"https:\\\/\\\/tuzlainfo.ba\\\/index.php\\\/novosti\\\/item\\\/289511-potresna-svjedocanstva-zrtve-ratnog-silovanja-u-tuzli-promovisana-knjiga-zivot-u-pramenu-kose\\\/\"},\"wordCount\":419,\"publisher\":{\"@id\":\"https:\\\/\\\/tuzlainfo.ba\\\/#organization\"},\"image\":{\"@id\":\"https:\\\/\\\/tuzlainfo.ba\\\/index.php\\\/novosti\\\/item\\\/289511-potresna-svjedocanstva-zrtve-ratnog-silovanja-u-tuzli-promovisana-knjiga-zivot-u-pramenu-kose\\\/#primaryimage\"},\"thumbnailUrl\":\"https:\\\/\\\/tuzlainfo.ba\\\/wp-content\\\/uploads\\\/2025\\\/12\\\/1712_kolazOKC.jpg\",\"keywords\":[\"centar za mlade tusanj\"],\"articleSection\":[\"Istaknuto\",\"Novosti\"],\"inLanguage\":\"bs-BA\",\"copyrightYear\":\"2025\",\"copyrightHolder\":{\"@id\":\"https:\\\/\\\/tuzlainfo.ba\\\/#organization\"}},{\"@type\":\"WebPage\",\"@id\":\"https:\\\/\\\/tuzlainfo.ba\\\/index.php\\\/novosti\\\/item\\\/289511-potresna-svjedocanstva-zrtve-ratnog-silovanja-u-tuzli-promovisana-knjiga-zivot-u-pramenu-kose\\\/\",\"url\":\"https:\\\/\\\/tuzlainfo.ba\\\/index.php\\\/novosti\\\/item\\\/289511-potresna-svjedocanstva-zrtve-ratnog-silovanja-u-tuzli-promovisana-knjiga-zivot-u-pramenu-kose\\\/\",\"name\":\"Potresna svjedo\u010danstva \u017ertve ratnog silovanja: U Tuzli promovisana knjiga \u201e\u017divot u pramenu kose\u201c\",\"isPartOf\":{\"@id\":\"https:\\\/\\\/tuzlainfo.ba\\\/#website\"},\"primaryImageOfPage\":{\"@id\":\"https:\\\/\\\/tuzlainfo.ba\\\/index.php\\\/novosti\\\/item\\\/289511-potresna-svjedocanstva-zrtve-ratnog-silovanja-u-tuzli-promovisana-knjiga-zivot-u-pramenu-kose\\\/#primaryimage\"},\"image\":{\"@id\":\"https:\\\/\\\/tuzlainfo.ba\\\/index.php\\\/novosti\\\/item\\\/289511-potresna-svjedocanstva-zrtve-ratnog-silovanja-u-tuzli-promovisana-knjiga-zivot-u-pramenu-kose\\\/#primaryimage\"},\"thumbnailUrl\":\"https:\\\/\\\/tuzlainfo.ba\\\/wp-content\\\/uploads\\\/2025\\\/12\\\/1712_kolazOKC.jpg\",\"datePublished\":\"2025-12-17T19:48:22+00:00\",\"breadcrumb\":{\"@id\":\"https:\\\/\\\/tuzlainfo.ba\\\/index.php\\\/novosti\\\/item\\\/289511-potresna-svjedocanstva-zrtve-ratnog-silovanja-u-tuzli-promovisana-knjiga-zivot-u-pramenu-kose\\\/#breadcrumb\"},\"inLanguage\":\"bs-BA\",\"potentialAction\":[{\"@type\":\"ReadAction\",\"target\":[\"https:\\\/\\\/tuzlainfo.ba\\\/index.php\\\/novosti\\\/item\\\/289511-potresna-svjedocanstva-zrtve-ratnog-silovanja-u-tuzli-promovisana-knjiga-zivot-u-pramenu-kose\\\/\"]}]},{\"@type\":\"ImageObject\",\"inLanguage\":\"bs-BA\",\"@id\":\"https:\\\/\\\/tuzlainfo.ba\\\/index.php\\\/novosti\\\/item\\\/289511-potresna-svjedocanstva-zrtve-ratnog-silovanja-u-tuzli-promovisana-knjiga-zivot-u-pramenu-kose\\\/#primaryimage\",\"url\":\"https:\\\/\\\/tuzlainfo.ba\\\/wp-content\\\/uploads\\\/2025\\\/12\\\/1712_kolazOKC.jpg\",\"contentUrl\":\"https:\\\/\\\/tuzlainfo.ba\\\/wp-content\\\/uploads\\\/2025\\\/12\\\/1712_kolazOKC.jpg\",\"width\":1000,\"height\":640},{\"@type\":\"BreadcrumbList\",\"@id\":\"https:\\\/\\\/tuzlainfo.ba\\\/index.php\\\/novosti\\\/item\\\/289511-potresna-svjedocanstva-zrtve-ratnog-silovanja-u-tuzli-promovisana-knjiga-zivot-u-pramenu-kose\\\/#breadcrumb\",\"itemListElement\":[{\"@type\":\"ListItem\",\"position\":1,\"name\":\"Home\",\"item\":\"https:\\\/\\\/tuzlainfo.ba\\\/\"},{\"@type\":\"ListItem\",\"position\":2,\"name\":\"Potresna svjedo\u010danstva \u017ertve ratnog silovanja: U Tuzli promovisana knjiga \u201e\u017divot u pramenu kose\u201c\"}]},{\"@type\":\"WebSite\",\"@id\":\"https:\\\/\\\/tuzlainfo.ba\\\/#website\",\"url\":\"https:\\\/\\\/tuzlainfo.ba\\\/\",\"name\":\"TuzlaInfo.ba\",\"description\":\"Tuzla info, gradski informator - Tuzla na dlanu\",\"publisher\":{\"@id\":\"https:\\\/\\\/tuzlainfo.ba\\\/#organization\"},\"potentialAction\":[{\"@type\":\"SearchAction\",\"target\":{\"@type\":\"EntryPoint\",\"urlTemplate\":\"https:\\\/\\\/tuzlainfo.ba\\\/?s={search_term_string}\"},\"query-input\":{\"@type\":\"PropertyValueSpecification\",\"valueRequired\":true,\"valueName\":\"search_term_string\"}}],\"inLanguage\":\"bs-BA\"},{\"@type\":\"Organization\",\"@id\":\"https:\\\/\\\/tuzlainfo.ba\\\/#organization\",\"name\":\"TuzlaInfo.ba\",\"url\":\"https:\\\/\\\/tuzlainfo.ba\\\/\",\"logo\":{\"@type\":\"ImageObject\",\"inLanguage\":\"bs-BA\",\"@id\":\"https:\\\/\\\/tuzlainfo.ba\\\/#\\\/schema\\\/logo\\\/image\\\/\",\"url\":\"https:\\\/\\\/tuzlainfo.ba\\\/wp-content\\\/uploads\\\/2021\\\/03\\\/logo-ver-3-1.png\",\"contentUrl\":\"https:\\\/\\\/tuzlainfo.ba\\\/wp-content\\\/uploads\\\/2021\\\/03\\\/logo-ver-3-1.png\",\"width\":350,\"height\":95,\"caption\":\"TuzlaInfo.ba\"},\"image\":{\"@id\":\"https:\\\/\\\/tuzlainfo.ba\\\/#\\\/schema\\\/logo\\\/image\\\/\"},\"sameAs\":[\"https:\\\/\\\/www.facebook.com\\\/tuzlainfo.ba\\\/\"]},{\"@type\":\"Person\",\"@id\":\"https:\\\/\\\/tuzlainfo.ba\\\/#\\\/schema\\\/person\\\/f434e20dc27ea133923aab08451b7f7f\",\"name\":\"nedim\",\"image\":{\"@type\":\"ImageObject\",\"inLanguage\":\"bs-BA\",\"@id\":\"https:\\\/\\\/secure.gravatar.com\\\/avatar\\\/5b928a2e7e70a54208d2eb6c1edcb75a5350d6ae97d5f0a701203d456823f6f3?s=96&d=mm&r=g\",\"url\":\"https:\\\/\\\/secure.gravatar.com\\\/avatar\\\/5b928a2e7e70a54208d2eb6c1edcb75a5350d6ae97d5f0a701203d456823f6f3?s=96&d=mm&r=g\",\"contentUrl\":\"https:\\\/\\\/secure.gravatar.com\\\/avatar\\\/5b928a2e7e70a54208d2eb6c1edcb75a5350d6ae97d5f0a701203d456823f6f3?s=96&d=mm&r=g\",\"caption\":\"nedim\"},\"description\":\"Tuzlainfo.ba pratite na dru\u0161tvenim mre\u017eama: Facebook, Instagram i Youtube. Svoje pri\u010de, upite i fotografije \u0161aljite na na\u0161u e-mail adresu.\"}]}<\/script>\n<!-- \/ Yoast SEO plugin. -->","yoast_head_json":{"title":"Potresna svjedo\u010danstva \u017ertve ratnog silovanja: U Tuzli promovisana knjiga \u201e\u017divot u pramenu kose\u201c","robots":{"index":"index","follow":"follow","max-snippet":"max-snippet:-1","max-image-preview":"max-image-preview:large","max-video-preview":"max-video-preview:-1"},"canonical":"https:\/\/tuzlainfo.ba\/index.php\/novosti\/item\/289511-potresna-svjedocanstva-zrtve-ratnog-silovanja-u-tuzli-promovisana-knjiga-zivot-u-pramenu-kose\/","og_locale":"bs_BA","og_type":"article","og_title":"Potresna svjedo\u010danstva \u017ertve ratnog silovanja: U Tuzli promovisana knjiga \u201e\u017divot u pramenu kose\u201c","og_description":"U Centru za mlade Tu\u0161anj, u srijedu 17. decembra 2025. godine, promovisana je knjiga \u201c\u017divot u pramenu kose\u201d, prvo autorsko djelo Enise Grabus. Promocija je odr\u017eana u organizaciji Odjela za brak i porodicu Med\u017elisa Islamske zajednice Tuzla i Magazina za \u017eenu i porodicu \u201eBosanska Sumejja\u201c. Knjiga bilje\u017ei svjedo\u010danstva \u017ertava seksualnog nasilja tokom rata, a u [&hellip;]","og_url":"https:\/\/tuzlainfo.ba\/index.php\/novosti\/item\/289511-potresna-svjedocanstva-zrtve-ratnog-silovanja-u-tuzli-promovisana-knjiga-zivot-u-pramenu-kose\/","og_site_name":"TuzlaInfo.ba","article_publisher":"https:\/\/www.facebook.com\/tuzlainfo.ba\/","article_published_time":"2025-12-17T19:48:22+00:00","og_image":[{"width":1000,"height":640,"url":"https:\/\/tuzlainfo.ba\/wp-content\/uploads\/2025\/12\/1712_kolazOKC.jpg","type":"image\/jpeg"}],"author":"nedim","twitter_card":"summary_large_image","twitter_misc":{"Written by":"nedim","Est. reading time":"3 minute"},"schema":{"@context":"https:\/\/schema.org","@graph":[{"@type":"Article","@id":"https:\/\/tuzlainfo.ba\/index.php\/novosti\/item\/289511-potresna-svjedocanstva-zrtve-ratnog-silovanja-u-tuzli-promovisana-knjiga-zivot-u-pramenu-kose\/#article","isPartOf":{"@id":"https:\/\/tuzlainfo.ba\/index.php\/novosti\/item\/289511-potresna-svjedocanstva-zrtve-ratnog-silovanja-u-tuzli-promovisana-knjiga-zivot-u-pramenu-kose\/"},"author":{"name":"nedim","@id":"https:\/\/tuzlainfo.ba\/#\/schema\/person\/f434e20dc27ea133923aab08451b7f7f"},"headline":"Potresna svjedo\u010danstva \u017ertve ratnog silovanja: U Tuzli promovisana knjiga \u201e\u017divot u pramenu kose\u201c","datePublished":"2025-12-17T19:48:22+00:00","mainEntityOfPage":{"@id":"https:\/\/tuzlainfo.ba\/index.php\/novosti\/item\/289511-potresna-svjedocanstva-zrtve-ratnog-silovanja-u-tuzli-promovisana-knjiga-zivot-u-pramenu-kose\/"},"wordCount":419,"publisher":{"@id":"https:\/\/tuzlainfo.ba\/#organization"},"image":{"@id":"https:\/\/tuzlainfo.ba\/index.php\/novosti\/item\/289511-potresna-svjedocanstva-zrtve-ratnog-silovanja-u-tuzli-promovisana-knjiga-zivot-u-pramenu-kose\/#primaryimage"},"thumbnailUrl":"https:\/\/tuzlainfo.ba\/wp-content\/uploads\/2025\/12\/1712_kolazOKC.jpg","keywords":["centar za mlade tusanj"],"articleSection":["Istaknuto","Novosti"],"inLanguage":"bs-BA","copyrightYear":"2025","copyrightHolder":{"@id":"https:\/\/tuzlainfo.ba\/#organization"}},{"@type":"WebPage","@id":"https:\/\/tuzlainfo.ba\/index.php\/novosti\/item\/289511-potresna-svjedocanstva-zrtve-ratnog-silovanja-u-tuzli-promovisana-knjiga-zivot-u-pramenu-kose\/","url":"https:\/\/tuzlainfo.ba\/index.php\/novosti\/item\/289511-potresna-svjedocanstva-zrtve-ratnog-silovanja-u-tuzli-promovisana-knjiga-zivot-u-pramenu-kose\/","name":"Potresna svjedo\u010danstva \u017ertve ratnog silovanja: U Tuzli promovisana knjiga \u201e\u017divot u pramenu kose\u201c","isPartOf":{"@id":"https:\/\/tuzlainfo.ba\/#website"},"primaryImageOfPage":{"@id":"https:\/\/tuzlainfo.ba\/index.php\/novosti\/item\/289511-potresna-svjedocanstva-zrtve-ratnog-silovanja-u-tuzli-promovisana-knjiga-zivot-u-pramenu-kose\/#primaryimage"},"image":{"@id":"https:\/\/tuzlainfo.ba\/index.php\/novosti\/item\/289511-potresna-svjedocanstva-zrtve-ratnog-silovanja-u-tuzli-promovisana-knjiga-zivot-u-pramenu-kose\/#primaryimage"},"thumbnailUrl":"https:\/\/tuzlainfo.ba\/wp-content\/uploads\/2025\/12\/1712_kolazOKC.jpg","datePublished":"2025-12-17T19:48:22+00:00","breadcrumb":{"@id":"https:\/\/tuzlainfo.ba\/index.php\/novosti\/item\/289511-potresna-svjedocanstva-zrtve-ratnog-silovanja-u-tuzli-promovisana-knjiga-zivot-u-pramenu-kose\/#breadcrumb"},"inLanguage":"bs-BA","potentialAction":[{"@type":"ReadAction","target":["https:\/\/tuzlainfo.ba\/index.php\/novosti\/item\/289511-potresna-svjedocanstva-zrtve-ratnog-silovanja-u-tuzli-promovisana-knjiga-zivot-u-pramenu-kose\/"]}]},{"@type":"ImageObject","inLanguage":"bs-BA","@id":"https:\/\/tuzlainfo.ba\/index.php\/novosti\/item\/289511-potresna-svjedocanstva-zrtve-ratnog-silovanja-u-tuzli-promovisana-knjiga-zivot-u-pramenu-kose\/#primaryimage","url":"https:\/\/tuzlainfo.ba\/wp-content\/uploads\/2025\/12\/1712_kolazOKC.jpg","contentUrl":"https:\/\/tuzlainfo.ba\/wp-content\/uploads\/2025\/12\/1712_kolazOKC.jpg","width":1000,"height":640},{"@type":"BreadcrumbList","@id":"https:\/\/tuzlainfo.ba\/index.php\/novosti\/item\/289511-potresna-svjedocanstva-zrtve-ratnog-silovanja-u-tuzli-promovisana-knjiga-zivot-u-pramenu-kose\/#breadcrumb","itemListElement":[{"@type":"ListItem","position":1,"name":"Home","item":"https:\/\/tuzlainfo.ba\/"},{"@type":"ListItem","position":2,"name":"Potresna svjedo\u010danstva \u017ertve ratnog silovanja: U Tuzli promovisana knjiga \u201e\u017divot u pramenu kose\u201c"}]},{"@type":"WebSite","@id":"https:\/\/tuzlainfo.ba\/#website","url":"https:\/\/tuzlainfo.ba\/","name":"TuzlaInfo.ba","description":"Tuzla info, gradski informator - Tuzla na dlanu","publisher":{"@id":"https:\/\/tuzlainfo.ba\/#organization"},"potentialAction":[{"@type":"SearchAction","target":{"@type":"EntryPoint","urlTemplate":"https:\/\/tuzlainfo.ba\/?s={search_term_string}"},"query-input":{"@type":"PropertyValueSpecification","valueRequired":true,"valueName":"search_term_string"}}],"inLanguage":"bs-BA"},{"@type":"Organization","@id":"https:\/\/tuzlainfo.ba\/#organization","name":"TuzlaInfo.ba","url":"https:\/\/tuzlainfo.ba\/","logo":{"@type":"ImageObject","inLanguage":"bs-BA","@id":"https:\/\/tuzlainfo.ba\/#\/schema\/logo\/image\/","url":"https:\/\/tuzlainfo.ba\/wp-content\/uploads\/2021\/03\/logo-ver-3-1.png","contentUrl":"https:\/\/tuzlainfo.ba\/wp-content\/uploads\/2021\/03\/logo-ver-3-1.png","width":350,"height":95,"caption":"TuzlaInfo.ba"},"image":{"@id":"https:\/\/tuzlainfo.ba\/#\/schema\/logo\/image\/"},"sameAs":["https:\/\/www.facebook.com\/tuzlainfo.ba\/"]},{"@type":"Person","@id":"https:\/\/tuzlainfo.ba\/#\/schema\/person\/f434e20dc27ea133923aab08451b7f7f","name":"nedim","image":{"@type":"ImageObject","inLanguage":"bs-BA","@id":"https:\/\/secure.gravatar.com\/avatar\/5b928a2e7e70a54208d2eb6c1edcb75a5350d6ae97d5f0a701203d456823f6f3?s=96&d=mm&r=g","url":"https:\/\/secure.gravatar.com\/avatar\/5b928a2e7e70a54208d2eb6c1edcb75a5350d6ae97d5f0a701203d456823f6f3?s=96&d=mm&r=g","contentUrl":"https:\/\/secure.gravatar.com\/avatar\/5b928a2e7e70a54208d2eb6c1edcb75a5350d6ae97d5f0a701203d456823f6f3?s=96&d=mm&r=g","caption":"nedim"},"description":"Tuzlainfo.ba pratite na dru\u0161tvenim mre\u017eama: Facebook, Instagram i Youtube. Svoje pri\u010de, upite i fotografije \u0161aljite na na\u0161u e-mail adresu."}]}},"_links":{"self":[{"href":"https:\/\/tuzlainfo.ba\/index.php\/wp-json\/wp\/v2\/posts\/289511","targetHints":{"allow":["GET"]}}],"collection":[{"href":"https:\/\/tuzlainfo.ba\/index.php\/wp-json\/wp\/v2\/posts"}],"about":[{"href":"https:\/\/tuzlainfo.ba\/index.php\/wp-json\/wp\/v2\/types\/post"}],"author":[{"embeddable":true,"href":"https:\/\/tuzlainfo.ba\/index.php\/wp-json\/wp\/v2\/users\/2"}],"replies":[{"embeddable":true,"href":"https:\/\/tuzlainfo.ba\/index.php\/wp-json\/wp\/v2\/comments?post=289511"}],"version-history":[{"count":1,"href":"https:\/\/tuzlainfo.ba\/index.php\/wp-json\/wp\/v2\/posts\/289511\/revisions"}],"predecessor-version":[{"id":289522,"href":"https:\/\/tuzlainfo.ba\/index.php\/wp-json\/wp\/v2\/posts\/289511\/revisions\/289522"}],"wp:featuredmedia":[{"embeddable":true,"href":"https:\/\/tuzlainfo.ba\/index.php\/wp-json\/wp\/v2\/media\/289521"}],"wp:attachment":[{"href":"https:\/\/tuzlainfo.ba\/index.php\/wp-json\/wp\/v2\/media?parent=289511"}],"wp:term":[{"taxonomy":"category","embeddable":true,"href":"https:\/\/tuzlainfo.ba\/index.php\/wp-json\/wp\/v2\/categories?post=289511"},{"taxonomy":"post_tag","embeddable":true,"href":"https:\/\/tuzlainfo.ba\/index.php\/wp-json\/wp\/v2\/tags?post=289511"}],"curies":[{"name":"wp","href":"https:\/\/api.w.org\/{rel}","templated":true}]}}