{"id":289475,"date":"2025-12-18T11:05:23","date_gmt":"2025-12-18T10:05:23","guid":{"rendered":"https:\/\/tuzlainfo.ba\/?p=289475"},"modified":"2025-12-18T09:54:18","modified_gmt":"2025-12-18T08:54:18","slug":"za-narednu-godinu-planirano-vise-od-7-000-radnih-dozvola-za-strane-radnike","status":"publish","type":"post","link":"https:\/\/tuzlainfo.ba\/index.php\/bosna-i-hercegovina\/item\/289475-za-narednu-godinu-planirano-vise-od-7-000-radnih-dozvola-za-strane-radnike\/","title":{"rendered":"Za narednu godinu planirano vi\u0161e od 7.000 radnih dozvola za strane radnike"},"content":{"rendered":"<p data-start=\"143\" data-end=\"374\">Vije\u0107e ministara Bosne i Hercegovine utvrdilo je\u00a0godi\u0161nju kvotu radnih dozvola za zapo\u0161ljavanje stranaca u 2026. godini\u00a0u ukupnom iznosu od\u00a07.427 dozvola, koje se odnose na\u00a0produ\u017eenje postoje\u0107ih\u00a0i\u00a0novo zapo\u0161ljavanje.<\/p>\n<p data-start=\"376\" data-end=\"539\">Od ukupnog broja,\u00a04.500 radnih dozvola odnosi se na Federaciju BiH,\u00a02.000 na Republiku Srpsku, dok je za\u00a0Br\u010dko distrikt BiH\u00a0predvi\u0111eno\u00a0927 dozvola.<\/p>\n<p data-start=\"541\" data-end=\"724\">Za\u00a0produ\u017eenje ve\u0107 izdatih radnih dozvola\u00a0planirano je ukupno\u00a02.350 dozvola\u00a0\u2013 od \u010dega\u00a01.500 u Federaciji BiH,\u00a0500 u Republici Srpskoj\u00a0i\u00a0350 u Br\u010dko distriktu BiH.<\/p>\n<p data-start=\"726\" data-end=\"921\">Istovremeno, za\u00a0novo zapo\u0161ljavanje stranih radnika\u00a0mo\u0107i \u0107e se izdati\u00a05.077 radnih dozvola, i to\u00a03.000 u Federaciji BiH,\u00a01.500 u Republici Srpskoj\u00a0te\u00a0577 u Br\u010dko distriktu BiH.<\/p>\n<p data-start=\"923\" data-end=\"1213\">Najve\u0107i broj radnih dozvola namijenjen je\u00a0gra\u0111evinskom sektoru, ukupno\u00a01.760, dok je\u00a01.060 dozvola\u00a0planirano za\u00a0prera\u0111iva\u010dku industriju. Za\u00a0hotelijerstvo i ugostiteljstvo, odnosno djelatnosti smje\u0161taja te pripreme i uslu\u017eivanja hrane, odobreno je\u00a0560 radnih dozvola.<\/p>\n<p data-start=\"1215\" data-end=\"1388\">Iz Vije\u0107a ministara BiH navode da se\u00a0godi\u0161nja kvota radnih dozvola utvr\u0111uje u skladu s migracijskom politikom, uz uva\u017eavanje trenutnog stanja i potreba na tr\u017ei\u0161tu rada.<\/p>\n<p data-start=\"1390\" data-end=\"1587\">Podsje\u0107anja radi,\u00a0ukupna kvota radnih dozvola za 2025. godinu iznosila je 7.229, od \u010dega se\u00a04.490 odnosilo na Federaciju BiH,\u00a02.000 na Republiku Srpsku, a\u00a0739 na Br\u010dko distrikt BiH.<\/p>\n","protected":false},"excerpt":{"rendered":"<p>Vije\u0107e ministara Bosne i Hercegovine utvrdilo je\u00a0godi\u0161nju kvotu radnih dozvola za zapo\u0161ljavanje stranaca u 2026. godini\u00a0u ukupnom iznosu od\u00a07.427 dozvola, koje se odnose na\u00a0produ\u017eenje postoje\u0107ih\u00a0i\u00a0novo zapo\u0161ljavanje. Od ukupnog broja,\u00a04.500 radnih dozvola odnosi se na Federaciju BiH,\u00a02.000 na Republiku Srpsku, dok je za\u00a0Br\u010dko distrikt BiH\u00a0predvi\u0111eno\u00a0927 dozvola. Za\u00a0produ\u017eenje ve\u0107 izdatih radnih dozvola\u00a0planirano je ukupno\u00a02.350 dozvola\u00a0\u2013 od \u010dega\u00a01.500 [&hellip;]<\/p>\n","protected":false},"author":4,"featured_media":180221,"comment_status":"closed","ping_status":"closed","sticky":false,"template":"","format":"standard","meta":{"footnotes":""},"categories":[291,304],"tags":[8116,8937],"class_list":["post-289475","post","type-post","status-publish","format-standard","has-post-thumbnail","hentry","category-bosna-i-hercegovina","category-istaknuto","tag-radne-dozvole","tag-strani-radnici"],"yoast_head":"<!-- This site is optimized with the Yoast SEO plugin v28.4 - https:\/\/yoast.com\/product\/yoast-seo-wordpress\/ -->\n<title>Za narednu godinu planirano vi\u0161e od 7.000 radnih dozvola za strane radnike<\/title>\n<meta name=\"robots\" content=\"index, follow, max-snippet:-1, max-image-preview:large, max-video-preview:-1\" \/>\n<link rel=\"canonical\" href=\"https:\/\/tuzlainfo.ba\/index.php\/bosna-i-hercegovina\/item\/289475-za-narednu-godinu-planirano-vise-od-7-000-radnih-dozvola-za-strane-radnike\/\" \/>\n<meta property=\"og:locale\" content=\"bs_BA\" \/>\n<meta property=\"og:type\" content=\"article\" \/>\n<meta property=\"og:title\" content=\"Za narednu godinu planirano vi\u0161e od 7.000 radnih dozvola za strane radnike\" \/>\n<meta property=\"og:description\" content=\"Vije\u0107e ministara Bosne i Hercegovine utvrdilo je\u00a0godi\u0161nju kvotu radnih dozvola za zapo\u0161ljavanje stranaca u 2026. godini\u00a0u ukupnom iznosu od\u00a07.427 dozvola, koje se odnose na\u00a0produ\u017eenje postoje\u0107ih\u00a0i\u00a0novo zapo\u0161ljavanje. Od ukupnog broja,\u00a04.500 radnih dozvola odnosi se na Federaciju BiH,\u00a02.000 na Republiku Srpsku, dok je za\u00a0Br\u010dko distrikt BiH\u00a0predvi\u0111eno\u00a0927 dozvola. Za\u00a0produ\u017eenje ve\u0107 izdatih radnih dozvola\u00a0planirano je ukupno\u00a02.350 dozvola\u00a0\u2013 od \u010dega\u00a01.500 [&hellip;]\" \/>\n<meta property=\"og:url\" content=\"https:\/\/tuzlainfo.ba\/index.php\/bosna-i-hercegovina\/item\/289475-za-narednu-godinu-planirano-vise-od-7-000-radnih-dozvola-za-strane-radnike\/\" \/>\n<meta property=\"og:site_name\" content=\"TuzlaInfo.ba\" \/>\n<meta property=\"article:publisher\" content=\"https:\/\/www.facebook.com\/tuzlainfo.ba\/\" \/>\n<meta property=\"article:published_time\" content=\"2025-12-18T10:05:23+00:00\" \/>\n<meta property=\"og:image\" content=\"https:\/\/tuzlainfo.ba\/wp-content\/uploads\/2022\/08\/0308-strani-radnici.png\" \/>\n\t<meta property=\"og:image:width\" content=\"940\" \/>\n\t<meta property=\"og:image:height\" content=\"788\" \/>\n\t<meta property=\"og:image:type\" content=\"image\/png\" \/>\n<meta name=\"author\" content=\"Tuzla Info\" \/>\n<meta name=\"twitter:card\" content=\"summary_large_image\" \/>\n<meta name=\"twitter:label1\" content=\"Written by\" \/>\n\t<meta name=\"twitter:data1\" content=\"Tuzla Info\" \/>\n\t<meta name=\"twitter:label2\" content=\"Est. reading time\" \/>\n\t<meta name=\"twitter:data2\" content=\"2 minute\" \/>\n<script type=\"application\/ld+json\" class=\"yoast-schema-graph\">{\"@context\":\"https:\\\/\\\/schema.org\",\"@graph\":[{\"@type\":\"Article\",\"@id\":\"https:\\\/\\\/tuzlainfo.ba\\\/index.php\\\/bosna-i-hercegovina\\\/item\\\/289475-za-narednu-godinu-planirano-vise-od-7-000-radnih-dozvola-za-strane-radnike\\\/#article\",\"isPartOf\":{\"@id\":\"https:\\\/\\\/tuzlainfo.ba\\\/index.php\\\/bosna-i-hercegovina\\\/item\\\/289475-za-narednu-godinu-planirano-vise-od-7-000-radnih-dozvola-za-strane-radnike\\\/\"},\"author\":{\"name\":\"Tuzla Info\",\"@id\":\"https:\\\/\\\/tuzlainfo.ba\\\/#\\\/schema\\\/person\\\/46cad4c57790cbc50781edd14870825a\"},\"headline\":\"Za narednu godinu planirano vi\u0161e od 7.000 radnih dozvola za strane radnike\",\"datePublished\":\"2025-12-18T10:05:23+00:00\",\"mainEntityOfPage\":{\"@id\":\"https:\\\/\\\/tuzlainfo.ba\\\/index.php\\\/bosna-i-hercegovina\\\/item\\\/289475-za-narednu-godinu-planirano-vise-od-7-000-radnih-dozvola-za-strane-radnike\\\/\"},\"wordCount\":221,\"publisher\":{\"@id\":\"https:\\\/\\\/tuzlainfo.ba\\\/#organization\"},\"image\":{\"@id\":\"https:\\\/\\\/tuzlainfo.ba\\\/index.php\\\/bosna-i-hercegovina\\\/item\\\/289475-za-narednu-godinu-planirano-vise-od-7-000-radnih-dozvola-za-strane-radnike\\\/#primaryimage\"},\"thumbnailUrl\":\"https:\\\/\\\/tuzlainfo.ba\\\/wp-content\\\/uploads\\\/2022\\\/08\\\/0308-strani-radnici.png\",\"keywords\":[\"radne dozvole\",\"strani radnici\"],\"articleSection\":[\"Bosna i Hercegovina\",\"Istaknuto\"],\"inLanguage\":\"bs-BA\",\"copyrightYear\":\"2025\",\"copyrightHolder\":{\"@id\":\"https:\\\/\\\/tuzlainfo.ba\\\/#organization\"}},{\"@type\":\"WebPage\",\"@id\":\"https:\\\/\\\/tuzlainfo.ba\\\/index.php\\\/bosna-i-hercegovina\\\/item\\\/289475-za-narednu-godinu-planirano-vise-od-7-000-radnih-dozvola-za-strane-radnike\\\/\",\"url\":\"https:\\\/\\\/tuzlainfo.ba\\\/index.php\\\/bosna-i-hercegovina\\\/item\\\/289475-za-narednu-godinu-planirano-vise-od-7-000-radnih-dozvola-za-strane-radnike\\\/\",\"name\":\"Za narednu godinu planirano vi\u0161e od 7.000 radnih dozvola za strane radnike\",\"isPartOf\":{\"@id\":\"https:\\\/\\\/tuzlainfo.ba\\\/#website\"},\"primaryImageOfPage\":{\"@id\":\"https:\\\/\\\/tuzlainfo.ba\\\/index.php\\\/bosna-i-hercegovina\\\/item\\\/289475-za-narednu-godinu-planirano-vise-od-7-000-radnih-dozvola-za-strane-radnike\\\/#primaryimage\"},\"image\":{\"@id\":\"https:\\\/\\\/tuzlainfo.ba\\\/index.php\\\/bosna-i-hercegovina\\\/item\\\/289475-za-narednu-godinu-planirano-vise-od-7-000-radnih-dozvola-za-strane-radnike\\\/#primaryimage\"},\"thumbnailUrl\":\"https:\\\/\\\/tuzlainfo.ba\\\/wp-content\\\/uploads\\\/2022\\\/08\\\/0308-strani-radnici.png\",\"datePublished\":\"2025-12-18T10:05:23+00:00\",\"breadcrumb\":{\"@id\":\"https:\\\/\\\/tuzlainfo.ba\\\/index.php\\\/bosna-i-hercegovina\\\/item\\\/289475-za-narednu-godinu-planirano-vise-od-7-000-radnih-dozvola-za-strane-radnike\\\/#breadcrumb\"},\"inLanguage\":\"bs-BA\",\"potentialAction\":[{\"@type\":\"ReadAction\",\"target\":[\"https:\\\/\\\/tuzlainfo.ba\\\/index.php\\\/bosna-i-hercegovina\\\/item\\\/289475-za-narednu-godinu-planirano-vise-od-7-000-radnih-dozvola-za-strane-radnike\\\/\"]}]},{\"@type\":\"ImageObject\",\"inLanguage\":\"bs-BA\",\"@id\":\"https:\\\/\\\/tuzlainfo.ba\\\/index.php\\\/bosna-i-hercegovina\\\/item\\\/289475-za-narednu-godinu-planirano-vise-od-7-000-radnih-dozvola-za-strane-radnike\\\/#primaryimage\",\"url\":\"https:\\\/\\\/tuzlainfo.ba\\\/wp-content\\\/uploads\\\/2022\\\/08\\\/0308-strani-radnici.png\",\"contentUrl\":\"https:\\\/\\\/tuzlainfo.ba\\\/wp-content\\\/uploads\\\/2022\\\/08\\\/0308-strani-radnici.png\",\"width\":940,\"height\":788},{\"@type\":\"BreadcrumbList\",\"@id\":\"https:\\\/\\\/tuzlainfo.ba\\\/index.php\\\/bosna-i-hercegovina\\\/item\\\/289475-za-narednu-godinu-planirano-vise-od-7-000-radnih-dozvola-za-strane-radnike\\\/#breadcrumb\",\"itemListElement\":[{\"@type\":\"ListItem\",\"position\":1,\"name\":\"Home\",\"item\":\"https:\\\/\\\/tuzlainfo.ba\\\/\"},{\"@type\":\"ListItem\",\"position\":2,\"name\":\"Za narednu godinu planirano vi\u0161e od 7.000 radnih dozvola za strane radnike\"}]},{\"@type\":\"WebSite\",\"@id\":\"https:\\\/\\\/tuzlainfo.ba\\\/#website\",\"url\":\"https:\\\/\\\/tuzlainfo.ba\\\/\",\"name\":\"TuzlaInfo.ba\",\"description\":\"Tuzla info, gradski informator - Tuzla na dlanu\",\"publisher\":{\"@id\":\"https:\\\/\\\/tuzlainfo.ba\\\/#organization\"},\"potentialAction\":[{\"@type\":\"SearchAction\",\"target\":{\"@type\":\"EntryPoint\",\"urlTemplate\":\"https:\\\/\\\/tuzlainfo.ba\\\/?s={search_term_string}\"},\"query-input\":{\"@type\":\"PropertyValueSpecification\",\"valueRequired\":true,\"valueName\":\"search_term_string\"}}],\"inLanguage\":\"bs-BA\"},{\"@type\":\"Organization\",\"@id\":\"https:\\\/\\\/tuzlainfo.ba\\\/#organization\",\"name\":\"TuzlaInfo.ba\",\"url\":\"https:\\\/\\\/tuzlainfo.ba\\\/\",\"logo\":{\"@type\":\"ImageObject\",\"inLanguage\":\"bs-BA\",\"@id\":\"https:\\\/\\\/tuzlainfo.ba\\\/#\\\/schema\\\/logo\\\/image\\\/\",\"url\":\"https:\\\/\\\/tuzlainfo.ba\\\/wp-content\\\/uploads\\\/2021\\\/03\\\/logo-ver-3-1.png\",\"contentUrl\":\"https:\\\/\\\/tuzlainfo.ba\\\/wp-content\\\/uploads\\\/2021\\\/03\\\/logo-ver-3-1.png\",\"width\":350,\"height\":95,\"caption\":\"TuzlaInfo.ba\"},\"image\":{\"@id\":\"https:\\\/\\\/tuzlainfo.ba\\\/#\\\/schema\\\/logo\\\/image\\\/\"},\"sameAs\":[\"https:\\\/\\\/www.facebook.com\\\/tuzlainfo.ba\\\/\"]},{\"@type\":\"Person\",\"@id\":\"https:\\\/\\\/tuzlainfo.ba\\\/#\\\/schema\\\/person\\\/46cad4c57790cbc50781edd14870825a\",\"name\":\"Tuzla Info\",\"image\":{\"@type\":\"ImageObject\",\"inLanguage\":\"bs-BA\",\"@id\":\"https:\\\/\\\/secure.gravatar.com\\\/avatar\\\/e980921b00fa2e552723a2386544734ce6885d2b2304ccca3f45186f9ca4031d?s=96&d=mm&r=g\",\"url\":\"https:\\\/\\\/secure.gravatar.com\\\/avatar\\\/e980921b00fa2e552723a2386544734ce6885d2b2304ccca3f45186f9ca4031d?s=96&d=mm&r=g\",\"contentUrl\":\"https:\\\/\\\/secure.gravatar.com\\\/avatar\\\/e980921b00fa2e552723a2386544734ce6885d2b2304ccca3f45186f9ca4031d?s=96&d=mm&r=g\",\"caption\":\"Tuzla Info\"}}]}<\/script>\n<!-- \/ Yoast SEO plugin. -->","yoast_head_json":{"title":"Za narednu godinu planirano vi\u0161e od 7.000 radnih dozvola za strane radnike","robots":{"index":"index","follow":"follow","max-snippet":"max-snippet:-1","max-image-preview":"max-image-preview:large","max-video-preview":"max-video-preview:-1"},"canonical":"https:\/\/tuzlainfo.ba\/index.php\/bosna-i-hercegovina\/item\/289475-za-narednu-godinu-planirano-vise-od-7-000-radnih-dozvola-za-strane-radnike\/","og_locale":"bs_BA","og_type":"article","og_title":"Za narednu godinu planirano vi\u0161e od 7.000 radnih dozvola za strane radnike","og_description":"Vije\u0107e ministara Bosne i Hercegovine utvrdilo je\u00a0godi\u0161nju kvotu radnih dozvola za zapo\u0161ljavanje stranaca u 2026. godini\u00a0u ukupnom iznosu od\u00a07.427 dozvola, koje se odnose na\u00a0produ\u017eenje postoje\u0107ih\u00a0i\u00a0novo zapo\u0161ljavanje. Od ukupnog broja,\u00a04.500 radnih dozvola odnosi se na Federaciju BiH,\u00a02.000 na Republiku Srpsku, dok je za\u00a0Br\u010dko distrikt BiH\u00a0predvi\u0111eno\u00a0927 dozvola. Za\u00a0produ\u017eenje ve\u0107 izdatih radnih dozvola\u00a0planirano je ukupno\u00a02.350 dozvola\u00a0\u2013 od \u010dega\u00a01.500 [&hellip;]","og_url":"https:\/\/tuzlainfo.ba\/index.php\/bosna-i-hercegovina\/item\/289475-za-narednu-godinu-planirano-vise-od-7-000-radnih-dozvola-za-strane-radnike\/","og_site_name":"TuzlaInfo.ba","article_publisher":"https:\/\/www.facebook.com\/tuzlainfo.ba\/","article_published_time":"2025-12-18T10:05:23+00:00","og_image":[{"width":940,"height":788,"url":"https:\/\/tuzlainfo.ba\/wp-content\/uploads\/2022\/08\/0308-strani-radnici.png","type":"image\/png"}],"author":"Tuzla Info","twitter_card":"summary_large_image","twitter_misc":{"Written by":"Tuzla Info","Est. reading time":"2 minute"},"schema":{"@context":"https:\/\/schema.org","@graph":[{"@type":"Article","@id":"https:\/\/tuzlainfo.ba\/index.php\/bosna-i-hercegovina\/item\/289475-za-narednu-godinu-planirano-vise-od-7-000-radnih-dozvola-za-strane-radnike\/#article","isPartOf":{"@id":"https:\/\/tuzlainfo.ba\/index.php\/bosna-i-hercegovina\/item\/289475-za-narednu-godinu-planirano-vise-od-7-000-radnih-dozvola-za-strane-radnike\/"},"author":{"name":"Tuzla Info","@id":"https:\/\/tuzlainfo.ba\/#\/schema\/person\/46cad4c57790cbc50781edd14870825a"},"headline":"Za narednu godinu planirano vi\u0161e od 7.000 radnih dozvola za strane radnike","datePublished":"2025-12-18T10:05:23+00:00","mainEntityOfPage":{"@id":"https:\/\/tuzlainfo.ba\/index.php\/bosna-i-hercegovina\/item\/289475-za-narednu-godinu-planirano-vise-od-7-000-radnih-dozvola-za-strane-radnike\/"},"wordCount":221,"publisher":{"@id":"https:\/\/tuzlainfo.ba\/#organization"},"image":{"@id":"https:\/\/tuzlainfo.ba\/index.php\/bosna-i-hercegovina\/item\/289475-za-narednu-godinu-planirano-vise-od-7-000-radnih-dozvola-za-strane-radnike\/#primaryimage"},"thumbnailUrl":"https:\/\/tuzlainfo.ba\/wp-content\/uploads\/2022\/08\/0308-strani-radnici.png","keywords":["radne dozvole","strani radnici"],"articleSection":["Bosna i Hercegovina","Istaknuto"],"inLanguage":"bs-BA","copyrightYear":"2025","copyrightHolder":{"@id":"https:\/\/tuzlainfo.ba\/#organization"}},{"@type":"WebPage","@id":"https:\/\/tuzlainfo.ba\/index.php\/bosna-i-hercegovina\/item\/289475-za-narednu-godinu-planirano-vise-od-7-000-radnih-dozvola-za-strane-radnike\/","url":"https:\/\/tuzlainfo.ba\/index.php\/bosna-i-hercegovina\/item\/289475-za-narednu-godinu-planirano-vise-od-7-000-radnih-dozvola-za-strane-radnike\/","name":"Za narednu godinu planirano vi\u0161e od 7.000 radnih dozvola za strane radnike","isPartOf":{"@id":"https:\/\/tuzlainfo.ba\/#website"},"primaryImageOfPage":{"@id":"https:\/\/tuzlainfo.ba\/index.php\/bosna-i-hercegovina\/item\/289475-za-narednu-godinu-planirano-vise-od-7-000-radnih-dozvola-za-strane-radnike\/#primaryimage"},"image":{"@id":"https:\/\/tuzlainfo.ba\/index.php\/bosna-i-hercegovina\/item\/289475-za-narednu-godinu-planirano-vise-od-7-000-radnih-dozvola-za-strane-radnike\/#primaryimage"},"thumbnailUrl":"https:\/\/tuzlainfo.ba\/wp-content\/uploads\/2022\/08\/0308-strani-radnici.png","datePublished":"2025-12-18T10:05:23+00:00","breadcrumb":{"@id":"https:\/\/tuzlainfo.ba\/index.php\/bosna-i-hercegovina\/item\/289475-za-narednu-godinu-planirano-vise-od-7-000-radnih-dozvola-za-strane-radnike\/#breadcrumb"},"inLanguage":"bs-BA","potentialAction":[{"@type":"ReadAction","target":["https:\/\/tuzlainfo.ba\/index.php\/bosna-i-hercegovina\/item\/289475-za-narednu-godinu-planirano-vise-od-7-000-radnih-dozvola-za-strane-radnike\/"]}]},{"@type":"ImageObject","inLanguage":"bs-BA","@id":"https:\/\/tuzlainfo.ba\/index.php\/bosna-i-hercegovina\/item\/289475-za-narednu-godinu-planirano-vise-od-7-000-radnih-dozvola-za-strane-radnike\/#primaryimage","url":"https:\/\/tuzlainfo.ba\/wp-content\/uploads\/2022\/08\/0308-strani-radnici.png","contentUrl":"https:\/\/tuzlainfo.ba\/wp-content\/uploads\/2022\/08\/0308-strani-radnici.png","width":940,"height":788},{"@type":"BreadcrumbList","@id":"https:\/\/tuzlainfo.ba\/index.php\/bosna-i-hercegovina\/item\/289475-za-narednu-godinu-planirano-vise-od-7-000-radnih-dozvola-za-strane-radnike\/#breadcrumb","itemListElement":[{"@type":"ListItem","position":1,"name":"Home","item":"https:\/\/tuzlainfo.ba\/"},{"@type":"ListItem","position":2,"name":"Za narednu godinu planirano vi\u0161e od 7.000 radnih dozvola za strane radnike"}]},{"@type":"WebSite","@id":"https:\/\/tuzlainfo.ba\/#website","url":"https:\/\/tuzlainfo.ba\/","name":"TuzlaInfo.ba","description":"Tuzla info, gradski informator - Tuzla na dlanu","publisher":{"@id":"https:\/\/tuzlainfo.ba\/#organization"},"potentialAction":[{"@type":"SearchAction","target":{"@type":"EntryPoint","urlTemplate":"https:\/\/tuzlainfo.ba\/?s={search_term_string}"},"query-input":{"@type":"PropertyValueSpecification","valueRequired":true,"valueName":"search_term_string"}}],"inLanguage":"bs-BA"},{"@type":"Organization","@id":"https:\/\/tuzlainfo.ba\/#organization","name":"TuzlaInfo.ba","url":"https:\/\/tuzlainfo.ba\/","logo":{"@type":"ImageObject","inLanguage":"bs-BA","@id":"https:\/\/tuzlainfo.ba\/#\/schema\/logo\/image\/","url":"https:\/\/tuzlainfo.ba\/wp-content\/uploads\/2021\/03\/logo-ver-3-1.png","contentUrl":"https:\/\/tuzlainfo.ba\/wp-content\/uploads\/2021\/03\/logo-ver-3-1.png","width":350,"height":95,"caption":"TuzlaInfo.ba"},"image":{"@id":"https:\/\/tuzlainfo.ba\/#\/schema\/logo\/image\/"},"sameAs":["https:\/\/www.facebook.com\/tuzlainfo.ba\/"]},{"@type":"Person","@id":"https:\/\/tuzlainfo.ba\/#\/schema\/person\/46cad4c57790cbc50781edd14870825a","name":"Tuzla Info","image":{"@type":"ImageObject","inLanguage":"bs-BA","@id":"https:\/\/secure.gravatar.com\/avatar\/e980921b00fa2e552723a2386544734ce6885d2b2304ccca3f45186f9ca4031d?s=96&d=mm&r=g","url":"https:\/\/secure.gravatar.com\/avatar\/e980921b00fa2e552723a2386544734ce6885d2b2304ccca3f45186f9ca4031d?s=96&d=mm&r=g","contentUrl":"https:\/\/secure.gravatar.com\/avatar\/e980921b00fa2e552723a2386544734ce6885d2b2304ccca3f45186f9ca4031d?s=96&d=mm&r=g","caption":"Tuzla Info"}}]}},"_links":{"self":[{"href":"https:\/\/tuzlainfo.ba\/index.php\/wp-json\/wp\/v2\/posts\/289475","targetHints":{"allow":["GET"]}}],"collection":[{"href":"https:\/\/tuzlainfo.ba\/index.php\/wp-json\/wp\/v2\/posts"}],"about":[{"href":"https:\/\/tuzlainfo.ba\/index.php\/wp-json\/wp\/v2\/types\/post"}],"author":[{"embeddable":true,"href":"https:\/\/tuzlainfo.ba\/index.php\/wp-json\/wp\/v2\/users\/4"}],"replies":[{"embeddable":true,"href":"https:\/\/tuzlainfo.ba\/index.php\/wp-json\/wp\/v2\/comments?post=289475"}],"version-history":[{"count":1,"href":"https:\/\/tuzlainfo.ba\/index.php\/wp-json\/wp\/v2\/posts\/289475\/revisions"}],"predecessor-version":[{"id":289481,"href":"https:\/\/tuzlainfo.ba\/index.php\/wp-json\/wp\/v2\/posts\/289475\/revisions\/289481"}],"wp:featuredmedia":[{"embeddable":true,"href":"https:\/\/tuzlainfo.ba\/index.php\/wp-json\/wp\/v2\/media\/180221"}],"wp:attachment":[{"href":"https:\/\/tuzlainfo.ba\/index.php\/wp-json\/wp\/v2\/media?parent=289475"}],"wp:term":[{"taxonomy":"category","embeddable":true,"href":"https:\/\/tuzlainfo.ba\/index.php\/wp-json\/wp\/v2\/categories?post=289475"},{"taxonomy":"post_tag","embeddable":true,"href":"https:\/\/tuzlainfo.ba\/index.php\/wp-json\/wp\/v2\/tags?post=289475"}],"curies":[{"name":"wp","href":"https:\/\/api.w.org\/{rel}","templated":true}]}}