{"id":289421,"date":"2025-12-17T08:28:45","date_gmt":"2025-12-17T07:28:45","guid":{"rendered":"https:\/\/tuzlainfo.ba\/?p=289421"},"modified":"2025-12-17T08:28:45","modified_gmt":"2025-12-17T07:28:45","slug":"ko-preuzima-sds-danas-sjednica-na-kojoj-pocinje-izbor-novog-predsjednika","status":"publish","type":"post","link":"https:\/\/tuzlainfo.ba\/index.php\/bosna-i-hercegovina\/item\/289421-ko-preuzima-sds-danas-sjednica-na-kojoj-pocinje-izbor-novog-predsjednika\/","title":{"rendered":"Ko preuzima SDS, danas sjednica na kojoj po\u010dinje izbor novog predsjednika"},"content":{"rendered":"<p>Glavni odbor Srpske demokratske zajednice danas \u0107e u Banjoj Luci odr\u017eati sjednicu na kojoj bi trebala biti donesena odluka o raspisivanju unutarstrana\u010dkih izbora za predsjednika SDS-a.<\/p>\n<p>Na dana\u0161njem zasjedanju ne\u0107e se raspravljati o imenima potencijalnih kandidata, ve\u0107 \u0107e op\u0107inskim i gradskim odborima biti ostavljen odre\u0111eni rok da se izjasne i dostave svoje prijedloge. Time bi trebao zapo\u010deti formalni proces unutarstrana\u010dkih izbora u jednoj od najva\u017enijih opozicionih stranaka u Republici Srpskoj.<\/p>\n<p>Prema nezvani\u010dnim informacijama, plan je da se izborna skup\u0161tina SDS-a odr\u017ei u naredne dvije sedmice, s ciljem da stranka \u0161to prije dobije novog predsjednika, s obzirom na to da se ulazi u izbornu godinu i period intenzivnih politi\u010dkih priprema i predizborne kampanje.<\/p>\n<p>Nakon veoma dobrog, a za dio javnosti i iznena\u0111uju\u0107eg rezultata na prijevremenim izborima za predsjednika Republike Srpske, u fokus je do\u0161ao Branko Blanu\u0161a, za kojeg mnogi unutar i izvan stranke smatraju da bi u ovom trenutku mogao preuzeti lidersku poziciju. U SDS-u se Blanu\u0161a sve \u010de\u0161\u0107e spominje kao pomiruju\u0107e rje\u0161enje koje bi moglo ujediniti razli\u010dite strana\u010dke frakcije i dati sna\u017eniji zamah stranci pred Op\u0107e izbore koji su zakazani za oktobar naredne godine.<\/p>\n<p>Osokoljena Blanu\u0161inim izbornim rezultatom, SDS zajedno sa koalicionim partnerima ima visoke ambicije na narednim izborima. Uz njega, kao mogu\u0107i kandidati za predsjednika stranke spominju se i aktuelni vr\u0161ilac du\u017enosti predsjednika SDS-a i na\u010delnik Modri\u010de Jovica Radulovi\u0107, te na\u010delnik Isto\u010dne Ilid\u017ee Marinko Bo\u017eovi\u0107.<\/p>\n<p>Vi\u0161e od 212 hiljada osvojenih glasova na prijevremenim izborima dodatno je oja\u010dalo percepciju me\u0111u opozicionim bira\u010dima, posebno simpatizerima SDS-a, da bi Branko Blanu\u0161a mogao donijeti potrebne promjene i unijeti novu energiju u strana\u010dke strukture. Istovremeno, u javnosti su i dalje prisutne brojne \u017ealbe i tvrdnje opozicije da je Blanu\u0161a ostvario pobjedu, ali da su, prema njihovim navodima, izborni rezultati manipulisani i pripisani kandidatu SNSD-a Sini\u0161i Karanu.<\/p>\n","protected":false},"excerpt":{"rendered":"<p>Glavni odbor Srpske demokratske zajednice danas \u0107e u Banjoj Luci odr\u017eati sjednicu na kojoj bi&hellip;<\/p>\n","protected":false},"author":8,"featured_media":276074,"comment_status":"closed","ping_status":"closed","sticky":false,"template":"","format":"standard","meta":{"_acf_changed":false,"footnotes":""},"categories":[291],"tags":[475,3007],"acf":[],"yoast_head":"<!-- This site is optimized with the Yoast SEO plugin v23.5 - https:\/\/yoast.com\/wordpress\/plugins\/seo\/ -->\n<title>Ko preuzima SDS, danas sjednica na kojoj po\u010dinje izbor novog predsjednika - TuzlaInfo.ba<\/title>\n<meta name=\"robots\" content=\"index, follow, max-snippet:-1, max-image-preview:large, max-video-preview:-1\" \/>\n<link rel=\"canonical\" href=\"https:\/\/tuzlainfo.ba\/index.php\/bosna-i-hercegovina\/item\/289421-ko-preuzima-sds-danas-sjednica-na-kojoj-pocinje-izbor-novog-predsjednika\/\" \/>\n<meta property=\"og:locale\" content=\"bs_BA\" \/>\n<meta property=\"og:type\" content=\"article\" \/>\n<meta property=\"og:title\" content=\"Ko preuzima SDS, danas sjednica na kojoj po\u010dinje izbor novog predsjednika - TuzlaInfo.ba\" \/>\n<meta property=\"og:description\" content=\"Glavni odbor Srpske demokratske zajednice danas \u0107e u Banjoj Luci odr\u017eati sjednicu na kojoj bi&hellip;\" \/>\n<meta property=\"og:url\" content=\"https:\/\/tuzlainfo.ba\/index.php\/bosna-i-hercegovina\/item\/289421-ko-preuzima-sds-danas-sjednica-na-kojoj-pocinje-izbor-novog-predsjednika\/\" \/>\n<meta property=\"og:site_name\" content=\"TuzlaInfo.ba\" \/>\n<meta property=\"article:publisher\" content=\"https:\/\/www.facebook.com\/tuzlainfo.ba\/\" \/>\n<meta property=\"article:published_time\" content=\"2025-12-17T07:28:45+00:00\" \/>\n<meta property=\"og:image\" content=\"https:\/\/tuzlainfo.ba\/wp-content\/uploads\/2025\/08\/0608_sds.webp\" \/>\n\t<meta property=\"og:image:width\" content=\"860\" \/>\n\t<meta property=\"og:image:height\" content=\"645\" \/>\n\t<meta property=\"og:image:type\" content=\"image\/webp\" \/>\n<meta name=\"author\" content=\"Admin Tri\" \/>\n<meta name=\"twitter:card\" content=\"summary_large_image\" \/>\n<meta name=\"twitter:label1\" content=\"Written by\" \/>\n\t<meta name=\"twitter:data1\" content=\"Admin Tri\" \/>\n\t<meta name=\"twitter:label2\" content=\"Est. reading time\" \/>\n\t<meta name=\"twitter:data2\" content=\"2 minute\" \/>\n<script type=\"application\/ld+json\" class=\"yoast-schema-graph\">{\"@context\":\"https:\/\/schema.org\",\"@graph\":[{\"@type\":\"Article\",\"@id\":\"https:\/\/tuzlainfo.ba\/index.php\/bosna-i-hercegovina\/item\/289421-ko-preuzima-sds-danas-sjednica-na-kojoj-pocinje-izbor-novog-predsjednika\/#article\",\"isPartOf\":{\"@id\":\"https:\/\/tuzlainfo.ba\/index.php\/bosna-i-hercegovina\/item\/289421-ko-preuzima-sds-danas-sjednica-na-kojoj-pocinje-izbor-novog-predsjednika\/\"},\"author\":{\"name\":\"Admin Tri\",\"@id\":\"https:\/\/tuzlainfo.ba\/#\/schema\/person\/593e78a2f6378c5ba3e7600ecfa4e63a\"},\"headline\":\"Ko preuzima SDS, danas sjednica na kojoj po\u010dinje izbor novog predsjednika\",\"datePublished\":\"2025-12-17T07:28:45+00:00\",\"dateModified\":\"2025-12-17T07:28:45+00:00\",\"mainEntityOfPage\":{\"@id\":\"https:\/\/tuzlainfo.ba\/index.php\/bosna-i-hercegovina\/item\/289421-ko-preuzima-sds-danas-sjednica-na-kojoj-pocinje-izbor-novog-predsjednika\/\"},\"wordCount\":346,\"publisher\":{\"@id\":\"https:\/\/tuzlainfo.ba\/#organization\"},\"image\":{\"@id\":\"https:\/\/tuzlainfo.ba\/index.php\/bosna-i-hercegovina\/item\/289421-ko-preuzima-sds-danas-sjednica-na-kojoj-pocinje-izbor-novog-predsjednika\/#primaryimage\"},\"thumbnailUrl\":\"https:\/\/tuzlainfo.ba\/wp-content\/uploads\/2025\/08\/0608_sds.webp\",\"keywords\":[\"izbori\",\"SDS\"],\"articleSection\":[\"Bosna i Hercegovina\"],\"inLanguage\":\"bs-BA\"},{\"@type\":\"WebPage\",\"@id\":\"https:\/\/tuzlainfo.ba\/index.php\/bosna-i-hercegovina\/item\/289421-ko-preuzima-sds-danas-sjednica-na-kojoj-pocinje-izbor-novog-predsjednika\/\",\"url\":\"https:\/\/tuzlainfo.ba\/index.php\/bosna-i-hercegovina\/item\/289421-ko-preuzima-sds-danas-sjednica-na-kojoj-pocinje-izbor-novog-predsjednika\/\",\"name\":\"Ko preuzima SDS, danas sjednica na kojoj po\u010dinje izbor novog predsjednika - TuzlaInfo.ba\",\"isPartOf\":{\"@id\":\"https:\/\/tuzlainfo.ba\/#website\"},\"primaryImageOfPage\":{\"@id\":\"https:\/\/tuzlainfo.ba\/index.php\/bosna-i-hercegovina\/item\/289421-ko-preuzima-sds-danas-sjednica-na-kojoj-pocinje-izbor-novog-predsjednika\/#primaryimage\"},\"image\":{\"@id\":\"https:\/\/tuzlainfo.ba\/index.php\/bosna-i-hercegovina\/item\/289421-ko-preuzima-sds-danas-sjednica-na-kojoj-pocinje-izbor-novog-predsjednika\/#primaryimage\"},\"thumbnailUrl\":\"https:\/\/tuzlainfo.ba\/wp-content\/uploads\/2025\/08\/0608_sds.webp\",\"datePublished\":\"2025-12-17T07:28:45+00:00\",\"dateModified\":\"2025-12-17T07:28:45+00:00\",\"breadcrumb\":{\"@id\":\"https:\/\/tuzlainfo.ba\/index.php\/bosna-i-hercegovina\/item\/289421-ko-preuzima-sds-danas-sjednica-na-kojoj-pocinje-izbor-novog-predsjednika\/#breadcrumb\"},\"inLanguage\":\"bs-BA\",\"potentialAction\":[{\"@type\":\"ReadAction\",\"target\":[\"https:\/\/tuzlainfo.ba\/index.php\/bosna-i-hercegovina\/item\/289421-ko-preuzima-sds-danas-sjednica-na-kojoj-pocinje-izbor-novog-predsjednika\/\"]}]},{\"@type\":\"ImageObject\",\"inLanguage\":\"bs-BA\",\"@id\":\"https:\/\/tuzlainfo.ba\/index.php\/bosna-i-hercegovina\/item\/289421-ko-preuzima-sds-danas-sjednica-na-kojoj-pocinje-izbor-novog-predsjednika\/#primaryimage\",\"url\":\"https:\/\/tuzlainfo.ba\/wp-content\/uploads\/2025\/08\/0608_sds.webp\",\"contentUrl\":\"https:\/\/tuzlainfo.ba\/wp-content\/uploads\/2025\/08\/0608_sds.webp\",\"width\":860,\"height\":645,\"caption\":\"Foto: BNTV\"},{\"@type\":\"BreadcrumbList\",\"@id\":\"https:\/\/tuzlainfo.ba\/index.php\/bosna-i-hercegovina\/item\/289421-ko-preuzima-sds-danas-sjednica-na-kojoj-pocinje-izbor-novog-predsjednika\/#breadcrumb\",\"itemListElement\":[{\"@type\":\"ListItem\",\"position\":1,\"name\":\"Home\",\"item\":\"https:\/\/tuzlainfo.ba\/\"},{\"@type\":\"ListItem\",\"position\":2,\"name\":\"Ko preuzima SDS, danas sjednica na kojoj po\u010dinje izbor novog predsjednika\"}]},{\"@type\":\"WebSite\",\"@id\":\"https:\/\/tuzlainfo.ba\/#website\",\"url\":\"https:\/\/tuzlainfo.ba\/\",\"name\":\"TuzlaInfo.ba\",\"description\":\"Tuzla info, gradski informator - Tuzla na dlanu\",\"publisher\":{\"@id\":\"https:\/\/tuzlainfo.ba\/#organization\"},\"potentialAction\":[{\"@type\":\"SearchAction\",\"target\":{\"@type\":\"EntryPoint\",\"urlTemplate\":\"https:\/\/tuzlainfo.ba\/?s={search_term_string}\"},\"query-input\":{\"@type\":\"PropertyValueSpecification\",\"valueRequired\":true,\"valueName\":\"search_term_string\"}}],\"inLanguage\":\"bs-BA\"},{\"@type\":\"Organization\",\"@id\":\"https:\/\/tuzlainfo.ba\/#organization\",\"name\":\"TuzlaInfo.ba\",\"url\":\"https:\/\/tuzlainfo.ba\/\",\"logo\":{\"@type\":\"ImageObject\",\"inLanguage\":\"bs-BA\",\"@id\":\"https:\/\/tuzlainfo.ba\/#\/schema\/logo\/image\/\",\"url\":\"https:\/\/tuzlainfo.ba\/wp-content\/uploads\/2021\/03\/logo-ver-3-1.png\",\"contentUrl\":\"https:\/\/tuzlainfo.ba\/wp-content\/uploads\/2021\/03\/logo-ver-3-1.png\",\"width\":350,\"height\":95,\"caption\":\"TuzlaInfo.ba\"},\"image\":{\"@id\":\"https:\/\/tuzlainfo.ba\/#\/schema\/logo\/image\/\"},\"sameAs\":[\"https:\/\/www.facebook.com\/tuzlainfo.ba\/\"]},{\"@type\":\"Person\",\"@id\":\"https:\/\/tuzlainfo.ba\/#\/schema\/person\/593e78a2f6378c5ba3e7600ecfa4e63a\",\"name\":\"Admin Tri\",\"image\":{\"@type\":\"ImageObject\",\"inLanguage\":\"bs-BA\",\"@id\":\"https:\/\/tuzlainfo.ba\/#\/schema\/person\/image\/\",\"url\":\"https:\/\/tuzlainfo.ba\/wp-content\/litespeed\/avatar\/b7920db4cc34a71ad12497283ad2fe3f.jpg?ver=1777705770\",\"contentUrl\":\"https:\/\/tuzlainfo.ba\/wp-content\/litespeed\/avatar\/b7920db4cc34a71ad12497283ad2fe3f.jpg?ver=1777705770\",\"caption\":\"Admin Tri\"},\"sameAs\":[\"https:\/\/tuzlainfo.ba\"]}]}<\/script>\n<!-- \/ Yoast SEO plugin. -->","yoast_head_json":{"title":"Ko preuzima SDS, danas sjednica na kojoj po\u010dinje izbor novog predsjednika - TuzlaInfo.ba","robots":{"index":"index","follow":"follow","max-snippet":"max-snippet:-1","max-image-preview":"max-image-preview:large","max-video-preview":"max-video-preview:-1"},"canonical":"https:\/\/tuzlainfo.ba\/index.php\/bosna-i-hercegovina\/item\/289421-ko-preuzima-sds-danas-sjednica-na-kojoj-pocinje-izbor-novog-predsjednika\/","og_locale":"bs_BA","og_type":"article","og_title":"Ko preuzima SDS, danas sjednica na kojoj po\u010dinje izbor novog predsjednika - TuzlaInfo.ba","og_description":"Glavni odbor Srpske demokratske zajednice danas \u0107e u Banjoj Luci odr\u017eati sjednicu na kojoj bi&hellip;","og_url":"https:\/\/tuzlainfo.ba\/index.php\/bosna-i-hercegovina\/item\/289421-ko-preuzima-sds-danas-sjednica-na-kojoj-pocinje-izbor-novog-predsjednika\/","og_site_name":"TuzlaInfo.ba","article_publisher":"https:\/\/www.facebook.com\/tuzlainfo.ba\/","article_published_time":"2025-12-17T07:28:45+00:00","og_image":[{"width":860,"height":645,"url":"https:\/\/tuzlainfo.ba\/wp-content\/uploads\/2025\/08\/0608_sds.webp","type":"image\/webp"}],"author":"Admin Tri","twitter_card":"summary_large_image","twitter_misc":{"Written by":"Admin Tri","Est. reading time":"2 minute"},"schema":{"@context":"https:\/\/schema.org","@graph":[{"@type":"Article","@id":"https:\/\/tuzlainfo.ba\/index.php\/bosna-i-hercegovina\/item\/289421-ko-preuzima-sds-danas-sjednica-na-kojoj-pocinje-izbor-novog-predsjednika\/#article","isPartOf":{"@id":"https:\/\/tuzlainfo.ba\/index.php\/bosna-i-hercegovina\/item\/289421-ko-preuzima-sds-danas-sjednica-na-kojoj-pocinje-izbor-novog-predsjednika\/"},"author":{"name":"Admin Tri","@id":"https:\/\/tuzlainfo.ba\/#\/schema\/person\/593e78a2f6378c5ba3e7600ecfa4e63a"},"headline":"Ko preuzima SDS, danas sjednica na kojoj po\u010dinje izbor novog predsjednika","datePublished":"2025-12-17T07:28:45+00:00","dateModified":"2025-12-17T07:28:45+00:00","mainEntityOfPage":{"@id":"https:\/\/tuzlainfo.ba\/index.php\/bosna-i-hercegovina\/item\/289421-ko-preuzima-sds-danas-sjednica-na-kojoj-pocinje-izbor-novog-predsjednika\/"},"wordCount":346,"publisher":{"@id":"https:\/\/tuzlainfo.ba\/#organization"},"image":{"@id":"https:\/\/tuzlainfo.ba\/index.php\/bosna-i-hercegovina\/item\/289421-ko-preuzima-sds-danas-sjednica-na-kojoj-pocinje-izbor-novog-predsjednika\/#primaryimage"},"thumbnailUrl":"https:\/\/tuzlainfo.ba\/wp-content\/uploads\/2025\/08\/0608_sds.webp","keywords":["izbori","SDS"],"articleSection":["Bosna i Hercegovina"],"inLanguage":"bs-BA"},{"@type":"WebPage","@id":"https:\/\/tuzlainfo.ba\/index.php\/bosna-i-hercegovina\/item\/289421-ko-preuzima-sds-danas-sjednica-na-kojoj-pocinje-izbor-novog-predsjednika\/","url":"https:\/\/tuzlainfo.ba\/index.php\/bosna-i-hercegovina\/item\/289421-ko-preuzima-sds-danas-sjednica-na-kojoj-pocinje-izbor-novog-predsjednika\/","name":"Ko preuzima SDS, danas sjednica na kojoj po\u010dinje izbor novog predsjednika - TuzlaInfo.ba","isPartOf":{"@id":"https:\/\/tuzlainfo.ba\/#website"},"primaryImageOfPage":{"@id":"https:\/\/tuzlainfo.ba\/index.php\/bosna-i-hercegovina\/item\/289421-ko-preuzima-sds-danas-sjednica-na-kojoj-pocinje-izbor-novog-predsjednika\/#primaryimage"},"image":{"@id":"https:\/\/tuzlainfo.ba\/index.php\/bosna-i-hercegovina\/item\/289421-ko-preuzima-sds-danas-sjednica-na-kojoj-pocinje-izbor-novog-predsjednika\/#primaryimage"},"thumbnailUrl":"https:\/\/tuzlainfo.ba\/wp-content\/uploads\/2025\/08\/0608_sds.webp","datePublished":"2025-12-17T07:28:45+00:00","dateModified":"2025-12-17T07:28:45+00:00","breadcrumb":{"@id":"https:\/\/tuzlainfo.ba\/index.php\/bosna-i-hercegovina\/item\/289421-ko-preuzima-sds-danas-sjednica-na-kojoj-pocinje-izbor-novog-predsjednika\/#breadcrumb"},"inLanguage":"bs-BA","potentialAction":[{"@type":"ReadAction","target":["https:\/\/tuzlainfo.ba\/index.php\/bosna-i-hercegovina\/item\/289421-ko-preuzima-sds-danas-sjednica-na-kojoj-pocinje-izbor-novog-predsjednika\/"]}]},{"@type":"ImageObject","inLanguage":"bs-BA","@id":"https:\/\/tuzlainfo.ba\/index.php\/bosna-i-hercegovina\/item\/289421-ko-preuzima-sds-danas-sjednica-na-kojoj-pocinje-izbor-novog-predsjednika\/#primaryimage","url":"https:\/\/tuzlainfo.ba\/wp-content\/uploads\/2025\/08\/0608_sds.webp","contentUrl":"https:\/\/tuzlainfo.ba\/wp-content\/uploads\/2025\/08\/0608_sds.webp","width":860,"height":645,"caption":"Foto: BNTV"},{"@type":"BreadcrumbList","@id":"https:\/\/tuzlainfo.ba\/index.php\/bosna-i-hercegovina\/item\/289421-ko-preuzima-sds-danas-sjednica-na-kojoj-pocinje-izbor-novog-predsjednika\/#breadcrumb","itemListElement":[{"@type":"ListItem","position":1,"name":"Home","item":"https:\/\/tuzlainfo.ba\/"},{"@type":"ListItem","position":2,"name":"Ko preuzima SDS, danas sjednica na kojoj po\u010dinje izbor novog predsjednika"}]},{"@type":"WebSite","@id":"https:\/\/tuzlainfo.ba\/#website","url":"https:\/\/tuzlainfo.ba\/","name":"TuzlaInfo.ba","description":"Tuzla info, gradski informator - Tuzla na dlanu","publisher":{"@id":"https:\/\/tuzlainfo.ba\/#organization"},"potentialAction":[{"@type":"SearchAction","target":{"@type":"EntryPoint","urlTemplate":"https:\/\/tuzlainfo.ba\/?s={search_term_string}"},"query-input":{"@type":"PropertyValueSpecification","valueRequired":true,"valueName":"search_term_string"}}],"inLanguage":"bs-BA"},{"@type":"Organization","@id":"https:\/\/tuzlainfo.ba\/#organization","name":"TuzlaInfo.ba","url":"https:\/\/tuzlainfo.ba\/","logo":{"@type":"ImageObject","inLanguage":"bs-BA","@id":"https:\/\/tuzlainfo.ba\/#\/schema\/logo\/image\/","url":"https:\/\/tuzlainfo.ba\/wp-content\/uploads\/2021\/03\/logo-ver-3-1.png","contentUrl":"https:\/\/tuzlainfo.ba\/wp-content\/uploads\/2021\/03\/logo-ver-3-1.png","width":350,"height":95,"caption":"TuzlaInfo.ba"},"image":{"@id":"https:\/\/tuzlainfo.ba\/#\/schema\/logo\/image\/"},"sameAs":["https:\/\/www.facebook.com\/tuzlainfo.ba\/"]},{"@type":"Person","@id":"https:\/\/tuzlainfo.ba\/#\/schema\/person\/593e78a2f6378c5ba3e7600ecfa4e63a","name":"Admin Tri","image":{"@type":"ImageObject","inLanguage":"bs-BA","@id":"https:\/\/tuzlainfo.ba\/#\/schema\/person\/image\/","url":"https:\/\/tuzlainfo.ba\/wp-content\/litespeed\/avatar\/b7920db4cc34a71ad12497283ad2fe3f.jpg?ver=1777705770","contentUrl":"https:\/\/tuzlainfo.ba\/wp-content\/litespeed\/avatar\/b7920db4cc34a71ad12497283ad2fe3f.jpg?ver=1777705770","caption":"Admin Tri"},"sameAs":["https:\/\/tuzlainfo.ba"]}]}},"_links":{"self":[{"href":"https:\/\/tuzlainfo.ba\/index.php\/wp-json\/wp\/v2\/posts\/289421"}],"collection":[{"href":"https:\/\/tuzlainfo.ba\/index.php\/wp-json\/wp\/v2\/posts"}],"about":[{"href":"https:\/\/tuzlainfo.ba\/index.php\/wp-json\/wp\/v2\/types\/post"}],"author":[{"embeddable":true,"href":"https:\/\/tuzlainfo.ba\/index.php\/wp-json\/wp\/v2\/users\/8"}],"replies":[{"embeddable":true,"href":"https:\/\/tuzlainfo.ba\/index.php\/wp-json\/wp\/v2\/comments?post=289421"}],"version-history":[{"count":1,"href":"https:\/\/tuzlainfo.ba\/index.php\/wp-json\/wp\/v2\/posts\/289421\/revisions"}],"predecessor-version":[{"id":289422,"href":"https:\/\/tuzlainfo.ba\/index.php\/wp-json\/wp\/v2\/posts\/289421\/revisions\/289422"}],"wp:featuredmedia":[{"embeddable":true,"href":"https:\/\/tuzlainfo.ba\/index.php\/wp-json\/wp\/v2\/media\/276074"}],"wp:attachment":[{"href":"https:\/\/tuzlainfo.ba\/index.php\/wp-json\/wp\/v2\/media?parent=289421"}],"wp:term":[{"taxonomy":"category","embeddable":true,"href":"https:\/\/tuzlainfo.ba\/index.php\/wp-json\/wp\/v2\/categories?post=289421"},{"taxonomy":"post_tag","embeddable":true,"href":"https:\/\/tuzlainfo.ba\/index.php\/wp-json\/wp\/v2\/tags?post=289421"}],"curies":[{"name":"wp","href":"https:\/\/api.w.org\/{rel}","templated":true}]}}