{"id":289391,"date":"2025-12-16T17:30:40","date_gmt":"2025-12-16T16:30:40","guid":{"rendered":"https:\/\/tuzlainfo.ba\/?p=289391"},"modified":"2025-12-16T18:12:41","modified_gmt":"2025-12-16T17:12:41","slug":"video-porast-viroza-u-tuzlanskom-kantonu-najvise-pogadja-djecu","status":"publish","type":"post","link":"https:\/\/tuzlainfo.ba\/index.php\/novosti\/item\/289391-video-porast-viroza-u-tuzlanskom-kantonu-najvise-pogadja-djecu\/","title":{"rendered":"VIDEO \/ Porast viroza u Tuzlanskom kantonu najvi\u0161e poga\u0111a djecu"},"content":{"rendered":"<p data-start=\"100\" data-end=\"417\">U ovom periodu godine respiratorne viroze gotovo su neizbje\u017ene, a posljednjih dana u Tuzlanskom kantonu bilje\u017ei se njihov poja\u010dan intenzitet. Najvi\u0161e oboljelih je me\u0111u djecom pred\u0161kolskog i \u0161kolskog uzrasta, \u0161to se direktno odra\u017eava na pove\u0107an broj pregleda u ambulantama porodi\u010dne medicine i pedijatrijskim slu\u017ebama.<\/p>\n<p data-start=\"419\" data-end=\"785\">Kako nam je potvr\u0111eno zdravstvene ustanove bilje\u017ee ve\u0107i priliv pacijenata sa simptomima poput povi\u0161ene temperature, ka\u0161lja, curenja nosa, grlobolje i op\u0161te slabosti. Ljekari navode da je rije\u010d uglavnom o sezonskim virusnim infekcijama koje u ve\u0107ini slu\u010dajeva prolaze bez komplikacija, ali upozoravaju da je va\u017eno na vrijeme reagovati, posebno kada su u pitanju djeca i hroni\u010dni bolesnici.<\/p>\n<p data-start=\"787\" data-end=\"1098\">Evidentno je pove\u0107ana potra\u017enja primjetna i u apotekama, gdje gra\u0111ani sve \u010de\u0161\u0107e kupuju lijekove za sni\u017eavanje temperature, sirupe protiv ka\u0161lja, vitamine i suplemente za ja\u010danje imuniteta.<\/p>\n<p data-start=\"1100\" data-end=\"1416\">Zdravstveni radnici poru\u010duju da nema razloga za paniku, ali apeluju na odgovorno pona\u0161anje.<\/p>\n<p data-start=\"1418\" data-end=\"1672\">Roditeljima se savjetuje da se u slu\u010daju pogor\u0161anja simptoma ili pojave visoke temperature koja traje du\u017ee od dva do tri dana obavezno obrate ljekaru, te da ne pribjegavaju samoinicijativnom davanju antibiotika, koji nisu efikasni kod virusnih infekcija.<\/p>\n<p data-start=\"1674\" data-end=\"1809\" data-is-last-node=\"\" data-is-only-node=\"\">Vi\u0161e o ovoj temu u video prilogu RTVTK:<br \/>\n<iframe title=\"YouTube video player\" src=\"https:\/\/www.youtube.com\/embed\/TTdAqqF_oME?si=-iwOo6lP19oSYrsv\" width=\"560\" height=\"315\" frameborder=\"0\" allowfullscreen=\"allowfullscreen\"><\/iframe><\/p>\n","protected":false},"excerpt":{"rendered":"<p>U ovom periodu godine respiratorne viroze gotovo su neizbje\u017ene, a posljednjih dana u Tuzlanskom kantonu&hellip;<\/p>\n","protected":false},"author":2,"featured_media":165824,"comment_status":"closed","ping_status":"closed","sticky":false,"template":"","format":"standard","meta":{"_acf_changed":false,"footnotes":""},"categories":[304,12,306],"tags":[360,13164,373],"acf":[],"yoast_head":"<!-- This site is optimized with the Yoast SEO plugin v23.5 - https:\/\/yoast.com\/wordpress\/plugins\/seo\/ -->\n<title>VIDEO \/ Porast viroza u Tuzlanskom kantonu najvi\u0161e poga\u0111a djecu - TuzlaInfo.ba<\/title>\n<meta name=\"robots\" content=\"index, follow, max-snippet:-1, max-image-preview:large, max-video-preview:-1\" \/>\n<link rel=\"canonical\" href=\"https:\/\/tuzlainfo.ba\/index.php\/novosti\/item\/289391-video-porast-viroza-u-tuzlanskom-kantonu-najvise-pogadja-djecu\/\" \/>\n<meta property=\"og:locale\" content=\"bs_BA\" \/>\n<meta property=\"og:type\" content=\"article\" \/>\n<meta property=\"og:title\" content=\"VIDEO \/ Porast viroza u Tuzlanskom kantonu najvi\u0161e poga\u0111a djecu - TuzlaInfo.ba\" \/>\n<meta property=\"og:description\" content=\"U ovom periodu godine respiratorne viroze gotovo su neizbje\u017ene, a posljednjih dana u Tuzlanskom kantonu&hellip;\" \/>\n<meta property=\"og:url\" content=\"https:\/\/tuzlainfo.ba\/index.php\/novosti\/item\/289391-video-porast-viroza-u-tuzlanskom-kantonu-najvise-pogadja-djecu\/\" \/>\n<meta property=\"og:site_name\" content=\"TuzlaInfo.ba\" \/>\n<meta property=\"article:publisher\" content=\"https:\/\/www.facebook.com\/tuzlainfo.ba\/\" \/>\n<meta property=\"article:published_time\" content=\"2025-12-16T16:30:40+00:00\" \/>\n<meta property=\"article:modified_time\" content=\"2025-12-16T17:12:41+00:00\" \/>\n<meta property=\"og:image\" content=\"https:\/\/tuzlainfo.ba\/wp-content\/uploads\/2022\/03\/0703_porodicna_domzdravlja_zdravstvo.jpg\" \/>\n\t<meta property=\"og:image:width\" content=\"1000\" \/>\n\t<meta property=\"og:image:height\" content=\"665\" \/>\n\t<meta property=\"og:image:type\" content=\"image\/jpeg\" \/>\n<meta name=\"author\" content=\"nedim\" \/>\n<meta name=\"twitter:card\" content=\"summary_large_image\" \/>\n<meta name=\"twitter:label1\" content=\"Written by\" \/>\n\t<meta name=\"twitter:data1\" content=\"nedim\" \/>\n\t<meta name=\"twitter:label2\" content=\"Est. reading time\" \/>\n\t<meta name=\"twitter:data2\" content=\"2 minute\" \/>\n<script type=\"application\/ld+json\" class=\"yoast-schema-graph\">{\"@context\":\"https:\/\/schema.org\",\"@graph\":[{\"@type\":\"Article\",\"@id\":\"https:\/\/tuzlainfo.ba\/index.php\/novosti\/item\/289391-video-porast-viroza-u-tuzlanskom-kantonu-najvise-pogadja-djecu\/#article\",\"isPartOf\":{\"@id\":\"https:\/\/tuzlainfo.ba\/index.php\/novosti\/item\/289391-video-porast-viroza-u-tuzlanskom-kantonu-najvise-pogadja-djecu\/\"},\"author\":{\"name\":\"nedim\",\"@id\":\"https:\/\/tuzlainfo.ba\/#\/schema\/person\/f434e20dc27ea133923aab08451b7f7f\"},\"headline\":\"VIDEO \/ Porast viroza u Tuzlanskom kantonu najvi\u0161e poga\u0111a djecu\",\"datePublished\":\"2025-12-16T16:30:40+00:00\",\"dateModified\":\"2025-12-16T17:12:41+00:00\",\"mainEntityOfPage\":{\"@id\":\"https:\/\/tuzlainfo.ba\/index.php\/novosti\/item\/289391-video-porast-viroza-u-tuzlanskom-kantonu-najvise-pogadja-djecu\/\"},\"wordCount\":228,\"publisher\":{\"@id\":\"https:\/\/tuzlainfo.ba\/#organization\"},\"image\":{\"@id\":\"https:\/\/tuzlainfo.ba\/index.php\/novosti\/item\/289391-video-porast-viroza-u-tuzlanskom-kantonu-najvise-pogadja-djecu\/#primaryimage\"},\"thumbnailUrl\":\"https:\/\/tuzlainfo.ba\/wp-content\/uploads\/2022\/03\/0703_porodicna_domzdravlja_zdravstvo.jpg\",\"keywords\":[\"tuzlanski kanton\",\"viroza\",\"virus\"],\"articleSection\":[\"Istaknuto\",\"Novosti\",\"Preporu\u010dujemo\"],\"inLanguage\":\"bs-BA\"},{\"@type\":\"WebPage\",\"@id\":\"https:\/\/tuzlainfo.ba\/index.php\/novosti\/item\/289391-video-porast-viroza-u-tuzlanskom-kantonu-najvise-pogadja-djecu\/\",\"url\":\"https:\/\/tuzlainfo.ba\/index.php\/novosti\/item\/289391-video-porast-viroza-u-tuzlanskom-kantonu-najvise-pogadja-djecu\/\",\"name\":\"VIDEO \/ Porast viroza u Tuzlanskom kantonu najvi\u0161e poga\u0111a djecu - TuzlaInfo.ba\",\"isPartOf\":{\"@id\":\"https:\/\/tuzlainfo.ba\/#website\"},\"primaryImageOfPage\":{\"@id\":\"https:\/\/tuzlainfo.ba\/index.php\/novosti\/item\/289391-video-porast-viroza-u-tuzlanskom-kantonu-najvise-pogadja-djecu\/#primaryimage\"},\"image\":{\"@id\":\"https:\/\/tuzlainfo.ba\/index.php\/novosti\/item\/289391-video-porast-viroza-u-tuzlanskom-kantonu-najvise-pogadja-djecu\/#primaryimage\"},\"thumbnailUrl\":\"https:\/\/tuzlainfo.ba\/wp-content\/uploads\/2022\/03\/0703_porodicna_domzdravlja_zdravstvo.jpg\",\"datePublished\":\"2025-12-16T16:30:40+00:00\",\"dateModified\":\"2025-12-16T17:12:41+00:00\",\"breadcrumb\":{\"@id\":\"https:\/\/tuzlainfo.ba\/index.php\/novosti\/item\/289391-video-porast-viroza-u-tuzlanskom-kantonu-najvise-pogadja-djecu\/#breadcrumb\"},\"inLanguage\":\"bs-BA\",\"potentialAction\":[{\"@type\":\"ReadAction\",\"target\":[\"https:\/\/tuzlainfo.ba\/index.php\/novosti\/item\/289391-video-porast-viroza-u-tuzlanskom-kantonu-najvise-pogadja-djecu\/\"]}]},{\"@type\":\"ImageObject\",\"inLanguage\":\"bs-BA\",\"@id\":\"https:\/\/tuzlainfo.ba\/index.php\/novosti\/item\/289391-video-porast-viroza-u-tuzlanskom-kantonu-najvise-pogadja-djecu\/#primaryimage\",\"url\":\"https:\/\/tuzlainfo.ba\/wp-content\/uploads\/2022\/03\/0703_porodicna_domzdravlja_zdravstvo.jpg\",\"contentUrl\":\"https:\/\/tuzlainfo.ba\/wp-content\/uploads\/2022\/03\/0703_porodicna_domzdravlja_zdravstvo.jpg\",\"width\":1000,\"height\":665},{\"@type\":\"BreadcrumbList\",\"@id\":\"https:\/\/tuzlainfo.ba\/index.php\/novosti\/item\/289391-video-porast-viroza-u-tuzlanskom-kantonu-najvise-pogadja-djecu\/#breadcrumb\",\"itemListElement\":[{\"@type\":\"ListItem\",\"position\":1,\"name\":\"Home\",\"item\":\"https:\/\/tuzlainfo.ba\/\"},{\"@type\":\"ListItem\",\"position\":2,\"name\":\"VIDEO \/ Porast viroza u Tuzlanskom kantonu najvi\u0161e poga\u0111a djecu\"}]},{\"@type\":\"WebSite\",\"@id\":\"https:\/\/tuzlainfo.ba\/#website\",\"url\":\"https:\/\/tuzlainfo.ba\/\",\"name\":\"TuzlaInfo.ba\",\"description\":\"Tuzla info, gradski informator - Tuzla na dlanu\",\"publisher\":{\"@id\":\"https:\/\/tuzlainfo.ba\/#organization\"},\"potentialAction\":[{\"@type\":\"SearchAction\",\"target\":{\"@type\":\"EntryPoint\",\"urlTemplate\":\"https:\/\/tuzlainfo.ba\/?s={search_term_string}\"},\"query-input\":{\"@type\":\"PropertyValueSpecification\",\"valueRequired\":true,\"valueName\":\"search_term_string\"}}],\"inLanguage\":\"bs-BA\"},{\"@type\":\"Organization\",\"@id\":\"https:\/\/tuzlainfo.ba\/#organization\",\"name\":\"TuzlaInfo.ba\",\"url\":\"https:\/\/tuzlainfo.ba\/\",\"logo\":{\"@type\":\"ImageObject\",\"inLanguage\":\"bs-BA\",\"@id\":\"https:\/\/tuzlainfo.ba\/#\/schema\/logo\/image\/\",\"url\":\"https:\/\/tuzlainfo.ba\/wp-content\/uploads\/2021\/03\/logo-ver-3-1.png\",\"contentUrl\":\"https:\/\/tuzlainfo.ba\/wp-content\/uploads\/2021\/03\/logo-ver-3-1.png\",\"width\":350,\"height\":95,\"caption\":\"TuzlaInfo.ba\"},\"image\":{\"@id\":\"https:\/\/tuzlainfo.ba\/#\/schema\/logo\/image\/\"},\"sameAs\":[\"https:\/\/www.facebook.com\/tuzlainfo.ba\/\"]},{\"@type\":\"Person\",\"@id\":\"https:\/\/tuzlainfo.ba\/#\/schema\/person\/f434e20dc27ea133923aab08451b7f7f\",\"name\":\"nedim\",\"image\":{\"@type\":\"ImageObject\",\"inLanguage\":\"bs-BA\",\"@id\":\"https:\/\/tuzlainfo.ba\/#\/schema\/person\/image\/\",\"url\":\"https:\/\/tuzlainfo.ba\/wp-content\/litespeed\/avatar\/aabad687af24844af817603ac1cbdc4f.jpg?ver=1776702173\",\"contentUrl\":\"https:\/\/tuzlainfo.ba\/wp-content\/litespeed\/avatar\/aabad687af24844af817603ac1cbdc4f.jpg?ver=1776702173\",\"caption\":\"nedim\"},\"description\":\"Tuzlainfo.ba pratite na dru\u0161tvenim mre\u017eama: Facebook, Instagram i Youtube. Svoje pri\u010de, upite i fotografije \u0161aljite na na\u0161u e-mail adresu.\"}]}<\/script>\n<!-- \/ Yoast SEO plugin. -->","yoast_head_json":{"title":"VIDEO \/ Porast viroza u Tuzlanskom kantonu najvi\u0161e poga\u0111a djecu - TuzlaInfo.ba","robots":{"index":"index","follow":"follow","max-snippet":"max-snippet:-1","max-image-preview":"max-image-preview:large","max-video-preview":"max-video-preview:-1"},"canonical":"https:\/\/tuzlainfo.ba\/index.php\/novosti\/item\/289391-video-porast-viroza-u-tuzlanskom-kantonu-najvise-pogadja-djecu\/","og_locale":"bs_BA","og_type":"article","og_title":"VIDEO \/ Porast viroza u Tuzlanskom kantonu najvi\u0161e poga\u0111a djecu - TuzlaInfo.ba","og_description":"U ovom periodu godine respiratorne viroze gotovo su neizbje\u017ene, a posljednjih dana u Tuzlanskom kantonu&hellip;","og_url":"https:\/\/tuzlainfo.ba\/index.php\/novosti\/item\/289391-video-porast-viroza-u-tuzlanskom-kantonu-najvise-pogadja-djecu\/","og_site_name":"TuzlaInfo.ba","article_publisher":"https:\/\/www.facebook.com\/tuzlainfo.ba\/","article_published_time":"2025-12-16T16:30:40+00:00","article_modified_time":"2025-12-16T17:12:41+00:00","og_image":[{"width":1000,"height":665,"url":"https:\/\/tuzlainfo.ba\/wp-content\/uploads\/2022\/03\/0703_porodicna_domzdravlja_zdravstvo.jpg","type":"image\/jpeg"}],"author":"nedim","twitter_card":"summary_large_image","twitter_misc":{"Written by":"nedim","Est. reading time":"2 minute"},"schema":{"@context":"https:\/\/schema.org","@graph":[{"@type":"Article","@id":"https:\/\/tuzlainfo.ba\/index.php\/novosti\/item\/289391-video-porast-viroza-u-tuzlanskom-kantonu-najvise-pogadja-djecu\/#article","isPartOf":{"@id":"https:\/\/tuzlainfo.ba\/index.php\/novosti\/item\/289391-video-porast-viroza-u-tuzlanskom-kantonu-najvise-pogadja-djecu\/"},"author":{"name":"nedim","@id":"https:\/\/tuzlainfo.ba\/#\/schema\/person\/f434e20dc27ea133923aab08451b7f7f"},"headline":"VIDEO \/ Porast viroza u Tuzlanskom kantonu najvi\u0161e poga\u0111a djecu","datePublished":"2025-12-16T16:30:40+00:00","dateModified":"2025-12-16T17:12:41+00:00","mainEntityOfPage":{"@id":"https:\/\/tuzlainfo.ba\/index.php\/novosti\/item\/289391-video-porast-viroza-u-tuzlanskom-kantonu-najvise-pogadja-djecu\/"},"wordCount":228,"publisher":{"@id":"https:\/\/tuzlainfo.ba\/#organization"},"image":{"@id":"https:\/\/tuzlainfo.ba\/index.php\/novosti\/item\/289391-video-porast-viroza-u-tuzlanskom-kantonu-najvise-pogadja-djecu\/#primaryimage"},"thumbnailUrl":"https:\/\/tuzlainfo.ba\/wp-content\/uploads\/2022\/03\/0703_porodicna_domzdravlja_zdravstvo.jpg","keywords":["tuzlanski kanton","viroza","virus"],"articleSection":["Istaknuto","Novosti","Preporu\u010dujemo"],"inLanguage":"bs-BA"},{"@type":"WebPage","@id":"https:\/\/tuzlainfo.ba\/index.php\/novosti\/item\/289391-video-porast-viroza-u-tuzlanskom-kantonu-najvise-pogadja-djecu\/","url":"https:\/\/tuzlainfo.ba\/index.php\/novosti\/item\/289391-video-porast-viroza-u-tuzlanskom-kantonu-najvise-pogadja-djecu\/","name":"VIDEO \/ Porast viroza u Tuzlanskom kantonu najvi\u0161e poga\u0111a djecu - TuzlaInfo.ba","isPartOf":{"@id":"https:\/\/tuzlainfo.ba\/#website"},"primaryImageOfPage":{"@id":"https:\/\/tuzlainfo.ba\/index.php\/novosti\/item\/289391-video-porast-viroza-u-tuzlanskom-kantonu-najvise-pogadja-djecu\/#primaryimage"},"image":{"@id":"https:\/\/tuzlainfo.ba\/index.php\/novosti\/item\/289391-video-porast-viroza-u-tuzlanskom-kantonu-najvise-pogadja-djecu\/#primaryimage"},"thumbnailUrl":"https:\/\/tuzlainfo.ba\/wp-content\/uploads\/2022\/03\/0703_porodicna_domzdravlja_zdravstvo.jpg","datePublished":"2025-12-16T16:30:40+00:00","dateModified":"2025-12-16T17:12:41+00:00","breadcrumb":{"@id":"https:\/\/tuzlainfo.ba\/index.php\/novosti\/item\/289391-video-porast-viroza-u-tuzlanskom-kantonu-najvise-pogadja-djecu\/#breadcrumb"},"inLanguage":"bs-BA","potentialAction":[{"@type":"ReadAction","target":["https:\/\/tuzlainfo.ba\/index.php\/novosti\/item\/289391-video-porast-viroza-u-tuzlanskom-kantonu-najvise-pogadja-djecu\/"]}]},{"@type":"ImageObject","inLanguage":"bs-BA","@id":"https:\/\/tuzlainfo.ba\/index.php\/novosti\/item\/289391-video-porast-viroza-u-tuzlanskom-kantonu-najvise-pogadja-djecu\/#primaryimage","url":"https:\/\/tuzlainfo.ba\/wp-content\/uploads\/2022\/03\/0703_porodicna_domzdravlja_zdravstvo.jpg","contentUrl":"https:\/\/tuzlainfo.ba\/wp-content\/uploads\/2022\/03\/0703_porodicna_domzdravlja_zdravstvo.jpg","width":1000,"height":665},{"@type":"BreadcrumbList","@id":"https:\/\/tuzlainfo.ba\/index.php\/novosti\/item\/289391-video-porast-viroza-u-tuzlanskom-kantonu-najvise-pogadja-djecu\/#breadcrumb","itemListElement":[{"@type":"ListItem","position":1,"name":"Home","item":"https:\/\/tuzlainfo.ba\/"},{"@type":"ListItem","position":2,"name":"VIDEO \/ Porast viroza u Tuzlanskom kantonu najvi\u0161e poga\u0111a djecu"}]},{"@type":"WebSite","@id":"https:\/\/tuzlainfo.ba\/#website","url":"https:\/\/tuzlainfo.ba\/","name":"TuzlaInfo.ba","description":"Tuzla info, gradski informator - Tuzla na dlanu","publisher":{"@id":"https:\/\/tuzlainfo.ba\/#organization"},"potentialAction":[{"@type":"SearchAction","target":{"@type":"EntryPoint","urlTemplate":"https:\/\/tuzlainfo.ba\/?s={search_term_string}"},"query-input":{"@type":"PropertyValueSpecification","valueRequired":true,"valueName":"search_term_string"}}],"inLanguage":"bs-BA"},{"@type":"Organization","@id":"https:\/\/tuzlainfo.ba\/#organization","name":"TuzlaInfo.ba","url":"https:\/\/tuzlainfo.ba\/","logo":{"@type":"ImageObject","inLanguage":"bs-BA","@id":"https:\/\/tuzlainfo.ba\/#\/schema\/logo\/image\/","url":"https:\/\/tuzlainfo.ba\/wp-content\/uploads\/2021\/03\/logo-ver-3-1.png","contentUrl":"https:\/\/tuzlainfo.ba\/wp-content\/uploads\/2021\/03\/logo-ver-3-1.png","width":350,"height":95,"caption":"TuzlaInfo.ba"},"image":{"@id":"https:\/\/tuzlainfo.ba\/#\/schema\/logo\/image\/"},"sameAs":["https:\/\/www.facebook.com\/tuzlainfo.ba\/"]},{"@type":"Person","@id":"https:\/\/tuzlainfo.ba\/#\/schema\/person\/f434e20dc27ea133923aab08451b7f7f","name":"nedim","image":{"@type":"ImageObject","inLanguage":"bs-BA","@id":"https:\/\/tuzlainfo.ba\/#\/schema\/person\/image\/","url":"https:\/\/tuzlainfo.ba\/wp-content\/litespeed\/avatar\/aabad687af24844af817603ac1cbdc4f.jpg?ver=1776702173","contentUrl":"https:\/\/tuzlainfo.ba\/wp-content\/litespeed\/avatar\/aabad687af24844af817603ac1cbdc4f.jpg?ver=1776702173","caption":"nedim"},"description":"Tuzlainfo.ba pratite na dru\u0161tvenim mre\u017eama: Facebook, Instagram i Youtube. Svoje pri\u010de, upite i fotografije \u0161aljite na na\u0161u e-mail adresu."}]}},"_links":{"self":[{"href":"https:\/\/tuzlainfo.ba\/index.php\/wp-json\/wp\/v2\/posts\/289391"}],"collection":[{"href":"https:\/\/tuzlainfo.ba\/index.php\/wp-json\/wp\/v2\/posts"}],"about":[{"href":"https:\/\/tuzlainfo.ba\/index.php\/wp-json\/wp\/v2\/types\/post"}],"author":[{"embeddable":true,"href":"https:\/\/tuzlainfo.ba\/index.php\/wp-json\/wp\/v2\/users\/2"}],"replies":[{"embeddable":true,"href":"https:\/\/tuzlainfo.ba\/index.php\/wp-json\/wp\/v2\/comments?post=289391"}],"version-history":[{"count":1,"href":"https:\/\/tuzlainfo.ba\/index.php\/wp-json\/wp\/v2\/posts\/289391\/revisions"}],"predecessor-version":[{"id":289393,"href":"https:\/\/tuzlainfo.ba\/index.php\/wp-json\/wp\/v2\/posts\/289391\/revisions\/289393"}],"wp:featuredmedia":[{"embeddable":true,"href":"https:\/\/tuzlainfo.ba\/index.php\/wp-json\/wp\/v2\/media\/165824"}],"wp:attachment":[{"href":"https:\/\/tuzlainfo.ba\/index.php\/wp-json\/wp\/v2\/media?parent=289391"}],"wp:term":[{"taxonomy":"category","embeddable":true,"href":"https:\/\/tuzlainfo.ba\/index.php\/wp-json\/wp\/v2\/categories?post=289391"},{"taxonomy":"post_tag","embeddable":true,"href":"https:\/\/tuzlainfo.ba\/index.php\/wp-json\/wp\/v2\/tags?post=289391"}],"curies":[{"name":"wp","href":"https:\/\/api.w.org\/{rel}","templated":true}]}}