{"id":289345,"date":"2025-12-16T12:59:30","date_gmt":"2025-12-16T11:59:30","guid":{"rendered":"https:\/\/tuzlainfo.ba\/?p=289345"},"modified":"2025-12-16T12:59:30","modified_gmt":"2025-12-16T11:59:30","slug":"grafiti-s-porukama-podrske-ratnom-zlocincu-mladicu-osvanuli-na-ambasadi-bih-u-podgorici","status":"publish","type":"post","link":"https:\/\/tuzlainfo.ba\/index.php\/clanci\/sa-svih-strana\/item\/289345-grafiti-s-porukama-podrske-ratnom-zlocincu-mladicu-osvanuli-na-ambasadi-bih-u-podgorici\/","title":{"rendered":"Grafiti s porukama podr\u0161ke ratnom zlo\u010dincu Mladi\u0107u osvanuli na Ambasadi BiH u Podgorici"},"content":{"rendered":"<p>Na zgradi Ambasade Bosne i Hercegovine u Podgorici protekle no\u0107i osvanuli su grafiti s porukama \u201eGenerale, hvala ti za Srebrenicu\u201c i \u201eKafa, slatko, Mladi\u0107 Ratko\u201c. Tako\u0111er, plo\u010da na kojoj na vi\u0161e jezika pi\u0161e da se radi o Ambasadi BiH prekrivena je plavim sprejem, a nacrtan je i krst sa \u010detiri ocila.<\/p>\n<p>Ministarstvo vanjskih poslova Crne Gore najstro\u017ee je osudilo ovaj vandalski \u010din, navode\u0107i da predstavlja veli\u010danje genocida i slavljenje osu\u0111enog ratnog zlo\u010dinca Ratka Mladi\u0107a, te direktan napad na diplomatsko predstavni\u0161tvo prijateljske dr\u017eave i civilizacijske vrijednosti.<\/p>\n<p>&#8220;Ovaj gnusni i neprihvatljivi \u010din ugro\u017eava kulturu sje\u0107anja i dostojanstvo \u017ertava najte\u017eih zlo\u010dina po\u010dinjenih na tlu Evrope nakon Drugog svjetskog rata&#8221;, saop\u0107ili su iz MVP-a Crne Gore.<\/p>\n<p>U saop\u0107enju je nagla\u0161eno da Crna Gora nedvosmisleno osu\u0111uje svaki poku\u0161aj negiranja ili relativizacije genocida u Srebrenici i veli\u010danja ratnih zlo\u010dina, te da takvi postupci nisu u skladu s politikom dobrosusjedskih odnosa i opredjeljenjem Crne Gore za regionalno pomirenje, stabilnost i trajni mir.<\/p>\n<p>Ministarstvo je izrazilo punu solidarnost s Ambasadom Bosne i Hercegovine u Podgorici i institucijama BiH, pozivaju\u0107i nadle\u017ene organe da hitno identifikuju i procesuiraju po\u010dinioce, te da preduzmu sve mjere za za\u0161titu diplomatskih predstavni\u0161tava u skladu s me\u0111unarodnim obavezama.<\/p>\n","protected":false},"excerpt":{"rendered":"<p>Na zgradi Ambasade Bosne i Hercegovine u Podgorici protekle no\u0107i osvanuli su grafiti s porukama&hellip;<\/p>\n","protected":false},"author":8,"featured_media":289346,"comment_status":"closed","ping_status":"closed","sticky":false,"template":"","format":"standard","meta":{"_acf_changed":false,"footnotes":""},"categories":[16],"tags":[13163,939],"acf":[],"yoast_head":"<!-- This site is optimized with the Yoast SEO plugin v23.5 - https:\/\/yoast.com\/wordpress\/plugins\/seo\/ -->\n<title>Grafiti s porukama podr\u0161ke ratnom zlo\u010dincu Mladi\u0107u osvanuli na Ambasadi BiH u Podgorici - TuzlaInfo.ba<\/title>\n<meta name=\"robots\" content=\"index, follow, max-snippet:-1, max-image-preview:large, max-video-preview:-1\" \/>\n<link rel=\"canonical\" href=\"https:\/\/tuzlainfo.ba\/index.php\/clanci\/sa-svih-strana\/item\/289345-grafiti-s-porukama-podrske-ratnom-zlocincu-mladicu-osvanuli-na-ambasadi-bih-u-podgorici\/\" \/>\n<meta property=\"og:locale\" content=\"bs_BA\" \/>\n<meta property=\"og:type\" content=\"article\" \/>\n<meta property=\"og:title\" content=\"Grafiti s porukama podr\u0161ke ratnom zlo\u010dincu Mladi\u0107u osvanuli na Ambasadi BiH u Podgorici - TuzlaInfo.ba\" \/>\n<meta property=\"og:description\" content=\"Na zgradi Ambasade Bosne i Hercegovine u Podgorici protekle no\u0107i osvanuli su grafiti s porukama&hellip;\" \/>\n<meta property=\"og:url\" content=\"https:\/\/tuzlainfo.ba\/index.php\/clanci\/sa-svih-strana\/item\/289345-grafiti-s-porukama-podrske-ratnom-zlocincu-mladicu-osvanuli-na-ambasadi-bih-u-podgorici\/\" \/>\n<meta property=\"og:site_name\" content=\"TuzlaInfo.ba\" \/>\n<meta property=\"article:publisher\" content=\"https:\/\/www.facebook.com\/tuzlainfo.ba\/\" \/>\n<meta property=\"article:published_time\" content=\"2025-12-16T11:59:30+00:00\" \/>\n<meta property=\"og:image\" content=\"https:\/\/tuzlainfo.ba\/wp-content\/uploads\/2025\/12\/ambasada-bih.jpg\" \/>\n\t<meta property=\"og:image:width\" content=\"900\" \/>\n\t<meta property=\"og:image:height\" content=\"563\" \/>\n\t<meta property=\"og:image:type\" content=\"image\/jpeg\" \/>\n<meta name=\"author\" content=\"Admin Tri\" \/>\n<meta name=\"twitter:card\" content=\"summary_large_image\" \/>\n<meta name=\"twitter:label1\" content=\"Written by\" \/>\n\t<meta name=\"twitter:data1\" content=\"Admin Tri\" \/>\n\t<meta name=\"twitter:label2\" content=\"Est. reading time\" \/>\n\t<meta name=\"twitter:data2\" content=\"2 minute\" \/>\n<script type=\"application\/ld+json\" class=\"yoast-schema-graph\">{\"@context\":\"https:\/\/schema.org\",\"@graph\":[{\"@type\":\"Article\",\"@id\":\"https:\/\/tuzlainfo.ba\/index.php\/clanci\/sa-svih-strana\/item\/289345-grafiti-s-porukama-podrske-ratnom-zlocincu-mladicu-osvanuli-na-ambasadi-bih-u-podgorici\/#article\",\"isPartOf\":{\"@id\":\"https:\/\/tuzlainfo.ba\/index.php\/clanci\/sa-svih-strana\/item\/289345-grafiti-s-porukama-podrske-ratnom-zlocincu-mladicu-osvanuli-na-ambasadi-bih-u-podgorici\/\"},\"author\":{\"name\":\"Admin Tri\",\"@id\":\"https:\/\/tuzlainfo.ba\/#\/schema\/person\/593e78a2f6378c5ba3e7600ecfa4e63a\"},\"headline\":\"Grafiti s porukama podr\u0161ke ratnom zlo\u010dincu Mladi\u0107u osvanuli na Ambasadi BiH u Podgorici\",\"datePublished\":\"2025-12-16T11:59:30+00:00\",\"dateModified\":\"2025-12-16T11:59:30+00:00\",\"mainEntityOfPage\":{\"@id\":\"https:\/\/tuzlainfo.ba\/index.php\/clanci\/sa-svih-strana\/item\/289345-grafiti-s-porukama-podrske-ratnom-zlocincu-mladicu-osvanuli-na-ambasadi-bih-u-podgorici\/\"},\"wordCount\":240,\"publisher\":{\"@id\":\"https:\/\/tuzlainfo.ba\/#organization\"},\"image\":{\"@id\":\"https:\/\/tuzlainfo.ba\/index.php\/clanci\/sa-svih-strana\/item\/289345-grafiti-s-porukama-podrske-ratnom-zlocincu-mladicu-osvanuli-na-ambasadi-bih-u-podgorici\/#primaryimage\"},\"thumbnailUrl\":\"https:\/\/tuzlainfo.ba\/wp-content\/uploads\/2025\/12\/ambasada-bih.jpg\",\"keywords\":[\"ambasada bih\",\"ratko mladi\u0107\"],\"articleSection\":[\"Sa svih strana\"],\"inLanguage\":\"bs-BA\"},{\"@type\":\"WebPage\",\"@id\":\"https:\/\/tuzlainfo.ba\/index.php\/clanci\/sa-svih-strana\/item\/289345-grafiti-s-porukama-podrske-ratnom-zlocincu-mladicu-osvanuli-na-ambasadi-bih-u-podgorici\/\",\"url\":\"https:\/\/tuzlainfo.ba\/index.php\/clanci\/sa-svih-strana\/item\/289345-grafiti-s-porukama-podrske-ratnom-zlocincu-mladicu-osvanuli-na-ambasadi-bih-u-podgorici\/\",\"name\":\"Grafiti s porukama podr\u0161ke ratnom zlo\u010dincu Mladi\u0107u osvanuli na Ambasadi BiH u Podgorici - TuzlaInfo.ba\",\"isPartOf\":{\"@id\":\"https:\/\/tuzlainfo.ba\/#website\"},\"primaryImageOfPage\":{\"@id\":\"https:\/\/tuzlainfo.ba\/index.php\/clanci\/sa-svih-strana\/item\/289345-grafiti-s-porukama-podrske-ratnom-zlocincu-mladicu-osvanuli-na-ambasadi-bih-u-podgorici\/#primaryimage\"},\"image\":{\"@id\":\"https:\/\/tuzlainfo.ba\/index.php\/clanci\/sa-svih-strana\/item\/289345-grafiti-s-porukama-podrske-ratnom-zlocincu-mladicu-osvanuli-na-ambasadi-bih-u-podgorici\/#primaryimage\"},\"thumbnailUrl\":\"https:\/\/tuzlainfo.ba\/wp-content\/uploads\/2025\/12\/ambasada-bih.jpg\",\"datePublished\":\"2025-12-16T11:59:30+00:00\",\"dateModified\":\"2025-12-16T11:59:30+00:00\",\"breadcrumb\":{\"@id\":\"https:\/\/tuzlainfo.ba\/index.php\/clanci\/sa-svih-strana\/item\/289345-grafiti-s-porukama-podrske-ratnom-zlocincu-mladicu-osvanuli-na-ambasadi-bih-u-podgorici\/#breadcrumb\"},\"inLanguage\":\"bs-BA\",\"potentialAction\":[{\"@type\":\"ReadAction\",\"target\":[\"https:\/\/tuzlainfo.ba\/index.php\/clanci\/sa-svih-strana\/item\/289345-grafiti-s-porukama-podrske-ratnom-zlocincu-mladicu-osvanuli-na-ambasadi-bih-u-podgorici\/\"]}]},{\"@type\":\"ImageObject\",\"inLanguage\":\"bs-BA\",\"@id\":\"https:\/\/tuzlainfo.ba\/index.php\/clanci\/sa-svih-strana\/item\/289345-grafiti-s-porukama-podrske-ratnom-zlocincu-mladicu-osvanuli-na-ambasadi-bih-u-podgorici\/#primaryimage\",\"url\":\"https:\/\/tuzlainfo.ba\/wp-content\/uploads\/2025\/12\/ambasada-bih.jpg\",\"contentUrl\":\"https:\/\/tuzlainfo.ba\/wp-content\/uploads\/2025\/12\/ambasada-bih.jpg\",\"width\":900,\"height\":563},{\"@type\":\"BreadcrumbList\",\"@id\":\"https:\/\/tuzlainfo.ba\/index.php\/clanci\/sa-svih-strana\/item\/289345-grafiti-s-porukama-podrske-ratnom-zlocincu-mladicu-osvanuli-na-ambasadi-bih-u-podgorici\/#breadcrumb\",\"itemListElement\":[{\"@type\":\"ListItem\",\"position\":1,\"name\":\"Home\",\"item\":\"https:\/\/tuzlainfo.ba\/\"},{\"@type\":\"ListItem\",\"position\":2,\"name\":\"Grafiti s porukama podr\u0161ke ratnom zlo\u010dincu Mladi\u0107u osvanuli na Ambasadi BiH u Podgorici\"}]},{\"@type\":\"WebSite\",\"@id\":\"https:\/\/tuzlainfo.ba\/#website\",\"url\":\"https:\/\/tuzlainfo.ba\/\",\"name\":\"TuzlaInfo.ba\",\"description\":\"Tuzla info, gradski informator - Tuzla na dlanu\",\"publisher\":{\"@id\":\"https:\/\/tuzlainfo.ba\/#organization\"},\"potentialAction\":[{\"@type\":\"SearchAction\",\"target\":{\"@type\":\"EntryPoint\",\"urlTemplate\":\"https:\/\/tuzlainfo.ba\/?s={search_term_string}\"},\"query-input\":{\"@type\":\"PropertyValueSpecification\",\"valueRequired\":true,\"valueName\":\"search_term_string\"}}],\"inLanguage\":\"bs-BA\"},{\"@type\":\"Organization\",\"@id\":\"https:\/\/tuzlainfo.ba\/#organization\",\"name\":\"TuzlaInfo.ba\",\"url\":\"https:\/\/tuzlainfo.ba\/\",\"logo\":{\"@type\":\"ImageObject\",\"inLanguage\":\"bs-BA\",\"@id\":\"https:\/\/tuzlainfo.ba\/#\/schema\/logo\/image\/\",\"url\":\"https:\/\/tuzlainfo.ba\/wp-content\/uploads\/2021\/03\/logo-ver-3-1.png\",\"contentUrl\":\"https:\/\/tuzlainfo.ba\/wp-content\/uploads\/2021\/03\/logo-ver-3-1.png\",\"width\":350,\"height\":95,\"caption\":\"TuzlaInfo.ba\"},\"image\":{\"@id\":\"https:\/\/tuzlainfo.ba\/#\/schema\/logo\/image\/\"},\"sameAs\":[\"https:\/\/www.facebook.com\/tuzlainfo.ba\/\"]},{\"@type\":\"Person\",\"@id\":\"https:\/\/tuzlainfo.ba\/#\/schema\/person\/593e78a2f6378c5ba3e7600ecfa4e63a\",\"name\":\"Admin Tri\",\"image\":{\"@type\":\"ImageObject\",\"inLanguage\":\"bs-BA\",\"@id\":\"https:\/\/tuzlainfo.ba\/#\/schema\/person\/image\/\",\"url\":\"https:\/\/tuzlainfo.ba\/wp-content\/litespeed\/avatar\/b7920db4cc34a71ad12497283ad2fe3f.jpg?ver=1777100914\",\"contentUrl\":\"https:\/\/tuzlainfo.ba\/wp-content\/litespeed\/avatar\/b7920db4cc34a71ad12497283ad2fe3f.jpg?ver=1777100914\",\"caption\":\"Admin Tri\"},\"sameAs\":[\"https:\/\/tuzlainfo.ba\"]}]}<\/script>\n<!-- \/ Yoast SEO plugin. -->","yoast_head_json":{"title":"Grafiti s porukama podr\u0161ke ratnom zlo\u010dincu Mladi\u0107u osvanuli na Ambasadi BiH u Podgorici - TuzlaInfo.ba","robots":{"index":"index","follow":"follow","max-snippet":"max-snippet:-1","max-image-preview":"max-image-preview:large","max-video-preview":"max-video-preview:-1"},"canonical":"https:\/\/tuzlainfo.ba\/index.php\/clanci\/sa-svih-strana\/item\/289345-grafiti-s-porukama-podrske-ratnom-zlocincu-mladicu-osvanuli-na-ambasadi-bih-u-podgorici\/","og_locale":"bs_BA","og_type":"article","og_title":"Grafiti s porukama podr\u0161ke ratnom zlo\u010dincu Mladi\u0107u osvanuli na Ambasadi BiH u Podgorici - TuzlaInfo.ba","og_description":"Na zgradi Ambasade Bosne i Hercegovine u Podgorici protekle no\u0107i osvanuli su grafiti s porukama&hellip;","og_url":"https:\/\/tuzlainfo.ba\/index.php\/clanci\/sa-svih-strana\/item\/289345-grafiti-s-porukama-podrske-ratnom-zlocincu-mladicu-osvanuli-na-ambasadi-bih-u-podgorici\/","og_site_name":"TuzlaInfo.ba","article_publisher":"https:\/\/www.facebook.com\/tuzlainfo.ba\/","article_published_time":"2025-12-16T11:59:30+00:00","og_image":[{"width":900,"height":563,"url":"https:\/\/tuzlainfo.ba\/wp-content\/uploads\/2025\/12\/ambasada-bih.jpg","type":"image\/jpeg"}],"author":"Admin Tri","twitter_card":"summary_large_image","twitter_misc":{"Written by":"Admin Tri","Est. reading time":"2 minute"},"schema":{"@context":"https:\/\/schema.org","@graph":[{"@type":"Article","@id":"https:\/\/tuzlainfo.ba\/index.php\/clanci\/sa-svih-strana\/item\/289345-grafiti-s-porukama-podrske-ratnom-zlocincu-mladicu-osvanuli-na-ambasadi-bih-u-podgorici\/#article","isPartOf":{"@id":"https:\/\/tuzlainfo.ba\/index.php\/clanci\/sa-svih-strana\/item\/289345-grafiti-s-porukama-podrske-ratnom-zlocincu-mladicu-osvanuli-na-ambasadi-bih-u-podgorici\/"},"author":{"name":"Admin Tri","@id":"https:\/\/tuzlainfo.ba\/#\/schema\/person\/593e78a2f6378c5ba3e7600ecfa4e63a"},"headline":"Grafiti s porukama podr\u0161ke ratnom zlo\u010dincu Mladi\u0107u osvanuli na Ambasadi BiH u Podgorici","datePublished":"2025-12-16T11:59:30+00:00","dateModified":"2025-12-16T11:59:30+00:00","mainEntityOfPage":{"@id":"https:\/\/tuzlainfo.ba\/index.php\/clanci\/sa-svih-strana\/item\/289345-grafiti-s-porukama-podrske-ratnom-zlocincu-mladicu-osvanuli-na-ambasadi-bih-u-podgorici\/"},"wordCount":240,"publisher":{"@id":"https:\/\/tuzlainfo.ba\/#organization"},"image":{"@id":"https:\/\/tuzlainfo.ba\/index.php\/clanci\/sa-svih-strana\/item\/289345-grafiti-s-porukama-podrske-ratnom-zlocincu-mladicu-osvanuli-na-ambasadi-bih-u-podgorici\/#primaryimage"},"thumbnailUrl":"https:\/\/tuzlainfo.ba\/wp-content\/uploads\/2025\/12\/ambasada-bih.jpg","keywords":["ambasada bih","ratko mladi\u0107"],"articleSection":["Sa svih strana"],"inLanguage":"bs-BA"},{"@type":"WebPage","@id":"https:\/\/tuzlainfo.ba\/index.php\/clanci\/sa-svih-strana\/item\/289345-grafiti-s-porukama-podrske-ratnom-zlocincu-mladicu-osvanuli-na-ambasadi-bih-u-podgorici\/","url":"https:\/\/tuzlainfo.ba\/index.php\/clanci\/sa-svih-strana\/item\/289345-grafiti-s-porukama-podrske-ratnom-zlocincu-mladicu-osvanuli-na-ambasadi-bih-u-podgorici\/","name":"Grafiti s porukama podr\u0161ke ratnom zlo\u010dincu Mladi\u0107u osvanuli na Ambasadi BiH u Podgorici - TuzlaInfo.ba","isPartOf":{"@id":"https:\/\/tuzlainfo.ba\/#website"},"primaryImageOfPage":{"@id":"https:\/\/tuzlainfo.ba\/index.php\/clanci\/sa-svih-strana\/item\/289345-grafiti-s-porukama-podrske-ratnom-zlocincu-mladicu-osvanuli-na-ambasadi-bih-u-podgorici\/#primaryimage"},"image":{"@id":"https:\/\/tuzlainfo.ba\/index.php\/clanci\/sa-svih-strana\/item\/289345-grafiti-s-porukama-podrske-ratnom-zlocincu-mladicu-osvanuli-na-ambasadi-bih-u-podgorici\/#primaryimage"},"thumbnailUrl":"https:\/\/tuzlainfo.ba\/wp-content\/uploads\/2025\/12\/ambasada-bih.jpg","datePublished":"2025-12-16T11:59:30+00:00","dateModified":"2025-12-16T11:59:30+00:00","breadcrumb":{"@id":"https:\/\/tuzlainfo.ba\/index.php\/clanci\/sa-svih-strana\/item\/289345-grafiti-s-porukama-podrske-ratnom-zlocincu-mladicu-osvanuli-na-ambasadi-bih-u-podgorici\/#breadcrumb"},"inLanguage":"bs-BA","potentialAction":[{"@type":"ReadAction","target":["https:\/\/tuzlainfo.ba\/index.php\/clanci\/sa-svih-strana\/item\/289345-grafiti-s-porukama-podrske-ratnom-zlocincu-mladicu-osvanuli-na-ambasadi-bih-u-podgorici\/"]}]},{"@type":"ImageObject","inLanguage":"bs-BA","@id":"https:\/\/tuzlainfo.ba\/index.php\/clanci\/sa-svih-strana\/item\/289345-grafiti-s-porukama-podrske-ratnom-zlocincu-mladicu-osvanuli-na-ambasadi-bih-u-podgorici\/#primaryimage","url":"https:\/\/tuzlainfo.ba\/wp-content\/uploads\/2025\/12\/ambasada-bih.jpg","contentUrl":"https:\/\/tuzlainfo.ba\/wp-content\/uploads\/2025\/12\/ambasada-bih.jpg","width":900,"height":563},{"@type":"BreadcrumbList","@id":"https:\/\/tuzlainfo.ba\/index.php\/clanci\/sa-svih-strana\/item\/289345-grafiti-s-porukama-podrske-ratnom-zlocincu-mladicu-osvanuli-na-ambasadi-bih-u-podgorici\/#breadcrumb","itemListElement":[{"@type":"ListItem","position":1,"name":"Home","item":"https:\/\/tuzlainfo.ba\/"},{"@type":"ListItem","position":2,"name":"Grafiti s porukama podr\u0161ke ratnom zlo\u010dincu Mladi\u0107u osvanuli na Ambasadi BiH u Podgorici"}]},{"@type":"WebSite","@id":"https:\/\/tuzlainfo.ba\/#website","url":"https:\/\/tuzlainfo.ba\/","name":"TuzlaInfo.ba","description":"Tuzla info, gradski informator - Tuzla na dlanu","publisher":{"@id":"https:\/\/tuzlainfo.ba\/#organization"},"potentialAction":[{"@type":"SearchAction","target":{"@type":"EntryPoint","urlTemplate":"https:\/\/tuzlainfo.ba\/?s={search_term_string}"},"query-input":{"@type":"PropertyValueSpecification","valueRequired":true,"valueName":"search_term_string"}}],"inLanguage":"bs-BA"},{"@type":"Organization","@id":"https:\/\/tuzlainfo.ba\/#organization","name":"TuzlaInfo.ba","url":"https:\/\/tuzlainfo.ba\/","logo":{"@type":"ImageObject","inLanguage":"bs-BA","@id":"https:\/\/tuzlainfo.ba\/#\/schema\/logo\/image\/","url":"https:\/\/tuzlainfo.ba\/wp-content\/uploads\/2021\/03\/logo-ver-3-1.png","contentUrl":"https:\/\/tuzlainfo.ba\/wp-content\/uploads\/2021\/03\/logo-ver-3-1.png","width":350,"height":95,"caption":"TuzlaInfo.ba"},"image":{"@id":"https:\/\/tuzlainfo.ba\/#\/schema\/logo\/image\/"},"sameAs":["https:\/\/www.facebook.com\/tuzlainfo.ba\/"]},{"@type":"Person","@id":"https:\/\/tuzlainfo.ba\/#\/schema\/person\/593e78a2f6378c5ba3e7600ecfa4e63a","name":"Admin Tri","image":{"@type":"ImageObject","inLanguage":"bs-BA","@id":"https:\/\/tuzlainfo.ba\/#\/schema\/person\/image\/","url":"https:\/\/tuzlainfo.ba\/wp-content\/litespeed\/avatar\/b7920db4cc34a71ad12497283ad2fe3f.jpg?ver=1777100914","contentUrl":"https:\/\/tuzlainfo.ba\/wp-content\/litespeed\/avatar\/b7920db4cc34a71ad12497283ad2fe3f.jpg?ver=1777100914","caption":"Admin Tri"},"sameAs":["https:\/\/tuzlainfo.ba"]}]}},"_links":{"self":[{"href":"https:\/\/tuzlainfo.ba\/index.php\/wp-json\/wp\/v2\/posts\/289345"}],"collection":[{"href":"https:\/\/tuzlainfo.ba\/index.php\/wp-json\/wp\/v2\/posts"}],"about":[{"href":"https:\/\/tuzlainfo.ba\/index.php\/wp-json\/wp\/v2\/types\/post"}],"author":[{"embeddable":true,"href":"https:\/\/tuzlainfo.ba\/index.php\/wp-json\/wp\/v2\/users\/8"}],"replies":[{"embeddable":true,"href":"https:\/\/tuzlainfo.ba\/index.php\/wp-json\/wp\/v2\/comments?post=289345"}],"version-history":[{"count":1,"href":"https:\/\/tuzlainfo.ba\/index.php\/wp-json\/wp\/v2\/posts\/289345\/revisions"}],"predecessor-version":[{"id":289348,"href":"https:\/\/tuzlainfo.ba\/index.php\/wp-json\/wp\/v2\/posts\/289345\/revisions\/289348"}],"wp:featuredmedia":[{"embeddable":true,"href":"https:\/\/tuzlainfo.ba\/index.php\/wp-json\/wp\/v2\/media\/289346"}],"wp:attachment":[{"href":"https:\/\/tuzlainfo.ba\/index.php\/wp-json\/wp\/v2\/media?parent=289345"}],"wp:term":[{"taxonomy":"category","embeddable":true,"href":"https:\/\/tuzlainfo.ba\/index.php\/wp-json\/wp\/v2\/categories?post=289345"},{"taxonomy":"post_tag","embeddable":true,"href":"https:\/\/tuzlainfo.ba\/index.php\/wp-json\/wp\/v2\/tags?post=289345"}],"curies":[{"name":"wp","href":"https:\/\/api.w.org\/{rel}","templated":true}]}}