{"id":289304,"date":"2025-12-16T08:08:56","date_gmt":"2025-12-16T07:08:56","guid":{"rendered":"https:\/\/tuzlainfo.ba\/?p=289304"},"modified":"2025-12-16T08:08:56","modified_gmt":"2025-12-16T07:08:56","slug":"hoce-li-danas-biti-politicke-volje-vijece-ministara-bih-ponovo-o-kljucnim-eu-zakonima","status":"publish","type":"post","link":"https:\/\/tuzlainfo.ba\/index.php\/bosna-i-hercegovina\/item\/289304-hoce-li-danas-biti-politicke-volje-vijece-ministara-bih-ponovo-o-kljucnim-eu-zakonima\/","title":{"rendered":"Ho\u0107e li danas biti politi\u010dke volje? Vije\u0107e ministara BiH ponovo o klju\u010dnim EU zakonima"},"content":{"rendered":"<p>Vije\u0107e ministara Bosne i Hercegovine danas bi na sjednici trebalo da se, u drugom krugu glasanja, izjasni o Prijedlogu odluke o uspostavi Ureda glavnog pregovara\u010da BiH s Evropskom unijom kao privremenog tijela Vije\u0107a ministara BiH, \u010diji je predlaga\u010d Kabinet predsjedavaju\u0107e Vije\u0107a ministara BiH.<\/p>\n<p>Ministri bi trebali razmatrati i novi tekst Nacrta zakona o Visokom sudskom i tu\u017eila\u010dkom vije\u0107u BiH, te novi tekst Nacrta zakona o izmjenama i dopunama Zakona o Sudu BiH, koje je predlo\u017eilo Ministarstvo pravde BiH.<\/p>\n<p>Usvajanje zakona o VSTV-u i izmjena i dopuna Zakona o Sudu BiH, te imenovanje glavnog pregovara\u010da uslov su za otvaranje pregovora BiH sa Evropskom unijom.<\/p>\n<p>Me\u0111utim, prethodne dvije sjednice Vije\u0107a ministara BiH nisu mogle biti odr\u017eane, jer ministri iz RS-a Sta\u0161a Ko\u0161arac i Sr\u0111an Amid\u017ei\u0107 nisu podr\u017eali dnevni red na kojem su trebale biti ove tri ta\u010dke.<\/p>\n<p>Predsjedavaju\u0107a Vije\u0107a ministara BiH Borjana Kri\u0161to je, nakon \u0161to drugi put nije odr\u017eana sjednica, izjavila novinarima da je na\u017ealost, i ovaj put, izostala politi\u010dka volja.<\/p>\n<p>&#8211; Moramo raditi, a svako neka poka\u017ee svoju politi\u010dku volju i odgovornost za sve ono \u0161to je pred nama i \u0161to je na\u0161 posao &#8211; navela je tada predsjedavaju\u0107a Vije\u0107a ministara BiH Borjana Kri\u0161to, te dodala da kada postoji volja, postoji i na\u010din.<\/p>\n<p>Osim navedene tri ta\u010dke dnevnog reda koje se ti\u010du ispunjavanja uvjeta za otvaranje pregovora sa EU, Vije\u0107e ministara BiH danas bi trebalo razmatrati i Informaciju o statusu Reformske agende Bosne i Hercegovine, obavezama prema Planu rasta za zapadni Balkan i narednim institucionalnim koracima BiH, \u010diji je predlaga\u010d Direkcija za ekonomsko planiranje.<\/p>\n<p>Trebala bi biti razmatrana Informacija o realizaciji Plana implementacije &#8220;Pregled odbrane&#8221; i Akcijskog plana implementacije &#8220;Plana razvoja i modernizacije Oru\u017eanih snaga BiH 2017. &#8211; 2027.&#8221;, kao i Informacija o Godi\u0161njem planu obuke i vje\u017ebi pripadnika i jedinica Oru\u017eanih snaga BiH u inostranstvu za 2026. godinu.<\/p>\n<p>Na dnevnom redu bi trebalo da se na\u0111e i novi tekst Informacije o stanju u oblasti migracija u BiH za prvih \u0161est mjeseci 2025. godine, kao i Informacija o pripremljenoj Dodatnoj informaciji u vezi s provo\u0111enjem preporuka GRECO-a u \u010detvrtom krugu evaluacije.<\/p>\n<p>Predvi\u0111eno je, izme\u0111u ostalog, razmatranje Prijedloga mi\u0161ljenja na Prijedlog zakona o izmjeni i dopunama Zakona o Dr\u017eavnoj agenciji za istrage i za\u0161titu, te Prijedlog odluke o utvr\u0111ivanju godi\u0161nje kvote radnih dozvola za zapo\u0161ljavanje stranaca u BiH za 2026. godinu.<\/p>\n<p>Prijedlog odluke o odobravanju sredstava teku\u0107e bud\u017eetske rezerve Bud\u017eeta institucija BiH i me\u0111unarodnih obaveza BiH za 2025. godinu za podr\u0161ku u saniranju posljedica od po\u017eara u gradu Tuzli i op\u0161tini Vlasenica, tako\u0111er je jedna od predvi\u0111enih ta\u010daka dnevnog reda dana\u0161nje sjednice Vije\u0107a ministara BiH.<\/p>\n","protected":false},"excerpt":{"rendered":"<p>Vije\u0107e ministara Bosne i Hercegovine danas bi na sjednici trebalo da se, u drugom krugu&hellip;<\/p>\n","protected":false},"author":8,"featured_media":263659,"comment_status":"closed","ping_status":"closed","sticky":false,"template":"","format":"standard","meta":{"_acf_changed":false,"footnotes":""},"categories":[291],"tags":[1357],"acf":[],"yoast_head":"<!-- This site is optimized with the Yoast SEO plugin v23.5 - https:\/\/yoast.com\/wordpress\/plugins\/seo\/ -->\n<title>Ho\u0107e li danas biti politi\u010dke volje? Vije\u0107e ministara BiH ponovo o klju\u010dnim EU zakonima - TuzlaInfo.ba<\/title>\n<meta name=\"robots\" content=\"index, follow, max-snippet:-1, max-image-preview:large, max-video-preview:-1\" \/>\n<link rel=\"canonical\" href=\"https:\/\/tuzlainfo.ba\/index.php\/bosna-i-hercegovina\/item\/289304-hoce-li-danas-biti-politicke-volje-vijece-ministara-bih-ponovo-o-kljucnim-eu-zakonima\/\" \/>\n<meta property=\"og:locale\" content=\"bs_BA\" \/>\n<meta property=\"og:type\" content=\"article\" \/>\n<meta property=\"og:title\" content=\"Ho\u0107e li danas biti politi\u010dke volje? Vije\u0107e ministara BiH ponovo o klju\u010dnim EU zakonima - TuzlaInfo.ba\" \/>\n<meta property=\"og:description\" content=\"Vije\u0107e ministara Bosne i Hercegovine danas bi na sjednici trebalo da se, u drugom krugu&hellip;\" \/>\n<meta property=\"og:url\" content=\"https:\/\/tuzlainfo.ba\/index.php\/bosna-i-hercegovina\/item\/289304-hoce-li-danas-biti-politicke-volje-vijece-ministara-bih-ponovo-o-kljucnim-eu-zakonima\/\" \/>\n<meta property=\"og:site_name\" content=\"TuzlaInfo.ba\" \/>\n<meta property=\"article:publisher\" content=\"https:\/\/www.facebook.com\/tuzlainfo.ba\/\" \/>\n<meta property=\"article:published_time\" content=\"2025-12-16T07:08:56+00:00\" \/>\n<meta property=\"og:image\" content=\"https:\/\/tuzlainfo.ba\/wp-content\/uploads\/2025\/02\/2502_vijece_ministara.jpg\" \/>\n\t<meta property=\"og:image:width\" content=\"800\" \/>\n\t<meta property=\"og:image:height\" content=\"413\" \/>\n\t<meta property=\"og:image:type\" content=\"image\/jpeg\" \/>\n<meta name=\"author\" content=\"Admin Tri\" \/>\n<meta name=\"twitter:card\" content=\"summary_large_image\" \/>\n<meta name=\"twitter:label1\" content=\"Written by\" \/>\n\t<meta name=\"twitter:data1\" content=\"Admin Tri\" \/>\n\t<meta name=\"twitter:label2\" content=\"Est. reading time\" \/>\n\t<meta name=\"twitter:data2\" content=\"3 minute\" \/>\n<script type=\"application\/ld+json\" class=\"yoast-schema-graph\">{\"@context\":\"https:\/\/schema.org\",\"@graph\":[{\"@type\":\"Article\",\"@id\":\"https:\/\/tuzlainfo.ba\/index.php\/bosna-i-hercegovina\/item\/289304-hoce-li-danas-biti-politicke-volje-vijece-ministara-bih-ponovo-o-kljucnim-eu-zakonima\/#article\",\"isPartOf\":{\"@id\":\"https:\/\/tuzlainfo.ba\/index.php\/bosna-i-hercegovina\/item\/289304-hoce-li-danas-biti-politicke-volje-vijece-ministara-bih-ponovo-o-kljucnim-eu-zakonima\/\"},\"author\":{\"name\":\"Admin Tri\",\"@id\":\"https:\/\/tuzlainfo.ba\/#\/schema\/person\/593e78a2f6378c5ba3e7600ecfa4e63a\"},\"headline\":\"Ho\u0107e li danas biti politi\u010dke volje? Vije\u0107e ministara BiH ponovo o klju\u010dnim EU zakonima\",\"datePublished\":\"2025-12-16T07:08:56+00:00\",\"dateModified\":\"2025-12-16T07:08:56+00:00\",\"mainEntityOfPage\":{\"@id\":\"https:\/\/tuzlainfo.ba\/index.php\/bosna-i-hercegovina\/item\/289304-hoce-li-danas-biti-politicke-volje-vijece-ministara-bih-ponovo-o-kljucnim-eu-zakonima\/\"},\"wordCount\":496,\"publisher\":{\"@id\":\"https:\/\/tuzlainfo.ba\/#organization\"},\"image\":{\"@id\":\"https:\/\/tuzlainfo.ba\/index.php\/bosna-i-hercegovina\/item\/289304-hoce-li-danas-biti-politicke-volje-vijece-ministara-bih-ponovo-o-kljucnim-eu-zakonima\/#primaryimage\"},\"thumbnailUrl\":\"https:\/\/tuzlainfo.ba\/wp-content\/uploads\/2025\/02\/2502_vijece_ministara.jpg\",\"keywords\":[\"vije\u0107e ministara\"],\"articleSection\":[\"Bosna i Hercegovina\"],\"inLanguage\":\"bs-BA\"},{\"@type\":\"WebPage\",\"@id\":\"https:\/\/tuzlainfo.ba\/index.php\/bosna-i-hercegovina\/item\/289304-hoce-li-danas-biti-politicke-volje-vijece-ministara-bih-ponovo-o-kljucnim-eu-zakonima\/\",\"url\":\"https:\/\/tuzlainfo.ba\/index.php\/bosna-i-hercegovina\/item\/289304-hoce-li-danas-biti-politicke-volje-vijece-ministara-bih-ponovo-o-kljucnim-eu-zakonima\/\",\"name\":\"Ho\u0107e li danas biti politi\u010dke volje? Vije\u0107e ministara BiH ponovo o klju\u010dnim EU zakonima - TuzlaInfo.ba\",\"isPartOf\":{\"@id\":\"https:\/\/tuzlainfo.ba\/#website\"},\"primaryImageOfPage\":{\"@id\":\"https:\/\/tuzlainfo.ba\/index.php\/bosna-i-hercegovina\/item\/289304-hoce-li-danas-biti-politicke-volje-vijece-ministara-bih-ponovo-o-kljucnim-eu-zakonima\/#primaryimage\"},\"image\":{\"@id\":\"https:\/\/tuzlainfo.ba\/index.php\/bosna-i-hercegovina\/item\/289304-hoce-li-danas-biti-politicke-volje-vijece-ministara-bih-ponovo-o-kljucnim-eu-zakonima\/#primaryimage\"},\"thumbnailUrl\":\"https:\/\/tuzlainfo.ba\/wp-content\/uploads\/2025\/02\/2502_vijece_ministara.jpg\",\"datePublished\":\"2025-12-16T07:08:56+00:00\",\"dateModified\":\"2025-12-16T07:08:56+00:00\",\"breadcrumb\":{\"@id\":\"https:\/\/tuzlainfo.ba\/index.php\/bosna-i-hercegovina\/item\/289304-hoce-li-danas-biti-politicke-volje-vijece-ministara-bih-ponovo-o-kljucnim-eu-zakonima\/#breadcrumb\"},\"inLanguage\":\"bs-BA\",\"potentialAction\":[{\"@type\":\"ReadAction\",\"target\":[\"https:\/\/tuzlainfo.ba\/index.php\/bosna-i-hercegovina\/item\/289304-hoce-li-danas-biti-politicke-volje-vijece-ministara-bih-ponovo-o-kljucnim-eu-zakonima\/\"]}]},{\"@type\":\"ImageObject\",\"inLanguage\":\"bs-BA\",\"@id\":\"https:\/\/tuzlainfo.ba\/index.php\/bosna-i-hercegovina\/item\/289304-hoce-li-danas-biti-politicke-volje-vijece-ministara-bih-ponovo-o-kljucnim-eu-zakonima\/#primaryimage\",\"url\":\"https:\/\/tuzlainfo.ba\/wp-content\/uploads\/2025\/02\/2502_vijece_ministara.jpg\",\"contentUrl\":\"https:\/\/tuzlainfo.ba\/wp-content\/uploads\/2025\/02\/2502_vijece_ministara.jpg\",\"width\":800,\"height\":413},{\"@type\":\"BreadcrumbList\",\"@id\":\"https:\/\/tuzlainfo.ba\/index.php\/bosna-i-hercegovina\/item\/289304-hoce-li-danas-biti-politicke-volje-vijece-ministara-bih-ponovo-o-kljucnim-eu-zakonima\/#breadcrumb\",\"itemListElement\":[{\"@type\":\"ListItem\",\"position\":1,\"name\":\"Home\",\"item\":\"https:\/\/tuzlainfo.ba\/\"},{\"@type\":\"ListItem\",\"position\":2,\"name\":\"Ho\u0107e li danas biti politi\u010dke volje? Vije\u0107e ministara BiH ponovo o klju\u010dnim EU zakonima\"}]},{\"@type\":\"WebSite\",\"@id\":\"https:\/\/tuzlainfo.ba\/#website\",\"url\":\"https:\/\/tuzlainfo.ba\/\",\"name\":\"TuzlaInfo.ba\",\"description\":\"Tuzla info, gradski informator - Tuzla na dlanu\",\"publisher\":{\"@id\":\"https:\/\/tuzlainfo.ba\/#organization\"},\"potentialAction\":[{\"@type\":\"SearchAction\",\"target\":{\"@type\":\"EntryPoint\",\"urlTemplate\":\"https:\/\/tuzlainfo.ba\/?s={search_term_string}\"},\"query-input\":{\"@type\":\"PropertyValueSpecification\",\"valueRequired\":true,\"valueName\":\"search_term_string\"}}],\"inLanguage\":\"bs-BA\"},{\"@type\":\"Organization\",\"@id\":\"https:\/\/tuzlainfo.ba\/#organization\",\"name\":\"TuzlaInfo.ba\",\"url\":\"https:\/\/tuzlainfo.ba\/\",\"logo\":{\"@type\":\"ImageObject\",\"inLanguage\":\"bs-BA\",\"@id\":\"https:\/\/tuzlainfo.ba\/#\/schema\/logo\/image\/\",\"url\":\"https:\/\/tuzlainfo.ba\/wp-content\/uploads\/2021\/03\/logo-ver-3-1.png\",\"contentUrl\":\"https:\/\/tuzlainfo.ba\/wp-content\/uploads\/2021\/03\/logo-ver-3-1.png\",\"width\":350,\"height\":95,\"caption\":\"TuzlaInfo.ba\"},\"image\":{\"@id\":\"https:\/\/tuzlainfo.ba\/#\/schema\/logo\/image\/\"},\"sameAs\":[\"https:\/\/www.facebook.com\/tuzlainfo.ba\/\"]},{\"@type\":\"Person\",\"@id\":\"https:\/\/tuzlainfo.ba\/#\/schema\/person\/593e78a2f6378c5ba3e7600ecfa4e63a\",\"name\":\"Admin Tri\",\"image\":{\"@type\":\"ImageObject\",\"inLanguage\":\"bs-BA\",\"@id\":\"https:\/\/tuzlainfo.ba\/#\/schema\/person\/image\/\",\"url\":\"https:\/\/tuzlainfo.ba\/wp-content\/litespeed\/avatar\/b7920db4cc34a71ad12497283ad2fe3f.jpg?ver=1777100914\",\"contentUrl\":\"https:\/\/tuzlainfo.ba\/wp-content\/litespeed\/avatar\/b7920db4cc34a71ad12497283ad2fe3f.jpg?ver=1777100914\",\"caption\":\"Admin Tri\"},\"sameAs\":[\"https:\/\/tuzlainfo.ba\"]}]}<\/script>\n<!-- \/ Yoast SEO plugin. -->","yoast_head_json":{"title":"Ho\u0107e li danas biti politi\u010dke volje? Vije\u0107e ministara BiH ponovo o klju\u010dnim EU zakonima - TuzlaInfo.ba","robots":{"index":"index","follow":"follow","max-snippet":"max-snippet:-1","max-image-preview":"max-image-preview:large","max-video-preview":"max-video-preview:-1"},"canonical":"https:\/\/tuzlainfo.ba\/index.php\/bosna-i-hercegovina\/item\/289304-hoce-li-danas-biti-politicke-volje-vijece-ministara-bih-ponovo-o-kljucnim-eu-zakonima\/","og_locale":"bs_BA","og_type":"article","og_title":"Ho\u0107e li danas biti politi\u010dke volje? Vije\u0107e ministara BiH ponovo o klju\u010dnim EU zakonima - TuzlaInfo.ba","og_description":"Vije\u0107e ministara Bosne i Hercegovine danas bi na sjednici trebalo da se, u drugom krugu&hellip;","og_url":"https:\/\/tuzlainfo.ba\/index.php\/bosna-i-hercegovina\/item\/289304-hoce-li-danas-biti-politicke-volje-vijece-ministara-bih-ponovo-o-kljucnim-eu-zakonima\/","og_site_name":"TuzlaInfo.ba","article_publisher":"https:\/\/www.facebook.com\/tuzlainfo.ba\/","article_published_time":"2025-12-16T07:08:56+00:00","og_image":[{"width":800,"height":413,"url":"https:\/\/tuzlainfo.ba\/wp-content\/uploads\/2025\/02\/2502_vijece_ministara.jpg","type":"image\/jpeg"}],"author":"Admin Tri","twitter_card":"summary_large_image","twitter_misc":{"Written by":"Admin Tri","Est. reading time":"3 minute"},"schema":{"@context":"https:\/\/schema.org","@graph":[{"@type":"Article","@id":"https:\/\/tuzlainfo.ba\/index.php\/bosna-i-hercegovina\/item\/289304-hoce-li-danas-biti-politicke-volje-vijece-ministara-bih-ponovo-o-kljucnim-eu-zakonima\/#article","isPartOf":{"@id":"https:\/\/tuzlainfo.ba\/index.php\/bosna-i-hercegovina\/item\/289304-hoce-li-danas-biti-politicke-volje-vijece-ministara-bih-ponovo-o-kljucnim-eu-zakonima\/"},"author":{"name":"Admin Tri","@id":"https:\/\/tuzlainfo.ba\/#\/schema\/person\/593e78a2f6378c5ba3e7600ecfa4e63a"},"headline":"Ho\u0107e li danas biti politi\u010dke volje? Vije\u0107e ministara BiH ponovo o klju\u010dnim EU zakonima","datePublished":"2025-12-16T07:08:56+00:00","dateModified":"2025-12-16T07:08:56+00:00","mainEntityOfPage":{"@id":"https:\/\/tuzlainfo.ba\/index.php\/bosna-i-hercegovina\/item\/289304-hoce-li-danas-biti-politicke-volje-vijece-ministara-bih-ponovo-o-kljucnim-eu-zakonima\/"},"wordCount":496,"publisher":{"@id":"https:\/\/tuzlainfo.ba\/#organization"},"image":{"@id":"https:\/\/tuzlainfo.ba\/index.php\/bosna-i-hercegovina\/item\/289304-hoce-li-danas-biti-politicke-volje-vijece-ministara-bih-ponovo-o-kljucnim-eu-zakonima\/#primaryimage"},"thumbnailUrl":"https:\/\/tuzlainfo.ba\/wp-content\/uploads\/2025\/02\/2502_vijece_ministara.jpg","keywords":["vije\u0107e ministara"],"articleSection":["Bosna i Hercegovina"],"inLanguage":"bs-BA"},{"@type":"WebPage","@id":"https:\/\/tuzlainfo.ba\/index.php\/bosna-i-hercegovina\/item\/289304-hoce-li-danas-biti-politicke-volje-vijece-ministara-bih-ponovo-o-kljucnim-eu-zakonima\/","url":"https:\/\/tuzlainfo.ba\/index.php\/bosna-i-hercegovina\/item\/289304-hoce-li-danas-biti-politicke-volje-vijece-ministara-bih-ponovo-o-kljucnim-eu-zakonima\/","name":"Ho\u0107e li danas biti politi\u010dke volje? Vije\u0107e ministara BiH ponovo o klju\u010dnim EU zakonima - TuzlaInfo.ba","isPartOf":{"@id":"https:\/\/tuzlainfo.ba\/#website"},"primaryImageOfPage":{"@id":"https:\/\/tuzlainfo.ba\/index.php\/bosna-i-hercegovina\/item\/289304-hoce-li-danas-biti-politicke-volje-vijece-ministara-bih-ponovo-o-kljucnim-eu-zakonima\/#primaryimage"},"image":{"@id":"https:\/\/tuzlainfo.ba\/index.php\/bosna-i-hercegovina\/item\/289304-hoce-li-danas-biti-politicke-volje-vijece-ministara-bih-ponovo-o-kljucnim-eu-zakonima\/#primaryimage"},"thumbnailUrl":"https:\/\/tuzlainfo.ba\/wp-content\/uploads\/2025\/02\/2502_vijece_ministara.jpg","datePublished":"2025-12-16T07:08:56+00:00","dateModified":"2025-12-16T07:08:56+00:00","breadcrumb":{"@id":"https:\/\/tuzlainfo.ba\/index.php\/bosna-i-hercegovina\/item\/289304-hoce-li-danas-biti-politicke-volje-vijece-ministara-bih-ponovo-o-kljucnim-eu-zakonima\/#breadcrumb"},"inLanguage":"bs-BA","potentialAction":[{"@type":"ReadAction","target":["https:\/\/tuzlainfo.ba\/index.php\/bosna-i-hercegovina\/item\/289304-hoce-li-danas-biti-politicke-volje-vijece-ministara-bih-ponovo-o-kljucnim-eu-zakonima\/"]}]},{"@type":"ImageObject","inLanguage":"bs-BA","@id":"https:\/\/tuzlainfo.ba\/index.php\/bosna-i-hercegovina\/item\/289304-hoce-li-danas-biti-politicke-volje-vijece-ministara-bih-ponovo-o-kljucnim-eu-zakonima\/#primaryimage","url":"https:\/\/tuzlainfo.ba\/wp-content\/uploads\/2025\/02\/2502_vijece_ministara.jpg","contentUrl":"https:\/\/tuzlainfo.ba\/wp-content\/uploads\/2025\/02\/2502_vijece_ministara.jpg","width":800,"height":413},{"@type":"BreadcrumbList","@id":"https:\/\/tuzlainfo.ba\/index.php\/bosna-i-hercegovina\/item\/289304-hoce-li-danas-biti-politicke-volje-vijece-ministara-bih-ponovo-o-kljucnim-eu-zakonima\/#breadcrumb","itemListElement":[{"@type":"ListItem","position":1,"name":"Home","item":"https:\/\/tuzlainfo.ba\/"},{"@type":"ListItem","position":2,"name":"Ho\u0107e li danas biti politi\u010dke volje? Vije\u0107e ministara BiH ponovo o klju\u010dnim EU zakonima"}]},{"@type":"WebSite","@id":"https:\/\/tuzlainfo.ba\/#website","url":"https:\/\/tuzlainfo.ba\/","name":"TuzlaInfo.ba","description":"Tuzla info, gradski informator - Tuzla na dlanu","publisher":{"@id":"https:\/\/tuzlainfo.ba\/#organization"},"potentialAction":[{"@type":"SearchAction","target":{"@type":"EntryPoint","urlTemplate":"https:\/\/tuzlainfo.ba\/?s={search_term_string}"},"query-input":{"@type":"PropertyValueSpecification","valueRequired":true,"valueName":"search_term_string"}}],"inLanguage":"bs-BA"},{"@type":"Organization","@id":"https:\/\/tuzlainfo.ba\/#organization","name":"TuzlaInfo.ba","url":"https:\/\/tuzlainfo.ba\/","logo":{"@type":"ImageObject","inLanguage":"bs-BA","@id":"https:\/\/tuzlainfo.ba\/#\/schema\/logo\/image\/","url":"https:\/\/tuzlainfo.ba\/wp-content\/uploads\/2021\/03\/logo-ver-3-1.png","contentUrl":"https:\/\/tuzlainfo.ba\/wp-content\/uploads\/2021\/03\/logo-ver-3-1.png","width":350,"height":95,"caption":"TuzlaInfo.ba"},"image":{"@id":"https:\/\/tuzlainfo.ba\/#\/schema\/logo\/image\/"},"sameAs":["https:\/\/www.facebook.com\/tuzlainfo.ba\/"]},{"@type":"Person","@id":"https:\/\/tuzlainfo.ba\/#\/schema\/person\/593e78a2f6378c5ba3e7600ecfa4e63a","name":"Admin Tri","image":{"@type":"ImageObject","inLanguage":"bs-BA","@id":"https:\/\/tuzlainfo.ba\/#\/schema\/person\/image\/","url":"https:\/\/tuzlainfo.ba\/wp-content\/litespeed\/avatar\/b7920db4cc34a71ad12497283ad2fe3f.jpg?ver=1777100914","contentUrl":"https:\/\/tuzlainfo.ba\/wp-content\/litespeed\/avatar\/b7920db4cc34a71ad12497283ad2fe3f.jpg?ver=1777100914","caption":"Admin Tri"},"sameAs":["https:\/\/tuzlainfo.ba"]}]}},"_links":{"self":[{"href":"https:\/\/tuzlainfo.ba\/index.php\/wp-json\/wp\/v2\/posts\/289304"}],"collection":[{"href":"https:\/\/tuzlainfo.ba\/index.php\/wp-json\/wp\/v2\/posts"}],"about":[{"href":"https:\/\/tuzlainfo.ba\/index.php\/wp-json\/wp\/v2\/types\/post"}],"author":[{"embeddable":true,"href":"https:\/\/tuzlainfo.ba\/index.php\/wp-json\/wp\/v2\/users\/8"}],"replies":[{"embeddable":true,"href":"https:\/\/tuzlainfo.ba\/index.php\/wp-json\/wp\/v2\/comments?post=289304"}],"version-history":[{"count":1,"href":"https:\/\/tuzlainfo.ba\/index.php\/wp-json\/wp\/v2\/posts\/289304\/revisions"}],"predecessor-version":[{"id":289305,"href":"https:\/\/tuzlainfo.ba\/index.php\/wp-json\/wp\/v2\/posts\/289304\/revisions\/289305"}],"wp:featuredmedia":[{"embeddable":true,"href":"https:\/\/tuzlainfo.ba\/index.php\/wp-json\/wp\/v2\/media\/263659"}],"wp:attachment":[{"href":"https:\/\/tuzlainfo.ba\/index.php\/wp-json\/wp\/v2\/media?parent=289304"}],"wp:term":[{"taxonomy":"category","embeddable":true,"href":"https:\/\/tuzlainfo.ba\/index.php\/wp-json\/wp\/v2\/categories?post=289304"},{"taxonomy":"post_tag","embeddable":true,"href":"https:\/\/tuzlainfo.ba\/index.php\/wp-json\/wp\/v2\/tags?post=289304"}],"curies":[{"name":"wp","href":"https:\/\/api.w.org\/{rel}","templated":true}]}}