{"id":289132,"date":"2025-12-14T11:02:49","date_gmt":"2025-12-14T10:02:49","guid":{"rendered":"https:\/\/tuzlainfo.ba\/?p=289132"},"modified":"2025-12-13T09:20:24","modified_gmt":"2025-12-13T08:20:24","slug":"tuzla-u-srijedu-okrugli-sto-o-javnom-i-privatnom-sektoru-u-zdravstvenoj-zastiti-u-tk","status":"publish","type":"post","link":"https:\/\/tuzlainfo.ba\/index.php\/novosti\/item\/289132-tuzla-u-srijedu-okrugli-sto-o-javnom-i-privatnom-sektoru-u-zdravstvenoj-zastiti-u-tk\/","title":{"rendered":"Tuzla: U srijedu okrugli sto o javnom i privatnom sektoru u zdravstvenoj za\u0161titi u TK"},"content":{"rendered":"<p data-start=\"99\" data-end=\"498\">U organizaciji Udru\u017eenja gra\u0111ana \u201eTuzlanski akademski klub\u201c, u srijedu, 17. decembra, u Kongresnoj sali Grand Hotela Tuzla bit \u0107e odr\u017ean okrugli sto posve\u0107en ulozi javnog i privatnog sektora u unapre\u0111enju zdravstvene za\u0161tite u Tuzlanskom kantonu. Skup po\u010dinje u 13 sati, a cilj mu je otvorena i argumentirana razmjena stavova o funkcioniranju zdravstvenog sistema i mogu\u0107nostima njegovog unapre\u0111enja.<\/p>\n<p data-start=\"500\" data-end=\"767\">Kako je najavljeno, okrugli sto ima za cilj da, na osnovu \u010dinjenica i iskustava svih aktera u sistemu, ponudi dodatni uvid u procese i postupke usmjerene ka kvalitetnijoj zdravstvenoj za\u0161titi gra\u0111ana Tuzlanskog kantona. Moderator skupa bit \u0107e novinar Emir Altumbabi\u0107.<\/p>\n<p data-start=\"769\" data-end=\"1336\">U uvodnom dijelu, u\u010desnicima \u0107e se obratiti predsjednik Tuzlanskog akademskog kluba prof. dr. Bahrija Umihani\u0107, koji \u0107e govoriti o ulozi akademske zajednice u artikuliranju i unapre\u0111enju zdravstvene za\u0161tite gra\u0111ana TK. Ministar zdravstva TK, prim. dr. med. Du\u0161anka Be\u0107irovi\u0107, predstavit \u0107e regulatorni okvir, strate\u0161ke ciljeve, standardizaciju i nadzor zdravstvene za\u0161tite u kantonu, dok \u0107e predsjednica Ljekarske komore TK, prof. dr. sci. med. Lejla Me\u0161ali\u0107, govoriti o profesionalnim standardima, etici pru\u017eanja usluga u oba sektora te za\u0161titi pacijenata i ljekara.<\/p>\n<p data-start=\"1338\" data-end=\"1956\">U nastavku programa planirana su izlaganja predstavnika klju\u010dnih institucija zdravstvenog sistema. V.d. na\u010delnika sektora za poslove organizacije i pobolj\u0161anja kvaliteta UKC Tuzla Almir Huri\u0107, MA iur, govorit \u0107e o ulozi i izazovima javnog sektora u zdravstvenoj za\u0161titi na podru\u010dju TK, dok \u0107e direktor privatne zdravstvene ustanove Medical Institute Bayer Tuzla, prof. dr. sci. med. Elmir Jahi\u0107, predstaviti doprinos privatnog sektora u ovom sistemu. O finansiranju i reguliranju javnog i privatnog sektora zdravstvene za\u0161tite govorit \u0107e direktor Zavoda zdravstvenog osiguranja Tuzlanskog kantona doc. dr. Denis Husi\u0107.<\/p>\n<p data-start=\"1958\" data-end=\"2182\">Program predvi\u0111a i otvorenu diskusiju tokom koje \u0107e u\u010desnici imati priliku postavljati pitanja, iznositi komentare i prijedloge, a zavr\u0161etak okruglog stola planiran je prezentacijom zaklju\u010daka koji \u0107e biti dostupni javnosti.<\/p>\n<p data-start=\"2184\" data-end=\"2470\" data-is-last-node=\"\" data-is-only-node=\"\">Organizatori su pozvali \u010dlanove akademske zajednice, predstavnike institucija, privrednog i nevladinog sektora, kao i zainteresirane gra\u0111ane, da uzmu aktivno u\u010de\u0161\u0107e i doprinesu razmjeni mi\u0161ljenja i kreiranju prijedloga u interesu svih korisnika zdravstvene za\u0161tite u Tuzlanskom kantonu.<\/p>\n","protected":false},"excerpt":{"rendered":"<p>U organizaciji Udru\u017eenja gra\u0111ana \u201eTuzlanski akademski klub\u201c, u srijedu, 17. decembra, u Kongresnoj sali Grand&hellip;<\/p>\n","protected":false},"author":2,"featured_media":250258,"comment_status":"closed","ping_status":"closed","sticky":false,"template":"","format":"standard","meta":{"_acf_changed":false,"footnotes":""},"categories":[12],"tags":[5649],"acf":[],"yoast_head":"<!-- This site is optimized with the Yoast SEO plugin v23.5 - https:\/\/yoast.com\/wordpress\/plugins\/seo\/ -->\n<title>Tuzla: U srijedu okrugli sto o javnom i privatnom sektoru u zdravstvenoj za\u0161titi u TK - TuzlaInfo.ba<\/title>\n<meta name=\"robots\" content=\"index, follow, max-snippet:-1, max-image-preview:large, max-video-preview:-1\" \/>\n<link rel=\"canonical\" href=\"https:\/\/tuzlainfo.ba\/index.php\/novosti\/item\/289132-tuzla-u-srijedu-okrugli-sto-o-javnom-i-privatnom-sektoru-u-zdravstvenoj-zastiti-u-tk\/\" \/>\n<meta property=\"og:locale\" content=\"bs_BA\" \/>\n<meta property=\"og:type\" content=\"article\" \/>\n<meta property=\"og:title\" content=\"Tuzla: U srijedu okrugli sto o javnom i privatnom sektoru u zdravstvenoj za\u0161titi u TK - TuzlaInfo.ba\" \/>\n<meta property=\"og:description\" content=\"U organizaciji Udru\u017eenja gra\u0111ana \u201eTuzlanski akademski klub\u201c, u srijedu, 17. decembra, u Kongresnoj sali Grand&hellip;\" \/>\n<meta property=\"og:url\" content=\"https:\/\/tuzlainfo.ba\/index.php\/novosti\/item\/289132-tuzla-u-srijedu-okrugli-sto-o-javnom-i-privatnom-sektoru-u-zdravstvenoj-zastiti-u-tk\/\" \/>\n<meta property=\"og:site_name\" content=\"TuzlaInfo.ba\" \/>\n<meta property=\"article:publisher\" content=\"https:\/\/www.facebook.com\/tuzlainfo.ba\/\" \/>\n<meta property=\"article:published_time\" content=\"2025-12-14T10:02:49+00:00\" \/>\n<meta property=\"article:modified_time\" content=\"2025-12-13T08:20:24+00:00\" \/>\n<meta property=\"og:image\" content=\"https:\/\/tuzlainfo.ba\/wp-content\/uploads\/2024\/09\/zdravstvo_ambulanta.jpg\" \/>\n\t<meta property=\"og:image:width\" content=\"1000\" \/>\n\t<meta property=\"og:image:height\" content=\"591\" \/>\n\t<meta property=\"og:image:type\" content=\"image\/jpeg\" \/>\n<meta name=\"author\" content=\"nedim\" \/>\n<meta name=\"twitter:card\" content=\"summary_large_image\" \/>\n<meta name=\"twitter:label1\" content=\"Written by\" \/>\n\t<meta name=\"twitter:data1\" content=\"nedim\" \/>\n\t<meta name=\"twitter:label2\" content=\"Est. reading time\" \/>\n\t<meta name=\"twitter:data2\" content=\"2 minute\" \/>\n<script type=\"application\/ld+json\" class=\"yoast-schema-graph\">{\"@context\":\"https:\/\/schema.org\",\"@graph\":[{\"@type\":\"Article\",\"@id\":\"https:\/\/tuzlainfo.ba\/index.php\/novosti\/item\/289132-tuzla-u-srijedu-okrugli-sto-o-javnom-i-privatnom-sektoru-u-zdravstvenoj-zastiti-u-tk\/#article\",\"isPartOf\":{\"@id\":\"https:\/\/tuzlainfo.ba\/index.php\/novosti\/item\/289132-tuzla-u-srijedu-okrugli-sto-o-javnom-i-privatnom-sektoru-u-zdravstvenoj-zastiti-u-tk\/\"},\"author\":{\"name\":\"nedim\",\"@id\":\"https:\/\/tuzlainfo.ba\/#\/schema\/person\/f434e20dc27ea133923aab08451b7f7f\"},\"headline\":\"Tuzla: U srijedu okrugli sto o javnom i privatnom sektoru u zdravstvenoj za\u0161titi u TK\",\"datePublished\":\"2025-12-14T10:02:49+00:00\",\"dateModified\":\"2025-12-13T08:20:24+00:00\",\"mainEntityOfPage\":{\"@id\":\"https:\/\/tuzlainfo.ba\/index.php\/novosti\/item\/289132-tuzla-u-srijedu-okrugli-sto-o-javnom-i-privatnom-sektoru-u-zdravstvenoj-zastiti-u-tk\/\"},\"wordCount\":378,\"publisher\":{\"@id\":\"https:\/\/tuzlainfo.ba\/#organization\"},\"image\":{\"@id\":\"https:\/\/tuzlainfo.ba\/index.php\/novosti\/item\/289132-tuzla-u-srijedu-okrugli-sto-o-javnom-i-privatnom-sektoru-u-zdravstvenoj-zastiti-u-tk\/#primaryimage\"},\"thumbnailUrl\":\"https:\/\/tuzlainfo.ba\/wp-content\/uploads\/2024\/09\/zdravstvo_ambulanta.jpg\",\"keywords\":[\"okrugli sto\"],\"articleSection\":[\"Novosti\"],\"inLanguage\":\"bs-BA\"},{\"@type\":\"WebPage\",\"@id\":\"https:\/\/tuzlainfo.ba\/index.php\/novosti\/item\/289132-tuzla-u-srijedu-okrugli-sto-o-javnom-i-privatnom-sektoru-u-zdravstvenoj-zastiti-u-tk\/\",\"url\":\"https:\/\/tuzlainfo.ba\/index.php\/novosti\/item\/289132-tuzla-u-srijedu-okrugli-sto-o-javnom-i-privatnom-sektoru-u-zdravstvenoj-zastiti-u-tk\/\",\"name\":\"Tuzla: U srijedu okrugli sto o javnom i privatnom sektoru u zdravstvenoj za\u0161titi u TK - TuzlaInfo.ba\",\"isPartOf\":{\"@id\":\"https:\/\/tuzlainfo.ba\/#website\"},\"primaryImageOfPage\":{\"@id\":\"https:\/\/tuzlainfo.ba\/index.php\/novosti\/item\/289132-tuzla-u-srijedu-okrugli-sto-o-javnom-i-privatnom-sektoru-u-zdravstvenoj-zastiti-u-tk\/#primaryimage\"},\"image\":{\"@id\":\"https:\/\/tuzlainfo.ba\/index.php\/novosti\/item\/289132-tuzla-u-srijedu-okrugli-sto-o-javnom-i-privatnom-sektoru-u-zdravstvenoj-zastiti-u-tk\/#primaryimage\"},\"thumbnailUrl\":\"https:\/\/tuzlainfo.ba\/wp-content\/uploads\/2024\/09\/zdravstvo_ambulanta.jpg\",\"datePublished\":\"2025-12-14T10:02:49+00:00\",\"dateModified\":\"2025-12-13T08:20:24+00:00\",\"breadcrumb\":{\"@id\":\"https:\/\/tuzlainfo.ba\/index.php\/novosti\/item\/289132-tuzla-u-srijedu-okrugli-sto-o-javnom-i-privatnom-sektoru-u-zdravstvenoj-zastiti-u-tk\/#breadcrumb\"},\"inLanguage\":\"bs-BA\",\"potentialAction\":[{\"@type\":\"ReadAction\",\"target\":[\"https:\/\/tuzlainfo.ba\/index.php\/novosti\/item\/289132-tuzla-u-srijedu-okrugli-sto-o-javnom-i-privatnom-sektoru-u-zdravstvenoj-zastiti-u-tk\/\"]}]},{\"@type\":\"ImageObject\",\"inLanguage\":\"bs-BA\",\"@id\":\"https:\/\/tuzlainfo.ba\/index.php\/novosti\/item\/289132-tuzla-u-srijedu-okrugli-sto-o-javnom-i-privatnom-sektoru-u-zdravstvenoj-zastiti-u-tk\/#primaryimage\",\"url\":\"https:\/\/tuzlainfo.ba\/wp-content\/uploads\/2024\/09\/zdravstvo_ambulanta.jpg\",\"contentUrl\":\"https:\/\/tuzlainfo.ba\/wp-content\/uploads\/2024\/09\/zdravstvo_ambulanta.jpg\",\"width\":1000,\"height\":591},{\"@type\":\"BreadcrumbList\",\"@id\":\"https:\/\/tuzlainfo.ba\/index.php\/novosti\/item\/289132-tuzla-u-srijedu-okrugli-sto-o-javnom-i-privatnom-sektoru-u-zdravstvenoj-zastiti-u-tk\/#breadcrumb\",\"itemListElement\":[{\"@type\":\"ListItem\",\"position\":1,\"name\":\"Home\",\"item\":\"https:\/\/tuzlainfo.ba\/\"},{\"@type\":\"ListItem\",\"position\":2,\"name\":\"Tuzla: U srijedu okrugli sto o javnom i privatnom sektoru u zdravstvenoj za\u0161titi u TK\"}]},{\"@type\":\"WebSite\",\"@id\":\"https:\/\/tuzlainfo.ba\/#website\",\"url\":\"https:\/\/tuzlainfo.ba\/\",\"name\":\"TuzlaInfo.ba\",\"description\":\"Tuzla info, gradski informator - Tuzla na dlanu\",\"publisher\":{\"@id\":\"https:\/\/tuzlainfo.ba\/#organization\"},\"potentialAction\":[{\"@type\":\"SearchAction\",\"target\":{\"@type\":\"EntryPoint\",\"urlTemplate\":\"https:\/\/tuzlainfo.ba\/?s={search_term_string}\"},\"query-input\":{\"@type\":\"PropertyValueSpecification\",\"valueRequired\":true,\"valueName\":\"search_term_string\"}}],\"inLanguage\":\"bs-BA\"},{\"@type\":\"Organization\",\"@id\":\"https:\/\/tuzlainfo.ba\/#organization\",\"name\":\"TuzlaInfo.ba\",\"url\":\"https:\/\/tuzlainfo.ba\/\",\"logo\":{\"@type\":\"ImageObject\",\"inLanguage\":\"bs-BA\",\"@id\":\"https:\/\/tuzlainfo.ba\/#\/schema\/logo\/image\/\",\"url\":\"https:\/\/tuzlainfo.ba\/wp-content\/uploads\/2021\/03\/logo-ver-3-1.png\",\"contentUrl\":\"https:\/\/tuzlainfo.ba\/wp-content\/uploads\/2021\/03\/logo-ver-3-1.png\",\"width\":350,\"height\":95,\"caption\":\"TuzlaInfo.ba\"},\"image\":{\"@id\":\"https:\/\/tuzlainfo.ba\/#\/schema\/logo\/image\/\"},\"sameAs\":[\"https:\/\/www.facebook.com\/tuzlainfo.ba\/\"]},{\"@type\":\"Person\",\"@id\":\"https:\/\/tuzlainfo.ba\/#\/schema\/person\/f434e20dc27ea133923aab08451b7f7f\",\"name\":\"nedim\",\"image\":{\"@type\":\"ImageObject\",\"inLanguage\":\"bs-BA\",\"@id\":\"https:\/\/tuzlainfo.ba\/#\/schema\/person\/image\/\",\"url\":\"https:\/\/tuzlainfo.ba\/wp-content\/litespeed\/avatar\/aabad687af24844af817603ac1cbdc4f.jpg?ver=1777306975\",\"contentUrl\":\"https:\/\/tuzlainfo.ba\/wp-content\/litespeed\/avatar\/aabad687af24844af817603ac1cbdc4f.jpg?ver=1777306975\",\"caption\":\"nedim\"},\"description\":\"Tuzlainfo.ba pratite na dru\u0161tvenim mre\u017eama: Facebook, Instagram i Youtube. Svoje pri\u010de, upite i fotografije \u0161aljite na na\u0161u e-mail adresu.\"}]}<\/script>\n<!-- \/ Yoast SEO plugin. -->","yoast_head_json":{"title":"Tuzla: U srijedu okrugli sto o javnom i privatnom sektoru u zdravstvenoj za\u0161titi u TK - TuzlaInfo.ba","robots":{"index":"index","follow":"follow","max-snippet":"max-snippet:-1","max-image-preview":"max-image-preview:large","max-video-preview":"max-video-preview:-1"},"canonical":"https:\/\/tuzlainfo.ba\/index.php\/novosti\/item\/289132-tuzla-u-srijedu-okrugli-sto-o-javnom-i-privatnom-sektoru-u-zdravstvenoj-zastiti-u-tk\/","og_locale":"bs_BA","og_type":"article","og_title":"Tuzla: U srijedu okrugli sto o javnom i privatnom sektoru u zdravstvenoj za\u0161titi u TK - TuzlaInfo.ba","og_description":"U organizaciji Udru\u017eenja gra\u0111ana \u201eTuzlanski akademski klub\u201c, u srijedu, 17. decembra, u Kongresnoj sali Grand&hellip;","og_url":"https:\/\/tuzlainfo.ba\/index.php\/novosti\/item\/289132-tuzla-u-srijedu-okrugli-sto-o-javnom-i-privatnom-sektoru-u-zdravstvenoj-zastiti-u-tk\/","og_site_name":"TuzlaInfo.ba","article_publisher":"https:\/\/www.facebook.com\/tuzlainfo.ba\/","article_published_time":"2025-12-14T10:02:49+00:00","article_modified_time":"2025-12-13T08:20:24+00:00","og_image":[{"width":1000,"height":591,"url":"https:\/\/tuzlainfo.ba\/wp-content\/uploads\/2024\/09\/zdravstvo_ambulanta.jpg","type":"image\/jpeg"}],"author":"nedim","twitter_card":"summary_large_image","twitter_misc":{"Written by":"nedim","Est. reading time":"2 minute"},"schema":{"@context":"https:\/\/schema.org","@graph":[{"@type":"Article","@id":"https:\/\/tuzlainfo.ba\/index.php\/novosti\/item\/289132-tuzla-u-srijedu-okrugli-sto-o-javnom-i-privatnom-sektoru-u-zdravstvenoj-zastiti-u-tk\/#article","isPartOf":{"@id":"https:\/\/tuzlainfo.ba\/index.php\/novosti\/item\/289132-tuzla-u-srijedu-okrugli-sto-o-javnom-i-privatnom-sektoru-u-zdravstvenoj-zastiti-u-tk\/"},"author":{"name":"nedim","@id":"https:\/\/tuzlainfo.ba\/#\/schema\/person\/f434e20dc27ea133923aab08451b7f7f"},"headline":"Tuzla: U srijedu okrugli sto o javnom i privatnom sektoru u zdravstvenoj za\u0161titi u TK","datePublished":"2025-12-14T10:02:49+00:00","dateModified":"2025-12-13T08:20:24+00:00","mainEntityOfPage":{"@id":"https:\/\/tuzlainfo.ba\/index.php\/novosti\/item\/289132-tuzla-u-srijedu-okrugli-sto-o-javnom-i-privatnom-sektoru-u-zdravstvenoj-zastiti-u-tk\/"},"wordCount":378,"publisher":{"@id":"https:\/\/tuzlainfo.ba\/#organization"},"image":{"@id":"https:\/\/tuzlainfo.ba\/index.php\/novosti\/item\/289132-tuzla-u-srijedu-okrugli-sto-o-javnom-i-privatnom-sektoru-u-zdravstvenoj-zastiti-u-tk\/#primaryimage"},"thumbnailUrl":"https:\/\/tuzlainfo.ba\/wp-content\/uploads\/2024\/09\/zdravstvo_ambulanta.jpg","keywords":["okrugli sto"],"articleSection":["Novosti"],"inLanguage":"bs-BA"},{"@type":"WebPage","@id":"https:\/\/tuzlainfo.ba\/index.php\/novosti\/item\/289132-tuzla-u-srijedu-okrugli-sto-o-javnom-i-privatnom-sektoru-u-zdravstvenoj-zastiti-u-tk\/","url":"https:\/\/tuzlainfo.ba\/index.php\/novosti\/item\/289132-tuzla-u-srijedu-okrugli-sto-o-javnom-i-privatnom-sektoru-u-zdravstvenoj-zastiti-u-tk\/","name":"Tuzla: U srijedu okrugli sto o javnom i privatnom sektoru u zdravstvenoj za\u0161titi u TK - TuzlaInfo.ba","isPartOf":{"@id":"https:\/\/tuzlainfo.ba\/#website"},"primaryImageOfPage":{"@id":"https:\/\/tuzlainfo.ba\/index.php\/novosti\/item\/289132-tuzla-u-srijedu-okrugli-sto-o-javnom-i-privatnom-sektoru-u-zdravstvenoj-zastiti-u-tk\/#primaryimage"},"image":{"@id":"https:\/\/tuzlainfo.ba\/index.php\/novosti\/item\/289132-tuzla-u-srijedu-okrugli-sto-o-javnom-i-privatnom-sektoru-u-zdravstvenoj-zastiti-u-tk\/#primaryimage"},"thumbnailUrl":"https:\/\/tuzlainfo.ba\/wp-content\/uploads\/2024\/09\/zdravstvo_ambulanta.jpg","datePublished":"2025-12-14T10:02:49+00:00","dateModified":"2025-12-13T08:20:24+00:00","breadcrumb":{"@id":"https:\/\/tuzlainfo.ba\/index.php\/novosti\/item\/289132-tuzla-u-srijedu-okrugli-sto-o-javnom-i-privatnom-sektoru-u-zdravstvenoj-zastiti-u-tk\/#breadcrumb"},"inLanguage":"bs-BA","potentialAction":[{"@type":"ReadAction","target":["https:\/\/tuzlainfo.ba\/index.php\/novosti\/item\/289132-tuzla-u-srijedu-okrugli-sto-o-javnom-i-privatnom-sektoru-u-zdravstvenoj-zastiti-u-tk\/"]}]},{"@type":"ImageObject","inLanguage":"bs-BA","@id":"https:\/\/tuzlainfo.ba\/index.php\/novosti\/item\/289132-tuzla-u-srijedu-okrugli-sto-o-javnom-i-privatnom-sektoru-u-zdravstvenoj-zastiti-u-tk\/#primaryimage","url":"https:\/\/tuzlainfo.ba\/wp-content\/uploads\/2024\/09\/zdravstvo_ambulanta.jpg","contentUrl":"https:\/\/tuzlainfo.ba\/wp-content\/uploads\/2024\/09\/zdravstvo_ambulanta.jpg","width":1000,"height":591},{"@type":"BreadcrumbList","@id":"https:\/\/tuzlainfo.ba\/index.php\/novosti\/item\/289132-tuzla-u-srijedu-okrugli-sto-o-javnom-i-privatnom-sektoru-u-zdravstvenoj-zastiti-u-tk\/#breadcrumb","itemListElement":[{"@type":"ListItem","position":1,"name":"Home","item":"https:\/\/tuzlainfo.ba\/"},{"@type":"ListItem","position":2,"name":"Tuzla: U srijedu okrugli sto o javnom i privatnom sektoru u zdravstvenoj za\u0161titi u TK"}]},{"@type":"WebSite","@id":"https:\/\/tuzlainfo.ba\/#website","url":"https:\/\/tuzlainfo.ba\/","name":"TuzlaInfo.ba","description":"Tuzla info, gradski informator - Tuzla na dlanu","publisher":{"@id":"https:\/\/tuzlainfo.ba\/#organization"},"potentialAction":[{"@type":"SearchAction","target":{"@type":"EntryPoint","urlTemplate":"https:\/\/tuzlainfo.ba\/?s={search_term_string}"},"query-input":{"@type":"PropertyValueSpecification","valueRequired":true,"valueName":"search_term_string"}}],"inLanguage":"bs-BA"},{"@type":"Organization","@id":"https:\/\/tuzlainfo.ba\/#organization","name":"TuzlaInfo.ba","url":"https:\/\/tuzlainfo.ba\/","logo":{"@type":"ImageObject","inLanguage":"bs-BA","@id":"https:\/\/tuzlainfo.ba\/#\/schema\/logo\/image\/","url":"https:\/\/tuzlainfo.ba\/wp-content\/uploads\/2021\/03\/logo-ver-3-1.png","contentUrl":"https:\/\/tuzlainfo.ba\/wp-content\/uploads\/2021\/03\/logo-ver-3-1.png","width":350,"height":95,"caption":"TuzlaInfo.ba"},"image":{"@id":"https:\/\/tuzlainfo.ba\/#\/schema\/logo\/image\/"},"sameAs":["https:\/\/www.facebook.com\/tuzlainfo.ba\/"]},{"@type":"Person","@id":"https:\/\/tuzlainfo.ba\/#\/schema\/person\/f434e20dc27ea133923aab08451b7f7f","name":"nedim","image":{"@type":"ImageObject","inLanguage":"bs-BA","@id":"https:\/\/tuzlainfo.ba\/#\/schema\/person\/image\/","url":"https:\/\/tuzlainfo.ba\/wp-content\/litespeed\/avatar\/aabad687af24844af817603ac1cbdc4f.jpg?ver=1777306975","contentUrl":"https:\/\/tuzlainfo.ba\/wp-content\/litespeed\/avatar\/aabad687af24844af817603ac1cbdc4f.jpg?ver=1777306975","caption":"nedim"},"description":"Tuzlainfo.ba pratite na dru\u0161tvenim mre\u017eama: Facebook, Instagram i Youtube. Svoje pri\u010de, upite i fotografije \u0161aljite na na\u0161u e-mail adresu."}]}},"_links":{"self":[{"href":"https:\/\/tuzlainfo.ba\/index.php\/wp-json\/wp\/v2\/posts\/289132"}],"collection":[{"href":"https:\/\/tuzlainfo.ba\/index.php\/wp-json\/wp\/v2\/posts"}],"about":[{"href":"https:\/\/tuzlainfo.ba\/index.php\/wp-json\/wp\/v2\/types\/post"}],"author":[{"embeddable":true,"href":"https:\/\/tuzlainfo.ba\/index.php\/wp-json\/wp\/v2\/users\/2"}],"replies":[{"embeddable":true,"href":"https:\/\/tuzlainfo.ba\/index.php\/wp-json\/wp\/v2\/comments?post=289132"}],"version-history":[{"count":1,"href":"https:\/\/tuzlainfo.ba\/index.php\/wp-json\/wp\/v2\/posts\/289132\/revisions"}],"predecessor-version":[{"id":289133,"href":"https:\/\/tuzlainfo.ba\/index.php\/wp-json\/wp\/v2\/posts\/289132\/revisions\/289133"}],"wp:featuredmedia":[{"embeddable":true,"href":"https:\/\/tuzlainfo.ba\/index.php\/wp-json\/wp\/v2\/media\/250258"}],"wp:attachment":[{"href":"https:\/\/tuzlainfo.ba\/index.php\/wp-json\/wp\/v2\/media?parent=289132"}],"wp:term":[{"taxonomy":"category","embeddable":true,"href":"https:\/\/tuzlainfo.ba\/index.php\/wp-json\/wp\/v2\/categories?post=289132"},{"taxonomy":"post_tag","embeddable":true,"href":"https:\/\/tuzlainfo.ba\/index.php\/wp-json\/wp\/v2\/tags?post=289132"}],"curies":[{"name":"wp","href":"https:\/\/api.w.org\/{rel}","templated":true}]}}