{"id":289078,"date":"2025-12-12T18:11:38","date_gmt":"2025-12-12T17:11:38","guid":{"rendered":"https:\/\/tuzlainfo.ba\/?p=289078"},"modified":"2025-12-12T15:23:16","modified_gmt":"2025-12-12T14:23:16","slug":"za-vikend-najavljena-zabava-na-trgu-slobode-za-najmladje","status":"publish","type":"post","link":"https:\/\/tuzlainfo.ba\/index.php\/najava-dogadaja-2\/item\/289078-za-vikend-najavljena-zabava-na-trgu-slobode-za-najmladje\/","title":{"rendered":"Za vikend najavljena zabava na Trgu slobode za najmla\u0111e"},"content":{"rendered":"<p data-start=\"53\" data-end=\"273\">Turisti\u010dka zajednica grada Tuzle najavila je da \u0107e tokom vikenda na Trgu slobode biti organiziran poseban zabavni program za djecu, s ciljem da se najmla\u0111im sugra\u0111anima pru\u017ei prilika za igru, dru\u017eenje i prazni\u010dnu zabavu.<\/p>\n<p data-start=\"275\" data-end=\"446\">Prema programu, u subotu, 13. decembra 2025. godine, mali\u0161ane \u0107e zabavljati maskota Spiderman od 12:00 do 13:00 sati, dok je od 13:00 do 14:00 planiran nastup Kiki Klouna.<\/p>\n<p data-start=\"448\" data-end=\"627\">U nedjelju, 14. decembra 2025. godine, od 12:00 do 13:00 sati bit \u0107e odr\u017eana ma\u0111ioni\u010darska predstava, nakon koje \u0107e, u terminu od 13:00 do 14:00 sati, ponovo nastupiti Kiki Kloun.<\/p>\n<p data-start=\"629\" data-end=\"729\" data-is-last-node=\"\" data-is-only-node=\"\">Organizatori pozivaju roditelje i djecu da posjete Trg slobode i u\u017eivaju u bogatom zimskom programu.<\/p>\n","protected":false},"excerpt":{"rendered":"<p>Turisti\u010dka zajednica grada Tuzle najavila je da \u0107e tokom vikenda na Trgu slobode biti organiziran&hellip;<\/p>\n","protected":false},"author":4,"featured_media":289098,"comment_status":"closed","ping_status":"closed","sticky":false,"template":"","format":"standard","meta":{"_acf_changed":false,"footnotes":""},"categories":[304,11],"tags":[2498,13148,3132],"acf":[],"yoast_head":"<!-- This site is optimized with the Yoast SEO plugin v23.5 - https:\/\/yoast.com\/wordpress\/plugins\/seo\/ -->\n<title>Za vikend najavljena zabava na Trgu slobode za najmla\u0111e - TuzlaInfo.ba<\/title>\n<meta name=\"robots\" content=\"index, follow, max-snippet:-1, max-image-preview:large, max-video-preview:-1\" \/>\n<link rel=\"canonical\" href=\"https:\/\/tuzlainfo.ba\/index.php\/najava-dogadaja-2\/item\/289078-za-vikend-najavljena-zabava-na-trgu-slobode-za-najmladje\/\" \/>\n<meta property=\"og:locale\" content=\"bs_BA\" \/>\n<meta property=\"og:type\" content=\"article\" \/>\n<meta property=\"og:title\" content=\"Za vikend najavljena zabava na Trgu slobode za najmla\u0111e - TuzlaInfo.ba\" \/>\n<meta property=\"og:description\" content=\"Turisti\u010dka zajednica grada Tuzle najavila je da \u0107e tokom vikenda na Trgu slobode biti organiziran&hellip;\" \/>\n<meta property=\"og:url\" content=\"https:\/\/tuzlainfo.ba\/index.php\/najava-dogadaja-2\/item\/289078-za-vikend-najavljena-zabava-na-trgu-slobode-za-najmladje\/\" \/>\n<meta property=\"og:site_name\" content=\"TuzlaInfo.ba\" \/>\n<meta property=\"article:publisher\" content=\"https:\/\/www.facebook.com\/tuzlainfo.ba\/\" \/>\n<meta property=\"article:published_time\" content=\"2025-12-12T17:11:38+00:00\" \/>\n<meta property=\"article:modified_time\" content=\"2025-12-12T14:23:16+00:00\" \/>\n<meta property=\"og:image\" content=\"https:\/\/tuzlainfo.ba\/wp-content\/uploads\/2025\/12\/djeciji-program-zima-u-tuzli.jpg\" \/>\n\t<meta property=\"og:image:width\" content=\"1075\" \/>\n\t<meta property=\"og:image:height\" content=\"570\" \/>\n\t<meta property=\"og:image:type\" content=\"image\/jpeg\" \/>\n<meta name=\"author\" content=\"Tuzla Info\" \/>\n<meta name=\"twitter:card\" content=\"summary_large_image\" \/>\n<meta name=\"twitter:label1\" content=\"Written by\" \/>\n\t<meta name=\"twitter:data1\" content=\"Tuzla Info\" \/>\n\t<meta name=\"twitter:label2\" content=\"Est. reading time\" \/>\n\t<meta name=\"twitter:data2\" content=\"1 minuta\" \/>\n<script type=\"application\/ld+json\" class=\"yoast-schema-graph\">{\"@context\":\"https:\/\/schema.org\",\"@graph\":[{\"@type\":\"Article\",\"@id\":\"https:\/\/tuzlainfo.ba\/index.php\/najava-dogadaja-2\/item\/289078-za-vikend-najavljena-zabava-na-trgu-slobode-za-najmladje\/#article\",\"isPartOf\":{\"@id\":\"https:\/\/tuzlainfo.ba\/index.php\/najava-dogadaja-2\/item\/289078-za-vikend-najavljena-zabava-na-trgu-slobode-za-najmladje\/\"},\"author\":{\"name\":\"Tuzla Info\",\"@id\":\"https:\/\/tuzlainfo.ba\/#\/schema\/person\/46cad4c57790cbc50781edd14870825a\"},\"headline\":\"Za vikend najavljena zabava na Trgu slobode za najmla\u0111e\",\"datePublished\":\"2025-12-12T17:11:38+00:00\",\"dateModified\":\"2025-12-12T14:23:16+00:00\",\"mainEntityOfPage\":{\"@id\":\"https:\/\/tuzlainfo.ba\/index.php\/najava-dogadaja-2\/item\/289078-za-vikend-najavljena-zabava-na-trgu-slobode-za-najmladje\/\"},\"wordCount\":116,\"publisher\":{\"@id\":\"https:\/\/tuzlainfo.ba\/#organization\"},\"image\":{\"@id\":\"https:\/\/tuzlainfo.ba\/index.php\/najava-dogadaja-2\/item\/289078-za-vikend-najavljena-zabava-na-trgu-slobode-za-najmladje\/#primaryimage\"},\"thumbnailUrl\":\"https:\/\/tuzlainfo.ba\/wp-content\/uploads\/2025\/12\/djeciji-program-zima-u-tuzli.jpg\",\"keywords\":[\"djeca\",\"program\",\"Zima u Tuzli\"],\"articleSection\":[\"Istaknuto\",\"Najave i doga\u0111aji\"],\"inLanguage\":\"bs-BA\"},{\"@type\":\"WebPage\",\"@id\":\"https:\/\/tuzlainfo.ba\/index.php\/najava-dogadaja-2\/item\/289078-za-vikend-najavljena-zabava-na-trgu-slobode-za-najmladje\/\",\"url\":\"https:\/\/tuzlainfo.ba\/index.php\/najava-dogadaja-2\/item\/289078-za-vikend-najavljena-zabava-na-trgu-slobode-za-najmladje\/\",\"name\":\"Za vikend najavljena zabava na Trgu slobode za najmla\u0111e - TuzlaInfo.ba\",\"isPartOf\":{\"@id\":\"https:\/\/tuzlainfo.ba\/#website\"},\"primaryImageOfPage\":{\"@id\":\"https:\/\/tuzlainfo.ba\/index.php\/najava-dogadaja-2\/item\/289078-za-vikend-najavljena-zabava-na-trgu-slobode-za-najmladje\/#primaryimage\"},\"image\":{\"@id\":\"https:\/\/tuzlainfo.ba\/index.php\/najava-dogadaja-2\/item\/289078-za-vikend-najavljena-zabava-na-trgu-slobode-za-najmladje\/#primaryimage\"},\"thumbnailUrl\":\"https:\/\/tuzlainfo.ba\/wp-content\/uploads\/2025\/12\/djeciji-program-zima-u-tuzli.jpg\",\"datePublished\":\"2025-12-12T17:11:38+00:00\",\"dateModified\":\"2025-12-12T14:23:16+00:00\",\"breadcrumb\":{\"@id\":\"https:\/\/tuzlainfo.ba\/index.php\/najava-dogadaja-2\/item\/289078-za-vikend-najavljena-zabava-na-trgu-slobode-za-najmladje\/#breadcrumb\"},\"inLanguage\":\"bs-BA\",\"potentialAction\":[{\"@type\":\"ReadAction\",\"target\":[\"https:\/\/tuzlainfo.ba\/index.php\/najava-dogadaja-2\/item\/289078-za-vikend-najavljena-zabava-na-trgu-slobode-za-najmladje\/\"]}]},{\"@type\":\"ImageObject\",\"inLanguage\":\"bs-BA\",\"@id\":\"https:\/\/tuzlainfo.ba\/index.php\/najava-dogadaja-2\/item\/289078-za-vikend-najavljena-zabava-na-trgu-slobode-za-najmladje\/#primaryimage\",\"url\":\"https:\/\/tuzlainfo.ba\/wp-content\/uploads\/2025\/12\/djeciji-program-zima-u-tuzli.jpg\",\"contentUrl\":\"https:\/\/tuzlainfo.ba\/wp-content\/uploads\/2025\/12\/djeciji-program-zima-u-tuzli.jpg\",\"width\":1075,\"height\":570},{\"@type\":\"BreadcrumbList\",\"@id\":\"https:\/\/tuzlainfo.ba\/index.php\/najava-dogadaja-2\/item\/289078-za-vikend-najavljena-zabava-na-trgu-slobode-za-najmladje\/#breadcrumb\",\"itemListElement\":[{\"@type\":\"ListItem\",\"position\":1,\"name\":\"Home\",\"item\":\"https:\/\/tuzlainfo.ba\/\"},{\"@type\":\"ListItem\",\"position\":2,\"name\":\"Za vikend najavljena zabava na Trgu slobode za najmla\u0111e\"}]},{\"@type\":\"WebSite\",\"@id\":\"https:\/\/tuzlainfo.ba\/#website\",\"url\":\"https:\/\/tuzlainfo.ba\/\",\"name\":\"TuzlaInfo.ba\",\"description\":\"Tuzla info, gradski informator - Tuzla na dlanu\",\"publisher\":{\"@id\":\"https:\/\/tuzlainfo.ba\/#organization\"},\"potentialAction\":[{\"@type\":\"SearchAction\",\"target\":{\"@type\":\"EntryPoint\",\"urlTemplate\":\"https:\/\/tuzlainfo.ba\/?s={search_term_string}\"},\"query-input\":{\"@type\":\"PropertyValueSpecification\",\"valueRequired\":true,\"valueName\":\"search_term_string\"}}],\"inLanguage\":\"bs-BA\"},{\"@type\":\"Organization\",\"@id\":\"https:\/\/tuzlainfo.ba\/#organization\",\"name\":\"TuzlaInfo.ba\",\"url\":\"https:\/\/tuzlainfo.ba\/\",\"logo\":{\"@type\":\"ImageObject\",\"inLanguage\":\"bs-BA\",\"@id\":\"https:\/\/tuzlainfo.ba\/#\/schema\/logo\/image\/\",\"url\":\"https:\/\/tuzlainfo.ba\/wp-content\/uploads\/2021\/03\/logo-ver-3-1.png\",\"contentUrl\":\"https:\/\/tuzlainfo.ba\/wp-content\/uploads\/2021\/03\/logo-ver-3-1.png\",\"width\":350,\"height\":95,\"caption\":\"TuzlaInfo.ba\"},\"image\":{\"@id\":\"https:\/\/tuzlainfo.ba\/#\/schema\/logo\/image\/\"},\"sameAs\":[\"https:\/\/www.facebook.com\/tuzlainfo.ba\/\"]},{\"@type\":\"Person\",\"@id\":\"https:\/\/tuzlainfo.ba\/#\/schema\/person\/46cad4c57790cbc50781edd14870825a\",\"name\":\"Tuzla Info\",\"image\":{\"@type\":\"ImageObject\",\"inLanguage\":\"bs-BA\",\"@id\":\"https:\/\/tuzlainfo.ba\/#\/schema\/person\/image\/\",\"url\":\"https:\/\/tuzlainfo.ba\/wp-content\/litespeed\/avatar\/b6c453a6c38e3654f2e4416c643fc25c.jpg?ver=1777051911\",\"contentUrl\":\"https:\/\/tuzlainfo.ba\/wp-content\/litespeed\/avatar\/b6c453a6c38e3654f2e4416c643fc25c.jpg?ver=1777051911\",\"caption\":\"Tuzla Info\"}}]}<\/script>\n<!-- \/ Yoast SEO plugin. -->","yoast_head_json":{"title":"Za vikend najavljena zabava na Trgu slobode za najmla\u0111e - TuzlaInfo.ba","robots":{"index":"index","follow":"follow","max-snippet":"max-snippet:-1","max-image-preview":"max-image-preview:large","max-video-preview":"max-video-preview:-1"},"canonical":"https:\/\/tuzlainfo.ba\/index.php\/najava-dogadaja-2\/item\/289078-za-vikend-najavljena-zabava-na-trgu-slobode-za-najmladje\/","og_locale":"bs_BA","og_type":"article","og_title":"Za vikend najavljena zabava na Trgu slobode za najmla\u0111e - TuzlaInfo.ba","og_description":"Turisti\u010dka zajednica grada Tuzle najavila je da \u0107e tokom vikenda na Trgu slobode biti organiziran&hellip;","og_url":"https:\/\/tuzlainfo.ba\/index.php\/najava-dogadaja-2\/item\/289078-za-vikend-najavljena-zabava-na-trgu-slobode-za-najmladje\/","og_site_name":"TuzlaInfo.ba","article_publisher":"https:\/\/www.facebook.com\/tuzlainfo.ba\/","article_published_time":"2025-12-12T17:11:38+00:00","article_modified_time":"2025-12-12T14:23:16+00:00","og_image":[{"width":1075,"height":570,"url":"https:\/\/tuzlainfo.ba\/wp-content\/uploads\/2025\/12\/djeciji-program-zima-u-tuzli.jpg","type":"image\/jpeg"}],"author":"Tuzla Info","twitter_card":"summary_large_image","twitter_misc":{"Written by":"Tuzla Info","Est. reading time":"1 minuta"},"schema":{"@context":"https:\/\/schema.org","@graph":[{"@type":"Article","@id":"https:\/\/tuzlainfo.ba\/index.php\/najava-dogadaja-2\/item\/289078-za-vikend-najavljena-zabava-na-trgu-slobode-za-najmladje\/#article","isPartOf":{"@id":"https:\/\/tuzlainfo.ba\/index.php\/najava-dogadaja-2\/item\/289078-za-vikend-najavljena-zabava-na-trgu-slobode-za-najmladje\/"},"author":{"name":"Tuzla Info","@id":"https:\/\/tuzlainfo.ba\/#\/schema\/person\/46cad4c57790cbc50781edd14870825a"},"headline":"Za vikend najavljena zabava na Trgu slobode za najmla\u0111e","datePublished":"2025-12-12T17:11:38+00:00","dateModified":"2025-12-12T14:23:16+00:00","mainEntityOfPage":{"@id":"https:\/\/tuzlainfo.ba\/index.php\/najava-dogadaja-2\/item\/289078-za-vikend-najavljena-zabava-na-trgu-slobode-za-najmladje\/"},"wordCount":116,"publisher":{"@id":"https:\/\/tuzlainfo.ba\/#organization"},"image":{"@id":"https:\/\/tuzlainfo.ba\/index.php\/najava-dogadaja-2\/item\/289078-za-vikend-najavljena-zabava-na-trgu-slobode-za-najmladje\/#primaryimage"},"thumbnailUrl":"https:\/\/tuzlainfo.ba\/wp-content\/uploads\/2025\/12\/djeciji-program-zima-u-tuzli.jpg","keywords":["djeca","program","Zima u Tuzli"],"articleSection":["Istaknuto","Najave i doga\u0111aji"],"inLanguage":"bs-BA"},{"@type":"WebPage","@id":"https:\/\/tuzlainfo.ba\/index.php\/najava-dogadaja-2\/item\/289078-za-vikend-najavljena-zabava-na-trgu-slobode-za-najmladje\/","url":"https:\/\/tuzlainfo.ba\/index.php\/najava-dogadaja-2\/item\/289078-za-vikend-najavljena-zabava-na-trgu-slobode-za-najmladje\/","name":"Za vikend najavljena zabava na Trgu slobode za najmla\u0111e - TuzlaInfo.ba","isPartOf":{"@id":"https:\/\/tuzlainfo.ba\/#website"},"primaryImageOfPage":{"@id":"https:\/\/tuzlainfo.ba\/index.php\/najava-dogadaja-2\/item\/289078-za-vikend-najavljena-zabava-na-trgu-slobode-za-najmladje\/#primaryimage"},"image":{"@id":"https:\/\/tuzlainfo.ba\/index.php\/najava-dogadaja-2\/item\/289078-za-vikend-najavljena-zabava-na-trgu-slobode-za-najmladje\/#primaryimage"},"thumbnailUrl":"https:\/\/tuzlainfo.ba\/wp-content\/uploads\/2025\/12\/djeciji-program-zima-u-tuzli.jpg","datePublished":"2025-12-12T17:11:38+00:00","dateModified":"2025-12-12T14:23:16+00:00","breadcrumb":{"@id":"https:\/\/tuzlainfo.ba\/index.php\/najava-dogadaja-2\/item\/289078-za-vikend-najavljena-zabava-na-trgu-slobode-za-najmladje\/#breadcrumb"},"inLanguage":"bs-BA","potentialAction":[{"@type":"ReadAction","target":["https:\/\/tuzlainfo.ba\/index.php\/najava-dogadaja-2\/item\/289078-za-vikend-najavljena-zabava-na-trgu-slobode-za-najmladje\/"]}]},{"@type":"ImageObject","inLanguage":"bs-BA","@id":"https:\/\/tuzlainfo.ba\/index.php\/najava-dogadaja-2\/item\/289078-za-vikend-najavljena-zabava-na-trgu-slobode-za-najmladje\/#primaryimage","url":"https:\/\/tuzlainfo.ba\/wp-content\/uploads\/2025\/12\/djeciji-program-zima-u-tuzli.jpg","contentUrl":"https:\/\/tuzlainfo.ba\/wp-content\/uploads\/2025\/12\/djeciji-program-zima-u-tuzli.jpg","width":1075,"height":570},{"@type":"BreadcrumbList","@id":"https:\/\/tuzlainfo.ba\/index.php\/najava-dogadaja-2\/item\/289078-za-vikend-najavljena-zabava-na-trgu-slobode-za-najmladje\/#breadcrumb","itemListElement":[{"@type":"ListItem","position":1,"name":"Home","item":"https:\/\/tuzlainfo.ba\/"},{"@type":"ListItem","position":2,"name":"Za vikend najavljena zabava na Trgu slobode za najmla\u0111e"}]},{"@type":"WebSite","@id":"https:\/\/tuzlainfo.ba\/#website","url":"https:\/\/tuzlainfo.ba\/","name":"TuzlaInfo.ba","description":"Tuzla info, gradski informator - Tuzla na dlanu","publisher":{"@id":"https:\/\/tuzlainfo.ba\/#organization"},"potentialAction":[{"@type":"SearchAction","target":{"@type":"EntryPoint","urlTemplate":"https:\/\/tuzlainfo.ba\/?s={search_term_string}"},"query-input":{"@type":"PropertyValueSpecification","valueRequired":true,"valueName":"search_term_string"}}],"inLanguage":"bs-BA"},{"@type":"Organization","@id":"https:\/\/tuzlainfo.ba\/#organization","name":"TuzlaInfo.ba","url":"https:\/\/tuzlainfo.ba\/","logo":{"@type":"ImageObject","inLanguage":"bs-BA","@id":"https:\/\/tuzlainfo.ba\/#\/schema\/logo\/image\/","url":"https:\/\/tuzlainfo.ba\/wp-content\/uploads\/2021\/03\/logo-ver-3-1.png","contentUrl":"https:\/\/tuzlainfo.ba\/wp-content\/uploads\/2021\/03\/logo-ver-3-1.png","width":350,"height":95,"caption":"TuzlaInfo.ba"},"image":{"@id":"https:\/\/tuzlainfo.ba\/#\/schema\/logo\/image\/"},"sameAs":["https:\/\/www.facebook.com\/tuzlainfo.ba\/"]},{"@type":"Person","@id":"https:\/\/tuzlainfo.ba\/#\/schema\/person\/46cad4c57790cbc50781edd14870825a","name":"Tuzla Info","image":{"@type":"ImageObject","inLanguage":"bs-BA","@id":"https:\/\/tuzlainfo.ba\/#\/schema\/person\/image\/","url":"https:\/\/tuzlainfo.ba\/wp-content\/litespeed\/avatar\/b6c453a6c38e3654f2e4416c643fc25c.jpg?ver=1777051911","contentUrl":"https:\/\/tuzlainfo.ba\/wp-content\/litespeed\/avatar\/b6c453a6c38e3654f2e4416c643fc25c.jpg?ver=1777051911","caption":"Tuzla Info"}}]}},"_links":{"self":[{"href":"https:\/\/tuzlainfo.ba\/index.php\/wp-json\/wp\/v2\/posts\/289078"}],"collection":[{"href":"https:\/\/tuzlainfo.ba\/index.php\/wp-json\/wp\/v2\/posts"}],"about":[{"href":"https:\/\/tuzlainfo.ba\/index.php\/wp-json\/wp\/v2\/types\/post"}],"author":[{"embeddable":true,"href":"https:\/\/tuzlainfo.ba\/index.php\/wp-json\/wp\/v2\/users\/4"}],"replies":[{"embeddable":true,"href":"https:\/\/tuzlainfo.ba\/index.php\/wp-json\/wp\/v2\/comments?post=289078"}],"version-history":[{"count":1,"href":"https:\/\/tuzlainfo.ba\/index.php\/wp-json\/wp\/v2\/posts\/289078\/revisions"}],"predecessor-version":[{"id":289099,"href":"https:\/\/tuzlainfo.ba\/index.php\/wp-json\/wp\/v2\/posts\/289078\/revisions\/289099"}],"wp:featuredmedia":[{"embeddable":true,"href":"https:\/\/tuzlainfo.ba\/index.php\/wp-json\/wp\/v2\/media\/289098"}],"wp:attachment":[{"href":"https:\/\/tuzlainfo.ba\/index.php\/wp-json\/wp\/v2\/media?parent=289078"}],"wp:term":[{"taxonomy":"category","embeddable":true,"href":"https:\/\/tuzlainfo.ba\/index.php\/wp-json\/wp\/v2\/categories?post=289078"},{"taxonomy":"post_tag","embeddable":true,"href":"https:\/\/tuzlainfo.ba\/index.php\/wp-json\/wp\/v2\/tags?post=289078"}],"curies":[{"name":"wp","href":"https:\/\/api.w.org\/{rel}","templated":true}]}}