{"id":289069,"date":"2025-12-12T15:29:42","date_gmt":"2025-12-12T14:29:42","guid":{"rendered":"https:\/\/tuzlainfo.ba\/?p=289069"},"modified":"2025-12-12T13:23:46","modified_gmt":"2025-12-12T12:23:46","slug":"javno-saslusanje-rukovodstva-bhansa-e-zakazano-za-20-januar","status":"publish","type":"post","link":"https:\/\/tuzlainfo.ba\/index.php\/bosna-i-hercegovina\/item\/289069-javno-saslusanje-rukovodstva-bhansa-e-zakazano-za-20-januar\/","title":{"rendered":"Javno saslu\u0161anje rukovodstva BHANSA-e zakazano za 20. januar"},"content":{"rendered":"<p>Javno saslu\u0161anje direktora Agencije za pru\u017eanje usluga u zra\u010dnoj plovidbi Bosne i Hercegovine BHANSA Davorina Primorca i njegovih zamjenika Sanjina Had\u017eiomerovi\u0107a i Tomislava Marinkovi\u0107a bit \u0107e odr\u017eano 20. januara, potvrdio je Nenad Grkovi\u0107, \u010dlan Komisije za saobra\u0107aj i komunikacije Zastupni\u010dkog doma Parlamentarne skup\u0161tine BiH.<\/p>\n<p>Komisija je danas zasjedala, a na dnevnom redu imala je samo jednu ta\u010dku, utvr\u0111ivanje termina javnog saslu\u0161anja rukovodstva BHANSA-e i razmatranje zakonom propisanih mjera zbog kr\u0161enja Zakona o parlamentarnom nadzoru. Povod za saslu\u0161anje je, kako je ranije navedeno, odbijanje rukovodstva agencije da Komisiji dostavi tra\u017eene podatke o finansijskom poslovanju i zaposlenima.<\/p>\n<p>Tokom sjednice usvojeni su i zaklju\u010dci kojima Komisija tra\u017ei od Upravnog inspektorata Bosne i Hercegovine da hitno izvr\u0161i neposredni inspekcijski nadzor u BHANSA-i i poduzme zakonom predvi\u0111ene mjere, s obzirom na to da Agencija odbija dostaviti tra\u017eenu dokumentaciju. Komisija je zatra\u017eila i da BHANSA u najkra\u0107em roku dostavi kopije svih ugovora o javnim nabavkama zaklju\u010denih od po\u010detka 2023. godine do 1. decembra ove godine.<\/p>\n<p>Cilj javnog saslu\u0161anja, kako je istaknuto, jeste da Komisija za saobra\u0107aj i komunikacije dobije potpune i relevantne informacije o radu i poslovanju BHANSA-e, uklju\u010duju\u0107i finansijske pokazatelje i strukturu zaposlenih, ali i razloge zbog kojih rukovodstvo Agencije ne postupa po obavezama propisanim Zakonom o parlamentarnom nadzoru.<\/p>\n<p>Uz odluku o odr\u017eavanju javnog saslu\u0161anja, Komisija je ranije usvojila i zaklju\u010dak kojim od BHANSA-e zahtijeva da odmah dostavi potpunu informaciju o godi\u0161njem iznosu sredstava potrebnih za neometan rad Agencije, isplatu pla\u0107a i naknada, kao i podatke o visini neto pla\u0107a za svako radno mjesto.<\/p>\n","protected":false},"excerpt":{"rendered":"<p>Javno saslu\u0161anje direktora Agencije za pru\u017eanje usluga u zra\u010dnoj plovidbi Bosne i Hercegovine BHANSA Davorina&hellip;<\/p>\n","protected":false},"author":8,"featured_media":265958,"comment_status":"closed","ping_status":"closed","sticky":false,"template":"","format":"standard","meta":{"_acf_changed":false,"footnotes":""},"categories":[291],"tags":[11177,703],"acf":[],"yoast_head":"<!-- This site is optimized with the Yoast SEO plugin v23.5 - https:\/\/yoast.com\/wordpress\/plugins\/seo\/ -->\n<title>Javno saslu\u0161anje rukovodstva BHANSA-e zakazano za 20. januar - TuzlaInfo.ba<\/title>\n<meta name=\"robots\" content=\"index, follow, max-snippet:-1, max-image-preview:large, max-video-preview:-1\" \/>\n<link rel=\"canonical\" href=\"https:\/\/tuzlainfo.ba\/index.php\/bosna-i-hercegovina\/item\/289069-javno-saslusanje-rukovodstva-bhansa-e-zakazano-za-20-januar\/\" \/>\n<meta property=\"og:locale\" content=\"bs_BA\" \/>\n<meta property=\"og:type\" content=\"article\" \/>\n<meta property=\"og:title\" content=\"Javno saslu\u0161anje rukovodstva BHANSA-e zakazano za 20. januar - TuzlaInfo.ba\" \/>\n<meta property=\"og:description\" content=\"Javno saslu\u0161anje direktora Agencije za pru\u017eanje usluga u zra\u010dnoj plovidbi Bosne i Hercegovine BHANSA Davorina&hellip;\" \/>\n<meta property=\"og:url\" content=\"https:\/\/tuzlainfo.ba\/index.php\/bosna-i-hercegovina\/item\/289069-javno-saslusanje-rukovodstva-bhansa-e-zakazano-za-20-januar\/\" \/>\n<meta property=\"og:site_name\" content=\"TuzlaInfo.ba\" \/>\n<meta property=\"article:publisher\" content=\"https:\/\/www.facebook.com\/tuzlainfo.ba\/\" \/>\n<meta property=\"article:published_time\" content=\"2025-12-12T14:29:42+00:00\" \/>\n<meta property=\"article:modified_time\" content=\"2025-12-12T12:23:46+00:00\" \/>\n<meta property=\"og:image\" content=\"https:\/\/tuzlainfo.ba\/wp-content\/uploads\/2025\/03\/bhansa.png\" \/>\n\t<meta property=\"og:image:width\" content=\"1022\" \/>\n\t<meta property=\"og:image:height\" content=\"771\" \/>\n\t<meta property=\"og:image:type\" content=\"image\/png\" \/>\n<meta name=\"author\" content=\"Admin Tri\" \/>\n<meta name=\"twitter:card\" content=\"summary_large_image\" \/>\n<meta name=\"twitter:label1\" content=\"Written by\" \/>\n\t<meta name=\"twitter:data1\" content=\"Admin Tri\" \/>\n\t<meta name=\"twitter:label2\" content=\"Est. reading time\" \/>\n\t<meta name=\"twitter:data2\" content=\"2 minute\" \/>\n<script type=\"application\/ld+json\" class=\"yoast-schema-graph\">{\"@context\":\"https:\/\/schema.org\",\"@graph\":[{\"@type\":\"Article\",\"@id\":\"https:\/\/tuzlainfo.ba\/index.php\/bosna-i-hercegovina\/item\/289069-javno-saslusanje-rukovodstva-bhansa-e-zakazano-za-20-januar\/#article\",\"isPartOf\":{\"@id\":\"https:\/\/tuzlainfo.ba\/index.php\/bosna-i-hercegovina\/item\/289069-javno-saslusanje-rukovodstva-bhansa-e-zakazano-za-20-januar\/\"},\"author\":{\"name\":\"Admin Tri\",\"@id\":\"https:\/\/tuzlainfo.ba\/#\/schema\/person\/593e78a2f6378c5ba3e7600ecfa4e63a\"},\"headline\":\"Javno saslu\u0161anje rukovodstva BHANSA-e zakazano za 20. januar\",\"datePublished\":\"2025-12-12T14:29:42+00:00\",\"dateModified\":\"2025-12-12T12:23:46+00:00\",\"mainEntityOfPage\":{\"@id\":\"https:\/\/tuzlainfo.ba\/index.php\/bosna-i-hercegovina\/item\/289069-javno-saslusanje-rukovodstva-bhansa-e-zakazano-za-20-januar\/\"},\"wordCount\":289,\"publisher\":{\"@id\":\"https:\/\/tuzlainfo.ba\/#organization\"},\"image\":{\"@id\":\"https:\/\/tuzlainfo.ba\/index.php\/bosna-i-hercegovina\/item\/289069-javno-saslusanje-rukovodstva-bhansa-e-zakazano-za-20-januar\/#primaryimage\"},\"thumbnailUrl\":\"https:\/\/tuzlainfo.ba\/wp-content\/uploads\/2025\/03\/bhansa.png\",\"keywords\":[\"BHANSA\",\"saslu\u0161anje\"],\"articleSection\":[\"Bosna i Hercegovina\"],\"inLanguage\":\"bs-BA\"},{\"@type\":\"WebPage\",\"@id\":\"https:\/\/tuzlainfo.ba\/index.php\/bosna-i-hercegovina\/item\/289069-javno-saslusanje-rukovodstva-bhansa-e-zakazano-za-20-januar\/\",\"url\":\"https:\/\/tuzlainfo.ba\/index.php\/bosna-i-hercegovina\/item\/289069-javno-saslusanje-rukovodstva-bhansa-e-zakazano-za-20-januar\/\",\"name\":\"Javno saslu\u0161anje rukovodstva BHANSA-e zakazano za 20. januar - TuzlaInfo.ba\",\"isPartOf\":{\"@id\":\"https:\/\/tuzlainfo.ba\/#website\"},\"primaryImageOfPage\":{\"@id\":\"https:\/\/tuzlainfo.ba\/index.php\/bosna-i-hercegovina\/item\/289069-javno-saslusanje-rukovodstva-bhansa-e-zakazano-za-20-januar\/#primaryimage\"},\"image\":{\"@id\":\"https:\/\/tuzlainfo.ba\/index.php\/bosna-i-hercegovina\/item\/289069-javno-saslusanje-rukovodstva-bhansa-e-zakazano-za-20-januar\/#primaryimage\"},\"thumbnailUrl\":\"https:\/\/tuzlainfo.ba\/wp-content\/uploads\/2025\/03\/bhansa.png\",\"datePublished\":\"2025-12-12T14:29:42+00:00\",\"dateModified\":\"2025-12-12T12:23:46+00:00\",\"breadcrumb\":{\"@id\":\"https:\/\/tuzlainfo.ba\/index.php\/bosna-i-hercegovina\/item\/289069-javno-saslusanje-rukovodstva-bhansa-e-zakazano-za-20-januar\/#breadcrumb\"},\"inLanguage\":\"bs-BA\",\"potentialAction\":[{\"@type\":\"ReadAction\",\"target\":[\"https:\/\/tuzlainfo.ba\/index.php\/bosna-i-hercegovina\/item\/289069-javno-saslusanje-rukovodstva-bhansa-e-zakazano-za-20-januar\/\"]}]},{\"@type\":\"ImageObject\",\"inLanguage\":\"bs-BA\",\"@id\":\"https:\/\/tuzlainfo.ba\/index.php\/bosna-i-hercegovina\/item\/289069-javno-saslusanje-rukovodstva-bhansa-e-zakazano-za-20-januar\/#primaryimage\",\"url\":\"https:\/\/tuzlainfo.ba\/wp-content\/uploads\/2025\/03\/bhansa.png\",\"contentUrl\":\"https:\/\/tuzlainfo.ba\/wp-content\/uploads\/2025\/03\/bhansa.png\",\"width\":1022,\"height\":771},{\"@type\":\"BreadcrumbList\",\"@id\":\"https:\/\/tuzlainfo.ba\/index.php\/bosna-i-hercegovina\/item\/289069-javno-saslusanje-rukovodstva-bhansa-e-zakazano-za-20-januar\/#breadcrumb\",\"itemListElement\":[{\"@type\":\"ListItem\",\"position\":1,\"name\":\"Home\",\"item\":\"https:\/\/tuzlainfo.ba\/\"},{\"@type\":\"ListItem\",\"position\":2,\"name\":\"Javno saslu\u0161anje rukovodstva BHANSA-e zakazano za 20. januar\"}]},{\"@type\":\"WebSite\",\"@id\":\"https:\/\/tuzlainfo.ba\/#website\",\"url\":\"https:\/\/tuzlainfo.ba\/\",\"name\":\"TuzlaInfo.ba\",\"description\":\"Tuzla info, gradski informator - Tuzla na dlanu\",\"publisher\":{\"@id\":\"https:\/\/tuzlainfo.ba\/#organization\"},\"potentialAction\":[{\"@type\":\"SearchAction\",\"target\":{\"@type\":\"EntryPoint\",\"urlTemplate\":\"https:\/\/tuzlainfo.ba\/?s={search_term_string}\"},\"query-input\":{\"@type\":\"PropertyValueSpecification\",\"valueRequired\":true,\"valueName\":\"search_term_string\"}}],\"inLanguage\":\"bs-BA\"},{\"@type\":\"Organization\",\"@id\":\"https:\/\/tuzlainfo.ba\/#organization\",\"name\":\"TuzlaInfo.ba\",\"url\":\"https:\/\/tuzlainfo.ba\/\",\"logo\":{\"@type\":\"ImageObject\",\"inLanguage\":\"bs-BA\",\"@id\":\"https:\/\/tuzlainfo.ba\/#\/schema\/logo\/image\/\",\"url\":\"https:\/\/tuzlainfo.ba\/wp-content\/uploads\/2021\/03\/logo-ver-3-1.png\",\"contentUrl\":\"https:\/\/tuzlainfo.ba\/wp-content\/uploads\/2021\/03\/logo-ver-3-1.png\",\"width\":350,\"height\":95,\"caption\":\"TuzlaInfo.ba\"},\"image\":{\"@id\":\"https:\/\/tuzlainfo.ba\/#\/schema\/logo\/image\/\"},\"sameAs\":[\"https:\/\/www.facebook.com\/tuzlainfo.ba\/\"]},{\"@type\":\"Person\",\"@id\":\"https:\/\/tuzlainfo.ba\/#\/schema\/person\/593e78a2f6378c5ba3e7600ecfa4e63a\",\"name\":\"Admin Tri\",\"image\":{\"@type\":\"ImageObject\",\"inLanguage\":\"bs-BA\",\"@id\":\"https:\/\/tuzlainfo.ba\/#\/schema\/person\/image\/\",\"url\":\"https:\/\/tuzlainfo.ba\/wp-content\/litespeed\/avatar\/b7920db4cc34a71ad12497283ad2fe3f.jpg?ver=1777100914\",\"contentUrl\":\"https:\/\/tuzlainfo.ba\/wp-content\/litespeed\/avatar\/b7920db4cc34a71ad12497283ad2fe3f.jpg?ver=1777100914\",\"caption\":\"Admin Tri\"},\"sameAs\":[\"https:\/\/tuzlainfo.ba\"]}]}<\/script>\n<!-- \/ Yoast SEO plugin. -->","yoast_head_json":{"title":"Javno saslu\u0161anje rukovodstva BHANSA-e zakazano za 20. januar - TuzlaInfo.ba","robots":{"index":"index","follow":"follow","max-snippet":"max-snippet:-1","max-image-preview":"max-image-preview:large","max-video-preview":"max-video-preview:-1"},"canonical":"https:\/\/tuzlainfo.ba\/index.php\/bosna-i-hercegovina\/item\/289069-javno-saslusanje-rukovodstva-bhansa-e-zakazano-za-20-januar\/","og_locale":"bs_BA","og_type":"article","og_title":"Javno saslu\u0161anje rukovodstva BHANSA-e zakazano za 20. januar - TuzlaInfo.ba","og_description":"Javno saslu\u0161anje direktora Agencije za pru\u017eanje usluga u zra\u010dnoj plovidbi Bosne i Hercegovine BHANSA Davorina&hellip;","og_url":"https:\/\/tuzlainfo.ba\/index.php\/bosna-i-hercegovina\/item\/289069-javno-saslusanje-rukovodstva-bhansa-e-zakazano-za-20-januar\/","og_site_name":"TuzlaInfo.ba","article_publisher":"https:\/\/www.facebook.com\/tuzlainfo.ba\/","article_published_time":"2025-12-12T14:29:42+00:00","article_modified_time":"2025-12-12T12:23:46+00:00","og_image":[{"width":1022,"height":771,"url":"https:\/\/tuzlainfo.ba\/wp-content\/uploads\/2025\/03\/bhansa.png","type":"image\/png"}],"author":"Admin Tri","twitter_card":"summary_large_image","twitter_misc":{"Written by":"Admin Tri","Est. reading time":"2 minute"},"schema":{"@context":"https:\/\/schema.org","@graph":[{"@type":"Article","@id":"https:\/\/tuzlainfo.ba\/index.php\/bosna-i-hercegovina\/item\/289069-javno-saslusanje-rukovodstva-bhansa-e-zakazano-za-20-januar\/#article","isPartOf":{"@id":"https:\/\/tuzlainfo.ba\/index.php\/bosna-i-hercegovina\/item\/289069-javno-saslusanje-rukovodstva-bhansa-e-zakazano-za-20-januar\/"},"author":{"name":"Admin Tri","@id":"https:\/\/tuzlainfo.ba\/#\/schema\/person\/593e78a2f6378c5ba3e7600ecfa4e63a"},"headline":"Javno saslu\u0161anje rukovodstva BHANSA-e zakazano za 20. januar","datePublished":"2025-12-12T14:29:42+00:00","dateModified":"2025-12-12T12:23:46+00:00","mainEntityOfPage":{"@id":"https:\/\/tuzlainfo.ba\/index.php\/bosna-i-hercegovina\/item\/289069-javno-saslusanje-rukovodstva-bhansa-e-zakazano-za-20-januar\/"},"wordCount":289,"publisher":{"@id":"https:\/\/tuzlainfo.ba\/#organization"},"image":{"@id":"https:\/\/tuzlainfo.ba\/index.php\/bosna-i-hercegovina\/item\/289069-javno-saslusanje-rukovodstva-bhansa-e-zakazano-za-20-januar\/#primaryimage"},"thumbnailUrl":"https:\/\/tuzlainfo.ba\/wp-content\/uploads\/2025\/03\/bhansa.png","keywords":["BHANSA","saslu\u0161anje"],"articleSection":["Bosna i Hercegovina"],"inLanguage":"bs-BA"},{"@type":"WebPage","@id":"https:\/\/tuzlainfo.ba\/index.php\/bosna-i-hercegovina\/item\/289069-javno-saslusanje-rukovodstva-bhansa-e-zakazano-za-20-januar\/","url":"https:\/\/tuzlainfo.ba\/index.php\/bosna-i-hercegovina\/item\/289069-javno-saslusanje-rukovodstva-bhansa-e-zakazano-za-20-januar\/","name":"Javno saslu\u0161anje rukovodstva BHANSA-e zakazano za 20. januar - TuzlaInfo.ba","isPartOf":{"@id":"https:\/\/tuzlainfo.ba\/#website"},"primaryImageOfPage":{"@id":"https:\/\/tuzlainfo.ba\/index.php\/bosna-i-hercegovina\/item\/289069-javno-saslusanje-rukovodstva-bhansa-e-zakazano-za-20-januar\/#primaryimage"},"image":{"@id":"https:\/\/tuzlainfo.ba\/index.php\/bosna-i-hercegovina\/item\/289069-javno-saslusanje-rukovodstva-bhansa-e-zakazano-za-20-januar\/#primaryimage"},"thumbnailUrl":"https:\/\/tuzlainfo.ba\/wp-content\/uploads\/2025\/03\/bhansa.png","datePublished":"2025-12-12T14:29:42+00:00","dateModified":"2025-12-12T12:23:46+00:00","breadcrumb":{"@id":"https:\/\/tuzlainfo.ba\/index.php\/bosna-i-hercegovina\/item\/289069-javno-saslusanje-rukovodstva-bhansa-e-zakazano-za-20-januar\/#breadcrumb"},"inLanguage":"bs-BA","potentialAction":[{"@type":"ReadAction","target":["https:\/\/tuzlainfo.ba\/index.php\/bosna-i-hercegovina\/item\/289069-javno-saslusanje-rukovodstva-bhansa-e-zakazano-za-20-januar\/"]}]},{"@type":"ImageObject","inLanguage":"bs-BA","@id":"https:\/\/tuzlainfo.ba\/index.php\/bosna-i-hercegovina\/item\/289069-javno-saslusanje-rukovodstva-bhansa-e-zakazano-za-20-januar\/#primaryimage","url":"https:\/\/tuzlainfo.ba\/wp-content\/uploads\/2025\/03\/bhansa.png","contentUrl":"https:\/\/tuzlainfo.ba\/wp-content\/uploads\/2025\/03\/bhansa.png","width":1022,"height":771},{"@type":"BreadcrumbList","@id":"https:\/\/tuzlainfo.ba\/index.php\/bosna-i-hercegovina\/item\/289069-javno-saslusanje-rukovodstva-bhansa-e-zakazano-za-20-januar\/#breadcrumb","itemListElement":[{"@type":"ListItem","position":1,"name":"Home","item":"https:\/\/tuzlainfo.ba\/"},{"@type":"ListItem","position":2,"name":"Javno saslu\u0161anje rukovodstva BHANSA-e zakazano za 20. januar"}]},{"@type":"WebSite","@id":"https:\/\/tuzlainfo.ba\/#website","url":"https:\/\/tuzlainfo.ba\/","name":"TuzlaInfo.ba","description":"Tuzla info, gradski informator - Tuzla na dlanu","publisher":{"@id":"https:\/\/tuzlainfo.ba\/#organization"},"potentialAction":[{"@type":"SearchAction","target":{"@type":"EntryPoint","urlTemplate":"https:\/\/tuzlainfo.ba\/?s={search_term_string}"},"query-input":{"@type":"PropertyValueSpecification","valueRequired":true,"valueName":"search_term_string"}}],"inLanguage":"bs-BA"},{"@type":"Organization","@id":"https:\/\/tuzlainfo.ba\/#organization","name":"TuzlaInfo.ba","url":"https:\/\/tuzlainfo.ba\/","logo":{"@type":"ImageObject","inLanguage":"bs-BA","@id":"https:\/\/tuzlainfo.ba\/#\/schema\/logo\/image\/","url":"https:\/\/tuzlainfo.ba\/wp-content\/uploads\/2021\/03\/logo-ver-3-1.png","contentUrl":"https:\/\/tuzlainfo.ba\/wp-content\/uploads\/2021\/03\/logo-ver-3-1.png","width":350,"height":95,"caption":"TuzlaInfo.ba"},"image":{"@id":"https:\/\/tuzlainfo.ba\/#\/schema\/logo\/image\/"},"sameAs":["https:\/\/www.facebook.com\/tuzlainfo.ba\/"]},{"@type":"Person","@id":"https:\/\/tuzlainfo.ba\/#\/schema\/person\/593e78a2f6378c5ba3e7600ecfa4e63a","name":"Admin Tri","image":{"@type":"ImageObject","inLanguage":"bs-BA","@id":"https:\/\/tuzlainfo.ba\/#\/schema\/person\/image\/","url":"https:\/\/tuzlainfo.ba\/wp-content\/litespeed\/avatar\/b7920db4cc34a71ad12497283ad2fe3f.jpg?ver=1777100914","contentUrl":"https:\/\/tuzlainfo.ba\/wp-content\/litespeed\/avatar\/b7920db4cc34a71ad12497283ad2fe3f.jpg?ver=1777100914","caption":"Admin Tri"},"sameAs":["https:\/\/tuzlainfo.ba"]}]}},"_links":{"self":[{"href":"https:\/\/tuzlainfo.ba\/index.php\/wp-json\/wp\/v2\/posts\/289069"}],"collection":[{"href":"https:\/\/tuzlainfo.ba\/index.php\/wp-json\/wp\/v2\/posts"}],"about":[{"href":"https:\/\/tuzlainfo.ba\/index.php\/wp-json\/wp\/v2\/types\/post"}],"author":[{"embeddable":true,"href":"https:\/\/tuzlainfo.ba\/index.php\/wp-json\/wp\/v2\/users\/8"}],"replies":[{"embeddable":true,"href":"https:\/\/tuzlainfo.ba\/index.php\/wp-json\/wp\/v2\/comments?post=289069"}],"version-history":[{"count":1,"href":"https:\/\/tuzlainfo.ba\/index.php\/wp-json\/wp\/v2\/posts\/289069\/revisions"}],"predecessor-version":[{"id":289070,"href":"https:\/\/tuzlainfo.ba\/index.php\/wp-json\/wp\/v2\/posts\/289069\/revisions\/289070"}],"wp:featuredmedia":[{"embeddable":true,"href":"https:\/\/tuzlainfo.ba\/index.php\/wp-json\/wp\/v2\/media\/265958"}],"wp:attachment":[{"href":"https:\/\/tuzlainfo.ba\/index.php\/wp-json\/wp\/v2\/media?parent=289069"}],"wp:term":[{"taxonomy":"category","embeddable":true,"href":"https:\/\/tuzlainfo.ba\/index.php\/wp-json\/wp\/v2\/categories?post=289069"},{"taxonomy":"post_tag","embeddable":true,"href":"https:\/\/tuzlainfo.ba\/index.php\/wp-json\/wp\/v2\/tags?post=289069"}],"curies":[{"name":"wp","href":"https:\/\/api.w.org\/{rel}","templated":true}]}}