{"id":289034,"date":"2025-12-12T12:05:55","date_gmt":"2025-12-12T11:05:55","guid":{"rendered":"https:\/\/tuzlainfo.ba\/?p=289034"},"modified":"2025-12-12T09:11:58","modified_gmt":"2025-12-12T08:11:58","slug":"besplatna-projekcija-filma-yes-day-u-bkc-u-tuzla-ovog-petka","status":"publish","type":"post","link":"https:\/\/tuzlainfo.ba\/index.php\/najava-dogadaja-2\/item\/289034-besplatna-projekcija-filma-yes-day-u-bkc-u-tuzla-ovog-petka\/","title":{"rendered":"Besplatna projekcija filma \u201eYes Day\u201c u BKC-u Tuzla ovog petka"},"content":{"rendered":"<p data-start=\"19\" data-end=\"382\">Udru\u017eenje \u201eMladi Tuzle\u201c i Srednja \u201eSavremeno\u2013umjetni\u010dka \u0161kola\u201c Tuzla, u saradnji s Bosanskim kulturnim centrom TK, najavljuju besplatnu projekciju filma \u201eYes Day\u201c u petak, 12. decembra 2025. godine u 19:00 sati, u prostorijama BKC-a. Film je preporu\u010dljiv za uzrast iznad 10 godina, a ujedno predstavlja i posljednju besplatnu projekciju u ovoj godini.<\/p>\n<p data-start=\"384\" data-end=\"745\">\u201eMladi Tuzle\u201c ve\u0107 deset godina realizuju projekat <em data-start=\"434\" data-end=\"476\">Filmski studio Mladih Tuzle \u2013 Tuzlascope<\/em>, s ciljem da filmske i fotografske sadr\u017eaje pribli\u017ee djeci i mladima, poti\u010du\u0107i kreativnost, zdravo odrastanje i umjetni\u010dko izra\u017eavanje. Tokom oktobra, novembra i decembra pripremili su vi\u0161e besplatnih projekcija za djecu, mlade i gra\u0111anstvo Tuzle i Tuzlanskog kantona.<\/p>\n<p data-start=\"747\" data-end=\"880\">Ulaz na projekcije je besplatan, ali je potrebna prethodna rezervacija mjesta pozivom ili Viber porukom na broj 061 36 56 00.<\/p>\n<p data-start=\"882\" data-end=\"1119\">U okviru svake projekcije organizuju se i edukativni razgovori u saradnji s nastavnicima Srednje \u201eSavremeno\u2013umjetni\u010dke \u0161kole\u201c Tuzla, gdje se kroz diskusiju o filmu izvode zaklju\u010dci va\u017eni za odgoj, obrazovanje i razvoj omladinske kulture.<\/p>\n<p data-start=\"1121\" data-end=\"1334\">Kao dodatni sadr\u017eaj, u\u010denici \u0161kole pripremaju dru\u017eenja s dru\u0161tvenim igrama, interaktivnim radionicama, besplatnim osvje\u017eenjem, fotografisanjem, snimanjem, karaoke programom i drugim zabavnim aktivnostima za mlade.<\/p>\n<p data-start=\"1336\" data-end=\"1447\">Organizatori pozivaju djecu, mlade i sve gra\u0111ane da jesenje i zimske dane provedu u ugodnom filmskom ambijentu.<\/p>\n<p data-start=\"1449\" data-end=\"1633\" data-is-last-node=\"\" data-is-only-node=\"\">Partneri projekta su BKC TK, Srednja \u201eSavremeno\u2013umjetni\u010dka \u0161kola\u201c Tuzla, Pozori\u0161te mladih Tuzle i Una Storia Studio, uz podr\u0161ku Grada Tuzla i Ministarstva za kulturu, sport i mlade TK.<\/p>\n","protected":false},"excerpt":{"rendered":"<p>Udru\u017eenje \u201eMladi Tuzle\u201c i Srednja \u201eSavremeno\u2013umjetni\u010dka \u0161kola\u201c Tuzla, u saradnji s Bosanskim kulturnim centrom TK,&hellip;<\/p>\n","protected":false},"author":4,"featured_media":195917,"comment_status":"closed","ping_status":"closed","sticky":false,"template":"","format":"standard","meta":{"_acf_changed":false,"footnotes":""},"categories":[11],"tags":[742],"acf":[],"yoast_head":"<!-- This site is optimized with the Yoast SEO plugin v23.5 - https:\/\/yoast.com\/wordpress\/plugins\/seo\/ -->\n<title>Besplatna projekcija filma \u201eYes Day\u201c u BKC-u Tuzla ovog petka - TuzlaInfo.ba<\/title>\n<meta name=\"robots\" content=\"index, follow, max-snippet:-1, max-image-preview:large, max-video-preview:-1\" \/>\n<link rel=\"canonical\" href=\"https:\/\/tuzlainfo.ba\/index.php\/najava-dogadaja-2\/item\/289034-besplatna-projekcija-filma-yes-day-u-bkc-u-tuzla-ovog-petka\/\" \/>\n<meta property=\"og:locale\" content=\"bs_BA\" \/>\n<meta property=\"og:type\" content=\"article\" \/>\n<meta property=\"og:title\" content=\"Besplatna projekcija filma \u201eYes Day\u201c u BKC-u Tuzla ovog petka - TuzlaInfo.ba\" \/>\n<meta property=\"og:description\" content=\"Udru\u017eenje \u201eMladi Tuzle\u201c i Srednja \u201eSavremeno\u2013umjetni\u010dka \u0161kola\u201c Tuzla, u saradnji s Bosanskim kulturnim centrom TK,&hellip;\" \/>\n<meta property=\"og:url\" content=\"https:\/\/tuzlainfo.ba\/index.php\/najava-dogadaja-2\/item\/289034-besplatna-projekcija-filma-yes-day-u-bkc-u-tuzla-ovog-petka\/\" \/>\n<meta property=\"og:site_name\" content=\"TuzlaInfo.ba\" \/>\n<meta property=\"article:publisher\" content=\"https:\/\/www.facebook.com\/tuzlainfo.ba\/\" \/>\n<meta property=\"article:published_time\" content=\"2025-12-12T11:05:55+00:00\" \/>\n<meta property=\"article:modified_time\" content=\"2025-12-12T08:11:58+00:00\" \/>\n<meta property=\"og:image\" content=\"https:\/\/tuzlainfo.ba\/wp-content\/uploads\/2023\/01\/BKC-TK_Ilustracija-3-1024x604-1.jpg\" \/>\n\t<meta property=\"og:image:width\" content=\"1024\" \/>\n\t<meta property=\"og:image:height\" content=\"604\" \/>\n\t<meta property=\"og:image:type\" content=\"image\/jpeg\" \/>\n<meta name=\"author\" content=\"Tuzla Info\" \/>\n<meta name=\"twitter:card\" content=\"summary_large_image\" \/>\n<meta name=\"twitter:label1\" content=\"Written by\" \/>\n\t<meta name=\"twitter:data1\" content=\"Tuzla Info\" \/>\n\t<meta name=\"twitter:label2\" content=\"Est. reading time\" \/>\n\t<meta name=\"twitter:data2\" content=\"2 minute\" \/>\n<script type=\"application\/ld+json\" class=\"yoast-schema-graph\">{\"@context\":\"https:\/\/schema.org\",\"@graph\":[{\"@type\":\"Article\",\"@id\":\"https:\/\/tuzlainfo.ba\/index.php\/najava-dogadaja-2\/item\/289034-besplatna-projekcija-filma-yes-day-u-bkc-u-tuzla-ovog-petka\/#article\",\"isPartOf\":{\"@id\":\"https:\/\/tuzlainfo.ba\/index.php\/najava-dogadaja-2\/item\/289034-besplatna-projekcija-filma-yes-day-u-bkc-u-tuzla-ovog-petka\/\"},\"author\":{\"name\":\"Tuzla Info\",\"@id\":\"https:\/\/tuzlainfo.ba\/#\/schema\/person\/46cad4c57790cbc50781edd14870825a\"},\"headline\":\"Besplatna projekcija filma \u201eYes Day\u201c u BKC-u Tuzla ovog petka\",\"datePublished\":\"2025-12-12T11:05:55+00:00\",\"dateModified\":\"2025-12-12T08:11:58+00:00\",\"mainEntityOfPage\":{\"@id\":\"https:\/\/tuzlainfo.ba\/index.php\/najava-dogadaja-2\/item\/289034-besplatna-projekcija-filma-yes-day-u-bkc-u-tuzla-ovog-petka\/\"},\"wordCount\":251,\"publisher\":{\"@id\":\"https:\/\/tuzlainfo.ba\/#organization\"},\"image\":{\"@id\":\"https:\/\/tuzlainfo.ba\/index.php\/najava-dogadaja-2\/item\/289034-besplatna-projekcija-filma-yes-day-u-bkc-u-tuzla-ovog-petka\/#primaryimage\"},\"thumbnailUrl\":\"https:\/\/tuzlainfo.ba\/wp-content\/uploads\/2023\/01\/BKC-TK_Ilustracija-3-1024x604-1.jpg\",\"keywords\":[\"bkc tuzla\"],\"articleSection\":[\"Najave i doga\u0111aji\"],\"inLanguage\":\"bs-BA\"},{\"@type\":\"WebPage\",\"@id\":\"https:\/\/tuzlainfo.ba\/index.php\/najava-dogadaja-2\/item\/289034-besplatna-projekcija-filma-yes-day-u-bkc-u-tuzla-ovog-petka\/\",\"url\":\"https:\/\/tuzlainfo.ba\/index.php\/najava-dogadaja-2\/item\/289034-besplatna-projekcija-filma-yes-day-u-bkc-u-tuzla-ovog-petka\/\",\"name\":\"Besplatna projekcija filma \u201eYes Day\u201c u BKC-u Tuzla ovog petka - TuzlaInfo.ba\",\"isPartOf\":{\"@id\":\"https:\/\/tuzlainfo.ba\/#website\"},\"primaryImageOfPage\":{\"@id\":\"https:\/\/tuzlainfo.ba\/index.php\/najava-dogadaja-2\/item\/289034-besplatna-projekcija-filma-yes-day-u-bkc-u-tuzla-ovog-petka\/#primaryimage\"},\"image\":{\"@id\":\"https:\/\/tuzlainfo.ba\/index.php\/najava-dogadaja-2\/item\/289034-besplatna-projekcija-filma-yes-day-u-bkc-u-tuzla-ovog-petka\/#primaryimage\"},\"thumbnailUrl\":\"https:\/\/tuzlainfo.ba\/wp-content\/uploads\/2023\/01\/BKC-TK_Ilustracija-3-1024x604-1.jpg\",\"datePublished\":\"2025-12-12T11:05:55+00:00\",\"dateModified\":\"2025-12-12T08:11:58+00:00\",\"breadcrumb\":{\"@id\":\"https:\/\/tuzlainfo.ba\/index.php\/najava-dogadaja-2\/item\/289034-besplatna-projekcija-filma-yes-day-u-bkc-u-tuzla-ovog-petka\/#breadcrumb\"},\"inLanguage\":\"bs-BA\",\"potentialAction\":[{\"@type\":\"ReadAction\",\"target\":[\"https:\/\/tuzlainfo.ba\/index.php\/najava-dogadaja-2\/item\/289034-besplatna-projekcija-filma-yes-day-u-bkc-u-tuzla-ovog-petka\/\"]}]},{\"@type\":\"ImageObject\",\"inLanguage\":\"bs-BA\",\"@id\":\"https:\/\/tuzlainfo.ba\/index.php\/najava-dogadaja-2\/item\/289034-besplatna-projekcija-filma-yes-day-u-bkc-u-tuzla-ovog-petka\/#primaryimage\",\"url\":\"https:\/\/tuzlainfo.ba\/wp-content\/uploads\/2023\/01\/BKC-TK_Ilustracija-3-1024x604-1.jpg\",\"contentUrl\":\"https:\/\/tuzlainfo.ba\/wp-content\/uploads\/2023\/01\/BKC-TK_Ilustracija-3-1024x604-1.jpg\",\"width\":1024,\"height\":604},{\"@type\":\"BreadcrumbList\",\"@id\":\"https:\/\/tuzlainfo.ba\/index.php\/najava-dogadaja-2\/item\/289034-besplatna-projekcija-filma-yes-day-u-bkc-u-tuzla-ovog-petka\/#breadcrumb\",\"itemListElement\":[{\"@type\":\"ListItem\",\"position\":1,\"name\":\"Home\",\"item\":\"https:\/\/tuzlainfo.ba\/\"},{\"@type\":\"ListItem\",\"position\":2,\"name\":\"Besplatna projekcija filma \u201eYes Day\u201c u BKC-u Tuzla ovog petka\"}]},{\"@type\":\"WebSite\",\"@id\":\"https:\/\/tuzlainfo.ba\/#website\",\"url\":\"https:\/\/tuzlainfo.ba\/\",\"name\":\"TuzlaInfo.ba\",\"description\":\"Tuzla info, gradski informator - Tuzla na dlanu\",\"publisher\":{\"@id\":\"https:\/\/tuzlainfo.ba\/#organization\"},\"potentialAction\":[{\"@type\":\"SearchAction\",\"target\":{\"@type\":\"EntryPoint\",\"urlTemplate\":\"https:\/\/tuzlainfo.ba\/?s={search_term_string}\"},\"query-input\":{\"@type\":\"PropertyValueSpecification\",\"valueRequired\":true,\"valueName\":\"search_term_string\"}}],\"inLanguage\":\"bs-BA\"},{\"@type\":\"Organization\",\"@id\":\"https:\/\/tuzlainfo.ba\/#organization\",\"name\":\"TuzlaInfo.ba\",\"url\":\"https:\/\/tuzlainfo.ba\/\",\"logo\":{\"@type\":\"ImageObject\",\"inLanguage\":\"bs-BA\",\"@id\":\"https:\/\/tuzlainfo.ba\/#\/schema\/logo\/image\/\",\"url\":\"https:\/\/tuzlainfo.ba\/wp-content\/uploads\/2021\/03\/logo-ver-3-1.png\",\"contentUrl\":\"https:\/\/tuzlainfo.ba\/wp-content\/uploads\/2021\/03\/logo-ver-3-1.png\",\"width\":350,\"height\":95,\"caption\":\"TuzlaInfo.ba\"},\"image\":{\"@id\":\"https:\/\/tuzlainfo.ba\/#\/schema\/logo\/image\/\"},\"sameAs\":[\"https:\/\/www.facebook.com\/tuzlainfo.ba\/\"]},{\"@type\":\"Person\",\"@id\":\"https:\/\/tuzlainfo.ba\/#\/schema\/person\/46cad4c57790cbc50781edd14870825a\",\"name\":\"Tuzla Info\",\"image\":{\"@type\":\"ImageObject\",\"inLanguage\":\"bs-BA\",\"@id\":\"https:\/\/tuzlainfo.ba\/#\/schema\/person\/image\/\",\"url\":\"https:\/\/tuzlainfo.ba\/wp-content\/litespeed\/avatar\/b6c453a6c38e3654f2e4416c643fc25c.jpg?ver=1777051911\",\"contentUrl\":\"https:\/\/tuzlainfo.ba\/wp-content\/litespeed\/avatar\/b6c453a6c38e3654f2e4416c643fc25c.jpg?ver=1777051911\",\"caption\":\"Tuzla Info\"}}]}<\/script>\n<!-- \/ Yoast SEO plugin. -->","yoast_head_json":{"title":"Besplatna projekcija filma \u201eYes Day\u201c u BKC-u Tuzla ovog petka - TuzlaInfo.ba","robots":{"index":"index","follow":"follow","max-snippet":"max-snippet:-1","max-image-preview":"max-image-preview:large","max-video-preview":"max-video-preview:-1"},"canonical":"https:\/\/tuzlainfo.ba\/index.php\/najava-dogadaja-2\/item\/289034-besplatna-projekcija-filma-yes-day-u-bkc-u-tuzla-ovog-petka\/","og_locale":"bs_BA","og_type":"article","og_title":"Besplatna projekcija filma \u201eYes Day\u201c u BKC-u Tuzla ovog petka - TuzlaInfo.ba","og_description":"Udru\u017eenje \u201eMladi Tuzle\u201c i Srednja \u201eSavremeno\u2013umjetni\u010dka \u0161kola\u201c Tuzla, u saradnji s Bosanskim kulturnim centrom TK,&hellip;","og_url":"https:\/\/tuzlainfo.ba\/index.php\/najava-dogadaja-2\/item\/289034-besplatna-projekcija-filma-yes-day-u-bkc-u-tuzla-ovog-petka\/","og_site_name":"TuzlaInfo.ba","article_publisher":"https:\/\/www.facebook.com\/tuzlainfo.ba\/","article_published_time":"2025-12-12T11:05:55+00:00","article_modified_time":"2025-12-12T08:11:58+00:00","og_image":[{"width":1024,"height":604,"url":"https:\/\/tuzlainfo.ba\/wp-content\/uploads\/2023\/01\/BKC-TK_Ilustracija-3-1024x604-1.jpg","type":"image\/jpeg"}],"author":"Tuzla Info","twitter_card":"summary_large_image","twitter_misc":{"Written by":"Tuzla Info","Est. reading time":"2 minute"},"schema":{"@context":"https:\/\/schema.org","@graph":[{"@type":"Article","@id":"https:\/\/tuzlainfo.ba\/index.php\/najava-dogadaja-2\/item\/289034-besplatna-projekcija-filma-yes-day-u-bkc-u-tuzla-ovog-petka\/#article","isPartOf":{"@id":"https:\/\/tuzlainfo.ba\/index.php\/najava-dogadaja-2\/item\/289034-besplatna-projekcija-filma-yes-day-u-bkc-u-tuzla-ovog-petka\/"},"author":{"name":"Tuzla Info","@id":"https:\/\/tuzlainfo.ba\/#\/schema\/person\/46cad4c57790cbc50781edd14870825a"},"headline":"Besplatna projekcija filma \u201eYes Day\u201c u BKC-u Tuzla ovog petka","datePublished":"2025-12-12T11:05:55+00:00","dateModified":"2025-12-12T08:11:58+00:00","mainEntityOfPage":{"@id":"https:\/\/tuzlainfo.ba\/index.php\/najava-dogadaja-2\/item\/289034-besplatna-projekcija-filma-yes-day-u-bkc-u-tuzla-ovog-petka\/"},"wordCount":251,"publisher":{"@id":"https:\/\/tuzlainfo.ba\/#organization"},"image":{"@id":"https:\/\/tuzlainfo.ba\/index.php\/najava-dogadaja-2\/item\/289034-besplatna-projekcija-filma-yes-day-u-bkc-u-tuzla-ovog-petka\/#primaryimage"},"thumbnailUrl":"https:\/\/tuzlainfo.ba\/wp-content\/uploads\/2023\/01\/BKC-TK_Ilustracija-3-1024x604-1.jpg","keywords":["bkc tuzla"],"articleSection":["Najave i doga\u0111aji"],"inLanguage":"bs-BA"},{"@type":"WebPage","@id":"https:\/\/tuzlainfo.ba\/index.php\/najava-dogadaja-2\/item\/289034-besplatna-projekcija-filma-yes-day-u-bkc-u-tuzla-ovog-petka\/","url":"https:\/\/tuzlainfo.ba\/index.php\/najava-dogadaja-2\/item\/289034-besplatna-projekcija-filma-yes-day-u-bkc-u-tuzla-ovog-petka\/","name":"Besplatna projekcija filma \u201eYes Day\u201c u BKC-u Tuzla ovog petka - TuzlaInfo.ba","isPartOf":{"@id":"https:\/\/tuzlainfo.ba\/#website"},"primaryImageOfPage":{"@id":"https:\/\/tuzlainfo.ba\/index.php\/najava-dogadaja-2\/item\/289034-besplatna-projekcija-filma-yes-day-u-bkc-u-tuzla-ovog-petka\/#primaryimage"},"image":{"@id":"https:\/\/tuzlainfo.ba\/index.php\/najava-dogadaja-2\/item\/289034-besplatna-projekcija-filma-yes-day-u-bkc-u-tuzla-ovog-petka\/#primaryimage"},"thumbnailUrl":"https:\/\/tuzlainfo.ba\/wp-content\/uploads\/2023\/01\/BKC-TK_Ilustracija-3-1024x604-1.jpg","datePublished":"2025-12-12T11:05:55+00:00","dateModified":"2025-12-12T08:11:58+00:00","breadcrumb":{"@id":"https:\/\/tuzlainfo.ba\/index.php\/najava-dogadaja-2\/item\/289034-besplatna-projekcija-filma-yes-day-u-bkc-u-tuzla-ovog-petka\/#breadcrumb"},"inLanguage":"bs-BA","potentialAction":[{"@type":"ReadAction","target":["https:\/\/tuzlainfo.ba\/index.php\/najava-dogadaja-2\/item\/289034-besplatna-projekcija-filma-yes-day-u-bkc-u-tuzla-ovog-petka\/"]}]},{"@type":"ImageObject","inLanguage":"bs-BA","@id":"https:\/\/tuzlainfo.ba\/index.php\/najava-dogadaja-2\/item\/289034-besplatna-projekcija-filma-yes-day-u-bkc-u-tuzla-ovog-petka\/#primaryimage","url":"https:\/\/tuzlainfo.ba\/wp-content\/uploads\/2023\/01\/BKC-TK_Ilustracija-3-1024x604-1.jpg","contentUrl":"https:\/\/tuzlainfo.ba\/wp-content\/uploads\/2023\/01\/BKC-TK_Ilustracija-3-1024x604-1.jpg","width":1024,"height":604},{"@type":"BreadcrumbList","@id":"https:\/\/tuzlainfo.ba\/index.php\/najava-dogadaja-2\/item\/289034-besplatna-projekcija-filma-yes-day-u-bkc-u-tuzla-ovog-petka\/#breadcrumb","itemListElement":[{"@type":"ListItem","position":1,"name":"Home","item":"https:\/\/tuzlainfo.ba\/"},{"@type":"ListItem","position":2,"name":"Besplatna projekcija filma \u201eYes Day\u201c u BKC-u Tuzla ovog petka"}]},{"@type":"WebSite","@id":"https:\/\/tuzlainfo.ba\/#website","url":"https:\/\/tuzlainfo.ba\/","name":"TuzlaInfo.ba","description":"Tuzla info, gradski informator - Tuzla na dlanu","publisher":{"@id":"https:\/\/tuzlainfo.ba\/#organization"},"potentialAction":[{"@type":"SearchAction","target":{"@type":"EntryPoint","urlTemplate":"https:\/\/tuzlainfo.ba\/?s={search_term_string}"},"query-input":{"@type":"PropertyValueSpecification","valueRequired":true,"valueName":"search_term_string"}}],"inLanguage":"bs-BA"},{"@type":"Organization","@id":"https:\/\/tuzlainfo.ba\/#organization","name":"TuzlaInfo.ba","url":"https:\/\/tuzlainfo.ba\/","logo":{"@type":"ImageObject","inLanguage":"bs-BA","@id":"https:\/\/tuzlainfo.ba\/#\/schema\/logo\/image\/","url":"https:\/\/tuzlainfo.ba\/wp-content\/uploads\/2021\/03\/logo-ver-3-1.png","contentUrl":"https:\/\/tuzlainfo.ba\/wp-content\/uploads\/2021\/03\/logo-ver-3-1.png","width":350,"height":95,"caption":"TuzlaInfo.ba"},"image":{"@id":"https:\/\/tuzlainfo.ba\/#\/schema\/logo\/image\/"},"sameAs":["https:\/\/www.facebook.com\/tuzlainfo.ba\/"]},{"@type":"Person","@id":"https:\/\/tuzlainfo.ba\/#\/schema\/person\/46cad4c57790cbc50781edd14870825a","name":"Tuzla Info","image":{"@type":"ImageObject","inLanguage":"bs-BA","@id":"https:\/\/tuzlainfo.ba\/#\/schema\/person\/image\/","url":"https:\/\/tuzlainfo.ba\/wp-content\/litespeed\/avatar\/b6c453a6c38e3654f2e4416c643fc25c.jpg?ver=1777051911","contentUrl":"https:\/\/tuzlainfo.ba\/wp-content\/litespeed\/avatar\/b6c453a6c38e3654f2e4416c643fc25c.jpg?ver=1777051911","caption":"Tuzla Info"}}]}},"_links":{"self":[{"href":"https:\/\/tuzlainfo.ba\/index.php\/wp-json\/wp\/v2\/posts\/289034"}],"collection":[{"href":"https:\/\/tuzlainfo.ba\/index.php\/wp-json\/wp\/v2\/posts"}],"about":[{"href":"https:\/\/tuzlainfo.ba\/index.php\/wp-json\/wp\/v2\/types\/post"}],"author":[{"embeddable":true,"href":"https:\/\/tuzlainfo.ba\/index.php\/wp-json\/wp\/v2\/users\/4"}],"replies":[{"embeddable":true,"href":"https:\/\/tuzlainfo.ba\/index.php\/wp-json\/wp\/v2\/comments?post=289034"}],"version-history":[{"count":1,"href":"https:\/\/tuzlainfo.ba\/index.php\/wp-json\/wp\/v2\/posts\/289034\/revisions"}],"predecessor-version":[{"id":289035,"href":"https:\/\/tuzlainfo.ba\/index.php\/wp-json\/wp\/v2\/posts\/289034\/revisions\/289035"}],"wp:featuredmedia":[{"embeddable":true,"href":"https:\/\/tuzlainfo.ba\/index.php\/wp-json\/wp\/v2\/media\/195917"}],"wp:attachment":[{"href":"https:\/\/tuzlainfo.ba\/index.php\/wp-json\/wp\/v2\/media?parent=289034"}],"wp:term":[{"taxonomy":"category","embeddable":true,"href":"https:\/\/tuzlainfo.ba\/index.php\/wp-json\/wp\/v2\/categories?post=289034"},{"taxonomy":"post_tag","embeddable":true,"href":"https:\/\/tuzlainfo.ba\/index.php\/wp-json\/wp\/v2\/tags?post=289034"}],"curies":[{"name":"wp","href":"https:\/\/api.w.org\/{rel}","templated":true}]}}