{"id":289026,"date":"2025-12-12T08:54:24","date_gmt":"2025-12-12T07:54:24","guid":{"rendered":"https:\/\/tuzlainfo.ba\/?p=289026"},"modified":"2025-12-12T19:59:54","modified_gmt":"2025-12-12T18:59:54","slug":"veliko-priznanje-objavljeno-ko-su-novi-primarijusi-iz-tk","status":"publish","type":"post","link":"https:\/\/tuzlainfo.ba\/index.php\/novosti\/item\/289026-veliko-priznanje-objavljeno-ko-su-novi-primarijusi-iz-tk\/","title":{"rendered":"Veliko priznanje: Objavljeno ko su novi primarijusi iz TK"},"content":{"rendered":"<p data-start=\"35\" data-end=\"296\">Federalno ministarstvo zdravstva dostavilo je spisak ljekara kojima je dodijeljeno po\u010dasno zvanje primarijus, kao priznanje za dugogodi\u0161nji uspje\u0161an rad, stru\u010dnu predanost i rezultate postignute u za\u0161titi zdravlja stanovni\u0161tva te razvoju zdravstvenog sistema.<\/p>\n<p data-start=\"298\" data-end=\"560\">Ljekarska komora Tuzlanskog kantona \u010destitala je svojim \u010dlanovima koji su se ove godine na\u0161li na listi dobitnika, uz poruku da njihova posve\u0107enost i profesionalni uspjesi predstavljaju motiv i drugim ljekarima da u narednom periodu te\u017ee ovom vrijednom priznanju.<\/p>\n<p data-start=\"562\" data-end=\"591\"><strong data-start=\"562\" data-end=\"591\">Dobitnici primarijata su:<\/strong><\/p>\n<p data-start=\"593\" data-end=\"617\"><strong data-start=\"593\" data-end=\"615\">Dom zdravlja Tuzla<\/strong><\/p>\n<p data-start=\"620\" data-end=\"675\">Prof.dr.sc. Edin Jusufovi\u0107 \u2013 spec. pneumoftiziologije<\/p>\n<p data-start=\"678\" data-end=\"724\">Dr.sc. Suljo Kuni\u0107 \u2013 spec. neuropsihijatrije<\/p>\n<p data-start=\"727\" data-end=\"770\">Dr Zana Omazi\u0107 \u2013 spec. porodi\u010dne medicine<\/p>\n<p data-start=\"773\" data-end=\"823\">Dr Begajeta Demirovi\u0107 \u2013 spec. porodi\u010dne medicine<\/p>\n<p data-start=\"826\" data-end=\"883\">Dr Narcisa \u0160iljegovi\u0107 \u2013 spec. ginekologije i aku\u0161erstva<\/p>\n<p data-start=\"886\" data-end=\"934\">Dr Mirna Pajkanovi\u0107 \u2013 spec. porodi\u010dne medicine<\/p>\n<p data-start=\"936\" data-end=\"955\"><strong data-start=\"936\" data-end=\"953\">JZU UKC Tuzla<\/strong><\/p>\n<p data-start=\"958\" data-end=\"1037\">Mr.sc. Amir Tursunovi\u0107 \u2013 spec. op\u0107e hirurgije, subspec. abdominalne hirurgije<\/p>\n<p data-start=\"1040\" data-end=\"1107\">Dr.sc. Azra Jahi\u0107 \u2013 spec. interne medicine, subspec. hematologije<\/p>\n<p data-start=\"1110\" data-end=\"1162\">Dr.sc. Adisa Pilavd\u017ei\u0107 Hasi\u0107 \u2013 spec. oftalmologije<\/p>\n<p data-start=\"1165\" data-end=\"1212\">Mr.sc. Zlatko Mu\u0161anovi\u0107 \u2013 spec. oftalmologije<\/p>\n<p data-start=\"1215\" data-end=\"1280\">Dr Ernestina Dostovi\u0107 \u2013 spec. anesteziologije i reanimatologije<\/p>\n<p data-start=\"1283\" data-end=\"1342\">Prof.dr.sc. Sehveta Mustafi\u0107 \u2013 spec. medicinske biohemije<\/p>\n<p data-start=\"1345\" data-end=\"1389\">Doc.dr.sc. Samed Jagodi\u0107 \u2013 spec. urologije<\/p>\n<p data-start=\"1392\" data-end=\"1455\">Mr.sc. Lejla Mujki\u0107 \u2013 spec. anesteziologije i reanimatologije<\/p>\n<p data-start=\"1458\" data-end=\"1491\">Dr Rasim Agi\u0107 \u2013 spec. urologije<\/p>\n<p data-start=\"1494\" data-end=\"1543\">Dr Samir Ke\u0161etovi\u0107 \u2013 spec. otorinolaringologije<\/p>\n<p data-start=\"1546\" data-end=\"1606\">Dr Rada Trubarac \u2013 spec. anesteziologije i reanimatologije<\/p>\n<p data-start=\"1609\" data-end=\"1699\">Dr.sc. Jasmina Pa\u0161i\u0107 \u2013 spec. interne medicine, subspec. endokrinologije i dijabetologije<\/p>\n<p data-start=\"1701\" data-end=\"1719\"><strong data-start=\"1701\" data-end=\"1717\">OB Gra\u010danica<\/strong><\/p>\n<p data-start=\"1722\" data-end=\"1773\">Dr Damir D\u017eevdetbegovi\u0107 \u2013 spec. neuropsihijatrije<\/p>\n<p data-start=\"1775\" data-end=\"1792\"><strong data-start=\"1775\" data-end=\"1790\">DZ Banovi\u0107i<\/strong><\/p>\n<p data-start=\"1795\" data-end=\"1840\">Dr Mehmed Salki\u0107 \u2013 spec. porodi\u010dne medicine<\/p>\n<p data-start=\"1842\" data-end=\"1858\"><strong data-start=\"1842\" data-end=\"1856\">DZ Lukavac<\/strong><\/p>\n<p data-start=\"1861\" data-end=\"1900\">Dr Zdravka Bajri\u0107 \u2013 spec. pedijatrije<\/p>\n<p data-start=\"1902\" data-end=\"1919\"><strong data-start=\"1902\" data-end=\"1917\">DZ \u017divinice<\/strong><\/p>\n<p data-start=\"1922\" data-end=\"1966\">Dr Hazim Nurki\u0107 \u2013 spec. porodi\u010dne medicine<\/p>\n<p data-start=\"1969\" data-end=\"2022\">Dr Zaim Mu\u0161anovi\u0107 \u2013 spec. dijagnosti\u010dke radiologije<\/p>\n<p data-start=\"2025\" data-end=\"2082\">Prof.dr.sc. Elvedin Osmanovi\u0107 \u2013 spec. urgentne medicine<\/p>\n<p data-start=\"2084\" data-end=\"2102\"><strong data-start=\"2084\" data-end=\"2100\">DZ Srebrenik<\/strong><\/p>\n<p data-start=\"2105\" data-end=\"2147\">Dr Admir Sulji\u0107 \u2013 spec. interne medicine<\/p>\n<p data-start=\"2149\" data-end=\"2323\" data-is-last-node=\"\" data-is-only-node=\"\">Sve\u010dano uru\u010denje odluka o dodjeli po\u010dasnog zvanja primarijus bit \u0107e odr\u017eano 17. decembra 2025. godine u Sarajevu, u zgradi Parlamenta Federacije BiH, s po\u010detkom u 12:00 sati.<\/p>\n","protected":false},"excerpt":{"rendered":"<p>Federalno ministarstvo zdravstva dostavilo je spisak ljekara kojima je dodijeljeno po\u010dasno zvanje primarijus, kao priznanje&hellip;<\/p>\n","protected":false},"author":4,"featured_media":143238,"comment_status":"closed","ping_status":"closed","sticky":false,"template":"","format":"standard","meta":{"_acf_changed":false,"footnotes":""},"categories":[304,12,306],"tags":[2665,1302],"acf":[],"yoast_head":"<!-- This site is optimized with the Yoast SEO plugin v23.5 - https:\/\/yoast.com\/wordpress\/plugins\/seo\/ -->\n<title>Veliko priznanje: Objavljeno ko su novi primarijusi iz TK - TuzlaInfo.ba<\/title>\n<meta name=\"robots\" content=\"index, follow, max-snippet:-1, max-image-preview:large, max-video-preview:-1\" \/>\n<link rel=\"canonical\" href=\"https:\/\/tuzlainfo.ba\/index.php\/novosti\/item\/289026-veliko-priznanje-objavljeno-ko-su-novi-primarijusi-iz-tk\/\" \/>\n<meta property=\"og:locale\" content=\"bs_BA\" \/>\n<meta property=\"og:type\" content=\"article\" \/>\n<meta property=\"og:title\" content=\"Veliko priznanje: Objavljeno ko su novi primarijusi iz TK - TuzlaInfo.ba\" \/>\n<meta property=\"og:description\" content=\"Federalno ministarstvo zdravstva dostavilo je spisak ljekara kojima je dodijeljeno po\u010dasno zvanje primarijus, kao priznanje&hellip;\" \/>\n<meta property=\"og:url\" content=\"https:\/\/tuzlainfo.ba\/index.php\/novosti\/item\/289026-veliko-priznanje-objavljeno-ko-su-novi-primarijusi-iz-tk\/\" \/>\n<meta property=\"og:site_name\" content=\"TuzlaInfo.ba\" \/>\n<meta property=\"article:publisher\" content=\"https:\/\/www.facebook.com\/tuzlainfo.ba\/\" \/>\n<meta property=\"article:published_time\" content=\"2025-12-12T07:54:24+00:00\" \/>\n<meta property=\"article:modified_time\" content=\"2025-12-12T18:59:54+00:00\" \/>\n<meta property=\"og:image\" content=\"https:\/\/tuzlainfo.ba\/wp-content\/uploads\/2021\/07\/28017_doktori-strajk.jpg\" \/>\n\t<meta property=\"og:image:width\" content=\"1280\" \/>\n\t<meta property=\"og:image:height\" content=\"880\" \/>\n\t<meta property=\"og:image:type\" content=\"image\/jpeg\" \/>\n<meta name=\"author\" content=\"Tuzla Info\" \/>\n<meta name=\"twitter:card\" content=\"summary_large_image\" \/>\n<meta name=\"twitter:label1\" content=\"Written by\" \/>\n\t<meta name=\"twitter:data1\" content=\"Tuzla Info\" \/>\n\t<meta name=\"twitter:label2\" content=\"Est. reading time\" \/>\n\t<meta name=\"twitter:data2\" content=\"2 minute\" \/>\n<script type=\"application\/ld+json\" class=\"yoast-schema-graph\">{\"@context\":\"https:\/\/schema.org\",\"@graph\":[{\"@type\":\"Article\",\"@id\":\"https:\/\/tuzlainfo.ba\/index.php\/novosti\/item\/289026-veliko-priznanje-objavljeno-ko-su-novi-primarijusi-iz-tk\/#article\",\"isPartOf\":{\"@id\":\"https:\/\/tuzlainfo.ba\/index.php\/novosti\/item\/289026-veliko-priznanje-objavljeno-ko-su-novi-primarijusi-iz-tk\/\"},\"author\":{\"name\":\"Tuzla Info\",\"@id\":\"https:\/\/tuzlainfo.ba\/#\/schema\/person\/46cad4c57790cbc50781edd14870825a\"},\"headline\":\"Veliko priznanje: Objavljeno ko su novi primarijusi iz TK\",\"datePublished\":\"2025-12-12T07:54:24+00:00\",\"dateModified\":\"2025-12-12T18:59:54+00:00\",\"mainEntityOfPage\":{\"@id\":\"https:\/\/tuzlainfo.ba\/index.php\/novosti\/item\/289026-veliko-priznanje-objavljeno-ko-su-novi-primarijusi-iz-tk\/\"},\"wordCount\":322,\"publisher\":{\"@id\":\"https:\/\/tuzlainfo.ba\/#organization\"},\"image\":{\"@id\":\"https:\/\/tuzlainfo.ba\/index.php\/novosti\/item\/289026-veliko-priznanje-objavljeno-ko-su-novi-primarijusi-iz-tk\/#primaryimage\"},\"thumbnailUrl\":\"https:\/\/tuzlainfo.ba\/wp-content\/uploads\/2021\/07\/28017_doktori-strajk.jpg\",\"keywords\":[\"ljekarska komora tk\",\"primarijus\"],\"articleSection\":[\"Istaknuto\",\"Novosti\",\"Preporu\u010dujemo\"],\"inLanguage\":\"bs-BA\"},{\"@type\":\"WebPage\",\"@id\":\"https:\/\/tuzlainfo.ba\/index.php\/novosti\/item\/289026-veliko-priznanje-objavljeno-ko-su-novi-primarijusi-iz-tk\/\",\"url\":\"https:\/\/tuzlainfo.ba\/index.php\/novosti\/item\/289026-veliko-priznanje-objavljeno-ko-su-novi-primarijusi-iz-tk\/\",\"name\":\"Veliko priznanje: Objavljeno ko su novi primarijusi iz TK - TuzlaInfo.ba\",\"isPartOf\":{\"@id\":\"https:\/\/tuzlainfo.ba\/#website\"},\"primaryImageOfPage\":{\"@id\":\"https:\/\/tuzlainfo.ba\/index.php\/novosti\/item\/289026-veliko-priznanje-objavljeno-ko-su-novi-primarijusi-iz-tk\/#primaryimage\"},\"image\":{\"@id\":\"https:\/\/tuzlainfo.ba\/index.php\/novosti\/item\/289026-veliko-priznanje-objavljeno-ko-su-novi-primarijusi-iz-tk\/#primaryimage\"},\"thumbnailUrl\":\"https:\/\/tuzlainfo.ba\/wp-content\/uploads\/2021\/07\/28017_doktori-strajk.jpg\",\"datePublished\":\"2025-12-12T07:54:24+00:00\",\"dateModified\":\"2025-12-12T18:59:54+00:00\",\"breadcrumb\":{\"@id\":\"https:\/\/tuzlainfo.ba\/index.php\/novosti\/item\/289026-veliko-priznanje-objavljeno-ko-su-novi-primarijusi-iz-tk\/#breadcrumb\"},\"inLanguage\":\"bs-BA\",\"potentialAction\":[{\"@type\":\"ReadAction\",\"target\":[\"https:\/\/tuzlainfo.ba\/index.php\/novosti\/item\/289026-veliko-priznanje-objavljeno-ko-su-novi-primarijusi-iz-tk\/\"]}]},{\"@type\":\"ImageObject\",\"inLanguage\":\"bs-BA\",\"@id\":\"https:\/\/tuzlainfo.ba\/index.php\/novosti\/item\/289026-veliko-priznanje-objavljeno-ko-su-novi-primarijusi-iz-tk\/#primaryimage\",\"url\":\"https:\/\/tuzlainfo.ba\/wp-content\/uploads\/2021\/07\/28017_doktori-strajk.jpg\",\"contentUrl\":\"https:\/\/tuzlainfo.ba\/wp-content\/uploads\/2021\/07\/28017_doktori-strajk.jpg\",\"width\":1280,\"height\":880,\"caption\":\"Ilustracija\"},{\"@type\":\"BreadcrumbList\",\"@id\":\"https:\/\/tuzlainfo.ba\/index.php\/novosti\/item\/289026-veliko-priznanje-objavljeno-ko-su-novi-primarijusi-iz-tk\/#breadcrumb\",\"itemListElement\":[{\"@type\":\"ListItem\",\"position\":1,\"name\":\"Home\",\"item\":\"https:\/\/tuzlainfo.ba\/\"},{\"@type\":\"ListItem\",\"position\":2,\"name\":\"Veliko priznanje: Objavljeno ko su novi primarijusi iz TK\"}]},{\"@type\":\"WebSite\",\"@id\":\"https:\/\/tuzlainfo.ba\/#website\",\"url\":\"https:\/\/tuzlainfo.ba\/\",\"name\":\"TuzlaInfo.ba\",\"description\":\"Tuzla info, gradski informator - Tuzla na dlanu\",\"publisher\":{\"@id\":\"https:\/\/tuzlainfo.ba\/#organization\"},\"potentialAction\":[{\"@type\":\"SearchAction\",\"target\":{\"@type\":\"EntryPoint\",\"urlTemplate\":\"https:\/\/tuzlainfo.ba\/?s={search_term_string}\"},\"query-input\":{\"@type\":\"PropertyValueSpecification\",\"valueRequired\":true,\"valueName\":\"search_term_string\"}}],\"inLanguage\":\"bs-BA\"},{\"@type\":\"Organization\",\"@id\":\"https:\/\/tuzlainfo.ba\/#organization\",\"name\":\"TuzlaInfo.ba\",\"url\":\"https:\/\/tuzlainfo.ba\/\",\"logo\":{\"@type\":\"ImageObject\",\"inLanguage\":\"bs-BA\",\"@id\":\"https:\/\/tuzlainfo.ba\/#\/schema\/logo\/image\/\",\"url\":\"https:\/\/tuzlainfo.ba\/wp-content\/uploads\/2021\/03\/logo-ver-3-1.png\",\"contentUrl\":\"https:\/\/tuzlainfo.ba\/wp-content\/uploads\/2021\/03\/logo-ver-3-1.png\",\"width\":350,\"height\":95,\"caption\":\"TuzlaInfo.ba\"},\"image\":{\"@id\":\"https:\/\/tuzlainfo.ba\/#\/schema\/logo\/image\/\"},\"sameAs\":[\"https:\/\/www.facebook.com\/tuzlainfo.ba\/\"]},{\"@type\":\"Person\",\"@id\":\"https:\/\/tuzlainfo.ba\/#\/schema\/person\/46cad4c57790cbc50781edd14870825a\",\"name\":\"Tuzla Info\",\"image\":{\"@type\":\"ImageObject\",\"inLanguage\":\"bs-BA\",\"@id\":\"https:\/\/tuzlainfo.ba\/#\/schema\/person\/image\/\",\"url\":\"https:\/\/tuzlainfo.ba\/wp-content\/litespeed\/avatar\/b6c453a6c38e3654f2e4416c643fc25c.jpg?ver=1777051911\",\"contentUrl\":\"https:\/\/tuzlainfo.ba\/wp-content\/litespeed\/avatar\/b6c453a6c38e3654f2e4416c643fc25c.jpg?ver=1777051911\",\"caption\":\"Tuzla Info\"}}]}<\/script>\n<!-- \/ Yoast SEO plugin. -->","yoast_head_json":{"title":"Veliko priznanje: Objavljeno ko su novi primarijusi iz TK - TuzlaInfo.ba","robots":{"index":"index","follow":"follow","max-snippet":"max-snippet:-1","max-image-preview":"max-image-preview:large","max-video-preview":"max-video-preview:-1"},"canonical":"https:\/\/tuzlainfo.ba\/index.php\/novosti\/item\/289026-veliko-priznanje-objavljeno-ko-su-novi-primarijusi-iz-tk\/","og_locale":"bs_BA","og_type":"article","og_title":"Veliko priznanje: Objavljeno ko su novi primarijusi iz TK - TuzlaInfo.ba","og_description":"Federalno ministarstvo zdravstva dostavilo je spisak ljekara kojima je dodijeljeno po\u010dasno zvanje primarijus, kao priznanje&hellip;","og_url":"https:\/\/tuzlainfo.ba\/index.php\/novosti\/item\/289026-veliko-priznanje-objavljeno-ko-su-novi-primarijusi-iz-tk\/","og_site_name":"TuzlaInfo.ba","article_publisher":"https:\/\/www.facebook.com\/tuzlainfo.ba\/","article_published_time":"2025-12-12T07:54:24+00:00","article_modified_time":"2025-12-12T18:59:54+00:00","og_image":[{"width":1280,"height":880,"url":"https:\/\/tuzlainfo.ba\/wp-content\/uploads\/2021\/07\/28017_doktori-strajk.jpg","type":"image\/jpeg"}],"author":"Tuzla Info","twitter_card":"summary_large_image","twitter_misc":{"Written by":"Tuzla Info","Est. reading time":"2 minute"},"schema":{"@context":"https:\/\/schema.org","@graph":[{"@type":"Article","@id":"https:\/\/tuzlainfo.ba\/index.php\/novosti\/item\/289026-veliko-priznanje-objavljeno-ko-su-novi-primarijusi-iz-tk\/#article","isPartOf":{"@id":"https:\/\/tuzlainfo.ba\/index.php\/novosti\/item\/289026-veliko-priznanje-objavljeno-ko-su-novi-primarijusi-iz-tk\/"},"author":{"name":"Tuzla Info","@id":"https:\/\/tuzlainfo.ba\/#\/schema\/person\/46cad4c57790cbc50781edd14870825a"},"headline":"Veliko priznanje: Objavljeno ko su novi primarijusi iz TK","datePublished":"2025-12-12T07:54:24+00:00","dateModified":"2025-12-12T18:59:54+00:00","mainEntityOfPage":{"@id":"https:\/\/tuzlainfo.ba\/index.php\/novosti\/item\/289026-veliko-priznanje-objavljeno-ko-su-novi-primarijusi-iz-tk\/"},"wordCount":322,"publisher":{"@id":"https:\/\/tuzlainfo.ba\/#organization"},"image":{"@id":"https:\/\/tuzlainfo.ba\/index.php\/novosti\/item\/289026-veliko-priznanje-objavljeno-ko-su-novi-primarijusi-iz-tk\/#primaryimage"},"thumbnailUrl":"https:\/\/tuzlainfo.ba\/wp-content\/uploads\/2021\/07\/28017_doktori-strajk.jpg","keywords":["ljekarska komora tk","primarijus"],"articleSection":["Istaknuto","Novosti","Preporu\u010dujemo"],"inLanguage":"bs-BA"},{"@type":"WebPage","@id":"https:\/\/tuzlainfo.ba\/index.php\/novosti\/item\/289026-veliko-priznanje-objavljeno-ko-su-novi-primarijusi-iz-tk\/","url":"https:\/\/tuzlainfo.ba\/index.php\/novosti\/item\/289026-veliko-priznanje-objavljeno-ko-su-novi-primarijusi-iz-tk\/","name":"Veliko priznanje: Objavljeno ko su novi primarijusi iz TK - TuzlaInfo.ba","isPartOf":{"@id":"https:\/\/tuzlainfo.ba\/#website"},"primaryImageOfPage":{"@id":"https:\/\/tuzlainfo.ba\/index.php\/novosti\/item\/289026-veliko-priznanje-objavljeno-ko-su-novi-primarijusi-iz-tk\/#primaryimage"},"image":{"@id":"https:\/\/tuzlainfo.ba\/index.php\/novosti\/item\/289026-veliko-priznanje-objavljeno-ko-su-novi-primarijusi-iz-tk\/#primaryimage"},"thumbnailUrl":"https:\/\/tuzlainfo.ba\/wp-content\/uploads\/2021\/07\/28017_doktori-strajk.jpg","datePublished":"2025-12-12T07:54:24+00:00","dateModified":"2025-12-12T18:59:54+00:00","breadcrumb":{"@id":"https:\/\/tuzlainfo.ba\/index.php\/novosti\/item\/289026-veliko-priznanje-objavljeno-ko-su-novi-primarijusi-iz-tk\/#breadcrumb"},"inLanguage":"bs-BA","potentialAction":[{"@type":"ReadAction","target":["https:\/\/tuzlainfo.ba\/index.php\/novosti\/item\/289026-veliko-priznanje-objavljeno-ko-su-novi-primarijusi-iz-tk\/"]}]},{"@type":"ImageObject","inLanguage":"bs-BA","@id":"https:\/\/tuzlainfo.ba\/index.php\/novosti\/item\/289026-veliko-priznanje-objavljeno-ko-su-novi-primarijusi-iz-tk\/#primaryimage","url":"https:\/\/tuzlainfo.ba\/wp-content\/uploads\/2021\/07\/28017_doktori-strajk.jpg","contentUrl":"https:\/\/tuzlainfo.ba\/wp-content\/uploads\/2021\/07\/28017_doktori-strajk.jpg","width":1280,"height":880,"caption":"Ilustracija"},{"@type":"BreadcrumbList","@id":"https:\/\/tuzlainfo.ba\/index.php\/novosti\/item\/289026-veliko-priznanje-objavljeno-ko-su-novi-primarijusi-iz-tk\/#breadcrumb","itemListElement":[{"@type":"ListItem","position":1,"name":"Home","item":"https:\/\/tuzlainfo.ba\/"},{"@type":"ListItem","position":2,"name":"Veliko priznanje: Objavljeno ko su novi primarijusi iz TK"}]},{"@type":"WebSite","@id":"https:\/\/tuzlainfo.ba\/#website","url":"https:\/\/tuzlainfo.ba\/","name":"TuzlaInfo.ba","description":"Tuzla info, gradski informator - Tuzla na dlanu","publisher":{"@id":"https:\/\/tuzlainfo.ba\/#organization"},"potentialAction":[{"@type":"SearchAction","target":{"@type":"EntryPoint","urlTemplate":"https:\/\/tuzlainfo.ba\/?s={search_term_string}"},"query-input":{"@type":"PropertyValueSpecification","valueRequired":true,"valueName":"search_term_string"}}],"inLanguage":"bs-BA"},{"@type":"Organization","@id":"https:\/\/tuzlainfo.ba\/#organization","name":"TuzlaInfo.ba","url":"https:\/\/tuzlainfo.ba\/","logo":{"@type":"ImageObject","inLanguage":"bs-BA","@id":"https:\/\/tuzlainfo.ba\/#\/schema\/logo\/image\/","url":"https:\/\/tuzlainfo.ba\/wp-content\/uploads\/2021\/03\/logo-ver-3-1.png","contentUrl":"https:\/\/tuzlainfo.ba\/wp-content\/uploads\/2021\/03\/logo-ver-3-1.png","width":350,"height":95,"caption":"TuzlaInfo.ba"},"image":{"@id":"https:\/\/tuzlainfo.ba\/#\/schema\/logo\/image\/"},"sameAs":["https:\/\/www.facebook.com\/tuzlainfo.ba\/"]},{"@type":"Person","@id":"https:\/\/tuzlainfo.ba\/#\/schema\/person\/46cad4c57790cbc50781edd14870825a","name":"Tuzla Info","image":{"@type":"ImageObject","inLanguage":"bs-BA","@id":"https:\/\/tuzlainfo.ba\/#\/schema\/person\/image\/","url":"https:\/\/tuzlainfo.ba\/wp-content\/litespeed\/avatar\/b6c453a6c38e3654f2e4416c643fc25c.jpg?ver=1777051911","contentUrl":"https:\/\/tuzlainfo.ba\/wp-content\/litespeed\/avatar\/b6c453a6c38e3654f2e4416c643fc25c.jpg?ver=1777051911","caption":"Tuzla Info"}}]}},"_links":{"self":[{"href":"https:\/\/tuzlainfo.ba\/index.php\/wp-json\/wp\/v2\/posts\/289026"}],"collection":[{"href":"https:\/\/tuzlainfo.ba\/index.php\/wp-json\/wp\/v2\/posts"}],"about":[{"href":"https:\/\/tuzlainfo.ba\/index.php\/wp-json\/wp\/v2\/types\/post"}],"author":[{"embeddable":true,"href":"https:\/\/tuzlainfo.ba\/index.php\/wp-json\/wp\/v2\/users\/4"}],"replies":[{"embeddable":true,"href":"https:\/\/tuzlainfo.ba\/index.php\/wp-json\/wp\/v2\/comments?post=289026"}],"version-history":[{"count":1,"href":"https:\/\/tuzlainfo.ba\/index.php\/wp-json\/wp\/v2\/posts\/289026\/revisions"}],"predecessor-version":[{"id":289027,"href":"https:\/\/tuzlainfo.ba\/index.php\/wp-json\/wp\/v2\/posts\/289026\/revisions\/289027"}],"wp:featuredmedia":[{"embeddable":true,"href":"https:\/\/tuzlainfo.ba\/index.php\/wp-json\/wp\/v2\/media\/143238"}],"wp:attachment":[{"href":"https:\/\/tuzlainfo.ba\/index.php\/wp-json\/wp\/v2\/media?parent=289026"}],"wp:term":[{"taxonomy":"category","embeddable":true,"href":"https:\/\/tuzlainfo.ba\/index.php\/wp-json\/wp\/v2\/categories?post=289026"},{"taxonomy":"post_tag","embeddable":true,"href":"https:\/\/tuzlainfo.ba\/index.php\/wp-json\/wp\/v2\/tags?post=289026"}],"curies":[{"name":"wp","href":"https:\/\/api.w.org\/{rel}","templated":true}]}}