{"id":289020,"date":"2025-12-12T09:24:56","date_gmt":"2025-12-12T08:24:56","guid":{"rendered":"https:\/\/tuzlainfo.ba\/?p=289020"},"modified":"2025-12-12T08:26:54","modified_gmt":"2025-12-12T07:26:54","slug":"vukanovic-o-posjeti-plenkovica-banjoj-luci-ponizenje-domacih-politicara-pred-zagrebom","status":"publish","type":"post","link":"https:\/\/tuzlainfo.ba\/index.php\/bosna-i-hercegovina\/item\/289020-vukanovic-o-posjeti-plenkovica-banjoj-luci-ponizenje-domacih-politicara-pred-zagrebom\/","title":{"rendered":"Vukanovi\u0107 o posjeti Plenkovi\u0107a Banjoj Luci: Poni\u017eenje doma\u0107ih politi\u010dara pred Zagrebom"},"content":{"rendered":"<p>Narodni poslanik u NSRS-u i predsjednik liste Za pravdu i red Neboj\u0161a Vukanovi\u0107 o\u0161tro je reagovao na posjetu predsjednika Vlade Republike Hrvatske Andreja Plenkovi\u0107a Bosni i Hercegovini, poru\u010div\u0161i da je njegov dolazak u Banju Luku razotkrio, kako je naveo, poni\u017eavaju\u0107i i podani\u010dki odnos dijela doma\u0107e politi\u010dke scene prema Zagrebu.<\/p>\n<p>Vukanovi\u0107 je ukazao na, kako tvrdi, o\u010digledan dvostruki standard na granicama, podsje\u0107aju\u0107i da se gra\u0111anima BiH prilikom ulaska u Hrvatsku i Evropsku uniju uzimaju otisci prstiju i skeniraju zjenice, dok je hrvatski premijer u BiH u\u0161ao preko grani\u010dnog prijelaza kod Gradi\u0161ke koji, prema njegovim rije\u010dima, nije u funkciji. Ocijenio je da takav ulazak ne pokazuje samo osje\u0107aj nadmo\u0107i, ve\u0107 i otvoreno nepo\u0161tovanje dr\u017eave doma\u0107ina.<\/p>\n<p>Posebno je kritikovao pona\u0161anje predsjednika Republike Srpske Milorada Dodika i gradona\u010delnika Banje Luke Dra\u0161ka Stanivukovi\u0107a, navode\u0107i da su se tokom posjete pona\u0161ali krajnje snishodljivo prema Andreju Plenkovi\u0107u i Draganu \u010covi\u0107u.<\/p>\n<p>\u201eTu\u017eno je bilo gledati velike srbende i patriote kako se pona\u0161aju ponizno, osmjehuju, tr\u010dkaraju i oblije\u0107u oko Plenkovi\u0107a i \u010covi\u0107a, sretni \u0161to su im dragi gosti i \u0161efovi do\u0161li u Banju Luku\u201c, napisao je Vukanovi\u0107.<\/p>\n<p>Kao posebno upe\u010datljiv detalj naveo je doga\u0111aj na Petri\u0107evcu, gdje je, prema njegovim tvrdnjama, Dra\u0161ko Stanivukovi\u0107 poru\u010dio Plenkovi\u0107u \u201eTu smo za vas\u201c, uz primjedbu da je gradona\u010delnik bio toliko uporan da mu prvi pri\u0111e da je, kako navodi, potisnuo \u010dak i osiguranje hrvatskog premijera.<\/p>\n<p>Vukanovi\u0107 je istakao da gostoprimstvo ne smije zna\u010diti gubitak dostojanstva. \u201eTreba sa\u010duvati barem minimum nacionalnog dostojanstva. Tu\u017eno je gledati kako Dodik, Mini\u0107, Stanivukovi\u0107 i cijela svita poku\u0161avaju da se na svakom koraku i svakim osmijehom dodvore Plenkovi\u0107u\u201c, naveo je, podsje\u0107aju\u0107i na, kako tvrdi, lo\u0161 polo\u017eaj Srba u Hrvatskoj, ru\u0161enje spomenika na \u0107irilici, tolerisanje usta\u0161kih simbola, napade na Srbe, prekide kulturnih doga\u0111aja, kao i planirano odlagali\u0161te otpada uz samu granicu u Baniji.<\/p>\n<p>Govore\u0107i o odnosima Dragana \u010covi\u0107a i Milorada Dodika, Vukanovi\u0107 je naveo da mu je posebno zapao za oko trenutak u kojem je \u010covi\u0107 Dodika u javnom obra\u0107anju oslovio kao predsjednika, uz, kako je rekao, pogled koji je dodatno naglasio bliskost njihovih politi\u010dkih veza.<\/p>\n<p>Kritikovao je i propuste u protokolu, isti\u010du\u0107i da je u vrijeme Bo\u017ei\u0107nog posta servirana mrsna trpeza, \u0161to smatra nepo\u0161tovanjem vjerskih obi\u010daja. Dodao je da je uvjeren kako se takav propust ne bi desio da su gosti bili, kako je naveo, \u201ebogati Arapi\u201c.<\/p>\n<p>Prema njegovim rije\u010dima, dolazak Plenkovi\u0107a i \u010covi\u0107a u Banju Luku iskori\u0161ten je kako bi se javnosti prikazali nasmijani i zadovoljni Dodik i Stanivukovi\u0107, politi\u010dari koje opisuje kao lidere po volji Zagreba, spremne da se me\u0111usobno nadme\u0107u ko \u0107e ostaviti bolji utisak i obezbijediti ve\u0107u politi\u010dku podr\u0161ku uo\u010di izbora i postizbornih kombinacija.<\/p>\n<p>Vukanovi\u0107 je zamjerio i izostanak bilo kakve simboli\u010dne geste suo\u010davanja s pro\u0161lo\u0161\u0107u, navode\u0107i da je Plenkovi\u0107 mogao polo\u017eiti cvije\u0107e na spomenik \u017ertvama usta\u0161kog terora na Kozari ili u \u0160argovcu i jasno osuditi zlo\u010dine NDH, ali da to, o\u010dito, nije bilo predvi\u0111eno protokolom.<\/p>\n<p>Na kraju je istakao da, kako tvrdi, niko od doma\u0107ih politi\u010dara nije iskoristio priliku da otvori pitanja polo\u017eaja Srba u Hrvatskoj, Trgovske gore ili odnosa u Vije\u0107u ministara BiH, iako su to, prema njegovim rije\u010dima, teme od vitalnog nacionalnog interesa. Najavio je da \u0107e uskoro objaviti video prilog i detaljniju analizu posjete Andreja Plenkovi\u0107a, Dragana \u010covi\u0107a i Borjane Kri\u0161to Banjoj Luci, kao i politi\u010dkih poruka koje su tom prilikom poslane.<\/p>\n","protected":false},"excerpt":{"rendered":"<p>Narodni poslanik u NSRS-u i predsjednik liste Za pravdu i red Neboj\u0161a Vukanovi\u0107 o\u0161tro je&hellip;<\/p>\n","protected":false},"author":8,"featured_media":273614,"comment_status":"closed","ping_status":"closed","sticky":false,"template":"","format":"standard","meta":{"_acf_changed":false,"footnotes":""},"categories":[291],"tags":[2626,1341],"acf":[],"yoast_head":"<!-- This site is optimized with the Yoast SEO plugin v23.5 - https:\/\/yoast.com\/wordpress\/plugins\/seo\/ -->\n<title>Vukanovi\u0107 o posjeti Plenkovi\u0107a Banjoj Luci: Poni\u017eenje doma\u0107ih politi\u010dara pred Zagrebom - TuzlaInfo.ba<\/title>\n<meta name=\"robots\" content=\"index, follow, max-snippet:-1, max-image-preview:large, max-video-preview:-1\" \/>\n<link rel=\"canonical\" href=\"https:\/\/tuzlainfo.ba\/index.php\/bosna-i-hercegovina\/item\/289020-vukanovic-o-posjeti-plenkovica-banjoj-luci-ponizenje-domacih-politicara-pred-zagrebom\/\" \/>\n<meta property=\"og:locale\" content=\"bs_BA\" \/>\n<meta property=\"og:type\" content=\"article\" \/>\n<meta property=\"og:title\" content=\"Vukanovi\u0107 o posjeti Plenkovi\u0107a Banjoj Luci: Poni\u017eenje doma\u0107ih politi\u010dara pred Zagrebom - TuzlaInfo.ba\" \/>\n<meta property=\"og:description\" content=\"Narodni poslanik u NSRS-u i predsjednik liste Za pravdu i red Neboj\u0161a Vukanovi\u0107 o\u0161tro je&hellip;\" \/>\n<meta property=\"og:url\" content=\"https:\/\/tuzlainfo.ba\/index.php\/bosna-i-hercegovina\/item\/289020-vukanovic-o-posjeti-plenkovica-banjoj-luci-ponizenje-domacih-politicara-pred-zagrebom\/\" \/>\n<meta property=\"og:site_name\" content=\"TuzlaInfo.ba\" \/>\n<meta property=\"article:publisher\" content=\"https:\/\/www.facebook.com\/tuzlainfo.ba\/\" \/>\n<meta property=\"article:published_time\" content=\"2025-12-12T08:24:56+00:00\" \/>\n<meta property=\"article:modified_time\" content=\"2025-12-12T07:26:54+00:00\" \/>\n<meta property=\"og:image\" content=\"https:\/\/tuzlainfo.ba\/wp-content\/uploads\/2025\/07\/0707_nebojsa-vukanovic.jpg\" \/>\n\t<meta property=\"og:image:width\" content=\"1536\" \/>\n\t<meta property=\"og:image:height\" content=\"1024\" \/>\n\t<meta property=\"og:image:type\" content=\"image\/jpeg\" \/>\n<meta name=\"author\" content=\"Admin Tri\" \/>\n<meta name=\"twitter:card\" content=\"summary_large_image\" \/>\n<meta name=\"twitter:label1\" content=\"Written by\" \/>\n\t<meta name=\"twitter:data1\" content=\"Admin Tri\" \/>\n\t<meta name=\"twitter:label2\" content=\"Est. reading time\" \/>\n\t<meta name=\"twitter:data2\" content=\"4 minute\" \/>\n<script type=\"application\/ld+json\" class=\"yoast-schema-graph\">{\"@context\":\"https:\/\/schema.org\",\"@graph\":[{\"@type\":\"Article\",\"@id\":\"https:\/\/tuzlainfo.ba\/index.php\/bosna-i-hercegovina\/item\/289020-vukanovic-o-posjeti-plenkovica-banjoj-luci-ponizenje-domacih-politicara-pred-zagrebom\/#article\",\"isPartOf\":{\"@id\":\"https:\/\/tuzlainfo.ba\/index.php\/bosna-i-hercegovina\/item\/289020-vukanovic-o-posjeti-plenkovica-banjoj-luci-ponizenje-domacih-politicara-pred-zagrebom\/\"},\"author\":{\"name\":\"Admin Tri\",\"@id\":\"https:\/\/tuzlainfo.ba\/#\/schema\/person\/593e78a2f6378c5ba3e7600ecfa4e63a\"},\"headline\":\"Vukanovi\u0107 o posjeti Plenkovi\u0107a Banjoj Luci: Poni\u017eenje doma\u0107ih politi\u010dara pred Zagrebom\",\"datePublished\":\"2025-12-12T08:24:56+00:00\",\"dateModified\":\"2025-12-12T07:26:54+00:00\",\"mainEntityOfPage\":{\"@id\":\"https:\/\/tuzlainfo.ba\/index.php\/bosna-i-hercegovina\/item\/289020-vukanovic-o-posjeti-plenkovica-banjoj-luci-ponizenje-domacih-politicara-pred-zagrebom\/\"},\"wordCount\":655,\"publisher\":{\"@id\":\"https:\/\/tuzlainfo.ba\/#organization\"},\"image\":{\"@id\":\"https:\/\/tuzlainfo.ba\/index.php\/bosna-i-hercegovina\/item\/289020-vukanovic-o-posjeti-plenkovica-banjoj-luci-ponizenje-domacih-politicara-pred-zagrebom\/#primaryimage\"},\"thumbnailUrl\":\"https:\/\/tuzlainfo.ba\/wp-content\/uploads\/2025\/07\/0707_nebojsa-vukanovic.jpg\",\"keywords\":[\"Andrej Plenkovi\u0107\",\"neboj\u0161a Vukanovi\u0107\"],\"articleSection\":[\"Bosna i Hercegovina\"],\"inLanguage\":\"bs-BA\"},{\"@type\":\"WebPage\",\"@id\":\"https:\/\/tuzlainfo.ba\/index.php\/bosna-i-hercegovina\/item\/289020-vukanovic-o-posjeti-plenkovica-banjoj-luci-ponizenje-domacih-politicara-pred-zagrebom\/\",\"url\":\"https:\/\/tuzlainfo.ba\/index.php\/bosna-i-hercegovina\/item\/289020-vukanovic-o-posjeti-plenkovica-banjoj-luci-ponizenje-domacih-politicara-pred-zagrebom\/\",\"name\":\"Vukanovi\u0107 o posjeti Plenkovi\u0107a Banjoj Luci: Poni\u017eenje doma\u0107ih politi\u010dara pred Zagrebom - TuzlaInfo.ba\",\"isPartOf\":{\"@id\":\"https:\/\/tuzlainfo.ba\/#website\"},\"primaryImageOfPage\":{\"@id\":\"https:\/\/tuzlainfo.ba\/index.php\/bosna-i-hercegovina\/item\/289020-vukanovic-o-posjeti-plenkovica-banjoj-luci-ponizenje-domacih-politicara-pred-zagrebom\/#primaryimage\"},\"image\":{\"@id\":\"https:\/\/tuzlainfo.ba\/index.php\/bosna-i-hercegovina\/item\/289020-vukanovic-o-posjeti-plenkovica-banjoj-luci-ponizenje-domacih-politicara-pred-zagrebom\/#primaryimage\"},\"thumbnailUrl\":\"https:\/\/tuzlainfo.ba\/wp-content\/uploads\/2025\/07\/0707_nebojsa-vukanovic.jpg\",\"datePublished\":\"2025-12-12T08:24:56+00:00\",\"dateModified\":\"2025-12-12T07:26:54+00:00\",\"breadcrumb\":{\"@id\":\"https:\/\/tuzlainfo.ba\/index.php\/bosna-i-hercegovina\/item\/289020-vukanovic-o-posjeti-plenkovica-banjoj-luci-ponizenje-domacih-politicara-pred-zagrebom\/#breadcrumb\"},\"inLanguage\":\"bs-BA\",\"potentialAction\":[{\"@type\":\"ReadAction\",\"target\":[\"https:\/\/tuzlainfo.ba\/index.php\/bosna-i-hercegovina\/item\/289020-vukanovic-o-posjeti-plenkovica-banjoj-luci-ponizenje-domacih-politicara-pred-zagrebom\/\"]}]},{\"@type\":\"ImageObject\",\"inLanguage\":\"bs-BA\",\"@id\":\"https:\/\/tuzlainfo.ba\/index.php\/bosna-i-hercegovina\/item\/289020-vukanovic-o-posjeti-plenkovica-banjoj-luci-ponizenje-domacih-politicara-pred-zagrebom\/#primaryimage\",\"url\":\"https:\/\/tuzlainfo.ba\/wp-content\/uploads\/2025\/07\/0707_nebojsa-vukanovic.jpg\",\"contentUrl\":\"https:\/\/tuzlainfo.ba\/wp-content\/uploads\/2025\/07\/0707_nebojsa-vukanovic.jpg\",\"width\":1536,\"height\":1024},{\"@type\":\"BreadcrumbList\",\"@id\":\"https:\/\/tuzlainfo.ba\/index.php\/bosna-i-hercegovina\/item\/289020-vukanovic-o-posjeti-plenkovica-banjoj-luci-ponizenje-domacih-politicara-pred-zagrebom\/#breadcrumb\",\"itemListElement\":[{\"@type\":\"ListItem\",\"position\":1,\"name\":\"Home\",\"item\":\"https:\/\/tuzlainfo.ba\/\"},{\"@type\":\"ListItem\",\"position\":2,\"name\":\"Vukanovi\u0107 o posjeti Plenkovi\u0107a Banjoj Luci: Poni\u017eenje doma\u0107ih politi\u010dara pred Zagrebom\"}]},{\"@type\":\"WebSite\",\"@id\":\"https:\/\/tuzlainfo.ba\/#website\",\"url\":\"https:\/\/tuzlainfo.ba\/\",\"name\":\"TuzlaInfo.ba\",\"description\":\"Tuzla info, gradski informator - Tuzla na dlanu\",\"publisher\":{\"@id\":\"https:\/\/tuzlainfo.ba\/#organization\"},\"potentialAction\":[{\"@type\":\"SearchAction\",\"target\":{\"@type\":\"EntryPoint\",\"urlTemplate\":\"https:\/\/tuzlainfo.ba\/?s={search_term_string}\"},\"query-input\":{\"@type\":\"PropertyValueSpecification\",\"valueRequired\":true,\"valueName\":\"search_term_string\"}}],\"inLanguage\":\"bs-BA\"},{\"@type\":\"Organization\",\"@id\":\"https:\/\/tuzlainfo.ba\/#organization\",\"name\":\"TuzlaInfo.ba\",\"url\":\"https:\/\/tuzlainfo.ba\/\",\"logo\":{\"@type\":\"ImageObject\",\"inLanguage\":\"bs-BA\",\"@id\":\"https:\/\/tuzlainfo.ba\/#\/schema\/logo\/image\/\",\"url\":\"https:\/\/tuzlainfo.ba\/wp-content\/uploads\/2021\/03\/logo-ver-3-1.png\",\"contentUrl\":\"https:\/\/tuzlainfo.ba\/wp-content\/uploads\/2021\/03\/logo-ver-3-1.png\",\"width\":350,\"height\":95,\"caption\":\"TuzlaInfo.ba\"},\"image\":{\"@id\":\"https:\/\/tuzlainfo.ba\/#\/schema\/logo\/image\/\"},\"sameAs\":[\"https:\/\/www.facebook.com\/tuzlainfo.ba\/\"]},{\"@type\":\"Person\",\"@id\":\"https:\/\/tuzlainfo.ba\/#\/schema\/person\/593e78a2f6378c5ba3e7600ecfa4e63a\",\"name\":\"Admin Tri\",\"image\":{\"@type\":\"ImageObject\",\"inLanguage\":\"bs-BA\",\"@id\":\"https:\/\/tuzlainfo.ba\/#\/schema\/person\/image\/\",\"url\":\"https:\/\/tuzlainfo.ba\/wp-content\/litespeed\/avatar\/b7920db4cc34a71ad12497283ad2fe3f.jpg?ver=1777100914\",\"contentUrl\":\"https:\/\/tuzlainfo.ba\/wp-content\/litespeed\/avatar\/b7920db4cc34a71ad12497283ad2fe3f.jpg?ver=1777100914\",\"caption\":\"Admin Tri\"},\"sameAs\":[\"https:\/\/tuzlainfo.ba\"]}]}<\/script>\n<!-- \/ Yoast SEO plugin. -->","yoast_head_json":{"title":"Vukanovi\u0107 o posjeti Plenkovi\u0107a Banjoj Luci: Poni\u017eenje doma\u0107ih politi\u010dara pred Zagrebom - TuzlaInfo.ba","robots":{"index":"index","follow":"follow","max-snippet":"max-snippet:-1","max-image-preview":"max-image-preview:large","max-video-preview":"max-video-preview:-1"},"canonical":"https:\/\/tuzlainfo.ba\/index.php\/bosna-i-hercegovina\/item\/289020-vukanovic-o-posjeti-plenkovica-banjoj-luci-ponizenje-domacih-politicara-pred-zagrebom\/","og_locale":"bs_BA","og_type":"article","og_title":"Vukanovi\u0107 o posjeti Plenkovi\u0107a Banjoj Luci: Poni\u017eenje doma\u0107ih politi\u010dara pred Zagrebom - TuzlaInfo.ba","og_description":"Narodni poslanik u NSRS-u i predsjednik liste Za pravdu i red Neboj\u0161a Vukanovi\u0107 o\u0161tro je&hellip;","og_url":"https:\/\/tuzlainfo.ba\/index.php\/bosna-i-hercegovina\/item\/289020-vukanovic-o-posjeti-plenkovica-banjoj-luci-ponizenje-domacih-politicara-pred-zagrebom\/","og_site_name":"TuzlaInfo.ba","article_publisher":"https:\/\/www.facebook.com\/tuzlainfo.ba\/","article_published_time":"2025-12-12T08:24:56+00:00","article_modified_time":"2025-12-12T07:26:54+00:00","og_image":[{"width":1536,"height":1024,"url":"https:\/\/tuzlainfo.ba\/wp-content\/uploads\/2025\/07\/0707_nebojsa-vukanovic.jpg","type":"image\/jpeg"}],"author":"Admin Tri","twitter_card":"summary_large_image","twitter_misc":{"Written by":"Admin Tri","Est. reading time":"4 minute"},"schema":{"@context":"https:\/\/schema.org","@graph":[{"@type":"Article","@id":"https:\/\/tuzlainfo.ba\/index.php\/bosna-i-hercegovina\/item\/289020-vukanovic-o-posjeti-plenkovica-banjoj-luci-ponizenje-domacih-politicara-pred-zagrebom\/#article","isPartOf":{"@id":"https:\/\/tuzlainfo.ba\/index.php\/bosna-i-hercegovina\/item\/289020-vukanovic-o-posjeti-plenkovica-banjoj-luci-ponizenje-domacih-politicara-pred-zagrebom\/"},"author":{"name":"Admin Tri","@id":"https:\/\/tuzlainfo.ba\/#\/schema\/person\/593e78a2f6378c5ba3e7600ecfa4e63a"},"headline":"Vukanovi\u0107 o posjeti Plenkovi\u0107a Banjoj Luci: Poni\u017eenje doma\u0107ih politi\u010dara pred Zagrebom","datePublished":"2025-12-12T08:24:56+00:00","dateModified":"2025-12-12T07:26:54+00:00","mainEntityOfPage":{"@id":"https:\/\/tuzlainfo.ba\/index.php\/bosna-i-hercegovina\/item\/289020-vukanovic-o-posjeti-plenkovica-banjoj-luci-ponizenje-domacih-politicara-pred-zagrebom\/"},"wordCount":655,"publisher":{"@id":"https:\/\/tuzlainfo.ba\/#organization"},"image":{"@id":"https:\/\/tuzlainfo.ba\/index.php\/bosna-i-hercegovina\/item\/289020-vukanovic-o-posjeti-plenkovica-banjoj-luci-ponizenje-domacih-politicara-pred-zagrebom\/#primaryimage"},"thumbnailUrl":"https:\/\/tuzlainfo.ba\/wp-content\/uploads\/2025\/07\/0707_nebojsa-vukanovic.jpg","keywords":["Andrej Plenkovi\u0107","neboj\u0161a Vukanovi\u0107"],"articleSection":["Bosna i Hercegovina"],"inLanguage":"bs-BA"},{"@type":"WebPage","@id":"https:\/\/tuzlainfo.ba\/index.php\/bosna-i-hercegovina\/item\/289020-vukanovic-o-posjeti-plenkovica-banjoj-luci-ponizenje-domacih-politicara-pred-zagrebom\/","url":"https:\/\/tuzlainfo.ba\/index.php\/bosna-i-hercegovina\/item\/289020-vukanovic-o-posjeti-plenkovica-banjoj-luci-ponizenje-domacih-politicara-pred-zagrebom\/","name":"Vukanovi\u0107 o posjeti Plenkovi\u0107a Banjoj Luci: Poni\u017eenje doma\u0107ih politi\u010dara pred Zagrebom - TuzlaInfo.ba","isPartOf":{"@id":"https:\/\/tuzlainfo.ba\/#website"},"primaryImageOfPage":{"@id":"https:\/\/tuzlainfo.ba\/index.php\/bosna-i-hercegovina\/item\/289020-vukanovic-o-posjeti-plenkovica-banjoj-luci-ponizenje-domacih-politicara-pred-zagrebom\/#primaryimage"},"image":{"@id":"https:\/\/tuzlainfo.ba\/index.php\/bosna-i-hercegovina\/item\/289020-vukanovic-o-posjeti-plenkovica-banjoj-luci-ponizenje-domacih-politicara-pred-zagrebom\/#primaryimage"},"thumbnailUrl":"https:\/\/tuzlainfo.ba\/wp-content\/uploads\/2025\/07\/0707_nebojsa-vukanovic.jpg","datePublished":"2025-12-12T08:24:56+00:00","dateModified":"2025-12-12T07:26:54+00:00","breadcrumb":{"@id":"https:\/\/tuzlainfo.ba\/index.php\/bosna-i-hercegovina\/item\/289020-vukanovic-o-posjeti-plenkovica-banjoj-luci-ponizenje-domacih-politicara-pred-zagrebom\/#breadcrumb"},"inLanguage":"bs-BA","potentialAction":[{"@type":"ReadAction","target":["https:\/\/tuzlainfo.ba\/index.php\/bosna-i-hercegovina\/item\/289020-vukanovic-o-posjeti-plenkovica-banjoj-luci-ponizenje-domacih-politicara-pred-zagrebom\/"]}]},{"@type":"ImageObject","inLanguage":"bs-BA","@id":"https:\/\/tuzlainfo.ba\/index.php\/bosna-i-hercegovina\/item\/289020-vukanovic-o-posjeti-plenkovica-banjoj-luci-ponizenje-domacih-politicara-pred-zagrebom\/#primaryimage","url":"https:\/\/tuzlainfo.ba\/wp-content\/uploads\/2025\/07\/0707_nebojsa-vukanovic.jpg","contentUrl":"https:\/\/tuzlainfo.ba\/wp-content\/uploads\/2025\/07\/0707_nebojsa-vukanovic.jpg","width":1536,"height":1024},{"@type":"BreadcrumbList","@id":"https:\/\/tuzlainfo.ba\/index.php\/bosna-i-hercegovina\/item\/289020-vukanovic-o-posjeti-plenkovica-banjoj-luci-ponizenje-domacih-politicara-pred-zagrebom\/#breadcrumb","itemListElement":[{"@type":"ListItem","position":1,"name":"Home","item":"https:\/\/tuzlainfo.ba\/"},{"@type":"ListItem","position":2,"name":"Vukanovi\u0107 o posjeti Plenkovi\u0107a Banjoj Luci: Poni\u017eenje doma\u0107ih politi\u010dara pred Zagrebom"}]},{"@type":"WebSite","@id":"https:\/\/tuzlainfo.ba\/#website","url":"https:\/\/tuzlainfo.ba\/","name":"TuzlaInfo.ba","description":"Tuzla info, gradski informator - Tuzla na dlanu","publisher":{"@id":"https:\/\/tuzlainfo.ba\/#organization"},"potentialAction":[{"@type":"SearchAction","target":{"@type":"EntryPoint","urlTemplate":"https:\/\/tuzlainfo.ba\/?s={search_term_string}"},"query-input":{"@type":"PropertyValueSpecification","valueRequired":true,"valueName":"search_term_string"}}],"inLanguage":"bs-BA"},{"@type":"Organization","@id":"https:\/\/tuzlainfo.ba\/#organization","name":"TuzlaInfo.ba","url":"https:\/\/tuzlainfo.ba\/","logo":{"@type":"ImageObject","inLanguage":"bs-BA","@id":"https:\/\/tuzlainfo.ba\/#\/schema\/logo\/image\/","url":"https:\/\/tuzlainfo.ba\/wp-content\/uploads\/2021\/03\/logo-ver-3-1.png","contentUrl":"https:\/\/tuzlainfo.ba\/wp-content\/uploads\/2021\/03\/logo-ver-3-1.png","width":350,"height":95,"caption":"TuzlaInfo.ba"},"image":{"@id":"https:\/\/tuzlainfo.ba\/#\/schema\/logo\/image\/"},"sameAs":["https:\/\/www.facebook.com\/tuzlainfo.ba\/"]},{"@type":"Person","@id":"https:\/\/tuzlainfo.ba\/#\/schema\/person\/593e78a2f6378c5ba3e7600ecfa4e63a","name":"Admin Tri","image":{"@type":"ImageObject","inLanguage":"bs-BA","@id":"https:\/\/tuzlainfo.ba\/#\/schema\/person\/image\/","url":"https:\/\/tuzlainfo.ba\/wp-content\/litespeed\/avatar\/b7920db4cc34a71ad12497283ad2fe3f.jpg?ver=1777100914","contentUrl":"https:\/\/tuzlainfo.ba\/wp-content\/litespeed\/avatar\/b7920db4cc34a71ad12497283ad2fe3f.jpg?ver=1777100914","caption":"Admin Tri"},"sameAs":["https:\/\/tuzlainfo.ba"]}]}},"_links":{"self":[{"href":"https:\/\/tuzlainfo.ba\/index.php\/wp-json\/wp\/v2\/posts\/289020"}],"collection":[{"href":"https:\/\/tuzlainfo.ba\/index.php\/wp-json\/wp\/v2\/posts"}],"about":[{"href":"https:\/\/tuzlainfo.ba\/index.php\/wp-json\/wp\/v2\/types\/post"}],"author":[{"embeddable":true,"href":"https:\/\/tuzlainfo.ba\/index.php\/wp-json\/wp\/v2\/users\/8"}],"replies":[{"embeddable":true,"href":"https:\/\/tuzlainfo.ba\/index.php\/wp-json\/wp\/v2\/comments?post=289020"}],"version-history":[{"count":1,"href":"https:\/\/tuzlainfo.ba\/index.php\/wp-json\/wp\/v2\/posts\/289020\/revisions"}],"predecessor-version":[{"id":289021,"href":"https:\/\/tuzlainfo.ba\/index.php\/wp-json\/wp\/v2\/posts\/289020\/revisions\/289021"}],"wp:featuredmedia":[{"embeddable":true,"href":"https:\/\/tuzlainfo.ba\/index.php\/wp-json\/wp\/v2\/media\/273614"}],"wp:attachment":[{"href":"https:\/\/tuzlainfo.ba\/index.php\/wp-json\/wp\/v2\/media?parent=289020"}],"wp:term":[{"taxonomy":"category","embeddable":true,"href":"https:\/\/tuzlainfo.ba\/index.php\/wp-json\/wp\/v2\/categories?post=289020"},{"taxonomy":"post_tag","embeddable":true,"href":"https:\/\/tuzlainfo.ba\/index.php\/wp-json\/wp\/v2\/tags?post=289020"}],"curies":[{"name":"wp","href":"https:\/\/api.w.org\/{rel}","templated":true}]}}