{"id":289010,"date":"2025-12-14T16:08:57","date_gmt":"2025-12-14T15:08:57","guid":{"rendered":"https:\/\/tuzlainfo.ba\/?p=289010"},"modified":"2025-12-12T08:17:40","modified_gmt":"2025-12-12T07:17:40","slug":"vecer-poezije-u-bkc-u-mlada-emanuela-softic-sutra-promovise-svoju-prvu-knjigu","status":"publish","type":"post","link":"https:\/\/tuzlainfo.ba\/index.php\/najava-dogadaja-2\/item\/289010-vecer-poezije-u-bkc-u-mlada-emanuela-softic-sutra-promovise-svoju-prvu-knjigu\/","title":{"rendered":"Ve\u010der poezije u BKC-u: Mlada Emanuela Softi\u0107 sutra promovi\u0161e svoju prvu knjigu"},"content":{"rendered":"<p>U okviru obilje\u017eavanja Dana \u201cSavremene umjetni\u010dke \u0161kole\u201d Tuzla, u ponedjeljak 15. decembra u Plavoj sali Bosanskog kulturnog centra TK bi\u0107e odr\u017eana promocija prve knjige mlade autorice, Emanuele Softi\u0107 pod nazivom\u00a0\u201cSuton ljudskosti\u201d.<\/p>\n<p>Rije\u010d je o zbirci savremene poezije, koja je nedavno iza\u0161la iz \u0161tampe, a koja ve\u0107 svojim naslovom nagovje\u0161tava sna\u017ene, emotivne i hrabre stihove mlade autorice.<\/p>\n<p>Emanuela Softi\u0107, u\u010denica tre\u0107eg razreda \u201cSavremene umjetni\u010dke \u0161kole\u201d Tuzla i mlada pjesnikinja, u ovoj zbirci otvara teme koje govore o traganju, nestajanju, ti\u0161inama i onome \u0161to se, kako sama poru\u010duje, \u201cmo\u017eda jo\u0161 mo\u017ee prona\u0107i\u201d. Kroz svoje pjesme propituje odnos \u010dovjeka prema sebi i drugima, te svijet u kojem se ljepota i tama \u010desto dodiruju.<\/p>\n<p>Knjiga nosi jasnu poruku o ljudskosti, unutra\u0161njim borbama i hrabrosti da se izgovori ono o \u010demu mnogi \u0161ute, otvaraju\u0107i teme koje su danas vi\u0161e nego aktuelne, a koje je autorica, uprkos svojoj mladosti, ipak zrelo prepoznala.<\/p>\n<p>Organizator doga\u0111aja je\u00a0Savremeno umjetni\u010dka \u0161kola Tuzla, dok suorganizaciju potpisuje\u00a0Bosanski kulturni centar TK. Po\u010detak promocije zakazan je za\u00a019 sati u Plavoj sali BKC-a,\u00a0uz otvoren ulaz za sve ljubitelje knji\u017eevnosti.<\/p>\n<p>Promocija ove zbirke poezije je jo\u0161 jedna potvrda svestranosti u\u010denika Savremene umjetni\u010dke \u0161kole Tuzla, koji svoje talente razvijaju u razli\u010ditim podru\u010djima, stvaraju\u0107i djela koja nadilaze njihove godine.<\/p>\n","protected":false},"excerpt":{"rendered":"<p>U okviru obilje\u017eavanja Dana \u201cSavremene umjetni\u010dke \u0161kole\u201d Tuzla, u ponedjeljak 15. decembra u Plavoj sali&hellip;<\/p>\n","protected":false},"author":8,"featured_media":289011,"comment_status":"closed","ping_status":"closed","sticky":false,"template":"","format":"standard","meta":{"_acf_changed":false,"footnotes":""},"categories":[11],"tags":[1486],"acf":[],"yoast_head":"<!-- This site is optimized with the Yoast SEO plugin v23.5 - https:\/\/yoast.com\/wordpress\/plugins\/seo\/ -->\n<title>Ve\u010der poezije u BKC-u: Mlada Emanuela Softi\u0107 sutra promovi\u0161e svoju prvu knjigu - TuzlaInfo.ba<\/title>\n<meta name=\"robots\" content=\"index, follow, max-snippet:-1, max-image-preview:large, max-video-preview:-1\" \/>\n<link rel=\"canonical\" href=\"https:\/\/tuzlainfo.ba\/index.php\/najava-dogadaja-2\/item\/289010-vecer-poezije-u-bkc-u-mlada-emanuela-softic-sutra-promovise-svoju-prvu-knjigu\/\" \/>\n<meta property=\"og:locale\" content=\"bs_BA\" \/>\n<meta property=\"og:type\" content=\"article\" \/>\n<meta property=\"og:title\" content=\"Ve\u010der poezije u BKC-u: Mlada Emanuela Softi\u0107 sutra promovi\u0161e svoju prvu knjigu - TuzlaInfo.ba\" \/>\n<meta property=\"og:description\" content=\"U okviru obilje\u017eavanja Dana \u201cSavremene umjetni\u010dke \u0161kole\u201d Tuzla, u ponedjeljak 15. decembra u Plavoj sali&hellip;\" \/>\n<meta property=\"og:url\" content=\"https:\/\/tuzlainfo.ba\/index.php\/najava-dogadaja-2\/item\/289010-vecer-poezije-u-bkc-u-mlada-emanuela-softic-sutra-promovise-svoju-prvu-knjigu\/\" \/>\n<meta property=\"og:site_name\" content=\"TuzlaInfo.ba\" \/>\n<meta property=\"article:publisher\" content=\"https:\/\/www.facebook.com\/tuzlainfo.ba\/\" \/>\n<meta property=\"article:published_time\" content=\"2025-12-14T15:08:57+00:00\" \/>\n<meta property=\"article:modified_time\" content=\"2025-12-12T07:17:40+00:00\" \/>\n<meta property=\"og:image\" content=\"https:\/\/tuzlainfo.ba\/wp-content\/uploads\/2025\/12\/1012_suton_ljudskosti.jpg\" \/>\n\t<meta property=\"og:image:width\" content=\"718\" \/>\n\t<meta property=\"og:image:height\" content=\"386\" \/>\n\t<meta property=\"og:image:type\" content=\"image\/jpeg\" \/>\n<meta name=\"author\" content=\"Admin Tri\" \/>\n<meta name=\"twitter:card\" content=\"summary_large_image\" \/>\n<meta name=\"twitter:label1\" content=\"Written by\" \/>\n\t<meta name=\"twitter:data1\" content=\"Admin Tri\" \/>\n\t<meta name=\"twitter:label2\" content=\"Est. reading time\" \/>\n\t<meta name=\"twitter:data2\" content=\"2 minute\" \/>\n<script type=\"application\/ld+json\" class=\"yoast-schema-graph\">{\"@context\":\"https:\/\/schema.org\",\"@graph\":[{\"@type\":\"Article\",\"@id\":\"https:\/\/tuzlainfo.ba\/index.php\/najava-dogadaja-2\/item\/289010-vecer-poezije-u-bkc-u-mlada-emanuela-softic-sutra-promovise-svoju-prvu-knjigu\/#article\",\"isPartOf\":{\"@id\":\"https:\/\/tuzlainfo.ba\/index.php\/najava-dogadaja-2\/item\/289010-vecer-poezije-u-bkc-u-mlada-emanuela-softic-sutra-promovise-svoju-prvu-knjigu\/\"},\"author\":{\"name\":\"Admin Tri\",\"@id\":\"https:\/\/tuzlainfo.ba\/#\/schema\/person\/593e78a2f6378c5ba3e7600ecfa4e63a\"},\"headline\":\"Ve\u010der poezije u BKC-u: Mlada Emanuela Softi\u0107 sutra promovi\u0161e svoju prvu knjigu\",\"datePublished\":\"2025-12-14T15:08:57+00:00\",\"dateModified\":\"2025-12-12T07:17:40+00:00\",\"mainEntityOfPage\":{\"@id\":\"https:\/\/tuzlainfo.ba\/index.php\/najava-dogadaja-2\/item\/289010-vecer-poezije-u-bkc-u-mlada-emanuela-softic-sutra-promovise-svoju-prvu-knjigu\/\"},\"wordCount\":245,\"publisher\":{\"@id\":\"https:\/\/tuzlainfo.ba\/#organization\"},\"image\":{\"@id\":\"https:\/\/tuzlainfo.ba\/index.php\/najava-dogadaja-2\/item\/289010-vecer-poezije-u-bkc-u-mlada-emanuela-softic-sutra-promovise-svoju-prvu-knjigu\/#primaryimage\"},\"thumbnailUrl\":\"https:\/\/tuzlainfo.ba\/wp-content\/uploads\/2025\/12\/1012_suton_ljudskosti.jpg\",\"keywords\":[\"promocija knjige\"],\"articleSection\":[\"Najave i doga\u0111aji\"],\"inLanguage\":\"bs-BA\"},{\"@type\":\"WebPage\",\"@id\":\"https:\/\/tuzlainfo.ba\/index.php\/najava-dogadaja-2\/item\/289010-vecer-poezije-u-bkc-u-mlada-emanuela-softic-sutra-promovise-svoju-prvu-knjigu\/\",\"url\":\"https:\/\/tuzlainfo.ba\/index.php\/najava-dogadaja-2\/item\/289010-vecer-poezije-u-bkc-u-mlada-emanuela-softic-sutra-promovise-svoju-prvu-knjigu\/\",\"name\":\"Ve\u010der poezije u BKC-u: Mlada Emanuela Softi\u0107 sutra promovi\u0161e svoju prvu knjigu - TuzlaInfo.ba\",\"isPartOf\":{\"@id\":\"https:\/\/tuzlainfo.ba\/#website\"},\"primaryImageOfPage\":{\"@id\":\"https:\/\/tuzlainfo.ba\/index.php\/najava-dogadaja-2\/item\/289010-vecer-poezije-u-bkc-u-mlada-emanuela-softic-sutra-promovise-svoju-prvu-knjigu\/#primaryimage\"},\"image\":{\"@id\":\"https:\/\/tuzlainfo.ba\/index.php\/najava-dogadaja-2\/item\/289010-vecer-poezije-u-bkc-u-mlada-emanuela-softic-sutra-promovise-svoju-prvu-knjigu\/#primaryimage\"},\"thumbnailUrl\":\"https:\/\/tuzlainfo.ba\/wp-content\/uploads\/2025\/12\/1012_suton_ljudskosti.jpg\",\"datePublished\":\"2025-12-14T15:08:57+00:00\",\"dateModified\":\"2025-12-12T07:17:40+00:00\",\"breadcrumb\":{\"@id\":\"https:\/\/tuzlainfo.ba\/index.php\/najava-dogadaja-2\/item\/289010-vecer-poezije-u-bkc-u-mlada-emanuela-softic-sutra-promovise-svoju-prvu-knjigu\/#breadcrumb\"},\"inLanguage\":\"bs-BA\",\"potentialAction\":[{\"@type\":\"ReadAction\",\"target\":[\"https:\/\/tuzlainfo.ba\/index.php\/najava-dogadaja-2\/item\/289010-vecer-poezije-u-bkc-u-mlada-emanuela-softic-sutra-promovise-svoju-prvu-knjigu\/\"]}]},{\"@type\":\"ImageObject\",\"inLanguage\":\"bs-BA\",\"@id\":\"https:\/\/tuzlainfo.ba\/index.php\/najava-dogadaja-2\/item\/289010-vecer-poezije-u-bkc-u-mlada-emanuela-softic-sutra-promovise-svoju-prvu-knjigu\/#primaryimage\",\"url\":\"https:\/\/tuzlainfo.ba\/wp-content\/uploads\/2025\/12\/1012_suton_ljudskosti.jpg\",\"contentUrl\":\"https:\/\/tuzlainfo.ba\/wp-content\/uploads\/2025\/12\/1012_suton_ljudskosti.jpg\",\"width\":718,\"height\":386},{\"@type\":\"BreadcrumbList\",\"@id\":\"https:\/\/tuzlainfo.ba\/index.php\/najava-dogadaja-2\/item\/289010-vecer-poezije-u-bkc-u-mlada-emanuela-softic-sutra-promovise-svoju-prvu-knjigu\/#breadcrumb\",\"itemListElement\":[{\"@type\":\"ListItem\",\"position\":1,\"name\":\"Home\",\"item\":\"https:\/\/tuzlainfo.ba\/\"},{\"@type\":\"ListItem\",\"position\":2,\"name\":\"Ve\u010der poezije u BKC-u: Mlada Emanuela Softi\u0107 sutra promovi\u0161e svoju prvu knjigu\"}]},{\"@type\":\"WebSite\",\"@id\":\"https:\/\/tuzlainfo.ba\/#website\",\"url\":\"https:\/\/tuzlainfo.ba\/\",\"name\":\"TuzlaInfo.ba\",\"description\":\"Tuzla info, gradski informator - Tuzla na dlanu\",\"publisher\":{\"@id\":\"https:\/\/tuzlainfo.ba\/#organization\"},\"potentialAction\":[{\"@type\":\"SearchAction\",\"target\":{\"@type\":\"EntryPoint\",\"urlTemplate\":\"https:\/\/tuzlainfo.ba\/?s={search_term_string}\"},\"query-input\":{\"@type\":\"PropertyValueSpecification\",\"valueRequired\":true,\"valueName\":\"search_term_string\"}}],\"inLanguage\":\"bs-BA\"},{\"@type\":\"Organization\",\"@id\":\"https:\/\/tuzlainfo.ba\/#organization\",\"name\":\"TuzlaInfo.ba\",\"url\":\"https:\/\/tuzlainfo.ba\/\",\"logo\":{\"@type\":\"ImageObject\",\"inLanguage\":\"bs-BA\",\"@id\":\"https:\/\/tuzlainfo.ba\/#\/schema\/logo\/image\/\",\"url\":\"https:\/\/tuzlainfo.ba\/wp-content\/uploads\/2021\/03\/logo-ver-3-1.png\",\"contentUrl\":\"https:\/\/tuzlainfo.ba\/wp-content\/uploads\/2021\/03\/logo-ver-3-1.png\",\"width\":350,\"height\":95,\"caption\":\"TuzlaInfo.ba\"},\"image\":{\"@id\":\"https:\/\/tuzlainfo.ba\/#\/schema\/logo\/image\/\"},\"sameAs\":[\"https:\/\/www.facebook.com\/tuzlainfo.ba\/\"]},{\"@type\":\"Person\",\"@id\":\"https:\/\/tuzlainfo.ba\/#\/schema\/person\/593e78a2f6378c5ba3e7600ecfa4e63a\",\"name\":\"Admin Tri\",\"image\":{\"@type\":\"ImageObject\",\"inLanguage\":\"bs-BA\",\"@id\":\"https:\/\/tuzlainfo.ba\/#\/schema\/person\/image\/\",\"url\":\"https:\/\/tuzlainfo.ba\/wp-content\/litespeed\/avatar\/b7920db4cc34a71ad12497283ad2fe3f.jpg?ver=1777100914\",\"contentUrl\":\"https:\/\/tuzlainfo.ba\/wp-content\/litespeed\/avatar\/b7920db4cc34a71ad12497283ad2fe3f.jpg?ver=1777100914\",\"caption\":\"Admin Tri\"},\"sameAs\":[\"https:\/\/tuzlainfo.ba\"]}]}<\/script>\n<!-- \/ Yoast SEO plugin. -->","yoast_head_json":{"title":"Ve\u010der poezije u BKC-u: Mlada Emanuela Softi\u0107 sutra promovi\u0161e svoju prvu knjigu - TuzlaInfo.ba","robots":{"index":"index","follow":"follow","max-snippet":"max-snippet:-1","max-image-preview":"max-image-preview:large","max-video-preview":"max-video-preview:-1"},"canonical":"https:\/\/tuzlainfo.ba\/index.php\/najava-dogadaja-2\/item\/289010-vecer-poezije-u-bkc-u-mlada-emanuela-softic-sutra-promovise-svoju-prvu-knjigu\/","og_locale":"bs_BA","og_type":"article","og_title":"Ve\u010der poezije u BKC-u: Mlada Emanuela Softi\u0107 sutra promovi\u0161e svoju prvu knjigu - TuzlaInfo.ba","og_description":"U okviru obilje\u017eavanja Dana \u201cSavremene umjetni\u010dke \u0161kole\u201d Tuzla, u ponedjeljak 15. decembra u Plavoj sali&hellip;","og_url":"https:\/\/tuzlainfo.ba\/index.php\/najava-dogadaja-2\/item\/289010-vecer-poezije-u-bkc-u-mlada-emanuela-softic-sutra-promovise-svoju-prvu-knjigu\/","og_site_name":"TuzlaInfo.ba","article_publisher":"https:\/\/www.facebook.com\/tuzlainfo.ba\/","article_published_time":"2025-12-14T15:08:57+00:00","article_modified_time":"2025-12-12T07:17:40+00:00","og_image":[{"width":718,"height":386,"url":"https:\/\/tuzlainfo.ba\/wp-content\/uploads\/2025\/12\/1012_suton_ljudskosti.jpg","type":"image\/jpeg"}],"author":"Admin Tri","twitter_card":"summary_large_image","twitter_misc":{"Written by":"Admin Tri","Est. reading time":"2 minute"},"schema":{"@context":"https:\/\/schema.org","@graph":[{"@type":"Article","@id":"https:\/\/tuzlainfo.ba\/index.php\/najava-dogadaja-2\/item\/289010-vecer-poezije-u-bkc-u-mlada-emanuela-softic-sutra-promovise-svoju-prvu-knjigu\/#article","isPartOf":{"@id":"https:\/\/tuzlainfo.ba\/index.php\/najava-dogadaja-2\/item\/289010-vecer-poezije-u-bkc-u-mlada-emanuela-softic-sutra-promovise-svoju-prvu-knjigu\/"},"author":{"name":"Admin Tri","@id":"https:\/\/tuzlainfo.ba\/#\/schema\/person\/593e78a2f6378c5ba3e7600ecfa4e63a"},"headline":"Ve\u010der poezije u BKC-u: Mlada Emanuela Softi\u0107 sutra promovi\u0161e svoju prvu knjigu","datePublished":"2025-12-14T15:08:57+00:00","dateModified":"2025-12-12T07:17:40+00:00","mainEntityOfPage":{"@id":"https:\/\/tuzlainfo.ba\/index.php\/najava-dogadaja-2\/item\/289010-vecer-poezije-u-bkc-u-mlada-emanuela-softic-sutra-promovise-svoju-prvu-knjigu\/"},"wordCount":245,"publisher":{"@id":"https:\/\/tuzlainfo.ba\/#organization"},"image":{"@id":"https:\/\/tuzlainfo.ba\/index.php\/najava-dogadaja-2\/item\/289010-vecer-poezije-u-bkc-u-mlada-emanuela-softic-sutra-promovise-svoju-prvu-knjigu\/#primaryimage"},"thumbnailUrl":"https:\/\/tuzlainfo.ba\/wp-content\/uploads\/2025\/12\/1012_suton_ljudskosti.jpg","keywords":["promocija knjige"],"articleSection":["Najave i doga\u0111aji"],"inLanguage":"bs-BA"},{"@type":"WebPage","@id":"https:\/\/tuzlainfo.ba\/index.php\/najava-dogadaja-2\/item\/289010-vecer-poezije-u-bkc-u-mlada-emanuela-softic-sutra-promovise-svoju-prvu-knjigu\/","url":"https:\/\/tuzlainfo.ba\/index.php\/najava-dogadaja-2\/item\/289010-vecer-poezije-u-bkc-u-mlada-emanuela-softic-sutra-promovise-svoju-prvu-knjigu\/","name":"Ve\u010der poezije u BKC-u: Mlada Emanuela Softi\u0107 sutra promovi\u0161e svoju prvu knjigu - TuzlaInfo.ba","isPartOf":{"@id":"https:\/\/tuzlainfo.ba\/#website"},"primaryImageOfPage":{"@id":"https:\/\/tuzlainfo.ba\/index.php\/najava-dogadaja-2\/item\/289010-vecer-poezije-u-bkc-u-mlada-emanuela-softic-sutra-promovise-svoju-prvu-knjigu\/#primaryimage"},"image":{"@id":"https:\/\/tuzlainfo.ba\/index.php\/najava-dogadaja-2\/item\/289010-vecer-poezije-u-bkc-u-mlada-emanuela-softic-sutra-promovise-svoju-prvu-knjigu\/#primaryimage"},"thumbnailUrl":"https:\/\/tuzlainfo.ba\/wp-content\/uploads\/2025\/12\/1012_suton_ljudskosti.jpg","datePublished":"2025-12-14T15:08:57+00:00","dateModified":"2025-12-12T07:17:40+00:00","breadcrumb":{"@id":"https:\/\/tuzlainfo.ba\/index.php\/najava-dogadaja-2\/item\/289010-vecer-poezije-u-bkc-u-mlada-emanuela-softic-sutra-promovise-svoju-prvu-knjigu\/#breadcrumb"},"inLanguage":"bs-BA","potentialAction":[{"@type":"ReadAction","target":["https:\/\/tuzlainfo.ba\/index.php\/najava-dogadaja-2\/item\/289010-vecer-poezije-u-bkc-u-mlada-emanuela-softic-sutra-promovise-svoju-prvu-knjigu\/"]}]},{"@type":"ImageObject","inLanguage":"bs-BA","@id":"https:\/\/tuzlainfo.ba\/index.php\/najava-dogadaja-2\/item\/289010-vecer-poezije-u-bkc-u-mlada-emanuela-softic-sutra-promovise-svoju-prvu-knjigu\/#primaryimage","url":"https:\/\/tuzlainfo.ba\/wp-content\/uploads\/2025\/12\/1012_suton_ljudskosti.jpg","contentUrl":"https:\/\/tuzlainfo.ba\/wp-content\/uploads\/2025\/12\/1012_suton_ljudskosti.jpg","width":718,"height":386},{"@type":"BreadcrumbList","@id":"https:\/\/tuzlainfo.ba\/index.php\/najava-dogadaja-2\/item\/289010-vecer-poezije-u-bkc-u-mlada-emanuela-softic-sutra-promovise-svoju-prvu-knjigu\/#breadcrumb","itemListElement":[{"@type":"ListItem","position":1,"name":"Home","item":"https:\/\/tuzlainfo.ba\/"},{"@type":"ListItem","position":2,"name":"Ve\u010der poezije u BKC-u: Mlada Emanuela Softi\u0107 sutra promovi\u0161e svoju prvu knjigu"}]},{"@type":"WebSite","@id":"https:\/\/tuzlainfo.ba\/#website","url":"https:\/\/tuzlainfo.ba\/","name":"TuzlaInfo.ba","description":"Tuzla info, gradski informator - Tuzla na dlanu","publisher":{"@id":"https:\/\/tuzlainfo.ba\/#organization"},"potentialAction":[{"@type":"SearchAction","target":{"@type":"EntryPoint","urlTemplate":"https:\/\/tuzlainfo.ba\/?s={search_term_string}"},"query-input":{"@type":"PropertyValueSpecification","valueRequired":true,"valueName":"search_term_string"}}],"inLanguage":"bs-BA"},{"@type":"Organization","@id":"https:\/\/tuzlainfo.ba\/#organization","name":"TuzlaInfo.ba","url":"https:\/\/tuzlainfo.ba\/","logo":{"@type":"ImageObject","inLanguage":"bs-BA","@id":"https:\/\/tuzlainfo.ba\/#\/schema\/logo\/image\/","url":"https:\/\/tuzlainfo.ba\/wp-content\/uploads\/2021\/03\/logo-ver-3-1.png","contentUrl":"https:\/\/tuzlainfo.ba\/wp-content\/uploads\/2021\/03\/logo-ver-3-1.png","width":350,"height":95,"caption":"TuzlaInfo.ba"},"image":{"@id":"https:\/\/tuzlainfo.ba\/#\/schema\/logo\/image\/"},"sameAs":["https:\/\/www.facebook.com\/tuzlainfo.ba\/"]},{"@type":"Person","@id":"https:\/\/tuzlainfo.ba\/#\/schema\/person\/593e78a2f6378c5ba3e7600ecfa4e63a","name":"Admin Tri","image":{"@type":"ImageObject","inLanguage":"bs-BA","@id":"https:\/\/tuzlainfo.ba\/#\/schema\/person\/image\/","url":"https:\/\/tuzlainfo.ba\/wp-content\/litespeed\/avatar\/b7920db4cc34a71ad12497283ad2fe3f.jpg?ver=1777100914","contentUrl":"https:\/\/tuzlainfo.ba\/wp-content\/litespeed\/avatar\/b7920db4cc34a71ad12497283ad2fe3f.jpg?ver=1777100914","caption":"Admin Tri"},"sameAs":["https:\/\/tuzlainfo.ba"]}]}},"_links":{"self":[{"href":"https:\/\/tuzlainfo.ba\/index.php\/wp-json\/wp\/v2\/posts\/289010"}],"collection":[{"href":"https:\/\/tuzlainfo.ba\/index.php\/wp-json\/wp\/v2\/posts"}],"about":[{"href":"https:\/\/tuzlainfo.ba\/index.php\/wp-json\/wp\/v2\/types\/post"}],"author":[{"embeddable":true,"href":"https:\/\/tuzlainfo.ba\/index.php\/wp-json\/wp\/v2\/users\/8"}],"replies":[{"embeddable":true,"href":"https:\/\/tuzlainfo.ba\/index.php\/wp-json\/wp\/v2\/comments?post=289010"}],"version-history":[{"count":1,"href":"https:\/\/tuzlainfo.ba\/index.php\/wp-json\/wp\/v2\/posts\/289010\/revisions"}],"predecessor-version":[{"id":289013,"href":"https:\/\/tuzlainfo.ba\/index.php\/wp-json\/wp\/v2\/posts\/289010\/revisions\/289013"}],"wp:featuredmedia":[{"embeddable":true,"href":"https:\/\/tuzlainfo.ba\/index.php\/wp-json\/wp\/v2\/media\/289011"}],"wp:attachment":[{"href":"https:\/\/tuzlainfo.ba\/index.php\/wp-json\/wp\/v2\/media?parent=289010"}],"wp:term":[{"taxonomy":"category","embeddable":true,"href":"https:\/\/tuzlainfo.ba\/index.php\/wp-json\/wp\/v2\/categories?post=289010"},{"taxonomy":"post_tag","embeddable":true,"href":"https:\/\/tuzlainfo.ba\/index.php\/wp-json\/wp\/v2\/tags?post=289010"}],"curies":[{"name":"wp","href":"https:\/\/api.w.org\/{rel}","templated":true}]}}