{"id":288828,"date":"2025-12-13T17:58:21","date_gmt":"2025-12-13T16:58:21","guid":{"rendered":"https:\/\/tuzlainfo.ba\/?p=288828"},"modified":"2025-12-12T14:37:22","modified_gmt":"2025-12-12T13:37:22","slug":"vrijeme-je-doslovno-novac-koliko-bih-gubi-zbog-guzvi-na-granicama","status":"publish","type":"post","link":"https:\/\/tuzlainfo.ba\/index.php\/bosna-i-hercegovina\/item\/288828-vrijeme-je-doslovno-novac-koliko-bih-gubi-zbog-guzvi-na-granicama\/","title":{"rendered":"Vrijeme je doslovno novac: Koliko BiH gubi zbog gu\u017evi na granicama?"},"content":{"rendered":"<p>Na okruglom stolu odr\u017eanom u Vanjskotrgovinskoj komori Bosne i Hercegovine predstavnici privrede i institucija vlasti upozorili su da stanje na grani\u010dnim prijelazima ozbiljno ko\u010di ekonomski razvoj zemlje te zatra\u017eili hitne mjere kako bi se ubrzao protok ljudi i roba. Poru\u010dili su da BiH trpi ogromne finansijske gubitke zbog zagu\u0161enih prelaza, nedostatka inspekcija i neuskla\u0111enosti radnog vremena sa potrebama privrede.<\/p>\n<p>Predsjednik VTKBiH Ahmet Egrli\u0107 podsjetio je da je vanjskotrgovinska razmjena u posljednjih deset do petnaest godina udvostru\u010dena, dok broj grani\u010dnih prijelaza ostaje gotovo nepromijenjen. \u201eImamo samo dva grani\u010dna prijelaza sa svim inspekcijskim i sanitarnim slu\u017ebama, a vi\u0161e od 90 posto roba ide preko Gradi\u0161ke, koja je \u017eila kucavica bh. ekonomije\u201c, rekao je Egrli\u0107, naglasiv\u0161i da privreda zbog dugih \u010dekanja na prelazima godi\u0161nje gubi oko milijardu KM. Posebno je ukazao na probleme u Br\u010dko distriktu, gdje most jo\u0161 nije u funkciji za robni promet, te na zastoje na prelazima prema Srbiji i Crnoj Gori.<\/p>\n<p>Ministar vanjske trgovine i ekonomskih odnosa BiH Sta\u0161a Ko\u0161arac poru\u010dio je da je klju\u010dno ja\u010dati prisustvo bh. kompanija na zapadnoevropskim tr\u017ei\u0161tima, ali da se to ne mo\u017ee posti\u0107i bez funkcionalnih grani\u010dnih prijelaza. Kao jedan od najve\u0107ih izazova naveo je situaciju na prijelazu Stara Gradi\u0161ka. \u201eVi\u0161e od 90 posto roba koje podlije\u017eu fitosanitarnom i veterinarskom nadzoru ide upravo preko Gradi\u0161ke, \u0161to izaziva zabrinutost\u201c, rekao je Ko\u0161arac, podsje\u0107aju\u0107i da hrvatska strana nije instalirala neophodne inspekcijske slu\u017ebe koje proizlaze iz statusa prijelaza prve kategorije.<\/p>\n<p>Ko\u0161arac je potvrdio da postoji jedinstven stav o potrebi otvaranja novih BIP-ova, odnosno prijelaza prve kategorije, te najavio da \u0107e Mje\u0161ovita komisija uskoro razmatrati ta pitanja u okviru pripreme novog me\u0111unarodnog ugovora izme\u0111u BiH i Hrvatske. \u201eEvropska unija treba da nas tretira kao partnere, a ne kao puke izvr\u0161ioce ambicija bilo koje zemlje \u010dlanice\u201c, naglasio je, dodaju\u0107i da ne zagovara recipro\u010dne mjere jer bi one \u0161tetile vanjskotrgovinskoj razmjeni.<\/p>\n<p>Predsjednik Mje\u0161ovite komisije Zlatko Vranje\u0161 potvrdio je da su razgovori o novom ugovoru ve\u0107 otvoreni. \u201eSpremni smo na otvaranje pet do \u0161est novih kontrolnih punktova, a neki prijelazi koji su do sada bili putni\u010dki bi\u0107e pretvoreni u me\u0111unarodne\u201c, kazao je.<\/p>\n<p>Koliki zna\u010daj prelaza Gradi\u0161ka ima za privredu potvrdio je i predsjednik Privredne komore Republike Srpske Goran Ra\u010di\u0107. \u201eKroz ovaj prijelaz godi\u0161nje pro\u0111e 120.000 uvoznih po\u0161iljki. Ukoliko on ne zadr\u017ei status prve kategorije, ekonomija \u0107e imati ozbiljne posljedice. Veliki broj investitora otvorio je pogone izme\u0111u Banjaluke i Gradi\u0161ke upravo zbog blizine autoputa i granice\u201c, rekao je Ra\u010di\u0107.<\/p>\n<p>Privrednici su poru\u010dili da \u0107e, bez hitnih intervencija i boljeg organizovanja grani\u010dnih slu\u017ebi, BiH nastaviti gubiti i vrijeme i novac, dok \u0107e kompanije biti suo\u010dene sa sve ve\u0107im ka\u0161njenjima i tro\u0161kovima.<\/p>\n","protected":false},"excerpt":{"rendered":"<p>Na okruglom stolu odr\u017eanom u Vanjskotrgovinskoj komori Bosne i Hercegovine predstavnici privrede i institucija vlasti&hellip;<\/p>\n","protected":false},"author":8,"featured_media":160703,"comment_status":"closed","ping_status":"closed","sticky":false,"template":"","format":"standard","meta":{"_acf_changed":false,"footnotes":""},"categories":[291],"tags":[455,5947],"acf":[],"yoast_head":"<!-- This site is optimized with the Yoast SEO plugin v23.5 - https:\/\/yoast.com\/wordpress\/plugins\/seo\/ -->\n<title>Vrijeme je doslovno novac: Koliko BiH gubi zbog gu\u017evi na granicama? - TuzlaInfo.ba<\/title>\n<meta name=\"robots\" content=\"index, follow, max-snippet:-1, max-image-preview:large, max-video-preview:-1\" \/>\n<link rel=\"canonical\" href=\"https:\/\/tuzlainfo.ba\/index.php\/bosna-i-hercegovina\/item\/288828-vrijeme-je-doslovno-novac-koliko-bih-gubi-zbog-guzvi-na-granicama\/\" \/>\n<meta property=\"og:locale\" content=\"bs_BA\" \/>\n<meta property=\"og:type\" content=\"article\" \/>\n<meta property=\"og:title\" content=\"Vrijeme je doslovno novac: Koliko BiH gubi zbog gu\u017evi na granicama? - TuzlaInfo.ba\" \/>\n<meta property=\"og:description\" content=\"Na okruglom stolu odr\u017eanom u Vanjskotrgovinskoj komori Bosne i Hercegovine predstavnici privrede i institucija vlasti&hellip;\" \/>\n<meta property=\"og:url\" content=\"https:\/\/tuzlainfo.ba\/index.php\/bosna-i-hercegovina\/item\/288828-vrijeme-je-doslovno-novac-koliko-bih-gubi-zbog-guzvi-na-granicama\/\" \/>\n<meta property=\"og:site_name\" content=\"TuzlaInfo.ba\" \/>\n<meta property=\"article:publisher\" content=\"https:\/\/www.facebook.com\/tuzlainfo.ba\/\" \/>\n<meta property=\"article:published_time\" content=\"2025-12-13T16:58:21+00:00\" \/>\n<meta property=\"article:modified_time\" content=\"2025-12-12T13:37:22+00:00\" \/>\n<meta property=\"og:image\" content=\"https:\/\/tuzlainfo.ba\/wp-content\/uploads\/2022\/01\/0901_granicni_gradiska.jpg\" \/>\n\t<meta property=\"og:image:width\" content=\"800\" \/>\n\t<meta property=\"og:image:height\" content=\"522\" \/>\n\t<meta property=\"og:image:type\" content=\"image\/jpeg\" \/>\n<meta name=\"author\" content=\"Admin Tri\" \/>\n<meta name=\"twitter:card\" content=\"summary_large_image\" \/>\n<meta name=\"twitter:label1\" content=\"Written by\" \/>\n\t<meta name=\"twitter:data1\" content=\"Admin Tri\" \/>\n\t<meta name=\"twitter:label2\" content=\"Est. reading time\" \/>\n\t<meta name=\"twitter:data2\" content=\"3 minute\" \/>\n<script type=\"application\/ld+json\" class=\"yoast-schema-graph\">{\"@context\":\"https:\/\/schema.org\",\"@graph\":[{\"@type\":\"Article\",\"@id\":\"https:\/\/tuzlainfo.ba\/index.php\/bosna-i-hercegovina\/item\/288828-vrijeme-je-doslovno-novac-koliko-bih-gubi-zbog-guzvi-na-granicama\/#article\",\"isPartOf\":{\"@id\":\"https:\/\/tuzlainfo.ba\/index.php\/bosna-i-hercegovina\/item\/288828-vrijeme-je-doslovno-novac-koliko-bih-gubi-zbog-guzvi-na-granicama\/\"},\"author\":{\"name\":\"Admin Tri\",\"@id\":\"https:\/\/tuzlainfo.ba\/#\/schema\/person\/593e78a2f6378c5ba3e7600ecfa4e63a\"},\"headline\":\"Vrijeme je doslovno novac: Koliko BiH gubi zbog gu\u017evi na granicama?\",\"datePublished\":\"2025-12-13T16:58:21+00:00\",\"dateModified\":\"2025-12-12T13:37:22+00:00\",\"mainEntityOfPage\":{\"@id\":\"https:\/\/tuzlainfo.ba\/index.php\/bosna-i-hercegovina\/item\/288828-vrijeme-je-doslovno-novac-koliko-bih-gubi-zbog-guzvi-na-granicama\/\"},\"wordCount\":500,\"publisher\":{\"@id\":\"https:\/\/tuzlainfo.ba\/#organization\"},\"image\":{\"@id\":\"https:\/\/tuzlainfo.ba\/index.php\/bosna-i-hercegovina\/item\/288828-vrijeme-je-doslovno-novac-koliko-bih-gubi-zbog-guzvi-na-granicama\/#primaryimage\"},\"thumbnailUrl\":\"https:\/\/tuzlainfo.ba\/wp-content\/uploads\/2022\/01\/0901_granicni_gradiska.jpg\",\"keywords\":[\"granica\",\"Gu\u017eve\"],\"articleSection\":[\"Bosna i Hercegovina\"],\"inLanguage\":\"bs-BA\"},{\"@type\":\"WebPage\",\"@id\":\"https:\/\/tuzlainfo.ba\/index.php\/bosna-i-hercegovina\/item\/288828-vrijeme-je-doslovno-novac-koliko-bih-gubi-zbog-guzvi-na-granicama\/\",\"url\":\"https:\/\/tuzlainfo.ba\/index.php\/bosna-i-hercegovina\/item\/288828-vrijeme-je-doslovno-novac-koliko-bih-gubi-zbog-guzvi-na-granicama\/\",\"name\":\"Vrijeme je doslovno novac: Koliko BiH gubi zbog gu\u017evi na granicama? - TuzlaInfo.ba\",\"isPartOf\":{\"@id\":\"https:\/\/tuzlainfo.ba\/#website\"},\"primaryImageOfPage\":{\"@id\":\"https:\/\/tuzlainfo.ba\/index.php\/bosna-i-hercegovina\/item\/288828-vrijeme-je-doslovno-novac-koliko-bih-gubi-zbog-guzvi-na-granicama\/#primaryimage\"},\"image\":{\"@id\":\"https:\/\/tuzlainfo.ba\/index.php\/bosna-i-hercegovina\/item\/288828-vrijeme-je-doslovno-novac-koliko-bih-gubi-zbog-guzvi-na-granicama\/#primaryimage\"},\"thumbnailUrl\":\"https:\/\/tuzlainfo.ba\/wp-content\/uploads\/2022\/01\/0901_granicni_gradiska.jpg\",\"datePublished\":\"2025-12-13T16:58:21+00:00\",\"dateModified\":\"2025-12-12T13:37:22+00:00\",\"breadcrumb\":{\"@id\":\"https:\/\/tuzlainfo.ba\/index.php\/bosna-i-hercegovina\/item\/288828-vrijeme-je-doslovno-novac-koliko-bih-gubi-zbog-guzvi-na-granicama\/#breadcrumb\"},\"inLanguage\":\"bs-BA\",\"potentialAction\":[{\"@type\":\"ReadAction\",\"target\":[\"https:\/\/tuzlainfo.ba\/index.php\/bosna-i-hercegovina\/item\/288828-vrijeme-je-doslovno-novac-koliko-bih-gubi-zbog-guzvi-na-granicama\/\"]}]},{\"@type\":\"ImageObject\",\"inLanguage\":\"bs-BA\",\"@id\":\"https:\/\/tuzlainfo.ba\/index.php\/bosna-i-hercegovina\/item\/288828-vrijeme-je-doslovno-novac-koliko-bih-gubi-zbog-guzvi-na-granicama\/#primaryimage\",\"url\":\"https:\/\/tuzlainfo.ba\/wp-content\/uploads\/2022\/01\/0901_granicni_gradiska.jpg\",\"contentUrl\":\"https:\/\/tuzlainfo.ba\/wp-content\/uploads\/2022\/01\/0901_granicni_gradiska.jpg\",\"width\":800,\"height\":522,\"caption\":\"Grani\u010dni prelaz Bosanska Gradi\u0161ka\"},{\"@type\":\"BreadcrumbList\",\"@id\":\"https:\/\/tuzlainfo.ba\/index.php\/bosna-i-hercegovina\/item\/288828-vrijeme-je-doslovno-novac-koliko-bih-gubi-zbog-guzvi-na-granicama\/#breadcrumb\",\"itemListElement\":[{\"@type\":\"ListItem\",\"position\":1,\"name\":\"Home\",\"item\":\"https:\/\/tuzlainfo.ba\/\"},{\"@type\":\"ListItem\",\"position\":2,\"name\":\"Vrijeme je doslovno novac: Koliko BiH gubi zbog gu\u017evi na granicama?\"}]},{\"@type\":\"WebSite\",\"@id\":\"https:\/\/tuzlainfo.ba\/#website\",\"url\":\"https:\/\/tuzlainfo.ba\/\",\"name\":\"TuzlaInfo.ba\",\"description\":\"Tuzla info, gradski informator - Tuzla na dlanu\",\"publisher\":{\"@id\":\"https:\/\/tuzlainfo.ba\/#organization\"},\"potentialAction\":[{\"@type\":\"SearchAction\",\"target\":{\"@type\":\"EntryPoint\",\"urlTemplate\":\"https:\/\/tuzlainfo.ba\/?s={search_term_string}\"},\"query-input\":{\"@type\":\"PropertyValueSpecification\",\"valueRequired\":true,\"valueName\":\"search_term_string\"}}],\"inLanguage\":\"bs-BA\"},{\"@type\":\"Organization\",\"@id\":\"https:\/\/tuzlainfo.ba\/#organization\",\"name\":\"TuzlaInfo.ba\",\"url\":\"https:\/\/tuzlainfo.ba\/\",\"logo\":{\"@type\":\"ImageObject\",\"inLanguage\":\"bs-BA\",\"@id\":\"https:\/\/tuzlainfo.ba\/#\/schema\/logo\/image\/\",\"url\":\"https:\/\/tuzlainfo.ba\/wp-content\/uploads\/2021\/03\/logo-ver-3-1.png\",\"contentUrl\":\"https:\/\/tuzlainfo.ba\/wp-content\/uploads\/2021\/03\/logo-ver-3-1.png\",\"width\":350,\"height\":95,\"caption\":\"TuzlaInfo.ba\"},\"image\":{\"@id\":\"https:\/\/tuzlainfo.ba\/#\/schema\/logo\/image\/\"},\"sameAs\":[\"https:\/\/www.facebook.com\/tuzlainfo.ba\/\"]},{\"@type\":\"Person\",\"@id\":\"https:\/\/tuzlainfo.ba\/#\/schema\/person\/593e78a2f6378c5ba3e7600ecfa4e63a\",\"name\":\"Admin Tri\",\"image\":{\"@type\":\"ImageObject\",\"inLanguage\":\"bs-BA\",\"@id\":\"https:\/\/tuzlainfo.ba\/#\/schema\/person\/image\/\",\"url\":\"https:\/\/tuzlainfo.ba\/wp-content\/litespeed\/avatar\/b7920db4cc34a71ad12497283ad2fe3f.jpg?ver=1777100914\",\"contentUrl\":\"https:\/\/tuzlainfo.ba\/wp-content\/litespeed\/avatar\/b7920db4cc34a71ad12497283ad2fe3f.jpg?ver=1777100914\",\"caption\":\"Admin Tri\"},\"sameAs\":[\"https:\/\/tuzlainfo.ba\"]}]}<\/script>\n<!-- \/ Yoast SEO plugin. -->","yoast_head_json":{"title":"Vrijeme je doslovno novac: Koliko BiH gubi zbog gu\u017evi na granicama? - TuzlaInfo.ba","robots":{"index":"index","follow":"follow","max-snippet":"max-snippet:-1","max-image-preview":"max-image-preview:large","max-video-preview":"max-video-preview:-1"},"canonical":"https:\/\/tuzlainfo.ba\/index.php\/bosna-i-hercegovina\/item\/288828-vrijeme-je-doslovno-novac-koliko-bih-gubi-zbog-guzvi-na-granicama\/","og_locale":"bs_BA","og_type":"article","og_title":"Vrijeme je doslovno novac: Koliko BiH gubi zbog gu\u017evi na granicama? - TuzlaInfo.ba","og_description":"Na okruglom stolu odr\u017eanom u Vanjskotrgovinskoj komori Bosne i Hercegovine predstavnici privrede i institucija vlasti&hellip;","og_url":"https:\/\/tuzlainfo.ba\/index.php\/bosna-i-hercegovina\/item\/288828-vrijeme-je-doslovno-novac-koliko-bih-gubi-zbog-guzvi-na-granicama\/","og_site_name":"TuzlaInfo.ba","article_publisher":"https:\/\/www.facebook.com\/tuzlainfo.ba\/","article_published_time":"2025-12-13T16:58:21+00:00","article_modified_time":"2025-12-12T13:37:22+00:00","og_image":[{"width":800,"height":522,"url":"https:\/\/tuzlainfo.ba\/wp-content\/uploads\/2022\/01\/0901_granicni_gradiska.jpg","type":"image\/jpeg"}],"author":"Admin Tri","twitter_card":"summary_large_image","twitter_misc":{"Written by":"Admin Tri","Est. reading time":"3 minute"},"schema":{"@context":"https:\/\/schema.org","@graph":[{"@type":"Article","@id":"https:\/\/tuzlainfo.ba\/index.php\/bosna-i-hercegovina\/item\/288828-vrijeme-je-doslovno-novac-koliko-bih-gubi-zbog-guzvi-na-granicama\/#article","isPartOf":{"@id":"https:\/\/tuzlainfo.ba\/index.php\/bosna-i-hercegovina\/item\/288828-vrijeme-je-doslovno-novac-koliko-bih-gubi-zbog-guzvi-na-granicama\/"},"author":{"name":"Admin Tri","@id":"https:\/\/tuzlainfo.ba\/#\/schema\/person\/593e78a2f6378c5ba3e7600ecfa4e63a"},"headline":"Vrijeme je doslovno novac: Koliko BiH gubi zbog gu\u017evi na granicama?","datePublished":"2025-12-13T16:58:21+00:00","dateModified":"2025-12-12T13:37:22+00:00","mainEntityOfPage":{"@id":"https:\/\/tuzlainfo.ba\/index.php\/bosna-i-hercegovina\/item\/288828-vrijeme-je-doslovno-novac-koliko-bih-gubi-zbog-guzvi-na-granicama\/"},"wordCount":500,"publisher":{"@id":"https:\/\/tuzlainfo.ba\/#organization"},"image":{"@id":"https:\/\/tuzlainfo.ba\/index.php\/bosna-i-hercegovina\/item\/288828-vrijeme-je-doslovno-novac-koliko-bih-gubi-zbog-guzvi-na-granicama\/#primaryimage"},"thumbnailUrl":"https:\/\/tuzlainfo.ba\/wp-content\/uploads\/2022\/01\/0901_granicni_gradiska.jpg","keywords":["granica","Gu\u017eve"],"articleSection":["Bosna i Hercegovina"],"inLanguage":"bs-BA"},{"@type":"WebPage","@id":"https:\/\/tuzlainfo.ba\/index.php\/bosna-i-hercegovina\/item\/288828-vrijeme-je-doslovno-novac-koliko-bih-gubi-zbog-guzvi-na-granicama\/","url":"https:\/\/tuzlainfo.ba\/index.php\/bosna-i-hercegovina\/item\/288828-vrijeme-je-doslovno-novac-koliko-bih-gubi-zbog-guzvi-na-granicama\/","name":"Vrijeme je doslovno novac: Koliko BiH gubi zbog gu\u017evi na granicama? - TuzlaInfo.ba","isPartOf":{"@id":"https:\/\/tuzlainfo.ba\/#website"},"primaryImageOfPage":{"@id":"https:\/\/tuzlainfo.ba\/index.php\/bosna-i-hercegovina\/item\/288828-vrijeme-je-doslovno-novac-koliko-bih-gubi-zbog-guzvi-na-granicama\/#primaryimage"},"image":{"@id":"https:\/\/tuzlainfo.ba\/index.php\/bosna-i-hercegovina\/item\/288828-vrijeme-je-doslovno-novac-koliko-bih-gubi-zbog-guzvi-na-granicama\/#primaryimage"},"thumbnailUrl":"https:\/\/tuzlainfo.ba\/wp-content\/uploads\/2022\/01\/0901_granicni_gradiska.jpg","datePublished":"2025-12-13T16:58:21+00:00","dateModified":"2025-12-12T13:37:22+00:00","breadcrumb":{"@id":"https:\/\/tuzlainfo.ba\/index.php\/bosna-i-hercegovina\/item\/288828-vrijeme-je-doslovno-novac-koliko-bih-gubi-zbog-guzvi-na-granicama\/#breadcrumb"},"inLanguage":"bs-BA","potentialAction":[{"@type":"ReadAction","target":["https:\/\/tuzlainfo.ba\/index.php\/bosna-i-hercegovina\/item\/288828-vrijeme-je-doslovno-novac-koliko-bih-gubi-zbog-guzvi-na-granicama\/"]}]},{"@type":"ImageObject","inLanguage":"bs-BA","@id":"https:\/\/tuzlainfo.ba\/index.php\/bosna-i-hercegovina\/item\/288828-vrijeme-je-doslovno-novac-koliko-bih-gubi-zbog-guzvi-na-granicama\/#primaryimage","url":"https:\/\/tuzlainfo.ba\/wp-content\/uploads\/2022\/01\/0901_granicni_gradiska.jpg","contentUrl":"https:\/\/tuzlainfo.ba\/wp-content\/uploads\/2022\/01\/0901_granicni_gradiska.jpg","width":800,"height":522,"caption":"Grani\u010dni prelaz Bosanska Gradi\u0161ka"},{"@type":"BreadcrumbList","@id":"https:\/\/tuzlainfo.ba\/index.php\/bosna-i-hercegovina\/item\/288828-vrijeme-je-doslovno-novac-koliko-bih-gubi-zbog-guzvi-na-granicama\/#breadcrumb","itemListElement":[{"@type":"ListItem","position":1,"name":"Home","item":"https:\/\/tuzlainfo.ba\/"},{"@type":"ListItem","position":2,"name":"Vrijeme je doslovno novac: Koliko BiH gubi zbog gu\u017evi na granicama?"}]},{"@type":"WebSite","@id":"https:\/\/tuzlainfo.ba\/#website","url":"https:\/\/tuzlainfo.ba\/","name":"TuzlaInfo.ba","description":"Tuzla info, gradski informator - Tuzla na dlanu","publisher":{"@id":"https:\/\/tuzlainfo.ba\/#organization"},"potentialAction":[{"@type":"SearchAction","target":{"@type":"EntryPoint","urlTemplate":"https:\/\/tuzlainfo.ba\/?s={search_term_string}"},"query-input":{"@type":"PropertyValueSpecification","valueRequired":true,"valueName":"search_term_string"}}],"inLanguage":"bs-BA"},{"@type":"Organization","@id":"https:\/\/tuzlainfo.ba\/#organization","name":"TuzlaInfo.ba","url":"https:\/\/tuzlainfo.ba\/","logo":{"@type":"ImageObject","inLanguage":"bs-BA","@id":"https:\/\/tuzlainfo.ba\/#\/schema\/logo\/image\/","url":"https:\/\/tuzlainfo.ba\/wp-content\/uploads\/2021\/03\/logo-ver-3-1.png","contentUrl":"https:\/\/tuzlainfo.ba\/wp-content\/uploads\/2021\/03\/logo-ver-3-1.png","width":350,"height":95,"caption":"TuzlaInfo.ba"},"image":{"@id":"https:\/\/tuzlainfo.ba\/#\/schema\/logo\/image\/"},"sameAs":["https:\/\/www.facebook.com\/tuzlainfo.ba\/"]},{"@type":"Person","@id":"https:\/\/tuzlainfo.ba\/#\/schema\/person\/593e78a2f6378c5ba3e7600ecfa4e63a","name":"Admin Tri","image":{"@type":"ImageObject","inLanguage":"bs-BA","@id":"https:\/\/tuzlainfo.ba\/#\/schema\/person\/image\/","url":"https:\/\/tuzlainfo.ba\/wp-content\/litespeed\/avatar\/b7920db4cc34a71ad12497283ad2fe3f.jpg?ver=1777100914","contentUrl":"https:\/\/tuzlainfo.ba\/wp-content\/litespeed\/avatar\/b7920db4cc34a71ad12497283ad2fe3f.jpg?ver=1777100914","caption":"Admin Tri"},"sameAs":["https:\/\/tuzlainfo.ba"]}]}},"_links":{"self":[{"href":"https:\/\/tuzlainfo.ba\/index.php\/wp-json\/wp\/v2\/posts\/288828"}],"collection":[{"href":"https:\/\/tuzlainfo.ba\/index.php\/wp-json\/wp\/v2\/posts"}],"about":[{"href":"https:\/\/tuzlainfo.ba\/index.php\/wp-json\/wp\/v2\/types\/post"}],"author":[{"embeddable":true,"href":"https:\/\/tuzlainfo.ba\/index.php\/wp-json\/wp\/v2\/users\/8"}],"replies":[{"embeddable":true,"href":"https:\/\/tuzlainfo.ba\/index.php\/wp-json\/wp\/v2\/comments?post=288828"}],"version-history":[{"count":1,"href":"https:\/\/tuzlainfo.ba\/index.php\/wp-json\/wp\/v2\/posts\/288828\/revisions"}],"predecessor-version":[{"id":288833,"href":"https:\/\/tuzlainfo.ba\/index.php\/wp-json\/wp\/v2\/posts\/288828\/revisions\/288833"}],"wp:featuredmedia":[{"embeddable":true,"href":"https:\/\/tuzlainfo.ba\/index.php\/wp-json\/wp\/v2\/media\/160703"}],"wp:attachment":[{"href":"https:\/\/tuzlainfo.ba\/index.php\/wp-json\/wp\/v2\/media?parent=288828"}],"wp:term":[{"taxonomy":"category","embeddable":true,"href":"https:\/\/tuzlainfo.ba\/index.php\/wp-json\/wp\/v2\/categories?post=288828"},{"taxonomy":"post_tag","embeddable":true,"href":"https:\/\/tuzlainfo.ba\/index.php\/wp-json\/wp\/v2\/tags?post=288828"}],"curies":[{"name":"wp","href":"https:\/\/api.w.org\/{rel}","templated":true}]}}