{"id":288701,"date":"2025-12-09T15:38:52","date_gmt":"2025-12-09T14:38:52","guid":{"rendered":"https:\/\/tuzlainfo.ba\/?p=288701"},"modified":"2025-12-09T14:00:13","modified_gmt":"2025-12-09T13:00:13","slug":"sutra-nova-sjednica-uio-krnjicev-zahtjev-i-dalje-bez-odgovora","status":"publish","type":"post","link":"https:\/\/tuzlainfo.ba\/index.php\/bosna-i-hercegovina\/item\/288701-sutra-nova-sjednica-uio-krnjicev-zahtjev-i-dalje-bez-odgovora\/","title":{"rendered":"Sutra nova sjednica UIO, Krnji\u0107ev zahtjev i dalje bez odgovora"},"content":{"rendered":"<p>Sr\u0111an Amid\u017ei\u0107, ministar finansija i trezora BiH i predsjedavaju\u0107i Upravnog odbora Uprave za indirektno oporezivanje, sazvao je za sutra novu sjednicu UO UIO, saznaje Raport. Na dnevnom redu ponovo se nalazi Pravilnik o organizaciji UIO, klju\u010dan za otvaranje novog grani\u010dnog prijelaza Gradi\u0161ka Novi most \u2013 Gornji Varo\u0161.<\/p>\n<p>I dalje nije poznato da li je Amid\u017ei\u0107 udovoljio zahtjevu Zijada Krnji\u0107a, \u010dlana Upravnog odbora iz reda eksperata iz FBiH, koji je insistirao da se istovremeno razmatra i pitanje poravnanja i koeficijenata za raspodjelu prihoda od indirektnih poreza. Upravo odbijanjem te ta\u010dke ju\u010der je Amid\u017ei\u0107 izazvao blokadu, jer Krnji\u0107 zbog toga nije \u017eelio glasati za Pravilnik o sistematizaciji UIO, \u010dime je sprije\u010deno formalno otvaranje GP Gradi\u0161ka zakazano za 11. decembar.<\/p>\n<p>Odluka o poravnanju koju Krnji\u0107 tra\u017ei odnosi se na vi\u0161egodi\u0161nji spor oko raspodjele prihoda od PDV a, prema kojem bi Republika Srpska Federaciji BiH trebala vratiti desetine miliona maraka povu\u010denih na osnovu koeficijenata iz 2023. godine. Prema procjenama, rije\u010d je o gotovo 100 miliona KM.<\/p>\n<p>Ako se ta ta\u010dka i na\u0111e pred \u010dlanovima UO, nije izvjesno da \u0107e dobiti potrebnu podr\u0161ku. Upravni odbor \u010dine: Sr\u0111an Amid\u017ei\u0107, Toni Kraljevi\u0107, ministar finansija FBiH, Zora Vidovi\u0107, ministrica finansija RS, Jelena Popovi\u0107, ekspert iz RS a, te Zijad Krnji\u0107, ekspert iz FBiH. Mjesto eksperta iz Vije\u0107a ministara, koje bi predstavljalo balans, ostalo je nepopunjeno, \u0161to \u010dlanovima iz RS a daje odlu\u010duju\u0107u prednost.<\/p>\n<p>U praksi, iako funkciju predsjedavaju\u0107eg obavlja po osnovu dr\u017eavne du\u017enosti, Amid\u017ei\u0107 se u UO pona\u0161a kao predstavnik entiteta RS i u skladu s tim djeluje, koriste\u0107i i, kako tvrde sagovornici, nezakonite metode. Najspornija me\u0111u njima jeste izbjegavanje zakonske obaveze da se koeficijenti za raspodjelu indirektnih poreza utvr\u0111uju svaka tri mjeseca. Umjesto toga, Amid\u017ei\u0107 je jednostrano \u201ezamrznuo\u201c koeficijente iz 2023. godine, u trenutku kada su odgovarali RS u, iako su se u me\u0111uvremenu ekonomski pokazatelji zna\u010dajno promijenili.<\/p>\n<p>Prema tim koeficijentima, Federaciji BiH se raspore\u0111uje 62,01 posto prihoda, RS u 34,44 posto, a Br\u010dko distriktu 3,55 posto. Novi izra\u010duni, koje Amid\u017ei\u0107 odbija uvrstiti na dnevni red, zna\u010dili bi znatno ve\u0107i prihod za FBiH i manji za RS.<\/p>\n<p>Da li \u0107e sutra\u0161nja sjednica otvoriti i pitanje poravnanja, ili \u0107e se UO baviti isklju\u010divo Pravilnikom potrebnim za otvaranje Gradi\u0161ke, bit \u0107e poznato tek nakon \u0161to Amid\u017ei\u0107 objavi kona\u010dan dnevni red. Privrednici i institucije o\u010dekuju rje\u0161enje, jer zbog blokade Pravilnika novi grani\u010dni prijelaz i dalje ne mo\u017ee po\u010deti s radom.<\/p>\n","protected":false},"excerpt":{"rendered":"<p>Sr\u0111an Amid\u017ei\u0107, ministar finansija i trezora BiH i predsjedavaju\u0107i Upravnog odbora Uprave za indirektno oporezivanje,&hellip;<\/p>\n","protected":false},"author":8,"featured_media":288620,"comment_status":"closed","ping_status":"closed","sticky":false,"template":"","format":"standard","meta":{"_acf_changed":false,"footnotes":""},"categories":[291,1],"tags":[2684,377],"acf":[],"yoast_head":"<!-- This site is optimized with the Yoast SEO plugin v23.5 - https:\/\/yoast.com\/wordpress\/plugins\/seo\/ -->\n<title>Sutra nova sjednica UIO, Krnji\u0107ev zahtjev i dalje bez odgovora - TuzlaInfo.ba<\/title>\n<meta name=\"robots\" content=\"index, follow, max-snippet:-1, max-image-preview:large, max-video-preview:-1\" \/>\n<link rel=\"canonical\" href=\"https:\/\/tuzlainfo.ba\/index.php\/bosna-i-hercegovina\/item\/288701-sutra-nova-sjednica-uio-krnjicev-zahtjev-i-dalje-bez-odgovora\/\" \/>\n<meta property=\"og:locale\" content=\"bs_BA\" \/>\n<meta property=\"og:type\" content=\"article\" \/>\n<meta property=\"og:title\" content=\"Sutra nova sjednica UIO, Krnji\u0107ev zahtjev i dalje bez odgovora - TuzlaInfo.ba\" \/>\n<meta property=\"og:description\" content=\"Sr\u0111an Amid\u017ei\u0107, ministar finansija i trezora BiH i predsjedavaju\u0107i Upravnog odbora Uprave za indirektno oporezivanje,&hellip;\" \/>\n<meta property=\"og:url\" content=\"https:\/\/tuzlainfo.ba\/index.php\/bosna-i-hercegovina\/item\/288701-sutra-nova-sjednica-uio-krnjicev-zahtjev-i-dalje-bez-odgovora\/\" \/>\n<meta property=\"og:site_name\" content=\"TuzlaInfo.ba\" \/>\n<meta property=\"article:publisher\" content=\"https:\/\/www.facebook.com\/tuzlainfo.ba\/\" \/>\n<meta property=\"article:published_time\" content=\"2025-12-09T14:38:52+00:00\" \/>\n<meta property=\"article:modified_time\" content=\"2025-12-09T13:00:13+00:00\" \/>\n<meta property=\"og:image\" content=\"https:\/\/tuzlainfo.ba\/wp-content\/uploads\/2025\/12\/1812_zijad_krnjic.jpg\" \/>\n\t<meta property=\"og:image:width\" content=\"800\" \/>\n\t<meta property=\"og:image:height\" content=\"482\" \/>\n\t<meta property=\"og:image:type\" content=\"image\/jpeg\" \/>\n<meta name=\"author\" content=\"Admin Tri\" \/>\n<meta name=\"twitter:card\" content=\"summary_large_image\" \/>\n<meta name=\"twitter:label1\" content=\"Written by\" \/>\n\t<meta name=\"twitter:data1\" content=\"Admin Tri\" \/>\n\t<meta name=\"twitter:label2\" content=\"Est. reading time\" \/>\n\t<meta name=\"twitter:data2\" content=\"3 minute\" \/>\n<script type=\"application\/ld+json\" class=\"yoast-schema-graph\">{\"@context\":\"https:\/\/schema.org\",\"@graph\":[{\"@type\":\"Article\",\"@id\":\"https:\/\/tuzlainfo.ba\/index.php\/bosna-i-hercegovina\/item\/288701-sutra-nova-sjednica-uio-krnjicev-zahtjev-i-dalje-bez-odgovora\/#article\",\"isPartOf\":{\"@id\":\"https:\/\/tuzlainfo.ba\/index.php\/bosna-i-hercegovina\/item\/288701-sutra-nova-sjednica-uio-krnjicev-zahtjev-i-dalje-bez-odgovora\/\"},\"author\":{\"name\":\"Admin Tri\",\"@id\":\"https:\/\/tuzlainfo.ba\/#\/schema\/person\/593e78a2f6378c5ba3e7600ecfa4e63a\"},\"headline\":\"Sutra nova sjednica UIO, Krnji\u0107ev zahtjev i dalje bez odgovora\",\"datePublished\":\"2025-12-09T14:38:52+00:00\",\"dateModified\":\"2025-12-09T13:00:13+00:00\",\"mainEntityOfPage\":{\"@id\":\"https:\/\/tuzlainfo.ba\/index.php\/bosna-i-hercegovina\/item\/288701-sutra-nova-sjednica-uio-krnjicev-zahtjev-i-dalje-bez-odgovora\/\"},\"wordCount\":445,\"publisher\":{\"@id\":\"https:\/\/tuzlainfo.ba\/#organization\"},\"image\":{\"@id\":\"https:\/\/tuzlainfo.ba\/index.php\/bosna-i-hercegovina\/item\/288701-sutra-nova-sjednica-uio-krnjicev-zahtjev-i-dalje-bez-odgovora\/#primaryimage\"},\"thumbnailUrl\":\"https:\/\/tuzlainfo.ba\/wp-content\/uploads\/2025\/12\/1812_zijad_krnjic.jpg\",\"keywords\":[\"sjednica\",\"uio\"],\"articleSection\":[\"Bosna i Hercegovina\",\"Uncategorized\"],\"inLanguage\":\"bs-BA\"},{\"@type\":\"WebPage\",\"@id\":\"https:\/\/tuzlainfo.ba\/index.php\/bosna-i-hercegovina\/item\/288701-sutra-nova-sjednica-uio-krnjicev-zahtjev-i-dalje-bez-odgovora\/\",\"url\":\"https:\/\/tuzlainfo.ba\/index.php\/bosna-i-hercegovina\/item\/288701-sutra-nova-sjednica-uio-krnjicev-zahtjev-i-dalje-bez-odgovora\/\",\"name\":\"Sutra nova sjednica UIO, Krnji\u0107ev zahtjev i dalje bez odgovora - TuzlaInfo.ba\",\"isPartOf\":{\"@id\":\"https:\/\/tuzlainfo.ba\/#website\"},\"primaryImageOfPage\":{\"@id\":\"https:\/\/tuzlainfo.ba\/index.php\/bosna-i-hercegovina\/item\/288701-sutra-nova-sjednica-uio-krnjicev-zahtjev-i-dalje-bez-odgovora\/#primaryimage\"},\"image\":{\"@id\":\"https:\/\/tuzlainfo.ba\/index.php\/bosna-i-hercegovina\/item\/288701-sutra-nova-sjednica-uio-krnjicev-zahtjev-i-dalje-bez-odgovora\/#primaryimage\"},\"thumbnailUrl\":\"https:\/\/tuzlainfo.ba\/wp-content\/uploads\/2025\/12\/1812_zijad_krnjic.jpg\",\"datePublished\":\"2025-12-09T14:38:52+00:00\",\"dateModified\":\"2025-12-09T13:00:13+00:00\",\"breadcrumb\":{\"@id\":\"https:\/\/tuzlainfo.ba\/index.php\/bosna-i-hercegovina\/item\/288701-sutra-nova-sjednica-uio-krnjicev-zahtjev-i-dalje-bez-odgovora\/#breadcrumb\"},\"inLanguage\":\"bs-BA\",\"potentialAction\":[{\"@type\":\"ReadAction\",\"target\":[\"https:\/\/tuzlainfo.ba\/index.php\/bosna-i-hercegovina\/item\/288701-sutra-nova-sjednica-uio-krnjicev-zahtjev-i-dalje-bez-odgovora\/\"]}]},{\"@type\":\"ImageObject\",\"inLanguage\":\"bs-BA\",\"@id\":\"https:\/\/tuzlainfo.ba\/index.php\/bosna-i-hercegovina\/item\/288701-sutra-nova-sjednica-uio-krnjicev-zahtjev-i-dalje-bez-odgovora\/#primaryimage\",\"url\":\"https:\/\/tuzlainfo.ba\/wp-content\/uploads\/2025\/12\/1812_zijad_krnjic.jpg\",\"contentUrl\":\"https:\/\/tuzlainfo.ba\/wp-content\/uploads\/2025\/12\/1812_zijad_krnjic.jpg\",\"width\":800,\"height\":482},{\"@type\":\"BreadcrumbList\",\"@id\":\"https:\/\/tuzlainfo.ba\/index.php\/bosna-i-hercegovina\/item\/288701-sutra-nova-sjednica-uio-krnjicev-zahtjev-i-dalje-bez-odgovora\/#breadcrumb\",\"itemListElement\":[{\"@type\":\"ListItem\",\"position\":1,\"name\":\"Home\",\"item\":\"https:\/\/tuzlainfo.ba\/\"},{\"@type\":\"ListItem\",\"position\":2,\"name\":\"Sutra nova sjednica UIO, Krnji\u0107ev zahtjev i dalje bez odgovora\"}]},{\"@type\":\"WebSite\",\"@id\":\"https:\/\/tuzlainfo.ba\/#website\",\"url\":\"https:\/\/tuzlainfo.ba\/\",\"name\":\"TuzlaInfo.ba\",\"description\":\"Tuzla info, gradski informator - Tuzla na dlanu\",\"publisher\":{\"@id\":\"https:\/\/tuzlainfo.ba\/#organization\"},\"potentialAction\":[{\"@type\":\"SearchAction\",\"target\":{\"@type\":\"EntryPoint\",\"urlTemplate\":\"https:\/\/tuzlainfo.ba\/?s={search_term_string}\"},\"query-input\":{\"@type\":\"PropertyValueSpecification\",\"valueRequired\":true,\"valueName\":\"search_term_string\"}}],\"inLanguage\":\"bs-BA\"},{\"@type\":\"Organization\",\"@id\":\"https:\/\/tuzlainfo.ba\/#organization\",\"name\":\"TuzlaInfo.ba\",\"url\":\"https:\/\/tuzlainfo.ba\/\",\"logo\":{\"@type\":\"ImageObject\",\"inLanguage\":\"bs-BA\",\"@id\":\"https:\/\/tuzlainfo.ba\/#\/schema\/logo\/image\/\",\"url\":\"https:\/\/tuzlainfo.ba\/wp-content\/uploads\/2021\/03\/logo-ver-3-1.png\",\"contentUrl\":\"https:\/\/tuzlainfo.ba\/wp-content\/uploads\/2021\/03\/logo-ver-3-1.png\",\"width\":350,\"height\":95,\"caption\":\"TuzlaInfo.ba\"},\"image\":{\"@id\":\"https:\/\/tuzlainfo.ba\/#\/schema\/logo\/image\/\"},\"sameAs\":[\"https:\/\/www.facebook.com\/tuzlainfo.ba\/\"]},{\"@type\":\"Person\",\"@id\":\"https:\/\/tuzlainfo.ba\/#\/schema\/person\/593e78a2f6378c5ba3e7600ecfa4e63a\",\"name\":\"Admin Tri\",\"image\":{\"@type\":\"ImageObject\",\"inLanguage\":\"bs-BA\",\"@id\":\"https:\/\/tuzlainfo.ba\/#\/schema\/person\/image\/\",\"url\":\"https:\/\/tuzlainfo.ba\/wp-content\/litespeed\/avatar\/b7920db4cc34a71ad12497283ad2fe3f.jpg?ver=1777100914\",\"contentUrl\":\"https:\/\/tuzlainfo.ba\/wp-content\/litespeed\/avatar\/b7920db4cc34a71ad12497283ad2fe3f.jpg?ver=1777100914\",\"caption\":\"Admin Tri\"},\"sameAs\":[\"https:\/\/tuzlainfo.ba\"]}]}<\/script>\n<!-- \/ Yoast SEO plugin. -->","yoast_head_json":{"title":"Sutra nova sjednica UIO, Krnji\u0107ev zahtjev i dalje bez odgovora - TuzlaInfo.ba","robots":{"index":"index","follow":"follow","max-snippet":"max-snippet:-1","max-image-preview":"max-image-preview:large","max-video-preview":"max-video-preview:-1"},"canonical":"https:\/\/tuzlainfo.ba\/index.php\/bosna-i-hercegovina\/item\/288701-sutra-nova-sjednica-uio-krnjicev-zahtjev-i-dalje-bez-odgovora\/","og_locale":"bs_BA","og_type":"article","og_title":"Sutra nova sjednica UIO, Krnji\u0107ev zahtjev i dalje bez odgovora - TuzlaInfo.ba","og_description":"Sr\u0111an Amid\u017ei\u0107, ministar finansija i trezora BiH i predsjedavaju\u0107i Upravnog odbora Uprave za indirektno oporezivanje,&hellip;","og_url":"https:\/\/tuzlainfo.ba\/index.php\/bosna-i-hercegovina\/item\/288701-sutra-nova-sjednica-uio-krnjicev-zahtjev-i-dalje-bez-odgovora\/","og_site_name":"TuzlaInfo.ba","article_publisher":"https:\/\/www.facebook.com\/tuzlainfo.ba\/","article_published_time":"2025-12-09T14:38:52+00:00","article_modified_time":"2025-12-09T13:00:13+00:00","og_image":[{"width":800,"height":482,"url":"https:\/\/tuzlainfo.ba\/wp-content\/uploads\/2025\/12\/1812_zijad_krnjic.jpg","type":"image\/jpeg"}],"author":"Admin Tri","twitter_card":"summary_large_image","twitter_misc":{"Written by":"Admin Tri","Est. reading time":"3 minute"},"schema":{"@context":"https:\/\/schema.org","@graph":[{"@type":"Article","@id":"https:\/\/tuzlainfo.ba\/index.php\/bosna-i-hercegovina\/item\/288701-sutra-nova-sjednica-uio-krnjicev-zahtjev-i-dalje-bez-odgovora\/#article","isPartOf":{"@id":"https:\/\/tuzlainfo.ba\/index.php\/bosna-i-hercegovina\/item\/288701-sutra-nova-sjednica-uio-krnjicev-zahtjev-i-dalje-bez-odgovora\/"},"author":{"name":"Admin Tri","@id":"https:\/\/tuzlainfo.ba\/#\/schema\/person\/593e78a2f6378c5ba3e7600ecfa4e63a"},"headline":"Sutra nova sjednica UIO, Krnji\u0107ev zahtjev i dalje bez odgovora","datePublished":"2025-12-09T14:38:52+00:00","dateModified":"2025-12-09T13:00:13+00:00","mainEntityOfPage":{"@id":"https:\/\/tuzlainfo.ba\/index.php\/bosna-i-hercegovina\/item\/288701-sutra-nova-sjednica-uio-krnjicev-zahtjev-i-dalje-bez-odgovora\/"},"wordCount":445,"publisher":{"@id":"https:\/\/tuzlainfo.ba\/#organization"},"image":{"@id":"https:\/\/tuzlainfo.ba\/index.php\/bosna-i-hercegovina\/item\/288701-sutra-nova-sjednica-uio-krnjicev-zahtjev-i-dalje-bez-odgovora\/#primaryimage"},"thumbnailUrl":"https:\/\/tuzlainfo.ba\/wp-content\/uploads\/2025\/12\/1812_zijad_krnjic.jpg","keywords":["sjednica","uio"],"articleSection":["Bosna i Hercegovina","Uncategorized"],"inLanguage":"bs-BA"},{"@type":"WebPage","@id":"https:\/\/tuzlainfo.ba\/index.php\/bosna-i-hercegovina\/item\/288701-sutra-nova-sjednica-uio-krnjicev-zahtjev-i-dalje-bez-odgovora\/","url":"https:\/\/tuzlainfo.ba\/index.php\/bosna-i-hercegovina\/item\/288701-sutra-nova-sjednica-uio-krnjicev-zahtjev-i-dalje-bez-odgovora\/","name":"Sutra nova sjednica UIO, Krnji\u0107ev zahtjev i dalje bez odgovora - TuzlaInfo.ba","isPartOf":{"@id":"https:\/\/tuzlainfo.ba\/#website"},"primaryImageOfPage":{"@id":"https:\/\/tuzlainfo.ba\/index.php\/bosna-i-hercegovina\/item\/288701-sutra-nova-sjednica-uio-krnjicev-zahtjev-i-dalje-bez-odgovora\/#primaryimage"},"image":{"@id":"https:\/\/tuzlainfo.ba\/index.php\/bosna-i-hercegovina\/item\/288701-sutra-nova-sjednica-uio-krnjicev-zahtjev-i-dalje-bez-odgovora\/#primaryimage"},"thumbnailUrl":"https:\/\/tuzlainfo.ba\/wp-content\/uploads\/2025\/12\/1812_zijad_krnjic.jpg","datePublished":"2025-12-09T14:38:52+00:00","dateModified":"2025-12-09T13:00:13+00:00","breadcrumb":{"@id":"https:\/\/tuzlainfo.ba\/index.php\/bosna-i-hercegovina\/item\/288701-sutra-nova-sjednica-uio-krnjicev-zahtjev-i-dalje-bez-odgovora\/#breadcrumb"},"inLanguage":"bs-BA","potentialAction":[{"@type":"ReadAction","target":["https:\/\/tuzlainfo.ba\/index.php\/bosna-i-hercegovina\/item\/288701-sutra-nova-sjednica-uio-krnjicev-zahtjev-i-dalje-bez-odgovora\/"]}]},{"@type":"ImageObject","inLanguage":"bs-BA","@id":"https:\/\/tuzlainfo.ba\/index.php\/bosna-i-hercegovina\/item\/288701-sutra-nova-sjednica-uio-krnjicev-zahtjev-i-dalje-bez-odgovora\/#primaryimage","url":"https:\/\/tuzlainfo.ba\/wp-content\/uploads\/2025\/12\/1812_zijad_krnjic.jpg","contentUrl":"https:\/\/tuzlainfo.ba\/wp-content\/uploads\/2025\/12\/1812_zijad_krnjic.jpg","width":800,"height":482},{"@type":"BreadcrumbList","@id":"https:\/\/tuzlainfo.ba\/index.php\/bosna-i-hercegovina\/item\/288701-sutra-nova-sjednica-uio-krnjicev-zahtjev-i-dalje-bez-odgovora\/#breadcrumb","itemListElement":[{"@type":"ListItem","position":1,"name":"Home","item":"https:\/\/tuzlainfo.ba\/"},{"@type":"ListItem","position":2,"name":"Sutra nova sjednica UIO, Krnji\u0107ev zahtjev i dalje bez odgovora"}]},{"@type":"WebSite","@id":"https:\/\/tuzlainfo.ba\/#website","url":"https:\/\/tuzlainfo.ba\/","name":"TuzlaInfo.ba","description":"Tuzla info, gradski informator - Tuzla na dlanu","publisher":{"@id":"https:\/\/tuzlainfo.ba\/#organization"},"potentialAction":[{"@type":"SearchAction","target":{"@type":"EntryPoint","urlTemplate":"https:\/\/tuzlainfo.ba\/?s={search_term_string}"},"query-input":{"@type":"PropertyValueSpecification","valueRequired":true,"valueName":"search_term_string"}}],"inLanguage":"bs-BA"},{"@type":"Organization","@id":"https:\/\/tuzlainfo.ba\/#organization","name":"TuzlaInfo.ba","url":"https:\/\/tuzlainfo.ba\/","logo":{"@type":"ImageObject","inLanguage":"bs-BA","@id":"https:\/\/tuzlainfo.ba\/#\/schema\/logo\/image\/","url":"https:\/\/tuzlainfo.ba\/wp-content\/uploads\/2021\/03\/logo-ver-3-1.png","contentUrl":"https:\/\/tuzlainfo.ba\/wp-content\/uploads\/2021\/03\/logo-ver-3-1.png","width":350,"height":95,"caption":"TuzlaInfo.ba"},"image":{"@id":"https:\/\/tuzlainfo.ba\/#\/schema\/logo\/image\/"},"sameAs":["https:\/\/www.facebook.com\/tuzlainfo.ba\/"]},{"@type":"Person","@id":"https:\/\/tuzlainfo.ba\/#\/schema\/person\/593e78a2f6378c5ba3e7600ecfa4e63a","name":"Admin Tri","image":{"@type":"ImageObject","inLanguage":"bs-BA","@id":"https:\/\/tuzlainfo.ba\/#\/schema\/person\/image\/","url":"https:\/\/tuzlainfo.ba\/wp-content\/litespeed\/avatar\/b7920db4cc34a71ad12497283ad2fe3f.jpg?ver=1777100914","contentUrl":"https:\/\/tuzlainfo.ba\/wp-content\/litespeed\/avatar\/b7920db4cc34a71ad12497283ad2fe3f.jpg?ver=1777100914","caption":"Admin Tri"},"sameAs":["https:\/\/tuzlainfo.ba"]}]}},"_links":{"self":[{"href":"https:\/\/tuzlainfo.ba\/index.php\/wp-json\/wp\/v2\/posts\/288701"}],"collection":[{"href":"https:\/\/tuzlainfo.ba\/index.php\/wp-json\/wp\/v2\/posts"}],"about":[{"href":"https:\/\/tuzlainfo.ba\/index.php\/wp-json\/wp\/v2\/types\/post"}],"author":[{"embeddable":true,"href":"https:\/\/tuzlainfo.ba\/index.php\/wp-json\/wp\/v2\/users\/8"}],"replies":[{"embeddable":true,"href":"https:\/\/tuzlainfo.ba\/index.php\/wp-json\/wp\/v2\/comments?post=288701"}],"version-history":[{"count":1,"href":"https:\/\/tuzlainfo.ba\/index.php\/wp-json\/wp\/v2\/posts\/288701\/revisions"}],"predecessor-version":[{"id":288704,"href":"https:\/\/tuzlainfo.ba\/index.php\/wp-json\/wp\/v2\/posts\/288701\/revisions\/288704"}],"wp:featuredmedia":[{"embeddable":true,"href":"https:\/\/tuzlainfo.ba\/index.php\/wp-json\/wp\/v2\/media\/288620"}],"wp:attachment":[{"href":"https:\/\/tuzlainfo.ba\/index.php\/wp-json\/wp\/v2\/media?parent=288701"}],"wp:term":[{"taxonomy":"category","embeddable":true,"href":"https:\/\/tuzlainfo.ba\/index.php\/wp-json\/wp\/v2\/categories?post=288701"},{"taxonomy":"post_tag","embeddable":true,"href":"https:\/\/tuzlainfo.ba\/index.php\/wp-json\/wp\/v2\/tags?post=288701"}],"curies":[{"name":"wp","href":"https:\/\/api.w.org\/{rel}","templated":true}]}}