{"id":288486,"date":"2025-12-06T14:20:44","date_gmt":"2025-12-06T13:20:44","guid":{"rendered":"https:\/\/tuzlainfo.ba\/?p=288486"},"modified":"2025-12-06T14:28:23","modified_gmt":"2025-12-06T13:28:23","slug":"2x-uzas-u-srbiji-pronadjena-tri-tijela-u-kuci","status":"publish","type":"post","link":"https:\/\/tuzlainfo.ba\/index.php\/clanci\/sa-svih-strana\/item\/288486-2x-uzas-u-srbiji-pronadjena-tri-tijela-u-kuci\/","title":{"rendered":"U\u017eas u Srbiji: Prona\u0111ena tri tijela u ku\u0107i, kod dvoje prerezan vrat"},"content":{"rendered":"<p data-start=\"103\" data-end=\"398\">U porodi\u010dnoj ku\u0107i u \u010ca\u010dku jutros su prona\u0111ena tijela supru\u017enika i njihovog sina, a prema prvim rezultatima istrage rije\u010d je o dvostrukom ubistvu i samoubistvu. Tragi\u010dni doga\u0111aj otkriven je u subotu, 6. decembra, oko 10 sati, nakon \u0161to je policiji prijavljeno da se porodica ne javlja na telefon.<\/p>\n<p data-start=\"400\" data-end=\"737\">Otac i majka prona\u0111eni su u odvojenim sobama, oboje sa prerezanim vratom. Majka, M. C. (71), le\u017eala je u jednoj prostoriji, dok je otac, N. C. (64), zate\u010den u drugoj. U istoj sobi gdje je prona\u0111eno tijelo oca nalazio se i njihov sin, V. C., porijeklom iz Bosne i Hercegovine, s ubodnim ranama u predjelu grudi i isje\u010denim venama na ruci.<\/p>\n<p data-start=\"739\" data-end=\"1057\">Prema nezvani\u010dnim saznanjima srbijanskih medija, sin je najprije zadobio povrede no\u017eem u predjelu grudnog ko\u0161a, nakon \u010dega je, kako indicije pokazuju, presjekao venu na lijevoj ruci i iskrvario. Pored njegovog tijela policija je prona\u0161la no\u017e, a provjerama je utvr\u0111eno da ranije nije bilo prijava za nasilje u porodici.<\/p>\n<p data-start=\"1059\" data-end=\"1347\" data-is-last-node=\"\" data-is-only-node=\"\">Istra\u017eitelji nastavljaju rad na utvr\u0111ivanju motiva ovog te\u0161kog porodi\u010dnog zlo\u010dina koji je potresao lokalnu zajednicu. Kom\u0161ije ubijenih, koji su se prije izvjesnog vremena doselili iz Bosne i Hercegovine, ka\u017eu da su bili mirna i povu\u010dena porodica te da ih je ova tragedija duboko \u0161okirala.<\/p>\n","protected":false},"excerpt":{"rendered":"<p>U porodi\u010dnoj ku\u0107i u \u010ca\u010dku jutros su prona\u0111ena tijela supru\u017enika i njihovog sina, a prema&hellip;<\/p>\n","protected":false},"author":2,"featured_media":235044,"comment_status":"closed","ping_status":"closed","sticky":false,"template":"","format":"standard","meta":{"_acf_changed":false,"footnotes":""},"categories":[16],"tags":[417,309],"acf":[],"yoast_head":"<!-- This site is optimized with the Yoast SEO plugin v23.5 - https:\/\/yoast.com\/wordpress\/plugins\/seo\/ -->\n<title>U\u017eas u Srbiji: Prona\u0111ena tri tijela u ku\u0107i, kod dvoje prerezan vrat - TuzlaInfo.ba<\/title>\n<meta name=\"robots\" content=\"index, follow, max-snippet:-1, max-image-preview:large, max-video-preview:-1\" \/>\n<link rel=\"canonical\" href=\"https:\/\/tuzlainfo.ba\/index.php\/clanci\/sa-svih-strana\/item\/288486-2x-uzas-u-srbiji-pronadjena-tri-tijela-u-kuci\/\" \/>\n<meta property=\"og:locale\" content=\"bs_BA\" \/>\n<meta property=\"og:type\" content=\"article\" \/>\n<meta property=\"og:title\" content=\"U\u017eas u Srbiji: Prona\u0111ena tri tijela u ku\u0107i, kod dvoje prerezan vrat - TuzlaInfo.ba\" \/>\n<meta property=\"og:description\" content=\"U porodi\u010dnoj ku\u0107i u \u010ca\u010dku jutros su prona\u0111ena tijela supru\u017enika i njihovog sina, a prema&hellip;\" \/>\n<meta property=\"og:url\" content=\"https:\/\/tuzlainfo.ba\/index.php\/clanci\/sa-svih-strana\/item\/288486-2x-uzas-u-srbiji-pronadjena-tri-tijela-u-kuci\/\" \/>\n<meta property=\"og:site_name\" content=\"TuzlaInfo.ba\" \/>\n<meta property=\"article:publisher\" content=\"https:\/\/www.facebook.com\/tuzlainfo.ba\/\" \/>\n<meta property=\"article:published_time\" content=\"2025-12-06T13:20:44+00:00\" \/>\n<meta property=\"article:modified_time\" content=\"2025-12-06T13:28:23+00:00\" \/>\n<meta property=\"og:image\" content=\"https:\/\/tuzlainfo.ba\/wp-content\/uploads\/2024\/04\/0707_policija_srbija.jpg\" \/>\n\t<meta property=\"og:image:width\" content=\"828\" \/>\n\t<meta property=\"og:image:height\" content=\"465\" \/>\n\t<meta property=\"og:image:type\" content=\"image\/jpeg\" \/>\n<meta name=\"author\" content=\"nedim\" \/>\n<meta name=\"twitter:card\" content=\"summary_large_image\" \/>\n<meta name=\"twitter:label1\" content=\"Written by\" \/>\n\t<meta name=\"twitter:data1\" content=\"nedim\" \/>\n\t<meta name=\"twitter:label2\" content=\"Est. reading time\" \/>\n\t<meta name=\"twitter:data2\" content=\"2 minute\" \/>\n<script type=\"application\/ld+json\" class=\"yoast-schema-graph\">{\"@context\":\"https:\/\/schema.org\",\"@graph\":[{\"@type\":\"Article\",\"@id\":\"https:\/\/tuzlainfo.ba\/index.php\/clanci\/sa-svih-strana\/item\/288486-2x-uzas-u-srbiji-pronadjena-tri-tijela-u-kuci\/#article\",\"isPartOf\":{\"@id\":\"https:\/\/tuzlainfo.ba\/index.php\/clanci\/sa-svih-strana\/item\/288486-2x-uzas-u-srbiji-pronadjena-tri-tijela-u-kuci\/\"},\"author\":{\"name\":\"nedim\",\"@id\":\"https:\/\/tuzlainfo.ba\/#\/schema\/person\/f434e20dc27ea133923aab08451b7f7f\"},\"headline\":\"U\u017eas u Srbiji: Prona\u0111ena tri tijela u ku\u0107i, kod dvoje prerezan vrat\",\"datePublished\":\"2025-12-06T13:20:44+00:00\",\"dateModified\":\"2025-12-06T13:28:23+00:00\",\"mainEntityOfPage\":{\"@id\":\"https:\/\/tuzlainfo.ba\/index.php\/clanci\/sa-svih-strana\/item\/288486-2x-uzas-u-srbiji-pronadjena-tri-tijela-u-kuci\/\"},\"wordCount\":237,\"publisher\":{\"@id\":\"https:\/\/tuzlainfo.ba\/#organization\"},\"image\":{\"@id\":\"https:\/\/tuzlainfo.ba\/index.php\/clanci\/sa-svih-strana\/item\/288486-2x-uzas-u-srbiji-pronadjena-tri-tijela-u-kuci\/#primaryimage\"},\"thumbnailUrl\":\"https:\/\/tuzlainfo.ba\/wp-content\/uploads\/2024\/04\/0707_policija_srbija.jpg\",\"keywords\":[\"crna hronika\",\"srbija\"],\"articleSection\":[\"Sa svih strana\"],\"inLanguage\":\"bs-BA\"},{\"@type\":\"WebPage\",\"@id\":\"https:\/\/tuzlainfo.ba\/index.php\/clanci\/sa-svih-strana\/item\/288486-2x-uzas-u-srbiji-pronadjena-tri-tijela-u-kuci\/\",\"url\":\"https:\/\/tuzlainfo.ba\/index.php\/clanci\/sa-svih-strana\/item\/288486-2x-uzas-u-srbiji-pronadjena-tri-tijela-u-kuci\/\",\"name\":\"U\u017eas u Srbiji: Prona\u0111ena tri tijela u ku\u0107i, kod dvoje prerezan vrat - TuzlaInfo.ba\",\"isPartOf\":{\"@id\":\"https:\/\/tuzlainfo.ba\/#website\"},\"primaryImageOfPage\":{\"@id\":\"https:\/\/tuzlainfo.ba\/index.php\/clanci\/sa-svih-strana\/item\/288486-2x-uzas-u-srbiji-pronadjena-tri-tijela-u-kuci\/#primaryimage\"},\"image\":{\"@id\":\"https:\/\/tuzlainfo.ba\/index.php\/clanci\/sa-svih-strana\/item\/288486-2x-uzas-u-srbiji-pronadjena-tri-tijela-u-kuci\/#primaryimage\"},\"thumbnailUrl\":\"https:\/\/tuzlainfo.ba\/wp-content\/uploads\/2024\/04\/0707_policija_srbija.jpg\",\"datePublished\":\"2025-12-06T13:20:44+00:00\",\"dateModified\":\"2025-12-06T13:28:23+00:00\",\"breadcrumb\":{\"@id\":\"https:\/\/tuzlainfo.ba\/index.php\/clanci\/sa-svih-strana\/item\/288486-2x-uzas-u-srbiji-pronadjena-tri-tijela-u-kuci\/#breadcrumb\"},\"inLanguage\":\"bs-BA\",\"potentialAction\":[{\"@type\":\"ReadAction\",\"target\":[\"https:\/\/tuzlainfo.ba\/index.php\/clanci\/sa-svih-strana\/item\/288486-2x-uzas-u-srbiji-pronadjena-tri-tijela-u-kuci\/\"]}]},{\"@type\":\"ImageObject\",\"inLanguage\":\"bs-BA\",\"@id\":\"https:\/\/tuzlainfo.ba\/index.php\/clanci\/sa-svih-strana\/item\/288486-2x-uzas-u-srbiji-pronadjena-tri-tijela-u-kuci\/#primaryimage\",\"url\":\"https:\/\/tuzlainfo.ba\/wp-content\/uploads\/2024\/04\/0707_policija_srbija.jpg\",\"contentUrl\":\"https:\/\/tuzlainfo.ba\/wp-content\/uploads\/2024\/04\/0707_policija_srbija.jpg\",\"width\":828,\"height\":465},{\"@type\":\"BreadcrumbList\",\"@id\":\"https:\/\/tuzlainfo.ba\/index.php\/clanci\/sa-svih-strana\/item\/288486-2x-uzas-u-srbiji-pronadjena-tri-tijela-u-kuci\/#breadcrumb\",\"itemListElement\":[{\"@type\":\"ListItem\",\"position\":1,\"name\":\"Home\",\"item\":\"https:\/\/tuzlainfo.ba\/\"},{\"@type\":\"ListItem\",\"position\":2,\"name\":\"U\u017eas u Srbiji: Prona\u0111ena tri tijela u ku\u0107i, kod dvoje prerezan vrat\"}]},{\"@type\":\"WebSite\",\"@id\":\"https:\/\/tuzlainfo.ba\/#website\",\"url\":\"https:\/\/tuzlainfo.ba\/\",\"name\":\"TuzlaInfo.ba\",\"description\":\"Tuzla info, gradski informator - Tuzla na dlanu\",\"publisher\":{\"@id\":\"https:\/\/tuzlainfo.ba\/#organization\"},\"potentialAction\":[{\"@type\":\"SearchAction\",\"target\":{\"@type\":\"EntryPoint\",\"urlTemplate\":\"https:\/\/tuzlainfo.ba\/?s={search_term_string}\"},\"query-input\":{\"@type\":\"PropertyValueSpecification\",\"valueRequired\":true,\"valueName\":\"search_term_string\"}}],\"inLanguage\":\"bs-BA\"},{\"@type\":\"Organization\",\"@id\":\"https:\/\/tuzlainfo.ba\/#organization\",\"name\":\"TuzlaInfo.ba\",\"url\":\"https:\/\/tuzlainfo.ba\/\",\"logo\":{\"@type\":\"ImageObject\",\"inLanguage\":\"bs-BA\",\"@id\":\"https:\/\/tuzlainfo.ba\/#\/schema\/logo\/image\/\",\"url\":\"https:\/\/tuzlainfo.ba\/wp-content\/uploads\/2021\/03\/logo-ver-3-1.png\",\"contentUrl\":\"https:\/\/tuzlainfo.ba\/wp-content\/uploads\/2021\/03\/logo-ver-3-1.png\",\"width\":350,\"height\":95,\"caption\":\"TuzlaInfo.ba\"},\"image\":{\"@id\":\"https:\/\/tuzlainfo.ba\/#\/schema\/logo\/image\/\"},\"sameAs\":[\"https:\/\/www.facebook.com\/tuzlainfo.ba\/\"]},{\"@type\":\"Person\",\"@id\":\"https:\/\/tuzlainfo.ba\/#\/schema\/person\/f434e20dc27ea133923aab08451b7f7f\",\"name\":\"nedim\",\"image\":{\"@type\":\"ImageObject\",\"inLanguage\":\"bs-BA\",\"@id\":\"https:\/\/tuzlainfo.ba\/#\/schema\/person\/image\/\",\"url\":\"https:\/\/tuzlainfo.ba\/wp-content\/litespeed\/avatar\/aabad687af24844af817603ac1cbdc4f.jpg?ver=1776702173\",\"contentUrl\":\"https:\/\/tuzlainfo.ba\/wp-content\/litespeed\/avatar\/aabad687af24844af817603ac1cbdc4f.jpg?ver=1776702173\",\"caption\":\"nedim\"},\"description\":\"Tuzlainfo.ba pratite na dru\u0161tvenim mre\u017eama: Facebook, Instagram i Youtube. Svoje pri\u010de, upite i fotografije \u0161aljite na na\u0161u e-mail adresu.\"}]}<\/script>\n<!-- \/ Yoast SEO plugin. -->","yoast_head_json":{"title":"U\u017eas u Srbiji: Prona\u0111ena tri tijela u ku\u0107i, kod dvoje prerezan vrat - TuzlaInfo.ba","robots":{"index":"index","follow":"follow","max-snippet":"max-snippet:-1","max-image-preview":"max-image-preview:large","max-video-preview":"max-video-preview:-1"},"canonical":"https:\/\/tuzlainfo.ba\/index.php\/clanci\/sa-svih-strana\/item\/288486-2x-uzas-u-srbiji-pronadjena-tri-tijela-u-kuci\/","og_locale":"bs_BA","og_type":"article","og_title":"U\u017eas u Srbiji: Prona\u0111ena tri tijela u ku\u0107i, kod dvoje prerezan vrat - TuzlaInfo.ba","og_description":"U porodi\u010dnoj ku\u0107i u \u010ca\u010dku jutros su prona\u0111ena tijela supru\u017enika i njihovog sina, a prema&hellip;","og_url":"https:\/\/tuzlainfo.ba\/index.php\/clanci\/sa-svih-strana\/item\/288486-2x-uzas-u-srbiji-pronadjena-tri-tijela-u-kuci\/","og_site_name":"TuzlaInfo.ba","article_publisher":"https:\/\/www.facebook.com\/tuzlainfo.ba\/","article_published_time":"2025-12-06T13:20:44+00:00","article_modified_time":"2025-12-06T13:28:23+00:00","og_image":[{"width":828,"height":465,"url":"https:\/\/tuzlainfo.ba\/wp-content\/uploads\/2024\/04\/0707_policija_srbija.jpg","type":"image\/jpeg"}],"author":"nedim","twitter_card":"summary_large_image","twitter_misc":{"Written by":"nedim","Est. reading time":"2 minute"},"schema":{"@context":"https:\/\/schema.org","@graph":[{"@type":"Article","@id":"https:\/\/tuzlainfo.ba\/index.php\/clanci\/sa-svih-strana\/item\/288486-2x-uzas-u-srbiji-pronadjena-tri-tijela-u-kuci\/#article","isPartOf":{"@id":"https:\/\/tuzlainfo.ba\/index.php\/clanci\/sa-svih-strana\/item\/288486-2x-uzas-u-srbiji-pronadjena-tri-tijela-u-kuci\/"},"author":{"name":"nedim","@id":"https:\/\/tuzlainfo.ba\/#\/schema\/person\/f434e20dc27ea133923aab08451b7f7f"},"headline":"U\u017eas u Srbiji: Prona\u0111ena tri tijela u ku\u0107i, kod dvoje prerezan vrat","datePublished":"2025-12-06T13:20:44+00:00","dateModified":"2025-12-06T13:28:23+00:00","mainEntityOfPage":{"@id":"https:\/\/tuzlainfo.ba\/index.php\/clanci\/sa-svih-strana\/item\/288486-2x-uzas-u-srbiji-pronadjena-tri-tijela-u-kuci\/"},"wordCount":237,"publisher":{"@id":"https:\/\/tuzlainfo.ba\/#organization"},"image":{"@id":"https:\/\/tuzlainfo.ba\/index.php\/clanci\/sa-svih-strana\/item\/288486-2x-uzas-u-srbiji-pronadjena-tri-tijela-u-kuci\/#primaryimage"},"thumbnailUrl":"https:\/\/tuzlainfo.ba\/wp-content\/uploads\/2024\/04\/0707_policija_srbija.jpg","keywords":["crna hronika","srbija"],"articleSection":["Sa svih strana"],"inLanguage":"bs-BA"},{"@type":"WebPage","@id":"https:\/\/tuzlainfo.ba\/index.php\/clanci\/sa-svih-strana\/item\/288486-2x-uzas-u-srbiji-pronadjena-tri-tijela-u-kuci\/","url":"https:\/\/tuzlainfo.ba\/index.php\/clanci\/sa-svih-strana\/item\/288486-2x-uzas-u-srbiji-pronadjena-tri-tijela-u-kuci\/","name":"U\u017eas u Srbiji: Prona\u0111ena tri tijela u ku\u0107i, kod dvoje prerezan vrat - TuzlaInfo.ba","isPartOf":{"@id":"https:\/\/tuzlainfo.ba\/#website"},"primaryImageOfPage":{"@id":"https:\/\/tuzlainfo.ba\/index.php\/clanci\/sa-svih-strana\/item\/288486-2x-uzas-u-srbiji-pronadjena-tri-tijela-u-kuci\/#primaryimage"},"image":{"@id":"https:\/\/tuzlainfo.ba\/index.php\/clanci\/sa-svih-strana\/item\/288486-2x-uzas-u-srbiji-pronadjena-tri-tijela-u-kuci\/#primaryimage"},"thumbnailUrl":"https:\/\/tuzlainfo.ba\/wp-content\/uploads\/2024\/04\/0707_policija_srbija.jpg","datePublished":"2025-12-06T13:20:44+00:00","dateModified":"2025-12-06T13:28:23+00:00","breadcrumb":{"@id":"https:\/\/tuzlainfo.ba\/index.php\/clanci\/sa-svih-strana\/item\/288486-2x-uzas-u-srbiji-pronadjena-tri-tijela-u-kuci\/#breadcrumb"},"inLanguage":"bs-BA","potentialAction":[{"@type":"ReadAction","target":["https:\/\/tuzlainfo.ba\/index.php\/clanci\/sa-svih-strana\/item\/288486-2x-uzas-u-srbiji-pronadjena-tri-tijela-u-kuci\/"]}]},{"@type":"ImageObject","inLanguage":"bs-BA","@id":"https:\/\/tuzlainfo.ba\/index.php\/clanci\/sa-svih-strana\/item\/288486-2x-uzas-u-srbiji-pronadjena-tri-tijela-u-kuci\/#primaryimage","url":"https:\/\/tuzlainfo.ba\/wp-content\/uploads\/2024\/04\/0707_policija_srbija.jpg","contentUrl":"https:\/\/tuzlainfo.ba\/wp-content\/uploads\/2024\/04\/0707_policija_srbija.jpg","width":828,"height":465},{"@type":"BreadcrumbList","@id":"https:\/\/tuzlainfo.ba\/index.php\/clanci\/sa-svih-strana\/item\/288486-2x-uzas-u-srbiji-pronadjena-tri-tijela-u-kuci\/#breadcrumb","itemListElement":[{"@type":"ListItem","position":1,"name":"Home","item":"https:\/\/tuzlainfo.ba\/"},{"@type":"ListItem","position":2,"name":"U\u017eas u Srbiji: Prona\u0111ena tri tijela u ku\u0107i, kod dvoje prerezan vrat"}]},{"@type":"WebSite","@id":"https:\/\/tuzlainfo.ba\/#website","url":"https:\/\/tuzlainfo.ba\/","name":"TuzlaInfo.ba","description":"Tuzla info, gradski informator - Tuzla na dlanu","publisher":{"@id":"https:\/\/tuzlainfo.ba\/#organization"},"potentialAction":[{"@type":"SearchAction","target":{"@type":"EntryPoint","urlTemplate":"https:\/\/tuzlainfo.ba\/?s={search_term_string}"},"query-input":{"@type":"PropertyValueSpecification","valueRequired":true,"valueName":"search_term_string"}}],"inLanguage":"bs-BA"},{"@type":"Organization","@id":"https:\/\/tuzlainfo.ba\/#organization","name":"TuzlaInfo.ba","url":"https:\/\/tuzlainfo.ba\/","logo":{"@type":"ImageObject","inLanguage":"bs-BA","@id":"https:\/\/tuzlainfo.ba\/#\/schema\/logo\/image\/","url":"https:\/\/tuzlainfo.ba\/wp-content\/uploads\/2021\/03\/logo-ver-3-1.png","contentUrl":"https:\/\/tuzlainfo.ba\/wp-content\/uploads\/2021\/03\/logo-ver-3-1.png","width":350,"height":95,"caption":"TuzlaInfo.ba"},"image":{"@id":"https:\/\/tuzlainfo.ba\/#\/schema\/logo\/image\/"},"sameAs":["https:\/\/www.facebook.com\/tuzlainfo.ba\/"]},{"@type":"Person","@id":"https:\/\/tuzlainfo.ba\/#\/schema\/person\/f434e20dc27ea133923aab08451b7f7f","name":"nedim","image":{"@type":"ImageObject","inLanguage":"bs-BA","@id":"https:\/\/tuzlainfo.ba\/#\/schema\/person\/image\/","url":"https:\/\/tuzlainfo.ba\/wp-content\/litespeed\/avatar\/aabad687af24844af817603ac1cbdc4f.jpg?ver=1776702173","contentUrl":"https:\/\/tuzlainfo.ba\/wp-content\/litespeed\/avatar\/aabad687af24844af817603ac1cbdc4f.jpg?ver=1776702173","caption":"nedim"},"description":"Tuzlainfo.ba pratite na dru\u0161tvenim mre\u017eama: Facebook, Instagram i Youtube. Svoje pri\u010de, upite i fotografije \u0161aljite na na\u0161u e-mail adresu."}]}},"_links":{"self":[{"href":"https:\/\/tuzlainfo.ba\/index.php\/wp-json\/wp\/v2\/posts\/288486"}],"collection":[{"href":"https:\/\/tuzlainfo.ba\/index.php\/wp-json\/wp\/v2\/posts"}],"about":[{"href":"https:\/\/tuzlainfo.ba\/index.php\/wp-json\/wp\/v2\/types\/post"}],"author":[{"embeddable":true,"href":"https:\/\/tuzlainfo.ba\/index.php\/wp-json\/wp\/v2\/users\/2"}],"replies":[{"embeddable":true,"href":"https:\/\/tuzlainfo.ba\/index.php\/wp-json\/wp\/v2\/comments?post=288486"}],"version-history":[{"count":2,"href":"https:\/\/tuzlainfo.ba\/index.php\/wp-json\/wp\/v2\/posts\/288486\/revisions"}],"predecessor-version":[{"id":288488,"href":"https:\/\/tuzlainfo.ba\/index.php\/wp-json\/wp\/v2\/posts\/288486\/revisions\/288488"}],"wp:featuredmedia":[{"embeddable":true,"href":"https:\/\/tuzlainfo.ba\/index.php\/wp-json\/wp\/v2\/media\/235044"}],"wp:attachment":[{"href":"https:\/\/tuzlainfo.ba\/index.php\/wp-json\/wp\/v2\/media?parent=288486"}],"wp:term":[{"taxonomy":"category","embeddable":true,"href":"https:\/\/tuzlainfo.ba\/index.php\/wp-json\/wp\/v2\/categories?post=288486"},{"taxonomy":"post_tag","embeddable":true,"href":"https:\/\/tuzlainfo.ba\/index.php\/wp-json\/wp\/v2\/tags?post=288486"}],"curies":[{"name":"wp","href":"https:\/\/api.w.org\/{rel}","templated":true}]}}