{"id":288476,"date":"2025-12-06T13:14:55","date_gmt":"2025-12-06T12:14:55","guid":{"rendered":"https:\/\/tuzlainfo.ba\/?p=288476"},"modified":"2025-12-06T13:14:55","modified_gmt":"2025-12-06T12:14:55","slug":"osam-godina-od-ideje-do-realizacije-u-tuzlu-stigao-prvi-voz-za-kontejnerima-iz-luke-rijeka","status":"publish","type":"post","link":"https:\/\/tuzlainfo.ba\/index.php\/novosti\/item\/288476-osam-godina-od-ideje-do-realizacije-u-tuzlu-stigao-prvi-voz-za-kontejnerima-iz-luke-rijeka\/","title":{"rendered":"Osam godina od ideje do realizacije: U Tuzlu stigao prvi voz za kontejnerima iz Luke Rijeka"},"content":{"rendered":"<p data-start=\"109\" data-end=\"608\">Suha luka Tuzla i zvani\u010dno je po\u010dela s radom, a prvi voz s kontejnerima iz Luke Rijeka stigao je direktno na novi carinski kontejnerski terminal, \u010dime je otvorena potpuno nova faza u logisti\u010dkom povezivanju Tuzlanskog kantona i Bosne i Hercegovine sa me\u0111unarodnim tr\u017ei\u0161tima.<\/p>\n<p data-start=\"109\" data-end=\"608\">Terminal predstavlja prvi intermodalni centar na podru\u010dju kantona i donosi privredi mogu\u0107nost kombinovanog \u017eeljezni\u010dkog i pomorskog prevoza bez dugotrajnih procedura i dodatnih tro\u0161kova koji su ranije usporavali protok roba.<\/p>\n<p data-start=\"610\" data-end=\"1238\">Prvi teretni voz doputovao je sa 16 kontejnera, a sedmi\u010dni transport u oba smjera od sada \u0107e biti redovan.<\/p>\n<p data-start=\"610\" data-end=\"1238\">To zna\u010di da roba iz Tuzle mo\u017ee putovati \u017eeljeznicom do Luke Rijeka, a zatim brodovima na globalne destinacije, dok \u0107e kontejneri iz inostranstva stizati direktno u Tuzlu. Time se zna\u010dajno skra\u0107uje vrijeme isporuke, smanjuju tro\u0161kovi i izbjegavaju duga zadr\u017eavanja na grani\u010dnim prijelazima.<\/p>\n<p data-start=\"610\" data-end=\"1238\">Kako isti\u010du u Ministarstvu trgovine, turizma i saobra\u0107aja TK, \u017eeljezni\u010dki prevoz postaje posebno isplativ za privrednike kada su kontejneri maksimalno popunjeni, dok \u0107e istovremeno do\u0107i do smanjenja optere\u0107enja drumskog saobra\u0107aja.<\/p>\n<p data-start=\"1240\" data-end=\"1807\">Otvaranje suhe luke rezultat je osam godina dugog procesa, od same ideje do kona\u010dne realizacije, sa ciljem da se privrednicima omogu\u0107i jednostavniji, sigurniji i br\u017ei transport. Direktor terminala nagla\u0161ava da \u0107e nova linija posebno koristiti kompanijama koje prevoze vangabaritni teret i \u010dije su isporuke ranije bile pra\u0107ene slo\u017eenim logisti\u010dkim procedurama<\/p>\n<p data-start=\"1240\" data-end=\"1807\"><img fetchpriority=\"high\" decoding=\"async\" class=\"alignnone size-full wp-image-288478\" src=\"https:\/\/tuzlainfo.ba\/wp-content\/uploads\/2025\/12\/0612_suha_luka2.jpg\" alt=\"\" width=\"1000\" height=\"674\" srcset=\"https:\/\/tuzlainfo.ba\/wp-content\/uploads\/2025\/12\/0612_suha_luka2.jpg 1000w, https:\/\/tuzlainfo.ba\/wp-content\/uploads\/2025\/12\/0612_suha_luka2-300x202.jpg 300w, https:\/\/tuzlainfo.ba\/wp-content\/uploads\/2025\/12\/0612_suha_luka2-768x518.jpg 768w, https:\/\/tuzlainfo.ba\/wp-content\/uploads\/2025\/12\/0612_suha_luka2-585x394.jpg 585w, https:\/\/tuzlainfo.ba\/wp-content\/uploads\/2025\/12\/0612_suha_luka2-150x101.jpg 150w, https:\/\/tuzlainfo.ba\/wp-content\/uploads\/2025\/12\/0612_suha_luka2-500x337.jpg 500w, https:\/\/tuzlainfo.ba\/wp-content\/uploads\/2025\/12\/0612_suha_luka2-120x80.jpg 120w\" sizes=\"(max-width: 1000px) 100vw, 1000px\" \/><\/p>\n<p data-start=\"1240\" data-end=\"1807\">. Projekat donosi Tuzlanskom kantonu novu razvojnu perspektivu, uz planove da se u narednim fazama terminal pove\u017ee i sa kargo centrom Me\u0111unarodnog aerodroma Tuzla kako bi se stvorio zaokru\u017een logisti\u010dki lanac.<\/p>\n<p data-start=\"1809\" data-end=\"2390\" data-is-last-node=\"\" data-is-only-node=\"\">Prvi voz iz Rijeke prema Tuzli logisti\u010dki sektor opisuje kao historijski trenutak, jer Bosna i Hercegovina na ovaj na\u010din ulazi na mapu evropskih intermodalnih rje\u0161enja. Transport iz Rijeke do Tuzle traje samo jedan dan, \u0161to stvara veliku prednost u odnosu na ranije rute.<\/p>\n<p data-start=\"1809\" data-end=\"2390\" data-is-last-node=\"\" data-is-only-node=\"\"><img decoding=\"async\" class=\"alignnone size-full wp-image-288477\" src=\"https:\/\/tuzlainfo.ba\/wp-content\/uploads\/2025\/12\/0612_suha_luka1.jpg\" alt=\"\" width=\"1000\" height=\"750\" srcset=\"https:\/\/tuzlainfo.ba\/wp-content\/uploads\/2025\/12\/0612_suha_luka1.jpg 1000w, https:\/\/tuzlainfo.ba\/wp-content\/uploads\/2025\/12\/0612_suha_luka1-300x225.jpg 300w, https:\/\/tuzlainfo.ba\/wp-content\/uploads\/2025\/12\/0612_suha_luka1-768x576.jpg 768w, https:\/\/tuzlainfo.ba\/wp-content\/uploads\/2025\/12\/0612_suha_luka1-585x439.jpg 585w, https:\/\/tuzlainfo.ba\/wp-content\/uploads\/2025\/12\/0612_suha_luka1-150x113.jpg 150w, https:\/\/tuzlainfo.ba\/wp-content\/uploads\/2025\/12\/0612_suha_luka1-500x375.jpg 500w\" sizes=\"(max-width: 1000px) 100vw, 1000px\" \/><\/p>\n<p data-start=\"1809\" data-end=\"2390\" data-is-last-node=\"\" data-is-only-node=\"\">U planu je postizanje pune sinergije drumskog i \u017eeljezni\u010dkog transporta kako bi privreda dobila stabilniju, br\u017eu i povoljniju distribuciju. Sedmi\u010dni transport, u zavisnosti od vrste robe i veli\u010dine kontejnera, mo\u017ee obuhvatiti izme\u0111u 30 i 70 jedinica, uz mogu\u0107nost pove\u0107anja dinamike u slu\u010daju rasta potra\u017enje.<\/p>\n","protected":false},"excerpt":{"rendered":"<p>Suha luka Tuzla i zvani\u010dno je po\u010dela s radom, a prvi voz s kontejnerima iz&hellip;<\/p>\n","protected":false},"author":2,"featured_media":288479,"comment_status":"closed","ping_status":"closed","sticky":false,"template":"","format":"standard","meta":{"_acf_changed":false,"footnotes":""},"categories":[304,12],"tags":[6010,13113],"acf":[],"yoast_head":"<!-- This site is optimized with the Yoast SEO plugin v23.5 - https:\/\/yoast.com\/wordpress\/plugins\/seo\/ -->\n<title>Osam godina od ideje do realizacije: U Tuzlu stigao prvi voz za kontejnerima iz Luke Rijeka - TuzlaInfo.ba<\/title>\n<meta name=\"robots\" content=\"index, follow, max-snippet:-1, max-image-preview:large, max-video-preview:-1\" \/>\n<link rel=\"canonical\" href=\"https:\/\/tuzlainfo.ba\/index.php\/novosti\/item\/288476-osam-godina-od-ideje-do-realizacije-u-tuzlu-stigao-prvi-voz-za-kontejnerima-iz-luke-rijeka\/\" \/>\n<meta property=\"og:locale\" content=\"bs_BA\" \/>\n<meta property=\"og:type\" content=\"article\" \/>\n<meta property=\"og:title\" content=\"Osam godina od ideje do realizacije: U Tuzlu stigao prvi voz za kontejnerima iz Luke Rijeka - TuzlaInfo.ba\" \/>\n<meta property=\"og:description\" content=\"Suha luka Tuzla i zvani\u010dno je po\u010dela s radom, a prvi voz s kontejnerima iz&hellip;\" \/>\n<meta property=\"og:url\" content=\"https:\/\/tuzlainfo.ba\/index.php\/novosti\/item\/288476-osam-godina-od-ideje-do-realizacije-u-tuzlu-stigao-prvi-voz-za-kontejnerima-iz-luke-rijeka\/\" \/>\n<meta property=\"og:site_name\" content=\"TuzlaInfo.ba\" \/>\n<meta property=\"article:publisher\" content=\"https:\/\/www.facebook.com\/tuzlainfo.ba\/\" \/>\n<meta property=\"article:published_time\" content=\"2025-12-06T12:14:55+00:00\" \/>\n<meta property=\"og:image\" content=\"https:\/\/tuzlainfo.ba\/wp-content\/uploads\/2025\/12\/0612_suha_luka3.jpg\" \/>\n\t<meta property=\"og:image:width\" content=\"1000\" \/>\n\t<meta property=\"og:image:height\" content=\"640\" \/>\n\t<meta property=\"og:image:type\" content=\"image\/jpeg\" \/>\n<meta name=\"author\" content=\"nedim\" \/>\n<meta name=\"twitter:card\" content=\"summary_large_image\" \/>\n<meta name=\"twitter:label1\" content=\"Written by\" \/>\n\t<meta name=\"twitter:data1\" content=\"nedim\" \/>\n\t<meta name=\"twitter:label2\" content=\"Est. reading time\" \/>\n\t<meta name=\"twitter:data2\" content=\"3 minute\" \/>\n<script type=\"application\/ld+json\" class=\"yoast-schema-graph\">{\"@context\":\"https:\/\/schema.org\",\"@graph\":[{\"@type\":\"Article\",\"@id\":\"https:\/\/tuzlainfo.ba\/index.php\/novosti\/item\/288476-osam-godina-od-ideje-do-realizacije-u-tuzlu-stigao-prvi-voz-za-kontejnerima-iz-luke-rijeka\/#article\",\"isPartOf\":{\"@id\":\"https:\/\/tuzlainfo.ba\/index.php\/novosti\/item\/288476-osam-godina-od-ideje-do-realizacije-u-tuzlu-stigao-prvi-voz-za-kontejnerima-iz-luke-rijeka\/\"},\"author\":{\"name\":\"nedim\",\"@id\":\"https:\/\/tuzlainfo.ba\/#\/schema\/person\/f434e20dc27ea133923aab08451b7f7f\"},\"headline\":\"Osam godina od ideje do realizacije: U Tuzlu stigao prvi voz za kontejnerima iz Luke Rijeka\",\"datePublished\":\"2025-12-06T12:14:55+00:00\",\"dateModified\":\"2025-12-06T12:14:55+00:00\",\"mainEntityOfPage\":{\"@id\":\"https:\/\/tuzlainfo.ba\/index.php\/novosti\/item\/288476-osam-godina-od-ideje-do-realizacije-u-tuzlu-stigao-prvi-voz-za-kontejnerima-iz-luke-rijeka\/\"},\"wordCount\":391,\"publisher\":{\"@id\":\"https:\/\/tuzlainfo.ba\/#organization\"},\"image\":{\"@id\":\"https:\/\/tuzlainfo.ba\/index.php\/novosti\/item\/288476-osam-godina-od-ideje-do-realizacije-u-tuzlu-stigao-prvi-voz-za-kontejnerima-iz-luke-rijeka\/#primaryimage\"},\"thumbnailUrl\":\"https:\/\/tuzlainfo.ba\/wp-content\/uploads\/2025\/12\/0612_suha_luka3.jpg\",\"keywords\":[\"Robni terminal Tuzla\",\"suha luka\"],\"articleSection\":[\"Istaknuto\",\"Novosti\"],\"inLanguage\":\"bs-BA\"},{\"@type\":\"WebPage\",\"@id\":\"https:\/\/tuzlainfo.ba\/index.php\/novosti\/item\/288476-osam-godina-od-ideje-do-realizacije-u-tuzlu-stigao-prvi-voz-za-kontejnerima-iz-luke-rijeka\/\",\"url\":\"https:\/\/tuzlainfo.ba\/index.php\/novosti\/item\/288476-osam-godina-od-ideje-do-realizacije-u-tuzlu-stigao-prvi-voz-za-kontejnerima-iz-luke-rijeka\/\",\"name\":\"Osam godina od ideje do realizacije: U Tuzlu stigao prvi voz za kontejnerima iz Luke Rijeka - TuzlaInfo.ba\",\"isPartOf\":{\"@id\":\"https:\/\/tuzlainfo.ba\/#website\"},\"primaryImageOfPage\":{\"@id\":\"https:\/\/tuzlainfo.ba\/index.php\/novosti\/item\/288476-osam-godina-od-ideje-do-realizacije-u-tuzlu-stigao-prvi-voz-za-kontejnerima-iz-luke-rijeka\/#primaryimage\"},\"image\":{\"@id\":\"https:\/\/tuzlainfo.ba\/index.php\/novosti\/item\/288476-osam-godina-od-ideje-do-realizacije-u-tuzlu-stigao-prvi-voz-za-kontejnerima-iz-luke-rijeka\/#primaryimage\"},\"thumbnailUrl\":\"https:\/\/tuzlainfo.ba\/wp-content\/uploads\/2025\/12\/0612_suha_luka3.jpg\",\"datePublished\":\"2025-12-06T12:14:55+00:00\",\"dateModified\":\"2025-12-06T12:14:55+00:00\",\"breadcrumb\":{\"@id\":\"https:\/\/tuzlainfo.ba\/index.php\/novosti\/item\/288476-osam-godina-od-ideje-do-realizacije-u-tuzlu-stigao-prvi-voz-za-kontejnerima-iz-luke-rijeka\/#breadcrumb\"},\"inLanguage\":\"bs-BA\",\"potentialAction\":[{\"@type\":\"ReadAction\",\"target\":[\"https:\/\/tuzlainfo.ba\/index.php\/novosti\/item\/288476-osam-godina-od-ideje-do-realizacije-u-tuzlu-stigao-prvi-voz-za-kontejnerima-iz-luke-rijeka\/\"]}]},{\"@type\":\"ImageObject\",\"inLanguage\":\"bs-BA\",\"@id\":\"https:\/\/tuzlainfo.ba\/index.php\/novosti\/item\/288476-osam-godina-od-ideje-do-realizacije-u-tuzlu-stigao-prvi-voz-za-kontejnerima-iz-luke-rijeka\/#primaryimage\",\"url\":\"https:\/\/tuzlainfo.ba\/wp-content\/uploads\/2025\/12\/0612_suha_luka3.jpg\",\"contentUrl\":\"https:\/\/tuzlainfo.ba\/wp-content\/uploads\/2025\/12\/0612_suha_luka3.jpg\",\"width\":1000,\"height\":640},{\"@type\":\"BreadcrumbList\",\"@id\":\"https:\/\/tuzlainfo.ba\/index.php\/novosti\/item\/288476-osam-godina-od-ideje-do-realizacije-u-tuzlu-stigao-prvi-voz-za-kontejnerima-iz-luke-rijeka\/#breadcrumb\",\"itemListElement\":[{\"@type\":\"ListItem\",\"position\":1,\"name\":\"Home\",\"item\":\"https:\/\/tuzlainfo.ba\/\"},{\"@type\":\"ListItem\",\"position\":2,\"name\":\"Osam godina od ideje do realizacije: U Tuzlu stigao prvi voz za kontejnerima iz Luke Rijeka\"}]},{\"@type\":\"WebSite\",\"@id\":\"https:\/\/tuzlainfo.ba\/#website\",\"url\":\"https:\/\/tuzlainfo.ba\/\",\"name\":\"TuzlaInfo.ba\",\"description\":\"Tuzla info, gradski informator - Tuzla na dlanu\",\"publisher\":{\"@id\":\"https:\/\/tuzlainfo.ba\/#organization\"},\"potentialAction\":[{\"@type\":\"SearchAction\",\"target\":{\"@type\":\"EntryPoint\",\"urlTemplate\":\"https:\/\/tuzlainfo.ba\/?s={search_term_string}\"},\"query-input\":{\"@type\":\"PropertyValueSpecification\",\"valueRequired\":true,\"valueName\":\"search_term_string\"}}],\"inLanguage\":\"bs-BA\"},{\"@type\":\"Organization\",\"@id\":\"https:\/\/tuzlainfo.ba\/#organization\",\"name\":\"TuzlaInfo.ba\",\"url\":\"https:\/\/tuzlainfo.ba\/\",\"logo\":{\"@type\":\"ImageObject\",\"inLanguage\":\"bs-BA\",\"@id\":\"https:\/\/tuzlainfo.ba\/#\/schema\/logo\/image\/\",\"url\":\"https:\/\/tuzlainfo.ba\/wp-content\/uploads\/2021\/03\/logo-ver-3-1.png\",\"contentUrl\":\"https:\/\/tuzlainfo.ba\/wp-content\/uploads\/2021\/03\/logo-ver-3-1.png\",\"width\":350,\"height\":95,\"caption\":\"TuzlaInfo.ba\"},\"image\":{\"@id\":\"https:\/\/tuzlainfo.ba\/#\/schema\/logo\/image\/\"},\"sameAs\":[\"https:\/\/www.facebook.com\/tuzlainfo.ba\/\"]},{\"@type\":\"Person\",\"@id\":\"https:\/\/tuzlainfo.ba\/#\/schema\/person\/f434e20dc27ea133923aab08451b7f7f\",\"name\":\"nedim\",\"image\":{\"@type\":\"ImageObject\",\"inLanguage\":\"bs-BA\",\"@id\":\"https:\/\/tuzlainfo.ba\/#\/schema\/person\/image\/\",\"url\":\"https:\/\/tuzlainfo.ba\/wp-content\/litespeed\/avatar\/aabad687af24844af817603ac1cbdc4f.jpg?ver=1777306975\",\"contentUrl\":\"https:\/\/tuzlainfo.ba\/wp-content\/litespeed\/avatar\/aabad687af24844af817603ac1cbdc4f.jpg?ver=1777306975\",\"caption\":\"nedim\"},\"description\":\"Tuzlainfo.ba pratite na dru\u0161tvenim mre\u017eama: Facebook, Instagram i Youtube. Svoje pri\u010de, upite i fotografije \u0161aljite na na\u0161u e-mail adresu.\"}]}<\/script>\n<!-- \/ Yoast SEO plugin. -->","yoast_head_json":{"title":"Osam godina od ideje do realizacije: U Tuzlu stigao prvi voz za kontejnerima iz Luke Rijeka - TuzlaInfo.ba","robots":{"index":"index","follow":"follow","max-snippet":"max-snippet:-1","max-image-preview":"max-image-preview:large","max-video-preview":"max-video-preview:-1"},"canonical":"https:\/\/tuzlainfo.ba\/index.php\/novosti\/item\/288476-osam-godina-od-ideje-do-realizacije-u-tuzlu-stigao-prvi-voz-za-kontejnerima-iz-luke-rijeka\/","og_locale":"bs_BA","og_type":"article","og_title":"Osam godina od ideje do realizacije: U Tuzlu stigao prvi voz za kontejnerima iz Luke Rijeka - TuzlaInfo.ba","og_description":"Suha luka Tuzla i zvani\u010dno je po\u010dela s radom, a prvi voz s kontejnerima iz&hellip;","og_url":"https:\/\/tuzlainfo.ba\/index.php\/novosti\/item\/288476-osam-godina-od-ideje-do-realizacije-u-tuzlu-stigao-prvi-voz-za-kontejnerima-iz-luke-rijeka\/","og_site_name":"TuzlaInfo.ba","article_publisher":"https:\/\/www.facebook.com\/tuzlainfo.ba\/","article_published_time":"2025-12-06T12:14:55+00:00","og_image":[{"width":1000,"height":640,"url":"https:\/\/tuzlainfo.ba\/wp-content\/uploads\/2025\/12\/0612_suha_luka3.jpg","type":"image\/jpeg"}],"author":"nedim","twitter_card":"summary_large_image","twitter_misc":{"Written by":"nedim","Est. reading time":"3 minute"},"schema":{"@context":"https:\/\/schema.org","@graph":[{"@type":"Article","@id":"https:\/\/tuzlainfo.ba\/index.php\/novosti\/item\/288476-osam-godina-od-ideje-do-realizacije-u-tuzlu-stigao-prvi-voz-za-kontejnerima-iz-luke-rijeka\/#article","isPartOf":{"@id":"https:\/\/tuzlainfo.ba\/index.php\/novosti\/item\/288476-osam-godina-od-ideje-do-realizacije-u-tuzlu-stigao-prvi-voz-za-kontejnerima-iz-luke-rijeka\/"},"author":{"name":"nedim","@id":"https:\/\/tuzlainfo.ba\/#\/schema\/person\/f434e20dc27ea133923aab08451b7f7f"},"headline":"Osam godina od ideje do realizacije: U Tuzlu stigao prvi voz za kontejnerima iz Luke Rijeka","datePublished":"2025-12-06T12:14:55+00:00","dateModified":"2025-12-06T12:14:55+00:00","mainEntityOfPage":{"@id":"https:\/\/tuzlainfo.ba\/index.php\/novosti\/item\/288476-osam-godina-od-ideje-do-realizacije-u-tuzlu-stigao-prvi-voz-za-kontejnerima-iz-luke-rijeka\/"},"wordCount":391,"publisher":{"@id":"https:\/\/tuzlainfo.ba\/#organization"},"image":{"@id":"https:\/\/tuzlainfo.ba\/index.php\/novosti\/item\/288476-osam-godina-od-ideje-do-realizacije-u-tuzlu-stigao-prvi-voz-za-kontejnerima-iz-luke-rijeka\/#primaryimage"},"thumbnailUrl":"https:\/\/tuzlainfo.ba\/wp-content\/uploads\/2025\/12\/0612_suha_luka3.jpg","keywords":["Robni terminal Tuzla","suha luka"],"articleSection":["Istaknuto","Novosti"],"inLanguage":"bs-BA"},{"@type":"WebPage","@id":"https:\/\/tuzlainfo.ba\/index.php\/novosti\/item\/288476-osam-godina-od-ideje-do-realizacije-u-tuzlu-stigao-prvi-voz-za-kontejnerima-iz-luke-rijeka\/","url":"https:\/\/tuzlainfo.ba\/index.php\/novosti\/item\/288476-osam-godina-od-ideje-do-realizacije-u-tuzlu-stigao-prvi-voz-za-kontejnerima-iz-luke-rijeka\/","name":"Osam godina od ideje do realizacije: U Tuzlu stigao prvi voz za kontejnerima iz Luke Rijeka - TuzlaInfo.ba","isPartOf":{"@id":"https:\/\/tuzlainfo.ba\/#website"},"primaryImageOfPage":{"@id":"https:\/\/tuzlainfo.ba\/index.php\/novosti\/item\/288476-osam-godina-od-ideje-do-realizacije-u-tuzlu-stigao-prvi-voz-za-kontejnerima-iz-luke-rijeka\/#primaryimage"},"image":{"@id":"https:\/\/tuzlainfo.ba\/index.php\/novosti\/item\/288476-osam-godina-od-ideje-do-realizacije-u-tuzlu-stigao-prvi-voz-za-kontejnerima-iz-luke-rijeka\/#primaryimage"},"thumbnailUrl":"https:\/\/tuzlainfo.ba\/wp-content\/uploads\/2025\/12\/0612_suha_luka3.jpg","datePublished":"2025-12-06T12:14:55+00:00","dateModified":"2025-12-06T12:14:55+00:00","breadcrumb":{"@id":"https:\/\/tuzlainfo.ba\/index.php\/novosti\/item\/288476-osam-godina-od-ideje-do-realizacije-u-tuzlu-stigao-prvi-voz-za-kontejnerima-iz-luke-rijeka\/#breadcrumb"},"inLanguage":"bs-BA","potentialAction":[{"@type":"ReadAction","target":["https:\/\/tuzlainfo.ba\/index.php\/novosti\/item\/288476-osam-godina-od-ideje-do-realizacije-u-tuzlu-stigao-prvi-voz-za-kontejnerima-iz-luke-rijeka\/"]}]},{"@type":"ImageObject","inLanguage":"bs-BA","@id":"https:\/\/tuzlainfo.ba\/index.php\/novosti\/item\/288476-osam-godina-od-ideje-do-realizacije-u-tuzlu-stigao-prvi-voz-za-kontejnerima-iz-luke-rijeka\/#primaryimage","url":"https:\/\/tuzlainfo.ba\/wp-content\/uploads\/2025\/12\/0612_suha_luka3.jpg","contentUrl":"https:\/\/tuzlainfo.ba\/wp-content\/uploads\/2025\/12\/0612_suha_luka3.jpg","width":1000,"height":640},{"@type":"BreadcrumbList","@id":"https:\/\/tuzlainfo.ba\/index.php\/novosti\/item\/288476-osam-godina-od-ideje-do-realizacije-u-tuzlu-stigao-prvi-voz-za-kontejnerima-iz-luke-rijeka\/#breadcrumb","itemListElement":[{"@type":"ListItem","position":1,"name":"Home","item":"https:\/\/tuzlainfo.ba\/"},{"@type":"ListItem","position":2,"name":"Osam godina od ideje do realizacije: U Tuzlu stigao prvi voz za kontejnerima iz Luke Rijeka"}]},{"@type":"WebSite","@id":"https:\/\/tuzlainfo.ba\/#website","url":"https:\/\/tuzlainfo.ba\/","name":"TuzlaInfo.ba","description":"Tuzla info, gradski informator - Tuzla na dlanu","publisher":{"@id":"https:\/\/tuzlainfo.ba\/#organization"},"potentialAction":[{"@type":"SearchAction","target":{"@type":"EntryPoint","urlTemplate":"https:\/\/tuzlainfo.ba\/?s={search_term_string}"},"query-input":{"@type":"PropertyValueSpecification","valueRequired":true,"valueName":"search_term_string"}}],"inLanguage":"bs-BA"},{"@type":"Organization","@id":"https:\/\/tuzlainfo.ba\/#organization","name":"TuzlaInfo.ba","url":"https:\/\/tuzlainfo.ba\/","logo":{"@type":"ImageObject","inLanguage":"bs-BA","@id":"https:\/\/tuzlainfo.ba\/#\/schema\/logo\/image\/","url":"https:\/\/tuzlainfo.ba\/wp-content\/uploads\/2021\/03\/logo-ver-3-1.png","contentUrl":"https:\/\/tuzlainfo.ba\/wp-content\/uploads\/2021\/03\/logo-ver-3-1.png","width":350,"height":95,"caption":"TuzlaInfo.ba"},"image":{"@id":"https:\/\/tuzlainfo.ba\/#\/schema\/logo\/image\/"},"sameAs":["https:\/\/www.facebook.com\/tuzlainfo.ba\/"]},{"@type":"Person","@id":"https:\/\/tuzlainfo.ba\/#\/schema\/person\/f434e20dc27ea133923aab08451b7f7f","name":"nedim","image":{"@type":"ImageObject","inLanguage":"bs-BA","@id":"https:\/\/tuzlainfo.ba\/#\/schema\/person\/image\/","url":"https:\/\/tuzlainfo.ba\/wp-content\/litespeed\/avatar\/aabad687af24844af817603ac1cbdc4f.jpg?ver=1777306975","contentUrl":"https:\/\/tuzlainfo.ba\/wp-content\/litespeed\/avatar\/aabad687af24844af817603ac1cbdc4f.jpg?ver=1777306975","caption":"nedim"},"description":"Tuzlainfo.ba pratite na dru\u0161tvenim mre\u017eama: Facebook, Instagram i Youtube. Svoje pri\u010de, upite i fotografije \u0161aljite na na\u0161u e-mail adresu."}]}},"_links":{"self":[{"href":"https:\/\/tuzlainfo.ba\/index.php\/wp-json\/wp\/v2\/posts\/288476"}],"collection":[{"href":"https:\/\/tuzlainfo.ba\/index.php\/wp-json\/wp\/v2\/posts"}],"about":[{"href":"https:\/\/tuzlainfo.ba\/index.php\/wp-json\/wp\/v2\/types\/post"}],"author":[{"embeddable":true,"href":"https:\/\/tuzlainfo.ba\/index.php\/wp-json\/wp\/v2\/users\/2"}],"replies":[{"embeddable":true,"href":"https:\/\/tuzlainfo.ba\/index.php\/wp-json\/wp\/v2\/comments?post=288476"}],"version-history":[{"count":1,"href":"https:\/\/tuzlainfo.ba\/index.php\/wp-json\/wp\/v2\/posts\/288476\/revisions"}],"predecessor-version":[{"id":288480,"href":"https:\/\/tuzlainfo.ba\/index.php\/wp-json\/wp\/v2\/posts\/288476\/revisions\/288480"}],"wp:featuredmedia":[{"embeddable":true,"href":"https:\/\/tuzlainfo.ba\/index.php\/wp-json\/wp\/v2\/media\/288479"}],"wp:attachment":[{"href":"https:\/\/tuzlainfo.ba\/index.php\/wp-json\/wp\/v2\/media?parent=288476"}],"wp:term":[{"taxonomy":"category","embeddable":true,"href":"https:\/\/tuzlainfo.ba\/index.php\/wp-json\/wp\/v2\/categories?post=288476"},{"taxonomy":"post_tag","embeddable":true,"href":"https:\/\/tuzlainfo.ba\/index.php\/wp-json\/wp\/v2\/tags?post=288476"}],"curies":[{"name":"wp","href":"https:\/\/api.w.org\/{rel}","templated":true}]}}